{"id":25267,"date":"2026-09-06T11:07:24","date_gmt":"2026-09-06T14:07:24","guid":{"rendered":"https:\/\/cliente1.publisher.highstack.com.ar\/?p=25267"},"modified":"2026-09-06T11:07:24","modified_gmt":"2026-09-06T14:07:24","slug":"rebollo-el-objetivo-de-seguir-el-dinero-y-pegar-a-las-organizaciones-criminales-en-su-estructura-economica","status":"publish","type":"post","link":"https:\/\/cliente1.publisher.highstack.com.ar\/?p=25267","title":{"rendered":"Rebollo: el objetivo de \u201cseguir el dinero y pegar a las organizaciones criminales en su estructura econ\u00f3mica\u201d"},"content":{"rendered":"<p><\/p>\n<div class=\"body-noticia clearfix text-formatted field field--name-body field--type-text-with-summary field--label-hidden field__item\">\n<p>El fiscal federal de Gualeguaych\u00fa, Pedro Rebollo, est\u00e1 solo a la espera de la firma del Poder Ejecutivo de la Naci\u00f3n para continuar en el cargo pero en calidad de titular, tras la aprobaci\u00f3n de su pliego en el Senado. En di\u00e1logo con el programa <em>El S\u00e9ptimo D\u00eda (Radio Plaza)<\/em> analiz\u00f3 el cambio al sistema acusatorio, la investigaci\u00f3n del narcotr\u00e1fico, los delitos ambientales y la trata de personas en el sur entrerriano.<\/p>\n<p>Rebollo se refiri\u00f3 primero a la aprobaci\u00f3n de su pliego y al cambio que comenzar\u00e1 a regir en la investigaci\u00f3n de delitos federales: \u201cEl sentimiento es de alegr\u00eda y responsabilidad a la vez. Si bien es un cargo que ya ven\u00eda subrogando hace muchos a\u00f1os en Gualeguaych\u00fa y antes en Campana, es la culminaci\u00f3n de un concurso que comenz\u00f3 en 2018 y concluy\u00f3 ahora\u201d. El fiscal repas\u00f3 su recorrido en la jurisdicci\u00f3n federal de Gualeguaych\u00fa, creada en 2019: \u201cYo inaugur\u00e9 la fiscal\u00eda en 2019, cuando se cre\u00f3 el fuero federal de Gualeguaych\u00fa. Luego me fui en septiembre de 2020 a la UFES, la Unidad Fiscal Especializada en Secuestros Extorsivos. Volv\u00ed en 2022 y desde entonces subrogo la fiscal\u00eda\u201d.<\/p>\n<p>Esto sucede a muy poco tiempo de implementarse en la jurisdicci\u00f3n entrerriana de la Justicia Federal el nuevo C\u00f3digo Procesal Penal con el sistema acusatorio y audiencias p\u00fablicas: \u201cPor resoluci\u00f3n del Ministerio de Justicia, a partir del 30 de noviembre hay un cambio en el sistema procesal de investigaci\u00f3n de los delitos federales. Pasamos a un sistema acusatorio, donde el fiscal tiene la direcci\u00f3n de la investigaci\u00f3n desde el minuto cero\u201d, dijo Rebollo, y destac\u00f3: \u201cEs un cambio importante de paradigma. Finalmente se separan las funciones, como entiendo debe ser: el fiscal investiga y el juez juzga. No va a haber un mix, como era el sistema procesal vigente hasta el 30 de noviembre\u201d.<\/p>\n<h2>Narcotr\u00e1fico, frontera y cooperaci\u00f3n con Uruguay<\/h2>\n<p>Consultado por la situaci\u00f3n del narcotr\u00e1fico y el contrabando en la zona de la ruta nacional 14 y el r\u00edo Uruguay, Rebollo habl\u00f3 de organizaciones m\u00e1s complejas y de la necesidad de coordinaci\u00f3n internacional: \u201cHemos tenido y participado investigaciones, conjuntamente con el Juzgado Federal, donde se han desbaratado organizaciones criminales de contrabando de mercader\u00edas, contrabando de estupefacientes y tr\u00e1fico de estupefacientes, claramente a lo largo de la ruta 14, a trav\u00e9s del puente que nos une con Uruguay o del r\u00edo Uruguay\u201d.<\/p>\n<p>\u201cLa complejidad hoy es que las organizaciones son din\u00e1micas. Muchas veces no son solo verticales, sino tambi\u00e9n transversales en cuanto a su direcci\u00f3n. El desaf\u00edo es poder trabajar en equipo. El r\u00edo Uruguay es un r\u00edo que nos une con la Rep\u00fablica Oriental del Uruguay y estamos a 15 o 30 minutos en lancha, pero por cuestiones formales a seis meses de un exhorto oficial. El desaf\u00edo es coordinar para acortar esos tiempos. Desde la Procuraci\u00f3n hay una red de fiscales por la cual puedo intercambiar informaci\u00f3n de manera din\u00e1mica con fiscales de Uruguay, y eso siempre es bienvenido\u201d, detall\u00f3.<\/p>\n<h2>El sistema carcelario y las organizaciones criminales<\/h2>\n<p>Sobre causas vinculadas a hechos de violencia y posibles organizaciones surgidas en contextos carcelarios, por ejemplo con la investigaci\u00f3n del presunto plan criminal para ordenar el asesinato de funcionarios en Entre R\u00edo, el fiscal ubic\u00f3 el fen\u00f3meno en un marco regional: \u201cA nivel nacional y regional no es algo novedoso. Hay organizaciones criminales que han nacido en el seno de la c\u00e1rcel en Brasil, como el PCC, el Comando Vermelho y el Tren de Aragua en Venezuela, que han ido ramific\u00e1ndose hacia el sur de Am\u00e9rica. Habr\u00e1 que enfocarse y estar atentos a que no suceda o que no se ramifique en la Rep\u00fablica Argentina. Hay que prestar especial atenci\u00f3n al sistema carcelario y poder desbaratar estas organizaciones desde sus inicios\u201d.<\/p>\n<p>\u201cEstuve con fiscales chilenos. En el sur de Chile est\u00e1n bastante preocupados con la radicalizaci\u00f3n que tiene el Tren de Aragua. Son extremadamente violentos. En Chile, por ejemplo, la tenencia de celular dentro de un \u00e1mbito carcelario sin autorizaci\u00f3n es delito. Ac\u00e1 no deja de ser una sanci\u00f3n disciplinaria administrativa. Son cuestiones a las que hay que prestar atenci\u00f3n\u201d.<\/p>\n<h2>Narcomenudeo, dinero y t\u00e9cnicas de investigaci\u00f3n<\/h2>\n<p>Rebollo tambi\u00e9n habl\u00f3 de la coordinaci\u00f3n con el Ministerio P\u00fablico provincial y de la importancia de seguir la cadena econ\u00f3mica de las organizaciones: \u201cEst\u00e1 la herramienta de la mesa conjunta, que se puede formar respecto de alguna hip\u00f3tesis criminal de un menudeo que pueda ascender en la organizaci\u00f3n hacia los proveedores. La herramienta legal est\u00e1 y lo que hace es desformalizar el tema competencia: en una mesa podemos intercambiar informaci\u00f3n con fiscales de provincia e incorporarla a nuestros expedientes\u201d.<\/p>\n<p>\u201cEl narcomenudeo es el primer eslab\u00f3n y siempre va a haber un proveedor. M\u00e1s all\u00e1 de las instrucciones de la Procuraci\u00f3n, seguir la cadena para arriba es el modo de investigar: no solo en cuanto al secuestro de estupefacientes, sino en cuanto a seguir el dinero y pegar a las organizaciones criminales en su estructura econ\u00f3mica, que es donde realmente se puede ver el poder que tienen\u201d, afirm\u00f3.<\/p>\n<p>En este sentido, profundiz\u00f3: \u201cEl delito en s\u00ed es din\u00e1mico y siempre va por delante. En Rosario se han reconvertido organizaciones dedicadas al comercio de estupefacientes a extorsionar personas. Siempre va mutando y es dif\u00edcil, pero no es imposible mientras tengamos la capacidad de investigaci\u00f3n y la posibilidad de recurrir a las herramientas que el Estado nos da, siempre dentro del marco de la Constituci\u00f3n. A esto lo llamo t\u00e9cnicas especiales de investigaci\u00f3n: agente encubierto, entrega vigilada, imputado colaborador, el mal llamado arrepentido. Son t\u00e9cnicas a las que uno puede recurrir en delitos complejos y siempre son de utilidad para esclarecer e investigar para arriba\u201d.<\/p>\n<p>Asimismo, el fiscal ampli\u00f3 este punto en la complejidad de combatir el delito econ\u00f3mico proveniente de estas actividades criminales: \u201cNo solo en cuanto al secuestro de estupefacientes, cuya log\u00edstica por ah\u00ed es f\u00e1cil de recomponer para la organizaci\u00f3n criminal, sino seguir el dinero, secuestrar bienes y avanzar hacia las organizaciones que legitiman o lavan el producto de esos delitos. Ah\u00ed hay mayores dificultades, pero se van solucionando. El tema de los bitcoins o la trazabilidad de ese tipo de activos puede ser m\u00e1s complejo, pero hay herramientas para hacerlo y se hace\u201d.<\/p>\n<h2>Delitos ambientales y Trata<\/h2>\n<p>En relaci\u00f3n con las causas ambientales, Rebollo mencion\u00f3 herramientas de la Procuraci\u00f3n, fuerzas federales y organismos acad\u00e9micos: \u201cEn el \u00e1mbito de la Procuraci\u00f3n hay una unidad fiscal especializada en delitos ambientales que siempre presta colaboraci\u00f3n en cuanto a lo que necesitemos. Tenemos expedientes actualmente en tr\u00e1mite respecto del delito de contaminaci\u00f3n, que est\u00e1 tipificado en la Ley 24.051. Las herramientas muchas veces provienen de las fuerzas federales en cuanto a laboratorios t\u00e9cnicos, pero tambi\u00e9n hemos tenido la colaboraci\u00f3n de la UNER para ciertos an\u00e1lisis, por ejemplo con la investigaci\u00f3n que se est\u00e1 haciendo respecto a la posible contaminaci\u00f3n de la planta de efluentes del parque industrial de Gualeguaych\u00fa\u201d.<\/p>\n<p>Sobre la trata de personas en el corredor de la ruta 14 y el sur entrerriano, el fiscal federal diferenci\u00f3 la situaci\u00f3n actual entre explotaci\u00f3n laboral y sexual: \u201cEn el \u00e1mbito de la Procuraci\u00f3n hay una procuradur\u00eda que trabaja muy bien, que es la Protex. Investiga los delitos de trata y explotaci\u00f3n, tanto sexual como laboral. Hoy, por lo menos en mi jurisdicci\u00f3n, hemos tenido m\u00e1s casos de trata laboral que de trata sexual. Hemos tenido alg\u00fan caso que lleg\u00f3 a condena hace unos a\u00f1os, pero entiendo que la decisi\u00f3n pol\u00edtica de no tener estas denominadas whisker\u00edas o lugares que se ven como espacios para la explotaci\u00f3n de la prostituci\u00f3n ajena ha colaborado a no tener, por lo menos, denuncias de trata de explotaci\u00f3n sexual\u201d.<\/p>\n<p>Por \u00faltimo, Rebollo retom\u00f3 el tema del nuevo c\u00f3digo procesal por estrenarse en la provincia, y lo vincul\u00f3 con el objetivo de dar respuestas m\u00e1s r\u00e1pidas desde el Ministerio P\u00fablico Fiscal: \u201cPara eso trabajamos desde el \u00e1mbito de los fiscales, como representantes de los intereses generales de la sociedad. La idea es acelerar los procesos y llegar a que el juez pueda arribar a una decisi\u00f3n justa en todos los casos\u201d, asegur\u00f3.<\/p>\n<\/div>\n","protected":false},"excerpt":{"rendered":"<p>El fiscal federal de Gualeguaych\u00fa, Pedro Rebollo, est\u00e1 solo a la espera de la firma del Poder Ejecutivo de la Naci\u00f3n para continuar en el cargo pero en calidad de titular, tras la aprobaci\u00f3n de su pliego en el Senado. En di\u00e1logo con el programa El S\u00e9ptimo D\u00eda (Radio Plaza) analiz\u00f3 el cambio al sistema [&hellip;]<\/p>\n","protected":false},"author":1,"featured_media":25268,"comment_status":"open","ping_status":"open","sticky":false,"template":"","format":"standard","meta":{"footnotes":""},"categories":[1],"tags":[],"class_list":["post-25267","post","type-post","status-publish","format-standard","has-post-thumbnail","hentry","category-uncategorized"],"_links":{"self":[{"href":"https:\/\/cliente1.publisher.highstack.com.ar\/index.php?rest_route=\/wp\/v2\/posts\/25267","targetHints":{"allow":["GET"]}}],"collection":[{"href":"https:\/\/cliente1.publisher.highstack.com.ar\/index.php?rest_route=\/wp\/v2\/posts"}],"about":[{"href":"https:\/\/cliente1.publisher.highstack.com.ar\/index.php?rest_route=\/wp\/v2\/types\/post"}],"author":[{"embeddable":true,"href":"https:\/\/cliente1.publisher.highstack.com.ar\/index.php?rest_route=\/wp\/v2\/users\/1"}],"replies":[{"embeddable":true,"href":"https:\/\/cliente1.publisher.highstack.com.ar\/index.php?rest_route=%2Fwp%2Fv2%2Fcomments&post=25267"}],"version-history":[{"count":0,"href":"https:\/\/cliente1.publisher.highstack.com.ar\/index.php?rest_route=\/wp\/v2\/posts\/25267\/revisions"}],"wp:featuredmedia":[{"embeddable":true,"href":"https:\/\/cliente1.publisher.highstack.com.ar\/index.php?rest_route=\/wp\/v2\/media\/25268"}],"wp:attachment":[{"href":"https:\/\/cliente1.publisher.highstack.com.ar\/index.php?rest_route=%2Fwp%2Fv2%2Fmedia&parent=25267"}],"wp:term":[{"taxonomy":"category","embeddable":true,"href":"https:\/\/cliente1.publisher.highstack.com.ar\/index.php?rest_route=%2Fwp%2Fv2%2Fcategories&post=25267"},{"taxonomy":"post_tag","embeddable":true,"href":"https:\/\/cliente1.publisher.highstack.com.ar\/index.php?rest_route=%2Fwp%2Fv2%2Ftags&post=25267"}],"curies":[{"name":"wp","href":"https:\/\/api.w.org\/{rel}","templated":true}]}}