{"id":25263,"date":"2026-09-06T10:36:49","date_gmt":"2026-09-06T13:36:49","guid":{"rendered":"https:\/\/cliente1.publisher.highstack.com.ar\/?p=25263"},"modified":"2026-09-06T10:36:49","modified_gmt":"2026-09-06T13:36:49","slug":"crimen-del-arquitecto-bassi-el-error-en-un-mensaje-filmaciones-y-el-corte-de-pelo-las-pruebas-contra-los-detenidos","status":"publish","type":"post","link":"https:\/\/cliente1.publisher.highstack.com.ar\/?p=25263","title":{"rendered":"Crimen del arquitecto Bassi: el error en un mensaje, filmaciones y el corte de pelo; las pruebas contra los detenidos"},"content":{"rendered":"<p><\/p>\n<div>\n<p>El <b>crimen del arquitecto Bassi<\/b> tiene como principales acusados a Carlos Gast\u00f3n Aguilar, de 48 a\u00f1os, y Claudio Ram\u00f3n Inofre, de 52, quienes permanecer\u00e1n durante 60 d\u00edas con prisi\u00f3n preventiva en la Unidad Penal N\u00ba1 de Paran\u00e1. La Fiscal\u00eda los imput\u00f3 por homicidio doblemente agravado por alevos\u00eda y criminis causae y sostiene que actuaron juntos para robarle a Rodolfo Augusto Bassi y posteriormente matarlo.  <\/p>\n<p><!-- is a <br \/>--><\/p>\n<p><!-- is a object --><br \/>\n<!-- embed start --><!-- embed end --><br \/>\n<!-- end object --><\/p>\n<p>La reconstrucci\u00f3n del caso re\u00fane una serie de elementos que, para la acusaci\u00f3n, comprometen a ambos: filmaciones de c\u00e1maras de seguridad, huellas, testimonios, objetos recuperados, un mensaje enviado desde el celular de la v\u00edctima con un llamativo error ortogr\u00e1fico, la venta de su motocicleta por un valor muy inferior al inicialmente solicitado y el cambio de apariencia de uno de los sospechosos.  <\/p>\n<p><!-- is a <br \/>--><\/p>\n<p><!-- is a object --><br \/>\n<!-- embed start --><\/p>\n<figure class=\"embed\">\n<p>    <img decoding=\"async\" src=\"https:\/\/elonce-media.elonce.com\/fotos\/2026\/09\/02\/e_1788371724_36517.webp\" loading=\"lazy\" width=\"600\" height=\"400\" alt=\"El lugar donde asesinaron a Bassi.\"\/><figcaption>\n            <span>El lugar donde asesinaron a Bassi.<\/span><br \/>\n        <\/figcaption><\/figure>\n<p><!-- embed end --><br \/>\n<!-- end object --><\/p>\n<p>Tras la audiencia realizada el viernes, el fiscal Juan Manuel Pereyra explic\u00f3 a Elonce que la investigaci\u00f3n todav\u00eda se encuentra en desarrollo y que existen aspectos que permanecer\u00e1n bajo reserva. Sin embargo, fue categ\u00f3rico sobre la brutalidad del homicidio: <b>\u201cHay muchas cuestiones que tenemos materia de investigaci\u00f3n y tambi\u00e9n hay algunas cuestiones que por ah\u00ed queremos reservar, sobre todo por los familiares de la v\u00edctima, pero s\u00ed podemos decir que fue un hecho de extrema violencia\u201d<\/b>.  <\/p>\n<p><!-- is a <br \/>--><\/p>\n<p>\u00a0<\/p>\n<p><!-- is a <br \/>--><\/p>\n<p><!-- is a object --><\/p>\n<h2>Tres golpes con una maza y una violencia \u201crealmente tremenda\u201d<\/h2>\n<p><!-- end object --><\/p>\n<p>\u00a0<\/p>\n<p><!-- is a <br \/>--><\/p>\n<p>Los investigadores establecieron de manera preliminar que Bassi fue asesinado durante el martes 1\u00ba de septiembre. Seg\u00fan la reconstrucci\u00f3n presentada en la audiencia, habr\u00eda sido sorprendido en un departamento que estaba refaccionando en barrio Paran\u00e1 XIV, reducido y maniatado con alambre. La hip\u00f3tesis sostiene que los atacantes aprovecharon una relaci\u00f3n previa de confianza para acercarse al arquitecto.  <\/p>\n<p><!-- is a <br \/>--><\/p>\n<p><!-- is a object --><br \/>\n<!-- embed start --><!-- embed end --><br \/>\n<!-- end object --><\/p>\n<p><!-- is a object --><br \/>\n<!-- embed start --><\/p>\n<figure class=\"embed\">\n<p>    <img decoding=\"async\" src=\"https:\/\/elonce-media.elonce.com\/fotos\/2026\/09\/04\/e_1788528395_87399.webp\" loading=\"lazy\" width=\"600\" height=\"400\" alt=\"La v\u00edctima, Rodolfo Bassi.\"\/><figcaption>\n            <span>La v\u00edctima, Rodolfo Bassi.<\/span><br \/>\n        <\/figcaption><\/figure>\n<p><!-- embed end --><br \/>\n<!-- end object --><\/p>\n<p>La Fiscal\u00eda indic\u00f3 que la v\u00edctima presentaba cortes superficiales en diferentes partes del cuerpo y que habr\u00eda sido sometida a violencia mientras le exig\u00edan elementos de valor. Finalmente, recibi\u00f3 tres golpes en la cabeza con una maza, que le provocaron una hemorragia cerebral, fractura de cr\u00e1neo y de base de cr\u00e1neo. La herramienta fue encontrada durante las primeras pericias y qued\u00f3 incorporada a la investigaci\u00f3n.  <\/p>\n<p><!-- is a <br \/>--><\/p>\n<p>\u00a0<\/p>\n<p><!-- is a <br \/>--><\/p>\n<p><b>\u201cRespecto de las lesiones de la v\u00edctima, s\u00ed podemos decir, m\u00e1s all\u00e1 de que no tenemos el informe aut\u00f3psico sino un preliminar, que da cuenta de que ejercieron una violencia f\u00edsica realmente tremenda\u201d<\/b>, manifest\u00f3 Pereyra.  <\/p>\n<p><!-- is a <br \/>--><\/p>\n<p>\u00a0<\/p>\n<p><!-- is a <br \/>--><\/p>\n<p><!-- is a object --><\/p>\n<h2>Fiscal\u00eda sostiene que ambos participaron del crimen<\/h2>\n<p><!-- end object --><\/p>\n<p>\u00a0<\/p>\n<p><!-- is a <br \/>--><\/p>\n<p>Uno de los puntos centrales planteados por la acusaci\u00f3n es que los dos imputados habr\u00edan participado con igual grado de responsabilidad. <b>\u201cLa postura de la Fiscal\u00eda es que participaron las dos personas que fueron imputadas y ac\u00e1 no hubo un accionar de una sola persona, sino que entendemos que fue el accionar de dos personas\u201d<\/b>, afirm\u00f3 el fiscal.  <\/p>\n<p><!-- is a <br \/>--><\/p>\n<p><!-- is a object --><br \/>\n<!-- embed start --><\/p>\n<figure class=\"embed\">\n<p>    <img decoding=\"async\" src=\"https:\/\/elonce-media.elonce.com\/fotos\/2026\/09\/04\/e_1788514179_7352.webp\" loading=\"lazy\" width=\"600\" height=\"400\" alt=\"La detenci\u00f3n de los acusados.\"\/><figcaption>\n            <span>La detenci\u00f3n de los acusados.<\/span><br \/>\n        <\/figcaption><\/figure>\n<p><!-- embed end --><br \/>\n<!-- end object --><\/p>\n<p><!-- is a object --><br \/>\n<!-- embed start --><!-- embed end --><br \/>\n<!-- end object --><\/p>\n<p>Pereyra explic\u00f3 que, por el momento, no atribuyen una participaci\u00f3n secundaria a ninguno de ellos. <b>\u201cPor ahora la postura de la Fiscal\u00eda es que el nivel de participaci\u00f3n es el mismo en los dos\u201d<\/b>, respondi\u00f3 al ser consultado espec\u00edficamente sobre este aspecto.  <\/p>\n<p><!-- is a <br \/>--><\/p>\n<p>\u00a0<\/p>\n<p><!-- is a <br \/>--><\/p>\n<p>Luego profundiz\u00f3 la hip\u00f3tesis: <b>\u201cEntendemos que las dos personas actuaron de manera conjunta, obviamente distribuyendo las tareas de cada uno, que algunas de ellas se se\u00f1alaron en la audiencia. Fue un plan perge\u00f1ado por parte de los dos\u201d<\/b>.  <\/p>\n<p><!-- is a <br \/>--><\/p>\n<p>\u00a0<\/p>\n<p><!-- is a <br \/>--><\/p>\n<p><!-- is a object --><\/p>\n<h2>El robo, la principal hip\u00f3tesis sobre el m\u00f3vil<\/h2>\n<p><!-- end object --><\/p>\n<p>\u00a0<\/p>\n<p><!-- is a <br \/>--><\/p>\n<p>La acusaci\u00f3n considera que el objetivo principal habr\u00eda sido apoderarse de los bienes del arquitecto y que el homicidio se cometi\u00f3 para garantizar el robo y evitar sus consecuencias. Esa hip\u00f3tesis deriv\u00f3 en la imputaci\u00f3n por homicidio agravado por criminis causae, adem\u00e1s de la agravante de alevos\u00eda. Una eventual condena bajo esa calificaci\u00f3n contempla prisi\u00f3n perpetua.  <\/p>\n<p><!-- is a <br \/>--><\/p>\n<p><!-- is a object --><br \/>\n<!-- embed start --><\/p>\n<figure class=\"embed\">\n<p>    <img decoding=\"async\" src=\"https:\/\/elonce-media.elonce.com\/fotos\/2026\/09\/02\/e_1788384877_96979.webp\" loading=\"lazy\" width=\"600\" height=\"400\" alt=\"\"\/><\/p>\n<\/figure>\n<p><!-- embed end --><br \/>\n<!-- end object --><\/p>\n<p><b>\u201cFue justamente para poder sustraer distintos elementos de valor de la v\u00edctima. Entendemos que ese habr\u00eda sido el m\u00f3vil principal, m\u00e1s all\u00e1 de que despu\u00e9s, con el devenir de la investigaci\u00f3n, puede variar o se puede ampliar\u201d<\/b>, explic\u00f3 Pereyra.  <\/p>\n<p><!-- is a <br \/>--><\/p>\n<p><!-- is a object --><br \/>\n<!-- embed start --><!-- embed end --><br \/>\n<!-- end object --><\/p>\n<p>Seg\u00fan la reconstrucci\u00f3n judicial, durante el ataque se habr\u00edan llevado documentaci\u00f3n, dinero y el tel\u00e9fono celular. Adem\u00e1s, uno de los sospechosos habr\u00eda utilizado la Yamaha XTZ 125E de Bassi para trasladarse hasta la vivienda particular del arquitecto, ubicada en calle Dupuy, donde habr\u00eda sustra\u00eddo una tablet, pesos, d\u00f3lares y otros elementos.  <\/p>\n<p><!-- is a <br \/>--><\/p>\n<p>\u00a0<\/p>\n<p><!-- is a <br \/>--><\/p>\n<p><!-- is a object --><\/p>\n<h2>El extra\u00f1o mensaje que encendi\u00f3 las sospechas<\/h2>\n<p><!-- end object --><\/p>\n<p>\u00a0<\/p>\n<p><!-- is a <br \/>--><\/p>\n<p>Antes de que encontraran el cuerpo, la familia ya hab\u00eda comenzado a preocuparse. Bassi hab\u00eda mantenido contacto por WhatsApp con su pareja durante el martes, pero despu\u00e9s de aproximadamente las 16 dej\u00f3 de responder llamadas y mensajes. Sus familiares realizaron exposiciones en las comisar\u00edas Cuarta y 12\u00aa.  <\/p>\n<p><!-- is a <br \/>--><\/p>\n<p><!-- is a object --><br \/>\n<!-- embed start --><!-- embed end --><br \/>\n<!-- end object --><\/p>\n<p><!-- is a object --><br \/>\n<!-- embed start --><\/p>\n<figure class=\"embed\">\n<p>    <img decoding=\"async\" src=\"https:\/\/elonce-media.elonce.com\/fotos\/2026\/09\/04\/e_1788533254_2729.webp\" loading=\"lazy\" width=\"600\" height=\"400\" alt=\"Los acusados del crimen.\"\/><figcaption>\n            <span>Los acusados del crimen.<\/span><br \/>\n        <\/figcaption><\/figure>\n<p><!-- embed end --><br \/>\n<!-- end object --><\/p>\n<p>La investigaci\u00f3n sostiene que el tel\u00e9fono permaneci\u00f3 apagado durante un per\u00edodo: los mensajes enviados por sus familiares mostraban solamente una tilde. Despu\u00e9s, el aparato fue nuevamente activado, los mensajes ingresaron y aparecieron las dos tildes azules que indicaban que hab\u00edan sido le\u00eddos.  <\/p>\n<p><!-- is a <br \/>--><\/p>\n<p>\u00a0<\/p>\n<p><!-- is a <br \/>--><\/p>\n<p>Desde el celular lleg\u00f3 entonces una respuesta: <b>\u201cHola, estoy volviendo de Rosario, despu\u00e9s hablamos\u201d<\/b>. Sin embargo, un detalle despert\u00f3 sospechas. <b>La palabra \u201cvolviendo\u201d habr\u00eda sido escrita con \u201cb\u201d,<\/b> un error ortogr\u00e1fico que la pareja no reconoci\u00f3 como propio de Bassi. Para los investigadores, el mensaje habr\u00eda buscado ganar tiempo y evitar que el entorno advirtiera inmediatamente lo sucedido.  <\/p>\n<p><!-- is a <br \/>--><\/p>\n<p>\u00a0<\/p>\n<p><!-- is a <br \/>--><\/p>\n<p><!-- is a object --><\/p>\n<h2>C\u00e1maras, huellas y objetos recuperados<\/h2>\n<p><!-- end object --><\/p>\n<p>\u00a0<\/p>\n<p><!-- is a <br \/>--><\/p>\n<p>Las filmaciones constituyen otro elemento importante. Los registros muestran a los acusados en inmediaciones del departamento donde ocurri\u00f3 el crimen y en la vivienda particular del arquitecto. Seg\u00fan la investigaci\u00f3n, Inofre aparece con mayor claridad en las im\u00e1genes, mientras que Aguilar fue registrado cuando todav\u00eda ten\u00eda el cabello largo.  <\/p>\n<p><!-- is a <br \/>--><\/p>\n<p>\u00a0<\/p>\n<p><!-- is a <br \/>--><\/p>\n<p>Pereyra explic\u00f3 que la hip\u00f3tesis no descansa en un \u00fanico indicio. <b>\u201cHay elementos probatorios diversos. Algunos tienen que ver justamente con la labor cient\u00edfica que se hizo en el lugar de los hechos\u201d<\/b>, indic\u00f3.  <\/p>\n<p><!-- is a <br \/>--><\/p>\n<p><!-- is a object --><br \/>\n<!-- embed start --><\/p>\n<figure class=\"embed\">\n<p>    <img decoding=\"async\" src=\"https:\/\/elonce-media.elonce.com\/fotos\/2026\/09\/02\/e_1788371724_80958.webp\" loading=\"lazy\" width=\"600\" height=\"400\" alt=\"\"\/><\/p>\n<\/figure>\n<p><!-- embed end --><br \/>\n<!-- end object --><\/p>\n<p>El fiscal a\u00f1adi\u00f3: <b>\u201cTenemos tambi\u00e9n filmaciones que corroboran esto. Hay elementos que se han secuestrado y otros en poder de terceros que se\u00f1alan como transmisores a los imputados\u201d<\/b>. Tambi\u00e9n destac\u00f3 la existencia de huellas y testimonios que, seg\u00fan la acusaci\u00f3n, permiten complementar las im\u00e1genes y reconstruir los movimientos posteriores al homicidio.  <\/p>\n<p><!-- is a <br \/>--><\/p>\n<p>\u00a0<\/p>\n<p><!-- is a <br \/>--><\/p>\n<p><!-- is a object --><\/p>\n<h2>Se cort\u00f3 el pelo despu\u00e9s del crimen<\/h2>\n<p><!-- end object --><\/p>\n<p>\u00a0<\/p>\n<p><!-- is a <br \/>--><\/p>\n<p>Una de las circunstancias que llam\u00f3 la atenci\u00f3n de los investigadores fue el cambio de apariencia de Aguilar. Las c\u00e1maras lo habr\u00edan registrado con el cabello largo, pero cuando fue localizado ya se hab\u00eda realizado un corte.  <\/p>\n<p><!-- is a <br \/>--><\/p>\n<p>\u00a0<\/p>\n<p><!-- is a <br \/>--><\/p>\n<p>La investigaci\u00f3n incorpor\u00f3 el testimonio de un peluquero que habr\u00eda encontrado al sospechoso en la calle. Seg\u00fan ese relato, Aguilar le pidi\u00f3 que le cortara el cabello con urgencia y el trabajador accedi\u00f3. Poco despu\u00e9s, el acusado fue localizado y aprehendido en barrio El Perejil.  <\/p>\n<p><!-- is a <br \/>--><\/p>\n<p>\u00a0<\/p>\n<p><!-- is a <br \/>--><\/p>\n<p>La modificaci\u00f3n de su apariencia tambi\u00e9n fue considerada por la Fiscal\u00eda al analizar los riesgos procesales y solicitar la prisi\u00f3n preventiva. Para la acusaci\u00f3n, la conducta posterior al crimen deb\u00eda evaluarse junto con el resto de las evidencias reunidas.  <\/p>\n<p><!-- is a <br \/>--><\/p>\n<p><!-- is a object --><br \/>\n<!-- embed start --><\/p>\n<figure class=\"embed\">\n<p>    <img decoding=\"async\" src=\"https:\/\/elonce-media.elonce.com\/fotos\/2026\/09\/04\/e_1788535778_30790.webp\" loading=\"lazy\" width=\"600\" height=\"400\" alt=\"\"\/><\/p>\n<\/figure>\n<p><!-- embed end --><br \/>\n<!-- end object --><\/p>\n<p>\u00a0<\/p>\n<p><!-- is a <br \/>--><\/p>\n<p><!-- is a object --><\/p>\n<h2>La venta de la moto de Bassi<\/h2>\n<p><!-- end object --><\/p>\n<p>\u00a0<\/p>\n<p><!-- is a <br \/>--><\/p>\n<p>En paralelo, Inofre habr\u00eda intentado desprenderse r\u00e1pidamente de la motocicleta Yamaha 125 cc perteneciente a Bassi. Seg\u00fan la investigaci\u00f3n, encontr\u00f3 un comprador y en principio ofreci\u00f3 el veh\u00edculo por $800.000.  <\/p>\n<p><!-- is a <br \/>--><\/p>\n<p>\u00a0<\/p>\n<p><!-- is a <br \/>--><\/p>\n<p>Ante la negativa del interesado, habr\u00eda reducido dr\u00e1sticamente el valor hasta los $200.000 y concretado la operaci\u00f3n. Cuando trascendi\u00f3 que Bassi hab\u00eda sido encontrado muerto, el comprador se present\u00f3 ante la Polic\u00eda, cont\u00f3 qui\u00e9n le hab\u00eda vendido la moto y permiti\u00f3 avanzar en la recuperaci\u00f3n del veh\u00edculo.  <\/p>\n<p><!-- is a <br \/>--><\/p>\n<p>\u00a0<\/p>\n<p><!-- is a <br \/>--><\/p>\n<p>Para ese momento, los investigadores ya contaban con filmaciones que ubicaban a Inofre saliendo de la vivienda de calle Dupuy con elementos pertenecientes a la v\u00edctima. La acusaci\u00f3n sostiene que posteriormente regres\u00f3 hacia el departamento de Paran\u00e1 XIV.  <\/p>\n<p><!-- is a <br \/>--><\/p>\n<p><!-- is a object --><br \/>\n<!-- embed start --><\/p>\n<figure class=\"embed\">\n<p>    <img decoding=\"async\" src=\"https:\/\/elonce-media.elonce.com\/fotos\/2026\/09\/04\/e_1788514179_88167.webp\" loading=\"lazy\" width=\"600\" height=\"400\" alt=\"\"\/><\/p>\n<\/figure>\n<p><!-- embed end --><br \/>\n<!-- end object --><\/p>\n<p>\u00a0<\/p>\n<p><!-- is a <br \/>--><\/p>\n<p><!-- is a object --><\/p>\n<h2>Inofre fue detenido cuando viajaba hacia Misiones<\/h2>\n<p><!-- end object --><\/p>\n<p>\u00a0<\/p>\n<p><!-- is a <br \/>--><\/p>\n<p>Los testimonios y registros f\u00edlmicos permitieron avanzar sobre los sospechosos. Mientras Aguilar fue localizado en barrio El Perejil, Inofre hab\u00eda iniciado un viaje en colectivo de larga distancia.  <\/p>\n<p><!-- is a <br \/>--><\/p>\n<p>El micro fue interceptado sobre la Ruta Nacional 127 y el hombre termin\u00f3 detenido en Federal cuando se dirig\u00eda hacia Misiones. Seg\u00fan la investigaci\u00f3n, llevaba consigo pertenencias vinculadas con Bassi.  <\/p>\n<p><!-- is a <br \/>--><\/p>\n<p>\u00a0<\/p>\n<p><!-- is a <br \/>--><\/p>\n<p>Estas conductas fueron analizadas durante la audiencia de prisi\u00f3n preventiva. <b>\u201cNo solamente peligro de fuga, sino entorpecimiento: uno variando un poco las caracter\u00edsticas fison\u00f3micas, esto de haberse cortado el cabello, y el otro haciendo un viaje a una provincia que se encuentra lim\u00edtrofe con otro pa\u00eds. Entendemos que son contundentes respecto de los riesgos procesales que nuestro c\u00f3digo tiene establecidos\u201d<\/b>, expres\u00f3 Pereyra.  <\/p>\n<p><!-- is a <br \/>--><\/p>\n<p>\u00a0<\/p>\n<p><!-- is a <br \/>--><\/p>\n<p><!-- is a object --><\/p>\n<h2>Prisi\u00f3n preventiva y una investigaci\u00f3n que contin\u00faa<\/h2>\n<p><!-- end object --><\/p>\n<p>\u00a0<\/p>\n<p><!-- is a <br \/>--><\/p>\n<p>El juez de Garant\u00edas Jorge Sueldo resolvi\u00f3 que Aguilar e Inofre permanezcan alojados durante 60 d\u00edas en la Unidad Penal N\u00ba1 de Paran\u00e1 mientras contin\u00faa la investigaci\u00f3n. La medida busc\u00f3 neutralizar los riesgos de fuga y de posible entorpecimiento considerados durante la audiencia.  <\/p>\n<p><!-- is a <br \/>--><\/p>\n<p><!-- is a object --><br \/>\n<!-- embed start --><\/p>\n<figure class=\"embed\">\n<p>    <img decoding=\"async\" src=\"https:\/\/elonce-media.elonce.com\/fotos\/2026\/09\/04\/e_1788540827_90685.webp\" loading=\"lazy\" width=\"600\" height=\"400\" alt=\"El fiscal Pereyra.\"\/><figcaption>\n            <span>El fiscal Pereyra.<\/span><br \/>\n        <\/figcaption><\/figure>\n<p><!-- embed end --><br \/>\n<!-- end object --><\/p>\n<p>La Fiscal\u00eda deber\u00e1 profundizar ahora los an\u00e1lisis cient\u00edficos, incorporar el informe definitivo de autopsia y completar otras medidas probatorias. Pereyra remarc\u00f3 que huellas, c\u00e1maras, testimonios y elementos secuestrados conforman un conjunto que respalda, en esta etapa, la hip\u00f3tesis presentada judicialmente.  <\/p>\n<p><!-- is a <br \/>--><\/p>\n<p>\u00a0<\/p>\n<p><!-- is a <br \/>--><\/p>\n<p><b>\u201cHay elementos diversos y algunos obviamente con fuerte valor probatorio, como tiene que ver con huellas y c\u00e1maras, que ayudan mucho, pero que son respaldados por otro tipo de elementos probatorios que nos permiten, al menos, reconstruir la acusaci\u00f3n que hoy hicimos y la hip\u00f3tesis de la Fiscal\u00eda\u201d<\/b>, concluy\u00f3 el fiscal.<\/p>\n<\/p><\/div>\n","protected":false},"excerpt":{"rendered":"<p>El crimen del arquitecto Bassi tiene como principales acusados a Carlos Gast\u00f3n Aguilar, de 48 a\u00f1os, y Claudio Ram\u00f3n Inofre, de 52, quienes permanecer\u00e1n durante 60 d\u00edas con prisi\u00f3n preventiva en la Unidad Penal N\u00ba1 de Paran\u00e1. La Fiscal\u00eda los imput\u00f3 por homicidio doblemente agravado por alevos\u00eda y criminis causae y sostiene que actuaron juntos [&hellip;]<\/p>\n","protected":false},"author":1,"featured_media":25264,"comment_status":"open","ping_status":"open","sticky":false,"template":"","format":"standard","meta":{"footnotes":""},"categories":[1],"tags":[],"class_list":["post-25263","post","type-post","status-publish","format-standard","has-post-thumbnail","hentry","category-uncategorized"],"_links":{"self":[{"href":"https:\/\/cliente1.publisher.highstack.com.ar\/index.php?rest_route=\/wp\/v2\/posts\/25263","targetHints":{"allow":["GET"]}}],"collection":[{"href":"https:\/\/cliente1.publisher.highstack.com.ar\/index.php?rest_route=\/wp\/v2\/posts"}],"about":[{"href":"https:\/\/cliente1.publisher.highstack.com.ar\/index.php?rest_route=\/wp\/v2\/types\/post"}],"author":[{"embeddable":true,"href":"https:\/\/cliente1.publisher.highstack.com.ar\/index.php?rest_route=\/wp\/v2\/users\/1"}],"replies":[{"embeddable":true,"href":"https:\/\/cliente1.publisher.highstack.com.ar\/index.php?rest_route=%2Fwp%2Fv2%2Fcomments&post=25263"}],"version-history":[{"count":0,"href":"https:\/\/cliente1.publisher.highstack.com.ar\/index.php?rest_route=\/wp\/v2\/posts\/25263\/revisions"}],"wp:featuredmedia":[{"embeddable":true,"href":"https:\/\/cliente1.publisher.highstack.com.ar\/index.php?rest_route=\/wp\/v2\/media\/25264"}],"wp:attachment":[{"href":"https:\/\/cliente1.publisher.highstack.com.ar\/index.php?rest_route=%2Fwp%2Fv2%2Fmedia&parent=25263"}],"wp:term":[{"taxonomy":"category","embeddable":true,"href":"https:\/\/cliente1.publisher.highstack.com.ar\/index.php?rest_route=%2Fwp%2Fv2%2Fcategories&post=25263"},{"taxonomy":"post_tag","embeddable":true,"href":"https:\/\/cliente1.publisher.highstack.com.ar\/index.php?rest_route=%2Fwp%2Fv2%2Ftags&post=25263"}],"curies":[{"name":"wp","href":"https:\/\/api.w.org\/{rel}","templated":true}]}}