{"id":25257,"date":"2026-09-06T10:00:02","date_gmt":"2026-09-06T13:00:02","guid":{"rendered":"https:\/\/cliente1.publisher.highstack.com.ar\/?p=25257"},"modified":"2026-09-06T10:00:02","modified_gmt":"2026-09-06T13:00:02","slug":"motociclista-sufrio-graves-heridas-al-chocar-con-una-camioneta-en-parana","status":"publish","type":"post","link":"https:\/\/cliente1.publisher.highstack.com.ar\/?p=25257","title":{"rendered":"Motociclista sufri\u00f3 graves heridas al chocar con una camioneta en Paran\u00e1"},"content":{"rendered":"<p><\/p>\n<div>\n<p>Un <b>motociclista sufri\u00f3 graves heridas<\/b> al chocar contra una camioneta durante la noche sobre calle Jos\u00e9 Mar\u00eda Paz, a unos 100 metros al sur de la intersecci\u00f3n con Pascual Uva, en Paran\u00e1. El conductor del rodado menor debi\u00f3 ser trasladado de urgencia al Hospital San Mart\u00edn. <\/p>\n<p><!-- is a <br \/>--><\/p>\n<p>\u00a0<\/p>\n<p><!-- is a <br \/>--><\/p>\n<p>Tras ser asistido, el paciente fue sometido a estudios radiogr\u00e1ficos que confirmaron que sufri\u00f3 una fractura cerrada de f\u00e9mur en la pierna izquierda. Debido a la gravedad de la lesi\u00f3n, qued\u00f3 internado en la sala de Traumatolog\u00eda del nosocomio. <\/p>\n<p><!-- is a <br \/>--><\/p>\n<p>\u00a0<\/p>\n<p><!-- is a <br \/>--><\/p>\n<p>Personal policial trabaj\u00f3 en el lugar para determinar la mec\u00e1nica del siniestro. Al momento de la intervenci\u00f3n, la camioneta se encontraba detenida sobre el carril este, cerca de la banquina, mientras que la motocicleta hab\u00eda quedado sobre la banquina del mismo sector. <\/p>\n<p><!-- is a <br \/>--><\/p>\n<p><!-- is a object --><br \/>\n<!-- embed start --><\/p>\n<figure class=\"embed\">\n<p>    <img decoding=\"async\" src=\"https:\/\/elonce-media.elonce.com\/fotos\/2026\/09\/06\/e_1788695680_66104.webp\" loading=\"lazy\" width=\"600\" height=\"400\" alt=\"\"\/><\/p>\n<\/figure>\n<p><!-- embed end --><br \/>\n<!-- end object --><\/p>\n<p><!-- is a object --><\/p>\n<h2>Investigan c\u00f3mo ocurri\u00f3 el choque<\/h2>\n<p><!-- end object --><\/p>\n<p>\u00a0<\/p>\n<p><!-- is a <br \/>--><\/p>\n<p>De acuerdo con las primeras observaciones y los da\u00f1os detectados en la homocin\u00e9tica, los investigadores presumen que se habr\u00eda producido una colisi\u00f3n trasero-lateral derecha de la motocicleta contra la camioneta. <\/p>\n<p><!-- is a <br \/>--><\/p>\n<p>\u00a0<\/p>\n<p><!-- is a <br \/>--><\/p>\n<p>Las circunstancias precisas del impacto continuaban bajo investigaci\u00f3n y las primeras apreciaciones deber\u00e1n ser corroboradas mediante las actuaciones correspondientes. <\/p>\n<p><!-- is a <br \/>--><\/p>\n<p>\u00a0<\/p>\n<p><!-- is a <br \/>--><\/p>\n<p>La Fiscal\u00eda interviniente dispuso la extracci\u00f3n de muestras de sangre y orina a ambos conductores, como parte de las medidas ordenadas para avanzar en el esclarecimiento del siniestro vial.<\/p>\n<\/p><\/div>\n","protected":false},"excerpt":{"rendered":"<p>Un motociclista sufri\u00f3 graves heridas al chocar contra una camioneta durante la noche sobre calle Jos\u00e9 Mar\u00eda Paz, a unos 100 metros al sur de la intersecci\u00f3n con Pascual Uva, en Paran\u00e1. El conductor del rodado menor debi\u00f3 ser trasladado de urgencia al Hospital San Mart\u00edn. \u00a0 Tras ser asistido, el paciente fue sometido a [&hellip;]<\/p>\n","protected":false},"author":1,"featured_media":25258,"comment_status":"open","ping_status":"open","sticky":false,"template":"","format":"standard","meta":{"footnotes":""},"categories":[1],"tags":[],"class_list":["post-25257","post","type-post","status-publish","format-standard","has-post-thumbnail","hentry","category-uncategorized"],"_links":{"self":[{"href":"https:\/\/cliente1.publisher.highstack.com.ar\/index.php?rest_route=\/wp\/v2\/posts\/25257","targetHints":{"allow":["GET"]}}],"collection":[{"href":"https:\/\/cliente1.publisher.highstack.com.ar\/index.php?rest_route=\/wp\/v2\/posts"}],"about":[{"href":"https:\/\/cliente1.publisher.highstack.com.ar\/index.php?rest_route=\/wp\/v2\/types\/post"}],"author":[{"embeddable":true,"href":"https:\/\/cliente1.publisher.highstack.com.ar\/index.php?rest_route=\/wp\/v2\/users\/1"}],"replies":[{"embeddable":true,"href":"https:\/\/cliente1.publisher.highstack.com.ar\/index.php?rest_route=%2Fwp%2Fv2%2Fcomments&post=25257"}],"version-history":[{"count":0,"href":"https:\/\/cliente1.publisher.highstack.com.ar\/index.php?rest_route=\/wp\/v2\/posts\/25257\/revisions"}],"wp:featuredmedia":[{"embeddable":true,"href":"https:\/\/cliente1.publisher.highstack.com.ar\/index.php?rest_route=\/wp\/v2\/media\/25258"}],"wp:attachment":[{"href":"https:\/\/cliente1.publisher.highstack.com.ar\/index.php?rest_route=%2Fwp%2Fv2%2Fmedia&parent=25257"}],"wp:term":[{"taxonomy":"category","embeddable":true,"href":"https:\/\/cliente1.publisher.highstack.com.ar\/index.php?rest_route=%2Fwp%2Fv2%2Fcategories&post=25257"},{"taxonomy":"post_tag","embeddable":true,"href":"https:\/\/cliente1.publisher.highstack.com.ar\/index.php?rest_route=%2Fwp%2Fv2%2Ftags&post=25257"}],"curies":[{"name":"wp","href":"https:\/\/api.w.org\/{rel}","templated":true}]}}