{"id":25253,"date":"2026-09-06T09:23:32","date_gmt":"2026-09-06T12:23:32","guid":{"rendered":"https:\/\/cliente1.publisher.highstack.com.ar\/?p=25253"},"modified":"2026-09-06T09:23:32","modified_gmt":"2026-09-06T12:23:32","slug":"incendio-en-vivienda-de-parana-rescataron-a-dos-adultos-mayores-que-debieron-ser-hospitalizados","status":"publish","type":"post","link":"https:\/\/cliente1.publisher.highstack.com.ar\/?p=25253","title":{"rendered":"Incendio en vivienda de Paran\u00e1: rescataron a dos adultos mayores que debieron ser hospitalizados"},"content":{"rendered":"<p><\/p>\n<div>\n<p>Un <b>incendio en una vivienda<\/b> de calle D\u2019Agostino, en Paran\u00e1, deriv\u00f3 en un operativo de emergencia durante el cual un polic\u00eda rompi\u00f3 la puerta de ingreso y rescat\u00f3 a dos adultos mayores que permanec\u00edan en el interior del inmueble afectado por el fuego y el humo. <\/p>\n<p><!-- is a <br \/>--><\/p>\n<p><!-- is a object --><br \/>\n<!-- embed start --><\/p>\n<figure class=\"embed\">\n<p>    <img decoding=\"async\" src=\"https:\/\/elonce-media.elonce.com\/fotos\/2026\/09\/06\/e_1788694550_33402.webp\" loading=\"lazy\" width=\"600\" height=\"400\" alt=\"\"\/><\/p>\n<\/figure>\n<p><!-- embed end --><br \/>\n<!-- end object --><\/p>\n<p>Al arribar el primer m\u00f3vil policial, uno de los funcionarios forz\u00f3 la puerta para acceder a la casa. Una vez adentro, logr\u00f3 retirar a un hombre de 87 a\u00f1os y a una mujer de 85, quienes presentaban a simple vista lesiones compatibles con quemaduras y dificultades respiratorias. <\/p>\n<p><!-- is a <br \/>--><\/p>\n<p>\u00a0<\/p>\n<p><!-- is a <br \/>--><\/p>\n<p>Los dos adultos mayores fueron asistidos y posteriormente trasladados en ambulancia al Hospital San Mart\u00edn para su evaluaci\u00f3n y atenci\u00f3n m\u00e9dica por las lesiones y una posible inhalaci\u00f3n de mon\u00f3xido de carbono. El funcionario policial que intervino directamente en el rescate tambi\u00e9n fue derivado al nosocomio para recibir asistencia. <\/p>\n<p><!-- is a <br \/>--><\/p>\n<p><!-- is a object --><br \/>\n<!-- embed start --><\/p>\n<figure class=\"embed\">\n<p>    <img decoding=\"async\" src=\"https:\/\/elonce-media.elonce.com\/fotos\/2026\/09\/06\/e_1788694550_38195.webp\" loading=\"lazy\" width=\"600\" height=\"400\" alt=\"\"\/><\/p>\n<\/figure>\n<p><!-- embed end --><br \/>\n<!-- end object --><\/p>\n<p>\u00a0<\/p>\n<p><!-- is a <br \/>--><\/p>\n<p><!-- is a object --><\/p>\n<h2>El incendio se habr\u00eda originado en una heladera<\/h2>\n<p><!-- end object --><\/p>\n<p>\u00a0<\/p>\n<p><!-- is a <br \/>--><\/p>\n<p>En paralelo al rescate, Bomberos Zapadores y Bomberos Voluntarios trabajaron para controlar la emergencia. Los efectivos realizaron tareas de extinci\u00f3n del foco \u00edgneo, enfriamiento, ventilaci\u00f3n y control preventivo de la vivienda. <\/p>\n<p><!-- is a <br \/>--><\/p>\n<p>\u00a0<\/p>\n<p><!-- is a <br \/>--><\/p>\n<p>Seg\u00fan las primeras averiguaciones realizadas en el lugar, el incendio <b>se habr\u00eda originado por el recalentamiento de una heladera antigua<\/b>. Tras sofocar las llamas, los bomberos verificaron las condiciones de seguridad del inmueble afectado. <\/p>\n<p><!-- is a <br \/>--><\/p>\n<p><!-- is a object --><br \/>\n<!-- embed start --><\/p>\n<figure class=\"embed\">\n<p>    <img decoding=\"async\" src=\"https:\/\/elonce-media.elonce.com\/fotos\/2026\/09\/06\/e_1788694550_13104.webp\" loading=\"lazy\" width=\"600\" height=\"400\" alt=\"\"\/><\/p>\n<\/figure>\n<p><!-- embed end --><br \/>\n<!-- end object --><\/p>\n<p>Del operativo participaron de manera coordinada efectivos policiales de la jurisdicci\u00f3n, personal del 911, Bomberos Zapadores y Voluntarios y el servicio de emergencias m\u00e9dicas. Adem\u00e1s, tom\u00f3 intervenci\u00f3n Polic\u00eda Cient\u00edfica junto con personal de las divisiones Fotograf\u00eda y Planimetr\u00eda para establecer las circunstancias en las que comenz\u00f3 el fuego.<\/p>\n<\/p><\/div>\n","protected":false},"excerpt":{"rendered":"<p>Un incendio en una vivienda de calle D\u2019Agostino, en Paran\u00e1, deriv\u00f3 en un operativo de emergencia durante el cual un polic\u00eda rompi\u00f3 la puerta de ingreso y rescat\u00f3 a dos adultos mayores que permanec\u00edan en el interior del inmueble afectado por el fuego y el humo. Al arribar el primer m\u00f3vil policial, uno de los [&hellip;]<\/p>\n","protected":false},"author":1,"featured_media":25254,"comment_status":"open","ping_status":"open","sticky":false,"template":"","format":"standard","meta":{"footnotes":""},"categories":[1],"tags":[],"class_list":["post-25253","post","type-post","status-publish","format-standard","has-post-thumbnail","hentry","category-uncategorized"],"_links":{"self":[{"href":"https:\/\/cliente1.publisher.highstack.com.ar\/index.php?rest_route=\/wp\/v2\/posts\/25253","targetHints":{"allow":["GET"]}}],"collection":[{"href":"https:\/\/cliente1.publisher.highstack.com.ar\/index.php?rest_route=\/wp\/v2\/posts"}],"about":[{"href":"https:\/\/cliente1.publisher.highstack.com.ar\/index.php?rest_route=\/wp\/v2\/types\/post"}],"author":[{"embeddable":true,"href":"https:\/\/cliente1.publisher.highstack.com.ar\/index.php?rest_route=\/wp\/v2\/users\/1"}],"replies":[{"embeddable":true,"href":"https:\/\/cliente1.publisher.highstack.com.ar\/index.php?rest_route=%2Fwp%2Fv2%2Fcomments&post=25253"}],"version-history":[{"count":0,"href":"https:\/\/cliente1.publisher.highstack.com.ar\/index.php?rest_route=\/wp\/v2\/posts\/25253\/revisions"}],"wp:featuredmedia":[{"embeddable":true,"href":"https:\/\/cliente1.publisher.highstack.com.ar\/index.php?rest_route=\/wp\/v2\/media\/25254"}],"wp:attachment":[{"href":"https:\/\/cliente1.publisher.highstack.com.ar\/index.php?rest_route=%2Fwp%2Fv2%2Fmedia&parent=25253"}],"wp:term":[{"taxonomy":"category","embeddable":true,"href":"https:\/\/cliente1.publisher.highstack.com.ar\/index.php?rest_route=%2Fwp%2Fv2%2Fcategories&post=25253"},{"taxonomy":"post_tag","embeddable":true,"href":"https:\/\/cliente1.publisher.highstack.com.ar\/index.php?rest_route=%2Fwp%2Fv2%2Ftags&post=25253"}],"curies":[{"name":"wp","href":"https:\/\/api.w.org\/{rel}","templated":true}]}}