{"id":25243,"date":"2026-09-06T01:35:49","date_gmt":"2026-09-06T04:35:49","guid":{"rendered":"https:\/\/cliente1.publisher.highstack.com.ar\/?p=25243"},"modified":"2026-09-06T01:35:49","modified_gmt":"2026-09-06T04:35:49","slug":"los-mensajes-internos-que-aceleraron-la-cadena-nacional-los-planes-previos-de-milei-y-la-vuelta-de-santiago-caputo","status":"publish","type":"post","link":"https:\/\/cliente1.publisher.highstack.com.ar\/?p=25243","title":{"rendered":"Los mensajes internos que aceleraron la cadena nacional, los planes previos de Milei y la vuelta de Santiago Caputo"},"content":{"rendered":"<div class=\"visual__image image-initial-width\"><picture><source srcset=\"https:\/\/www.infobae.com\/resizer\/v2\/WCY3SDFGWNF2DHMI3LNOW6CGLU.jpg?auth=63342c6b7015499b9d241b90905d0f8da922fd6cd76f3cfeb5ef2adc896bd983&amp;smart=true&amp;width=992&amp;height=661&amp;quality=85\" media=\"(min-width: 1000px)\"><\/source><source srcset=\"https:\/\/www.infobae.com\/resizer\/v2\/WCY3SDFGWNF2DHMI3LNOW6CGLU.jpg?auth=63342c6b7015499b9d241b90905d0f8da922fd6cd76f3cfeb5ef2adc896bd983&amp;smart=true&amp;width=768&amp;height=512&amp;quality=85\" media=\"(min-width: 768px)\"><\/source><source srcset=\"https:\/\/www.infobae.com\/resizer\/v2\/WCY3SDFGWNF2DHMI3LNOW6CGLU.jpg?auth=63342c6b7015499b9d241b90905d0f8da922fd6cd76f3cfeb5ef2adc896bd983&amp;smart=true&amp;width=577&amp;height=385&amp;quality=85\" media=\"(min-width: 580px)\"><\/source><source srcset=\"https:\/\/www.infobae.com\/resizer\/v2\/WCY3SDFGWNF2DHMI3LNOW6CGLU.jpg?auth=63342c6b7015499b9d241b90905d0f8da922fd6cd76f3cfeb5ef2adc896bd983&amp;smart=true&amp;width=420&amp;height=280&amp;quality=85\" media=\"(min-width: 350px)\"><\/source><source srcset=\"https:\/\/www.infobae.com\/resizer\/v2\/WCY3SDFGWNF2DHMI3LNOW6CGLU.jpg?auth=63342c6b7015499b9d241b90905d0f8da922fd6cd76f3cfeb5ef2adc896bd983&amp;smart=true&amp;width=350&amp;height=233&amp;quality=85\" media=\"(min-width: 80px)\"><\/source><img alt=\"El presidente de Argentina, Javier Milei, habla durante la inauguraci\u00f3n del V Encuentro Regional del Foro Madrid. EFE\/ Esteban Garay\" class=\"global-image\" decoding=\"async\" fetchpriority=\"high\" height=\"2070\" loading=\"eager\" src=\"https:\/\/www.infobae.com\/resizer\/v2\/WCY3SDFGWNF2DHMI3LNOW6CGLU.jpg?auth=63342c6b7015499b9d241b90905d0f8da922fd6cd76f3cfeb5ef2adc896bd983&amp;smart=true&amp;width=350&amp;height=233&amp;quality=85\" width=\"3105\"><\/picture><\/div>\n<div class=\"sharebar-container display_flex sharebar-new\" style=\"opacity:1\">\n<div class=\"share-bar-article-date-container \"><span class=\"sharebar-article-date\">06 Sep, 2026 12:21 a. m. EST<\/span><\/div>\n<div class=\"sharebar-buttons-container display_flex\">\n<div aria-label=\"Guardar\" class=\"sharebar-buttons button-save\" role=\"button\" tabindex=\"0\"><svg width=\"9\" height=\"12\" viewbox=\"0 0 8 10\" fill=\"none\" xmlns=\"http:\/\/www.w3.org\/2000\/svg\" class=\"saved-icon saved\"><path d=\"M6.64286 0.5V9.31687L4.1116 7.16407L4.11106 7.16361C3.79894 6.89891 3.34392 6.89891 3.03179 7.16361L3.03126 7.16407L0.5 9.31687V0.5H6.64286Z\"><\/path><\/svg><span class=\"buttons-save-text\">Guardar<\/span><\/div>\n<div class=\"sharebar-buttons-separator\"><\/div>\n<p><button class=\"sharemenu-buttons display_flex\" aria-label=\"Compartir en Telegram\"><svg width=\"38\" height=\"38\" viewbox=\"0 0 38 38\" fill=\"none\" xmlns=\"http:\/\/www.w3.org\/2000\/svg\"><rect x=\"0.5\" y=\"0.5\" width=\"37\" height=\"37\" rx=\"18.5\" fill=\"white\"><\/rect><rect x=\"0.5\" y=\"0.5\" width=\"37\" height=\"37\" rx=\"18.5\" stroke=\"#C2C2C2\"><\/rect><path d=\"M24.9696 12.5511L10.3405 18.0494C10.0623 18.151 9.92701 18.4484 10.0398 18.7168C10.0999 18.8619 10.2277 18.9779 10.3856 19.0214L14.1068 20.0805L15.4975 24.3312C15.6028 24.6576 15.9636 24.839 16.2944 24.7374C16.3921 24.7084 16.4823 24.6504 16.5575 24.5778L18.482 22.6846L22.2558 25.354C22.6091 25.6006 23.0977 25.5281 23.3533 25.1872C23.421 25.1001 23.4661 24.9986 23.4887 24.897L25.9845 13.3707C26.0672 12.979 25.8116 12.5946 25.4056 12.5148C25.2628 12.4858 25.1124 12.5003 24.9771 12.5511M23.1429 15.1116L16.347 20.9147C16.2793 20.9727 16.2342 21.0525 16.2267 21.1395L15.9636 23.381C15.9636 23.4172 15.926 23.4462 15.8884 23.439C15.8583 23.439 15.8358 23.4172 15.8283 23.3955L14.7533 20.0442C14.7007 19.8919 14.7683 19.7251 14.9111 19.638L22.9399 14.836C23.0226 14.7852 23.1353 14.8142 23.1804 14.894C23.2255 14.9666 23.2105 15.0536 23.1504 15.1116\" fill=\"#555555\"><\/path><\/svg><\/button><button class=\"sharemenu-buttons display_flex\" aria-label=\"Compartir en Linkedin\"><svg width=\"38\" height=\"38\" viewbox=\"0 0 38 38\" fill=\"none\" xmlns=\"http:\/\/www.w3.org\/2000\/svg\"><rect x=\"0.5\" y=\"0.5\" width=\"37\" height=\"37\" rx=\"18.5\" fill=\"white\"><\/rect><rect x=\"0.5\" y=\"0.5\" width=\"37\" height=\"37\" rx=\"18.5\" stroke=\"#C2C2C2\"><\/rect><path d=\"M16.5556 27V16.2231H19.963V17.6949C20.0185 17.6368 20.0648 17.5787 20.1111 17.5206C20.8611 16.349 22.2037 15.739 23.537 15.981C25.3889 16.1359 26.8426 17.7046 26.9259 19.6411C26.9722 20.0478 27 20.4641 27 20.8708C27 22.817 27 24.7633 27 26.7095V26.9806H23.5741V26.6805C23.5741 24.8892 23.5741 23.0882 23.5741 21.2969C23.5741 20.8805 23.5278 20.4545 23.4259 20.0478C23.1945 19.1279 22.2963 18.5663 21.4074 18.8084C21.2037 18.8665 21 18.9633 20.8333 19.0989C20.3333 19.4281 20.0185 19.9897 19.9907 20.6094C19.9722 21.1419 19.9722 21.6842 19.9722 22.2167V26.9903H16.5648L16.5556 27ZM11.2222 27V16.2037H11.7407C12.6204 16.2037 13.5 16.2037 14.3796 16.2037C14.5833 16.2037 14.6482 16.2328 14.6482 16.4748V26.9903H11.2222V27ZM11.0093 12.8825C11.0093 11.8465 11.8055 11.0041 12.787 11.0041C12.8426 11.0041 12.8982 11.0041 12.9537 11.0041C13.9445 10.9363 14.7963 11.7206 14.8611 12.7567C14.8611 12.7954 14.8611 12.8438 14.8611 12.8825C14.8426 13.9283 14.0278 14.761 13.0278 14.7416C12.9907 14.7416 12.9537 14.7416 12.9259 14.7416H12.9074C11.9259 14.8191 11.0741 14.0445 11 13.0181C11 12.9697 11 12.931 11 12.8825H11.0093Z\" fill=\"#555555\"><\/path><\/svg><\/button><button class=\"sharemenu-buttons display_flex\" aria-label=\"Compartir en Twitter\"><svg width=\"38\" height=\"38\" viewbox=\"0 0 38 38\" fill=\"none\" xmlns=\"http:\/\/www.w3.org\/2000\/svg\"><rect x=\"0.5\" y=\"0.5\" width=\"37\" height=\"37\" rx=\"18.5\" fill=\"white\"><\/rect><rect x=\"0.5\" y=\"0.5\" width=\"37\" height=\"37\" rx=\"18.5\" stroke=\"#C2C2C2\"><\/rect><path d=\"M11.0391 11L17.2165 19.8249L11 27H12.399L17.8415 20.7182L22.2389 27H27L20.475 17.6786L26.2613 11H24.8623L19.85 16.7855L15.8001 11H11.0391ZM13.0965 12.101H15.2838L24.9423 25.8987H22.7551L13.0965 12.101Z\" fill=\"#555555\"><\/path><\/svg><\/button><button class=\"sharemenu-buttons display_flex\" aria-label=\"Compartir en Facebook\"><svg width=\"38\" height=\"38\" viewbox=\"0 0 38 38\" fill=\"none\" xmlns=\"http:\/\/www.w3.org\/2000\/svg\"><rect x=\"0.5\" y=\"0.5\" width=\"37\" height=\"37\" rx=\"18.5\" fill=\"white\"><\/rect><rect x=\"0.5\" y=\"0.5\" width=\"37\" height=\"37\" rx=\"18.5\" stroke=\"#C2C2C2\"><\/rect><path d=\"M17.3544 26.9921V18.9235H15V16.3346H17.3544V16.0805C17.3544 15.3816 17.3291 14.6748 17.3882 13.976C17.3882 12.8642 18.0633 11.8556 19.1266 11.3712C19.5232 11.1965 19.9452 11.0853 20.3755 11.0376C21.2532 10.9741 22.1308 10.99 23 11.0932V13.4201H22.7722C22.2743 13.4201 21.7848 13.4201 21.2869 13.436C20.73 13.4042 20.2489 13.8013 20.2152 14.3254C20.2152 14.373 20.2152 14.4128 20.2152 14.4604C20.1983 15.0481 20.2152 15.6357 20.2152 16.2234C20.2152 16.2552 20.2152 16.2949 20.2321 16.3267H22.9409C22.8228 17.2082 22.7046 18.0579 22.5865 18.9315H20.2236V27H17.3629L17.3544 26.9921Z\" fill=\"#555555\"><\/path><\/svg><\/button><button class=\"sharemenu-buttons display_flex\" aria-label=\"Compartir en Whatsapp\"><svg width=\"38\" height=\"38\" viewbox=\"0 0 38 38\" fill=\"none\" xmlns=\"http:\/\/www.w3.org\/2000\/svg\"><rect x=\"0.5\" y=\"0.5\" width=\"37\" height=\"37\" rx=\"18.5\" fill=\"white\"><\/rect><rect x=\"0.5\" y=\"0.5\" width=\"37\" height=\"37\" rx=\"18.5\" stroke=\"#C2C2C2\"><\/rect><path d=\"M21.2863 19.9439C21.0997 19.8551 20.9664 19.9262 20.8419 20.0861C20.6731 20.3261 20.4687 20.5483 20.2909 20.7794C20.1665 20.9393 20.0243 20.9749 19.8376 20.8949C18.6645 20.4239 17.7757 19.6506 17.1269 18.5841C17.0292 18.4242 17.038 18.2997 17.1536 18.1575C17.3225 17.9531 17.4824 17.7576 17.6157 17.5354C17.678 17.4287 17.7135 17.2599 17.678 17.1532C17.4735 16.6111 17.2425 16.0867 17.0114 15.5535C16.9669 15.4557 16.8781 15.3313 16.7892 15.3224C16.4248 15.2602 16.0426 15.1891 15.7316 15.4912C15.1094 16.0778 14.8784 16.7977 15.0383 17.6243C15.1805 18.3619 15.5983 18.9663 16.0426 19.5618C16.887 20.6638 17.8646 21.6237 19.1622 22.1925C19.7932 22.4769 20.4331 22.7613 21.1441 22.7613C21.2685 22.7613 21.393 22.7613 21.5085 22.7346C22.4506 22.5391 23.1172 22.0058 23.0816 21.0193C23.0816 20.9216 23.0194 20.7794 22.9483 20.7438C22.3973 20.4594 21.8462 20.2017 21.2863 19.9439Z\" fill=\"#555555\"><\/path><path d=\"M26.9482 17.8724C26.3972 13.4642 22.1401 10.3447 17.7229 11.1179C12.6481 11.9977 9.71521 17.2859 11.6883 21.9963C12.1948 22.6629 12.0615 23.3472 11.8216 24.0849C11.5105 25.027 11.2794 26.0046 11.0039 27C11.1194 26.9733 11.1994 26.9644 11.2794 26.9378C12.5059 26.6178 13.7324 26.3068 14.9411 25.9868C15.1544 25.9335 15.3144 25.9602 15.5099 26.0579C17.1719 26.8667 18.9227 27.0978 20.718 26.7067C24.833 25.7913 27.4548 22.0496 26.9305 17.8902L26.9482 17.8724ZM20.0515 25.4624C18.4784 25.7113 17.003 25.3913 15.6166 24.6003C15.5099 24.5381 15.3411 24.5115 15.2077 24.547C14.4612 24.7248 13.7146 24.9292 12.9147 25.1336C13.1192 24.3693 13.3058 23.6672 13.5102 22.9473C13.5635 22.7606 13.5369 22.6273 13.4391 22.4673C11.0039 18.5479 13.1014 13.5442 17.6163 12.5043C21.2868 11.6511 25.0285 14.1841 25.5884 17.908C26.1395 21.5519 23.6954 24.8936 20.0515 25.4624Z\" fill=\"#555555\"><\/path><\/svg><\/button><\/div>\n<\/div>\n<p class=\"paragraph\" data-paragraph-number=\"1\">Lunes por la tarde. Al ser consultado por un periodista en una conferencia en el Sal\u00f3n Oval, Donald Trump afirm\u00f3 que Estados Unidos podr\u00eda revisar su postura sobre la soberan\u00eda de las Islas Malvinas.<b> La declaraci\u00f3n no tard\u00f3 en circular y el sector de Santiago Caputo lo vio r\u00e1pido<\/b>; es el que m\u00e1s sigue la pol\u00edtica estadounidense de todo el oficialismo y tienen el algoritmo de <i>X<\/i> entrenado para situaciones como esas. Al ocurrir, la reacci\u00f3n de muchos de ellos fue instant\u00e1nea: <b>en un lapso de pocos minutos, varios enviaron el mismo mensaje a su grupo de WhatsApp<\/b>.<\/p>\n<div class=\"marfeel-recommender marfeel-recommender-1\"><\/div>\n<p class=\"paragraph\" data-paragraph-number=\"2\">La idea de aprovechar el momento y hacer una cadena nacional se cocin\u00f3 en ese intervalo hasta la reuni\u00f3n de Gabinete que hab\u00eda convocado Javier Milei. Minutos antes de que el Presidente entrara al Sal\u00f3n Eva Per\u00f3n a encontrarse con sus ministros, dio una pista de lo que pod\u00eda pasar. En una breve entrevista radial, adelant\u00f3 que el tema Malvinas iba a ser preponderante. \u201cAyer pas\u00f3 algo muy fuerte respecto a la causa m\u00e1s importante y sagrada que tenemos los argentinos\u201d, esgrimi\u00f3. Minutos m\u00e1s tarde y con acuerdo del asesor presidencial, el Presidente efectiviz\u00f3 la decisi\u00f3n de mover fichas y aprovechar la oleada que hab\u00eda generado su amigo Donald Trump.<\/p>\n<div class=\"inline ad-wrapper dfpAd ad-inline ad-text ad-component-container\" style=\"--ad-shell-height:250px;--ad-shell-width:300px\" data-ad-wrapper=\"arcad\" data-ad-type=\"inline\" data-ad-slot=\"infobae\/politica\/nota\/inline\" data-ad-container=\"dfp\" data-ad-slot-name=\"infobae\/politica\/nota\/inline\">\n<p class=\"ad-shell-label\">PUBLICIDAD<\/p>\n<div id=\"infobae\/politica\/nota\/inline\" class=\"infobae\/politica\/nota\/inline arcad ad-slot-node ad-slot-node--boxed\" data-ad-slot-id=\"infobae\/politica\/nota\/inline\"><\/div>\n<\/div>\n<p class=\"paragraph\" data-paragraph-number=\"3\">Hace tiempo que Milei viene pensando la idea de una cadena nacional. \u201c<b>Lo de Trump configur\u00f3 el timing perfecto para ejecutar lo que ya ven\u00eda convers\u00e1ndose hace tiempo, tanto el discurso como las medidas. No es que se gener\u00f3 todo de cero<\/b>\u201d, explica una figura de la Casa Rosada. Lo que se hizo entre ese martes y el jueves de la emisi\u00f3n fue preparar el marco normativo para los decretos que saldr\u00edan el viernes y el discurso que se emitir\u00eda. No se quer\u00eda comunicar nada sin que antes Milei mantuviera su bilateral con Jos\u00e9 Antonio Kast en Chile.<\/p>\n<div class=\"marfeel-recommender marfeel-recommender-3\"><\/div>\n<p class=\"paragraph\" data-paragraph-number=\"4\">Meses atr\u00e1s, la SIDE detect\u00f3 que el proyecto petrolero Sea Lion hab\u00eda dejado de ser una expectativa para convertirse en una operaci\u00f3n en marcha y dif\u00edcil de revertir: identific\u00f3 la ubicaci\u00f3n de buques y puntos de extracci\u00f3n con im\u00e1genes de la zona a trav\u00e9s de los sat\u00e9lites de INVAP, con previsiones de dejar ganancias superlativas en la zona. Adem\u00e1s, constat\u00f3 el comienzo de obras log\u00edsticas en Puerto Argentino y que la perforaci\u00f3n de los primeros 11 pozos est\u00e1 prevista para principios de 2027. La ventana para no accionar no era muy amplia.<\/p>\n<div class=\"inline_2 ad-wrapper dfpAd ad-inline ad-text ad-component-container\" style=\"--ad-shell-height:250px;--ad-shell-width:300px\" data-ad-wrapper=\"arcad\" data-ad-type=\"inline_2\" data-ad-slot=\"infobae\/politica\/nota\/inline_2\" data-ad-container=\"dfp\" data-ad-slot-name=\"infobae\/politica\/nota\/inline_2\">\n<p class=\"ad-shell-label\">PUBLICIDAD<\/p>\n<div id=\"infobae\/politica\/nota\/inline_2\" class=\"infobae\/politica\/nota\/inline_2 arcad ad-slot-node ad-slot-node--boxed\" data-ad-slot-id=\"infobae\/politica\/nota\/inline_2\"><\/div>\n<\/div>\n<div class=\"visual__image\"><picture><source srcset=\"https:\/\/www.infobae.com\/resizer\/v2\/X4HXLAB4VZAOBBOOD2MHSEVTJI.jpg?auth=55c2656f334e6612ab89456a5f7a5607bf7201e2a4d1dbc2272f43724908954d&amp;smart=true&amp;width=992&amp;height=558&amp;quality=85\" media=\"(min-width: 1000px)\"><\/source><source srcset=\"https:\/\/www.infobae.com\/resizer\/v2\/X4HXLAB4VZAOBBOOD2MHSEVTJI.jpg?auth=55c2656f334e6612ab89456a5f7a5607bf7201e2a4d1dbc2272f43724908954d&amp;smart=true&amp;width=768&amp;height=432&amp;quality=85\" media=\"(min-width: 768px)\"><\/source><source srcset=\"https:\/\/www.infobae.com\/resizer\/v2\/X4HXLAB4VZAOBBOOD2MHSEVTJI.jpg?auth=55c2656f334e6612ab89456a5f7a5607bf7201e2a4d1dbc2272f43724908954d&amp;smart=true&amp;width=577&amp;height=325&amp;quality=85\" media=\"(min-width: 580px)\"><\/source><source srcset=\"https:\/\/www.infobae.com\/resizer\/v2\/X4HXLAB4VZAOBBOOD2MHSEVTJI.jpg?auth=55c2656f334e6612ab89456a5f7a5607bf7201e2a4d1dbc2272f43724908954d&amp;smart=true&amp;width=420&amp;height=236&amp;quality=85\" media=\"(min-width: 350px)\"><\/source><source srcset=\"https:\/\/www.infobae.com\/resizer\/v2\/X4HXLAB4VZAOBBOOD2MHSEVTJI.jpg?auth=55c2656f334e6612ab89456a5f7a5607bf7201e2a4d1dbc2272f43724908954d&amp;smart=true&amp;width=350&amp;height=197&amp;quality=85\" media=\"(min-width: 80px)\"><\/source><img alt=\"Javier Milei habla en cadena nacional por la causa Malvinas\" class=\"global-image\" decoding=\"async\" fetchpriority=\"low\" height=\"720\" loading=\"lazy\" src=\"https:\/\/www.infobae.com\/resizer\/v2\/X4HXLAB4VZAOBBOOD2MHSEVTJI.jpg?auth=55c2656f334e6612ab89456a5f7a5607bf7201e2a4d1dbc2272f43724908954d&amp;smart=true&amp;width=350&amp;height=197&amp;quality=85\" width=\"1280\"><\/picture><\/div>\n<p class=\"paragraph\" data-paragraph-number=\"5\"><b>Pocas veces el Gobierno mantuvo un anuncio con tal hermetismo<\/b>. Solo comparable con la salida del cepo cambiario para personas realizado por el Ministerio de Econom\u00eda en abril del a\u00f1o pasado. A diferencia de aquella ocasi\u00f3n, esta vez se anunci\u00f3 una cadena nacional con dos d\u00edas de anticipaci\u00f3n. En ese lapso pr\u00e1cticamente no se desprendieron detalles.<b> La Casa Rosada pudo demostrar coordinaci\u00f3n y alineamiento puertas adentro, pr\u00e1cticamente sin fisuras. Una novedad en medio de tantas internas.<\/b><\/p>\n<div class=\"marfeel-recommender marfeel-recommender-5\"><\/div>\n<p class=\"paragraph\" data-paragraph-number=\"6\">\u201cYo no ten\u00eda idea de qu\u00e9 iba a decir Javier cuando se prendiera la c\u00e1mara\u201d, confes\u00f3 una de las personas que estuvo sentada ese jueves por la tarde en el Sal\u00f3n Blanco de la Casa Rosada. Para dar cuenta del sigilo puertas adentro, <b>hay quienes juran que Karina Milei tampoco ten\u00eda un detalle fino del asunto<\/b>. La grabaci\u00f3n estaba prevista para las 17, pero el Presidente demor\u00f3 dos horas m\u00e1s en comenzar a hablar. Al recibir el discurso en mano por parte del entorno del asesor presidencial, decidi\u00f3 hacerle sus propias modificaciones. \u201cEra algo largo y quer\u00eda cortarlo un poco\u201d, confes\u00f3 una fuente que estuvo<i> in situ<\/i>. Una vez finalizado, Milei pidi\u00f3 prender la c\u00e1mara.<\/p>\n<div class=\"ad_1 ad-wrapper dfpAd ad-1-al-6 ad-text ad-component-container\" style=\"--ad-shell-height:250px;--ad-shell-width:300px\" data-ad-wrapper=\"arcad\" data-ad-type=\"ad_1\" data-ad-slot=\"infobae\/politica\/nota\/ad_1\" data-ad-container=\"dfp\" data-ad-slot-name=\"infobae\/politica\/nota\/ad_1\">\n<p class=\"ad-shell-label\">PUBLICIDAD<\/p>\n<div id=\"infobae\/politica\/nota\/ad_1\" class=\"infobae\/politica\/nota\/ad_1 arcad ad-slot-node ad-slot-node--boxed\" data-ad-slot-id=\"infobae\/politica\/nota\/ad_1\"><\/div>\n<\/div>\n<p class=\"paragraph\" data-paragraph-number=\"7\">Un estudio de la consultora Enter Comunicaci\u00f3n revel\u00f3 que <b>la cadena nacional gener\u00f3 124.096 menciones y alcanz\u00f3 a 21,46 millones de personas <\/b>\u2014cinco veces m\u00e1s que su cadena anterior sobre el Banco Central\u2014, con un pico de 12.425 menciones en la hora del anuncio y el 36% del debate concentrado entre las 21 y la medianoche. Malvinas fue tendencia n\u00famero 1 en X durante 16 horas consecutivas y, en su momento de mayor intensidad, las diez principales tendencias del pa\u00eds giraban en torno al episodio.<\/p>\n<p class=\"paragraph\" data-paragraph-number=\"8\">En t\u00e9rminos pol\u00edticos,<b> el Gobierno recuper\u00f3 la agenda medi\u00e1tica <\/b>despu\u00e9s de semanas en las que la morosidad, el nivel de consumo y la precarizaci\u00f3n del empleo fueron temas que signaron la conversaci\u00f3n nacional. Sumado a eso, el oficialismo busc\u00f3 sumar puntos en el segmento nacionalista, un \u00e1mbito por el cual no es particularmente reconocido; ya sea por la valoraci\u00f3n del Presidente sobre la figura de Margaret Thatcher o de los ins\u00f3litos yerros que ha tenido en el pasado reivindicando el derecho de autodeterminaci\u00f3n de los kelpers, como en su discurso del 2 de abril de 2025, entre otros.<\/p>\n<div class=\"ad_2 ad-wrapper dfpAd ad-1-al-6 ad-text ad-component-container\" style=\"--ad-shell-height:250px;--ad-shell-width:300px\" data-ad-wrapper=\"arcad\" data-ad-type=\"ad_2\" data-ad-slot=\"infobae\/politica\/nota\/ad_2\" data-ad-container=\"dfp\" data-ad-slot-name=\"infobae\/politica\/nota\/ad_2\">\n<p class=\"ad-shell-label\">PUBLICIDAD<\/p>\n<div id=\"infobae\/politica\/nota\/ad_2\" class=\"infobae\/politica\/nota\/ad_2 arcad ad-slot-node ad-slot-node--boxed\" data-ad-slot-id=\"infobae\/politica\/nota\/ad_2\"><\/div>\n<\/div>\n<p class=\"paragraph\" data-paragraph-number=\"9\">El discurso de esta ocasi\u00f3n fue m\u00e1s trabajado que en otras ocasiones y fue estructurado por el \u00e1rea de<b> Santiago Caputo<\/b>, que tiene bajo su \u00f3rbita informal la comunicaci\u00f3n de la Presidencia, la Canciller\u00eda, la SIDE y la Secretar\u00eda de Legal y T\u00e9cnica. Todas estas \u00e1reas tuvieron participaci\u00f3n para la cadena. Probablemente, uno de los desenlaces que deja la secuencia de esta semana es que Caputo volvi\u00f3 a jugar fuerte en una medida del Gobierno.<\/p>\n<div class=\"visual__image\"><picture><source srcset=\"https:\/\/www.infobae.com\/resizer\/v2\/6NQ6KVSLKZCCNISL4SHSMWFCDQ.jpg?auth=0973709ecadb64e670590aab41f72585ae2de8d4075b315c15adf16c21f3222b&amp;smart=true&amp;width=992&amp;height=661&amp;quality=85\" media=\"(min-width: 1000px)\"><\/source><source srcset=\"https:\/\/www.infobae.com\/resizer\/v2\/6NQ6KVSLKZCCNISL4SHSMWFCDQ.jpg?auth=0973709ecadb64e670590aab41f72585ae2de8d4075b315c15adf16c21f3222b&amp;smart=true&amp;width=768&amp;height=512&amp;quality=85\" media=\"(min-width: 768px)\"><\/source><source srcset=\"https:\/\/www.infobae.com\/resizer\/v2\/6NQ6KVSLKZCCNISL4SHSMWFCDQ.jpg?auth=0973709ecadb64e670590aab41f72585ae2de8d4075b315c15adf16c21f3222b&amp;smart=true&amp;width=577&amp;height=385&amp;quality=85\" media=\"(min-width: 580px)\"><\/source><source srcset=\"https:\/\/www.infobae.com\/resizer\/v2\/6NQ6KVSLKZCCNISL4SHSMWFCDQ.jpg?auth=0973709ecadb64e670590aab41f72585ae2de8d4075b315c15adf16c21f3222b&amp;smart=true&amp;width=420&amp;height=280&amp;quality=85\" media=\"(min-width: 350px)\"><\/source><source srcset=\"https:\/\/www.infobae.com\/resizer\/v2\/6NQ6KVSLKZCCNISL4SHSMWFCDQ.jpg?auth=0973709ecadb64e670590aab41f72585ae2de8d4075b315c15adf16c21f3222b&amp;smart=true&amp;width=350&amp;height=233&amp;quality=85\" media=\"(min-width: 80px)\"><\/source><img alt=\"Santiago Caputo. RS Fotos\" class=\"global-image\" decoding=\"async\" fetchpriority=\"low\" height=\"1280\" loading=\"lazy\" src=\"https:\/\/www.infobae.com\/resizer\/v2\/6NQ6KVSLKZCCNISL4SHSMWFCDQ.jpg?auth=0973709ecadb64e670590aab41f72585ae2de8d4075b315c15adf16c21f3222b&amp;smart=true&amp;width=350&amp;height=233&amp;quality=85\" width=\"1920\"><\/picture><\/div>\n<p class=\"paragraph\" data-paragraph-number=\"10\"><b>El asesor presidencial perdi\u00f3 poder relativo<\/b> a ra\u00edz de la ganancia de poder que tuvo el karinismo desde finales del a\u00f1o pasado y la muerte del Tri\u00e1ngulo de Hierro para la instauraci\u00f3n de la mesa pol\u00edtica como principal espacio de deliberaci\u00f3n. Ante la posibilidad de perder m\u00e1s \u00e1reas, decidi\u00f3 por no adoptar una estrategia ofensiva y retraerse para sostener sus propias esferas de poder.<\/p>\n<div class=\"ad_3 ad-wrapper dfpAd ad-1-al-6 ad-text ad-component-container\" style=\"--ad-shell-height:250px;--ad-shell-width:300px\" data-ad-wrapper=\"arcad\" data-ad-type=\"ad_3\" data-ad-slot=\"infobae\/politica\/nota\/ad_3\" data-ad-container=\"dfp\" data-ad-slot-name=\"infobae\/politica\/nota\/ad_3\">\n<p class=\"ad-shell-label\">PUBLICIDAD<\/p>\n<div id=\"infobae\/politica\/nota\/ad_3\" class=\"infobae\/politica\/nota\/ad_3 arcad ad-slot-node ad-slot-node--boxed\" data-ad-slot-id=\"infobae\/politica\/nota\/ad_3\"><\/div>\n<\/div>\n<p class=\"paragraph\" data-paragraph-number=\"11\">Ha podido mantenerse incluso con el PAMI \u2014padece el recorte sustantivo de las transferencias del Tesoro, afectando sus prestaciones\u2014 que esta semana tuvo una renovaci\u00f3n de terceras y cuartas l\u00edneas, siendo caputistas tanto los funcionarios salientes como entrantes. Como reflejo de esta estrategia, <b>decidi\u00f3 no meterse en negociaciones legislativas que provocaron tanto victorias<\/b> \u2014como la media sanci\u00f3n de hace dos semanas en Diputados\u2014<b> como derrotas <\/b>\u2014la Ley de Tierras\u2014 al oficialismo.<\/p>\n<p class=\"paragraph\" data-paragraph-number=\"12\">\u201cCreo que <b>lo que sucedi\u00f3 esta semana es una renovaci\u00f3n de la certeza para el Presidente de que la ayuda de Santiago le va a servir cuando lo precise y de que no se lo va a tocar<\/b>\u201d, afirma en estricto off una fuente que transita diariamente la Casa Rosada. En esa l\u00ednea, otra novedad de la din\u00e1mica interna oficialista de estos d\u00edas fue la reactivaci\u00f3n del aparato digital de Las Fuerzas del Cielo, particularmente en X, donde hab\u00edan aminorado la militancia y las campa\u00f1as de apoyo durante los \u00faltimos meses.<\/p>\n<div class=\"ad_4 ad-wrapper dfpAd ad-1-al-6 ad-text ad-component-container\" style=\"--ad-shell-height:250px;--ad-shell-width:300px\" data-ad-wrapper=\"arcad\" data-ad-type=\"ad_4\" data-ad-slot=\"infobae\/politica\/nota\/ad_4\" data-ad-container=\"dfp\" data-ad-slot-name=\"infobae\/politica\/nota\/ad_4\">\n<p class=\"ad-shell-label\">PUBLICIDAD<\/p>\n<div id=\"infobae\/politica\/nota\/ad_4\" class=\"infobae\/politica\/nota\/ad_4 arcad ad-slot-node ad-slot-node--boxed\" data-ad-slot-id=\"infobae\/politica\/nota\/ad_4\"><\/div>\n<\/div>\n<p class=\"paragraph\" data-paragraph-number=\"13\">Toda la c\u00fapula del Gabinete se aline\u00f3 a la estrategia digital de difusi\u00f3n de la cadena nacional bajo la consigna \u201cLas Malvinas son argentinas\u201d. Hasta Karina Milei volvi\u00f3 a tuitear despu\u00e9s de m\u00e1s de dos meses para compartir la transmisi\u00f3n del Gobierno. Esto no implica que se vaya a producir una concertaci\u00f3n entre los dos sectores hist\u00f3ricamente enfrentados en el oficialismo, pero evidenciaron que ante una iniciativa encabezada por el propio Presidente, no valen las fisuras.<\/p>\n<div class=\"visual__image\"><picture><source srcset=\"https:\/\/www.infobae.com\/resizer\/v2\/6SSJ7WODHFBGHLWTWRBLYCNCB4.jpg?auth=7b5a1868f971c5bfde6749f8b43ca20df49abec3fdb5cfe7bf563d8b356bb7dc&amp;smart=true&amp;width=992&amp;height=558&amp;quality=85\" media=\"(min-width: 1000px)\"><\/source><source srcset=\"https:\/\/www.infobae.com\/resizer\/v2\/6SSJ7WODHFBGHLWTWRBLYCNCB4.jpg?auth=7b5a1868f971c5bfde6749f8b43ca20df49abec3fdb5cfe7bf563d8b356bb7dc&amp;smart=true&amp;width=768&amp;height=432&amp;quality=85\" media=\"(min-width: 768px)\"><\/source><source srcset=\"https:\/\/www.infobae.com\/resizer\/v2\/6SSJ7WODHFBGHLWTWRBLYCNCB4.jpg?auth=7b5a1868f971c5bfde6749f8b43ca20df49abec3fdb5cfe7bf563d8b356bb7dc&amp;smart=true&amp;width=577&amp;height=325&amp;quality=85\" media=\"(min-width: 580px)\"><\/source><source srcset=\"https:\/\/www.infobae.com\/resizer\/v2\/6SSJ7WODHFBGHLWTWRBLYCNCB4.jpg?auth=7b5a1868f971c5bfde6749f8b43ca20df49abec3fdb5cfe7bf563d8b356bb7dc&amp;smart=true&amp;width=420&amp;height=236&amp;quality=85\" media=\"(min-width: 350px)\"><\/source><source srcset=\"https:\/\/www.infobae.com\/resizer\/v2\/6SSJ7WODHFBGHLWTWRBLYCNCB4.jpg?auth=7b5a1868f971c5bfde6749f8b43ca20df49abec3fdb5cfe7bf563d8b356bb7dc&amp;smart=true&amp;width=350&amp;height=197&amp;quality=85\" media=\"(min-width: 80px)\"><\/source><img alt=\"Javier Milei, Santiago Caputo y Karina Milei\" class=\"global-image\" decoding=\"async\" fetchpriority=\"low\" height=\"804\" loading=\"lazy\" src=\"https:\/\/www.infobae.com\/resizer\/v2\/6SSJ7WODHFBGHLWTWRBLYCNCB4.jpg?auth=7b5a1868f971c5bfde6749f8b43ca20df49abec3fdb5cfe7bf563d8b356bb7dc&amp;smart=true&amp;width=350&amp;height=197&amp;quality=85\" width=\"1429\"><\/picture><\/div>\n<p class=\"paragraph\" data-paragraph-number=\"14\"><b>Una de las incertidumbres que se abre para las pr\u00f3ximas jornadas es cu\u00e1nto se podr\u00e1 mantener la tem\u00e1tica de Malvinas<\/b>. Entre los estrategas comunicacionales creen que ese tema seguir\u00e1 estando en la conversaci\u00f3n en la medida que esta semana se produzca la presentaci\u00f3n del proyecto de ley para incrementar las sanciones a empresas extranjeras que puedan colaborar con aquellas que explotan recursos en la cuenca de las islas. \u201c<b>Mi consejo es que controlemos a los nuestros. Tenemos unos veintipico de diputados que la pueden cagar<\/b>\u201d, se ataja un legislador libertario. En pocas semanas, el Presidente ir\u00e1 a la Asamblea de las Naciones Unidas y volver\u00e1 a hablar del tema, con la posibilidad de ir al Reino Unido en las primeras semanas de octubre. Esto \u00faltimo, de todas maneras, no est\u00e1 confirmado.<\/p>\n<div class=\"ad_5 ad-wrapper dfpAd ad-1-al-6 ad-text ad-component-container\" style=\"--ad-shell-height:250px;--ad-shell-width:300px\" data-ad-wrapper=\"arcad\" data-ad-type=\"ad_5\" data-ad-slot=\"infobae\/politica\/nota\/ad_5\" data-ad-container=\"dfp\" data-ad-slot-name=\"infobae\/politica\/nota\/ad_5\">\n<p class=\"ad-shell-label\">PUBLICIDAD<\/p>\n<div id=\"infobae\/politica\/nota\/ad_5\" class=\"infobae\/politica\/nota\/ad_5 arcad ad-slot-node ad-slot-node--boxed\" data-ad-slot-id=\"infobae\/politica\/nota\/ad_5\"><\/div>\n<\/div>\n<p class=\"paragraph\" data-paragraph-number=\"15\">Al interior de la Casa Rosada ven con preocupaci\u00f3n los movimientos que est\u00e1n ocurriendo en Chile respecto a los anuncios de una ruta naviera entre Punta Arenas y las Islas Malvinas. <a rel=\"noopener noreferrer\" href=\"https:\/\/www.infobae.com\/politica\/2026\/08\/02\/vamos-a-acelerar-con-todo-el-objetivo-del-gobierno-por-las-reformas-y-la-agenda-electoral-de-cara-al-2027\/\" target=\"_blank\" title=\"https:\/\/www.infobae.com\/politica\/2026\/08\/02\/vamos-a-acelerar-con-todo-el-objetivo-del-gobierno-por-las-reformas-y-la-agenda-electoral-de-cara-al-2027\/\">En esta columna se adelant\u00f3 hace un mes<\/a> que hab\u00eda preocupaci\u00f3n en el oficialismo por una empresa, m\u00e1s espec\u00edficamente la Easter Island Naviera, que ya ten\u00eda intenciones de establecer una ruta concreta con los brit\u00e1nicos.<\/p>\n<p class=\"paragraph\" data-paragraph-number=\"16\">La reuni\u00f3n que Milei tuvo con Kast tuvo como resultado un comunicado conjunto en el que la Argentina desautorizaba a los funcionarios del Ministerio de Defensa que hab\u00edan puesto en duda la soberan\u00eda de Chile sobre la totalidad del Estrecho de Magallanes. A cambio, Chile reiter\u00f3 el respaldo por el reclamo por la soberan\u00eda de las Malvinas.<\/p>\n<div class=\"ad_6 ad-wrapper dfpAd ad-1-al-6 ad-text ad-component-container\" style=\"--ad-shell-height:250px;--ad-shell-width:300px\" data-ad-wrapper=\"arcad\" data-ad-type=\"ad_6\" data-ad-slot=\"infobae\/politica\/nota\/ad_6\" data-ad-container=\"dfp\" data-ad-slot-name=\"infobae\/politica\/nota\/ad_6\">\n<p class=\"ad-shell-label\">PUBLICIDAD<\/p>\n<div id=\"infobae\/politica\/nota\/ad_6\" class=\"infobae\/politica\/nota\/ad_6 arcad ad-slot-node ad-slot-node--boxed\" data-ad-slot-id=\"infobae\/politica\/nota\/ad_6\"><\/div>\n<\/div>\n<p class=\"paragraph\" data-paragraph-number=\"17\">Se reflej\u00f3 poco en Argentina el malestar que produjo la declaraci\u00f3n de Quirno posterior a la cadena nacional en donde volvi\u00f3 a mencionar que \u201cA<b>rgentina es un pa\u00eds bicontinental, bioce\u00e1nico<\/b>\u201d. Legisladores opositores a Kast lo interpretaron como una insistencia sobre Magallanes \u2014en el Gobierno desmienten esto\u2014 y le est\u00e1n insitiendo a Kast en una pol\u00edtica exterior m\u00e1s estricta pidiendo, por ejemplo, la derogaci\u00f3n del decreto de Alberto Fern\u00e1ndez que alude al Estrecho de Magallanes y Mar de Drake como espacios compartidos. Eso ya tiene repercusi\u00f3n en la pol\u00edtica chilena. Entre tantos casos, el diputado Ra\u00fal Soto (PPD) mencion\u00f3 que el mandatario chileno \u201cest\u00e1 pecando de ingenuidad y amateurismo, especialmente en la relaci\u00f3n bilateral con Argentina. La estrategia geopol\u00edtica de Argentina seguir\u00e1 su curso y seguir\u00e1 avanzando bajo la mirada permisiva, d\u00e9bil y err\u00e1tica del canciller y del Presidente\u201d.<\/p>\n<div class=\"visual__image\"><picture><source srcset=\"https:\/\/www.infobae.com\/resizer\/v2\/VCA37UOZHVEHLNAFBLNDYCEEJI.JPG?auth=06f3902235ef872b9b0bf95270d39c1c5b71652217b0c5f37a7fe5ed04fa74f3&amp;smart=true&amp;width=992&amp;height=662&amp;quality=85\" media=\"(min-width: 1000px)\"><\/source><source srcset=\"https:\/\/www.infobae.com\/resizer\/v2\/VCA37UOZHVEHLNAFBLNDYCEEJI.JPG?auth=06f3902235ef872b9b0bf95270d39c1c5b71652217b0c5f37a7fe5ed04fa74f3&amp;smart=true&amp;width=768&amp;height=512&amp;quality=85\" media=\"(min-width: 768px)\"><\/source><source srcset=\"https:\/\/www.infobae.com\/resizer\/v2\/VCA37UOZHVEHLNAFBLNDYCEEJI.JPG?auth=06f3902235ef872b9b0bf95270d39c1c5b71652217b0c5f37a7fe5ed04fa74f3&amp;smart=true&amp;width=577&amp;height=385&amp;quality=85\" media=\"(min-width: 580px)\"><\/source><source srcset=\"https:\/\/www.infobae.com\/resizer\/v2\/VCA37UOZHVEHLNAFBLNDYCEEJI.JPG?auth=06f3902235ef872b9b0bf95270d39c1c5b71652217b0c5f37a7fe5ed04fa74f3&amp;smart=true&amp;width=420&amp;height=280&amp;quality=85\" media=\"(min-width: 350px)\"><\/source><source srcset=\"https:\/\/www.infobae.com\/resizer\/v2\/VCA37UOZHVEHLNAFBLNDYCEEJI.JPG?auth=06f3902235ef872b9b0bf95270d39c1c5b71652217b0c5f37a7fe5ed04fa74f3&amp;smart=true&amp;width=350&amp;height=233&amp;quality=85\" media=\"(min-width: 80px)\"><\/source><img alt=\"Luis Caputo y Santiago Bausilli en el G20 de Finanzas. REUTERS\/Sam Wolfe\" class=\"global-image\" decoding=\"async\" fetchpriority=\"low\" height=\"4335\" loading=\"lazy\" src=\"https:\/\/www.infobae.com\/resizer\/v2\/VCA37UOZHVEHLNAFBLNDYCEEJI.JPG?auth=06f3902235ef872b9b0bf95270d39c1c5b71652217b0c5f37a7fe5ed04fa74f3&amp;smart=true&amp;width=350&amp;height=233&amp;quality=85\" width=\"6500\"><\/picture><\/div>\n<p class=\"paragraph\" data-paragraph-number=\"18\">El pr\u00f3ximo jueves se conocer\u00e1 el \u00cdndice de Precios al Consumidor (<b>IPC<\/b>) de agosto. El Gobierno espera que el dato se acerque m\u00e1s al 1,5% que al 2%, lo cual ser\u00eda una variaci\u00f3n mejor que la de julio. Con eso, <b>Milei busca justificar la rigidez de su pol\u00edtica monetaria y cambiaria<\/b>, aunque hay consultoras econ\u00f3micas que piden mesura. Un informe reciente de Comafi Research indica que la variaci\u00f3n de estos dos meses responder\u00eda principalmente a factores estacionales transitorios y que se debe mirar con atenci\u00f3n un eventual impacto de la recomposici\u00f3n de los precios de la carne. Por el contrario, otras consultoras indican que el ratio entre el IPC Regulados y el IPC N\u00facleo est\u00e1 en m\u00e1ximos desde mediados de 2020 y que el Gobierno tiene margen para relajar los aumentos de tarifas.<\/p>\n<p class=\"paragraph\" data-paragraph-number=\"19\">Esto, obviamente,<b> ser\u00e1 m\u00e1s sencillo si el Gobierno consigue que mejoren los niveles de recaudaci\u00f3n<\/b>, la cual no es f\u00e1cil de medir porque est\u00e1 afectada por cuestiones t\u00e9cnicas como el cambio de vencimiento de impuestos, baja de impuestos y baja de aranceles. \u201cVamos a ver m\u00e1s liquidaci\u00f3n de exportaciones (se espaci\u00f3 en el a\u00f1o y no se concentr\u00f3 en mayo, junio y julio como siempre) y m\u00e1s actividad, as\u00ed que debi\u00e9ramos ver un poco m\u00e1s de fuerza en la recaudaci\u00f3n\u201d, confiesa un importante miembro de la mesa chica de Luis Caputo.<\/p>\n","protected":false},"excerpt":{"rendered":"<p>06 Sep, 2026 12:21 a. m. EST Guardar Lunes por la tarde. Al ser consultado por un periodista en una conferencia en el Sal\u00f3n Oval, Donald Trump afirm\u00f3 que Estados Unidos podr\u00eda revisar su postura sobre la soberan\u00eda de las Islas Malvinas. La declaraci\u00f3n no tard\u00f3 en circular y el sector de Santiago Caputo lo [&hellip;]<\/p>\n","protected":false},"author":1,"featured_media":25244,"comment_status":"open","ping_status":"open","sticky":false,"template":"","format":"standard","meta":{"footnotes":""},"categories":[1],"tags":[],"class_list":["post-25243","post","type-post","status-publish","format-standard","has-post-thumbnail","hentry","category-uncategorized"],"_links":{"self":[{"href":"https:\/\/cliente1.publisher.highstack.com.ar\/index.php?rest_route=\/wp\/v2\/posts\/25243","targetHints":{"allow":["GET"]}}],"collection":[{"href":"https:\/\/cliente1.publisher.highstack.com.ar\/index.php?rest_route=\/wp\/v2\/posts"}],"about":[{"href":"https:\/\/cliente1.publisher.highstack.com.ar\/index.php?rest_route=\/wp\/v2\/types\/post"}],"author":[{"embeddable":true,"href":"https:\/\/cliente1.publisher.highstack.com.ar\/index.php?rest_route=\/wp\/v2\/users\/1"}],"replies":[{"embeddable":true,"href":"https:\/\/cliente1.publisher.highstack.com.ar\/index.php?rest_route=%2Fwp%2Fv2%2Fcomments&post=25243"}],"version-history":[{"count":0,"href":"https:\/\/cliente1.publisher.highstack.com.ar\/index.php?rest_route=\/wp\/v2\/posts\/25243\/revisions"}],"wp:featuredmedia":[{"embeddable":true,"href":"https:\/\/cliente1.publisher.highstack.com.ar\/index.php?rest_route=\/wp\/v2\/media\/25244"}],"wp:attachment":[{"href":"https:\/\/cliente1.publisher.highstack.com.ar\/index.php?rest_route=%2Fwp%2Fv2%2Fmedia&parent=25243"}],"wp:term":[{"taxonomy":"category","embeddable":true,"href":"https:\/\/cliente1.publisher.highstack.com.ar\/index.php?rest_route=%2Fwp%2Fv2%2Fcategories&post=25243"},{"taxonomy":"post_tag","embeddable":true,"href":"https:\/\/cliente1.publisher.highstack.com.ar\/index.php?rest_route=%2Fwp%2Fv2%2Ftags&post=25243"}],"curies":[{"name":"wp","href":"https:\/\/api.w.org\/{rel}","templated":true}]}}