{"id":25240,"date":"2026-09-06T01:22:47","date_gmt":"2026-09-06T04:22:47","guid":{"rendered":"https:\/\/cliente1.publisher.highstack.com.ar\/?p=25240"},"modified":"2026-09-06T01:22:47","modified_gmt":"2026-09-06T04:22:47","slug":"urribarri-preso-la-corte-dejo-firme-su-condena-a-ocho-anos","status":"publish","type":"post","link":"https:\/\/cliente1.publisher.highstack.com.ar\/?p=25240","title":{"rendered":"Urribarri, preso: la Corte dej\u00f3 firme su condena a ocho a\u00f1os"},"content":{"rendered":"<div class=\"article__content standard\" id=\"article-content\">\n<p>El exgobernador de Entre R\u00edos Sergio Urribarri fue trasladado durante la madrugada de ayer desde su domicilio en Concordia hasta la Unidad Penal N\u00b0 1 de Paran\u00e1, luego de que la Corte Suprema de Justicia rechazara el recurso extraordinario presentado por su defensa. La decisi\u00f3n dej\u00f3 firme la condena a ocho a\u00f1os de prisi\u00f3n e inhabilitaci\u00f3n para ejercer cargos p\u00fablicos por delitos contra la administraci\u00f3n p\u00fablica.<\/p>\n<p>Seg\u00fan la acusaci\u00f3n, Urribarri hab\u00eda direccionado contrataciones de publicidad del Estado provincial para fines particulares durante su gesti\u00f3n. <\/p>\n<p>Por la misma causa fueron condenados tambi\u00e9n su cu\u00f1ado, Juan Pablo Aguilera, y el exministro de Comunicaci\u00f3n, Pedro B\u00e1ez, quienes recibieron una pena de 6 a\u00f1os y medio e inhabilitaci\u00f3n por negociaciones incompatibles con la funci\u00f3n p\u00fablica y peculado en dos hechos. <\/p>\n<p>La investigaci\u00f3n dio por probado que entre enero de 2010 y septiembre de 2015 se realizaron 143 operaciones que causaron un perjuicio econ\u00f3mico de $12.170.338,96 a las arcas de la provincia.               <\/p>\n<p>Luego de ser trasladado a una distancia de 280 km, el  exgobernador qued\u00f3 alojado en la alcaid\u00eda judicial de Paran\u00e1 y por la ma\u00f1ana de ayer fue trasladado a la Unidad Penal N\u00ba 1, donde permanece con un r\u00e9gimen de convivencia y controles similares al del resto de los internos. Se espera que en los pr\u00f3ximos d\u00edas sea trasladado a Gualeguaych\u00fa.<\/p>\n<p>Antes de que se conociera el traslado, el abogado defensor Leopoldo Cappa hab\u00eda solicitado que se le permitiera a Urribarri cumplir la condena en su domicilio con tobillera electr\u00f3nica, invocando el \u201cestado de salud mental del condenado\u201d y \u201cla necesidad de preservar su integridad psicof\u00edsica y seguridad personal\u201d.<\/p>\n<p>En la presentaci\u00f3n, la defensa sostuvo que Urribarri \u201cse encuentra bajo tratamiento psiqui\u00e1trico desde el 18 de diciembre de 2025\u201d y adjunt\u00f3 una certificaci\u00f3n m\u00e9dica que da cuenta de \u201cun cuadro de trastorno de estr\u00e9s postraum\u00e1tico con s\u00edntomas disociativos de despersonalizaci\u00f3n y expresi\u00f3n retardada\u201d. Cappa argument\u00f3 que \u201csu alojamiento en un establecimiento penitenciario com\u00fan resultar\u00eda incompatible con su cuadro de salud y podr\u00eda generar un agravamiento de su condici\u00f3n, con riesgo para su vida e integridad psicof\u00edsica\u201d.<\/p>\n<p>La fiscal\u00eda, integrada por Patricia Yedro y Gonzalo Badano, se opuso al pedido con el argumento de que con sentencia firme, no le corresponde al Tribunal de Juicio sino al Juzgado de Ejecuci\u00f3n de Penas definir el modo en que se cumple la detenci\u00f3n.<\/p>\n<p>Esta no es la primera privaci\u00f3n de la libertad que enfrenta Urribarri. En noviembre de 2024 ya hab\u00eda sido detenido por orden de la C\u00e1mara de Casaci\u00f3n de Entre R\u00edos, que dispuso su prisi\u00f3n preventiva para evitar una eventual fuga. La medida fue revocada en enero de 2025 por la Sala de Feria del Tribunal Superior de Justicia de Entre R\u00edos, luego de que el exgobernador permaneciera cincuenta d\u00edas detenido.<\/p>\n<p>La condena original data del 7 de abril de 2022, cuando Urribarri fue hallado culpable de los delitos de negociaciones incompatibles con la funci\u00f3n p\u00fablica y peculado. El fallo fue confirmado por la C\u00e1mara de Casaci\u00f3n de Entre R\u00edos en 2023, y qued\u00f3 firme esta semana tras el rechazo de la Corte Suprema.<\/p>\n<p>Urribarri gobern\u00f3 Entre R\u00edos durante dos mandatos consecutivos, entre 2007 y 2015, y construy\u00f3 a lo largo de esos a\u00f1os una estrecha relaci\u00f3n pol\u00edtica con el kirchnerismo.<\/p>\n<p> Con la detenci\u00f3n ya firme, el Tribunal de Juicio deber\u00e1 definir ahora las condiciones espec\u00edficas del cumplimiento de la pena, incluido el seguimiento m\u00e9dico que la propia Justicia se comprometi\u00f3 a garantizar.       <\/p>\n<\/p><\/div>\n<p><\/p>\n","protected":false},"excerpt":{"rendered":"<p>        El exgobernador fue trasladado a la Unidad Penal N\u00b01 de Paran\u00e1. La Corte Suprema rechaz\u00f3 el recurso extraordinario de su defensa y dej\u00f3 firme la condena. Urribarri fue sentenciado por negociaciones incompatibles con la funci\u00f3n p\u00fablica. Su abogado hab\u00eda pedido que cumpliera la pena bajo prisi\u00f3n domiciliaria y con tobillera electr\u00f3nica.<\/p>\n","protected":false},"author":1,"featured_media":25242,"comment_status":"open","ping_status":"open","sticky":false,"template":"","format":"standard","meta":{"footnotes":""},"categories":[1],"tags":[4,15,99],"class_list":["post-25240","post","type-post","status-publish","format-standard","has-post-thumbnail","hentry","category-uncategorized","tag-entre-rios","tag-gualeguaychu","tag-sergio-urribarri"],"_links":{"self":[{"href":"https:\/\/cliente1.publisher.highstack.com.ar\/index.php?rest_route=\/wp\/v2\/posts\/25240","targetHints":{"allow":["GET"]}}],"collection":[{"href":"https:\/\/cliente1.publisher.highstack.com.ar\/index.php?rest_route=\/wp\/v2\/posts"}],"about":[{"href":"https:\/\/cliente1.publisher.highstack.com.ar\/index.php?rest_route=\/wp\/v2\/types\/post"}],"author":[{"embeddable":true,"href":"https:\/\/cliente1.publisher.highstack.com.ar\/index.php?rest_route=\/wp\/v2\/users\/1"}],"replies":[{"embeddable":true,"href":"https:\/\/cliente1.publisher.highstack.com.ar\/index.php?rest_route=%2Fwp%2Fv2%2Fcomments&post=25240"}],"version-history":[{"count":1,"href":"https:\/\/cliente1.publisher.highstack.com.ar\/index.php?rest_route=\/wp\/v2\/posts\/25240\/revisions"}],"predecessor-version":[{"id":25241,"href":"https:\/\/cliente1.publisher.highstack.com.ar\/index.php?rest_route=\/wp\/v2\/posts\/25240\/revisions\/25241"}],"wp:featuredmedia":[{"embeddable":true,"href":"https:\/\/cliente1.publisher.highstack.com.ar\/index.php?rest_route=\/wp\/v2\/media\/25242"}],"wp:attachment":[{"href":"https:\/\/cliente1.publisher.highstack.com.ar\/index.php?rest_route=%2Fwp%2Fv2%2Fmedia&parent=25240"}],"wp:term":[{"taxonomy":"category","embeddable":true,"href":"https:\/\/cliente1.publisher.highstack.com.ar\/index.php?rest_route=%2Fwp%2Fv2%2Fcategories&post=25240"},{"taxonomy":"post_tag","embeddable":true,"href":"https:\/\/cliente1.publisher.highstack.com.ar\/index.php?rest_route=%2Fwp%2Fv2%2Ftags&post=25240"}],"curies":[{"name":"wp","href":"https:\/\/api.w.org\/{rel}","templated":true}]}}