{"id":25237,"date":"2026-09-05T23:08:02","date_gmt":"2026-09-06T02:08:02","guid":{"rendered":"https:\/\/cliente1.publisher.highstack.com.ar\/?p=25237"},"modified":"2026-09-05T23:08:02","modified_gmt":"2026-09-06T02:08:02","slug":"cuatro-allanamientos-simultaneos-en-concordia-por-microtrafico-un-detenido-y-secuestro-de-cocaina","status":"publish","type":"post","link":"https:\/\/cliente1.publisher.highstack.com.ar\/?p=25237","title":{"rendered":"Cuatro allanamientos simult\u00e1neos en Concordia por microtr\u00e1fico: un detenido y secuestro de coca\u00edna"},"content":{"rendered":"<p><\/p>\n<div>\n<p>Cuatro allanamientos simult\u00e1neos se llevaron adelante este s\u00e1bado en distintos domicilios de <b>Concordia<\/b>, en el marco de una investigaci\u00f3n por una presunta infracci\u00f3n a la <b>Ley Provincial N.\u00ba 10.566 de Microtr\u00e1fico<\/b>.  <\/p>\n<p><!-- is a <br \/>--><\/p>\n<p><!-- is a object --><br \/>\n<!-- embed start --><!-- embed end --><br \/>\n<!-- end object --><\/p>\n<p>\u00a0<\/p>\n<p><!-- is a <br \/>--><\/p>\n<p>Como resultado de los procedimientos, un hombre mayor de edad fue detenido y qued\u00f3 a disposici\u00f3n de la Justicia. Adem\u00e1s, la Polic\u00eda secuestr\u00f3 clorhidrato de coca\u00edna fraccionado en envoltorios, dinero en efectivo, tel\u00e9fonos celulares y otros elementos considerados de inter\u00e9s para la investigaci\u00f3n.  <\/p>\n<p><!-- is a <br \/>--><\/p>\n<p><!-- is a object --><br \/>\n<!-- embed start --><\/p>\n<figure class=\"embed\">\n<p>    <img decoding=\"async\" src=\"https:\/\/elonce-media.elonce.com\/fotos\/2026\/09\/05\/e_1788657829_10472.webp\" loading=\"lazy\" width=\"600\" height=\"400\" alt=\"Foto: Jefatura Departamental Concordia\"\/><figcaption>\n            <span>Foto: Jefatura Departamental Concordia<\/span><br \/>\n        <\/figcaption><\/figure>\n<p><!-- embed end --><br \/>\n<!-- end object --><\/p>\n<p>Las medidas fueron dispuestas por el Juzgado de Garant\u00edas N.\u00ba 2, a cargo del Dr. Edwin Ives Bastian, con intervenci\u00f3n de la Unidad Fiscal encabezada por el Dr. Fabio Zabaleta.  <\/p>\n<p><!-- is a <br \/>--><\/p>\n<p><!-- is a object --><br \/>\n<!-- embed start --><!-- embed end --><br \/>\n<!-- end object --><\/p>\n<p>\u00a0<\/p>\n<p><!-- is a <br \/>--><\/p>\n<p>Seg\u00fan se inform\u00f3, los procedimientos fueron concretados de manera simult\u00e1nea<b> en cuatro viviendas de la ciudad<\/b> y estuvieron a cargo de personal de la Direcci\u00f3n General de Drogas Peligrosas. <\/p>\n<p><!-- is a <br \/>--><\/p>\n<p><!-- is a object --><br \/>\n<!-- embed start --><\/p>\n<figure class=\"embed\">\n<p>    <img decoding=\"async\" src=\"https:\/\/elonce-media.elonce.com\/fotos\/2026\/09\/05\/e_1788657829_67772.webp\" loading=\"lazy\" width=\"600\" height=\"400\" alt=\"Foto: Jefatura Departamental Concordia\"\/><figcaption>\n            <span>Foto: Jefatura Departamental Concordia<\/span><br \/>\n        <\/figcaption><\/figure>\n<p><!-- embed end --><br \/>\n<!-- end object --><\/p>\n<p>Del operativo tambi\u00e9n participaron las Divisiones Drogas Peligrosas de las<b> Jefaturas Departamentales Federaci\u00f3n, Villaguay, Concordia y Feliciano<\/b>.  <\/p>\n<p><!-- is a <br \/>--><\/p>\n<p><!-- is a object --><br \/>\n<!-- embed start --><!-- embed end --><br \/>\n<!-- end object --><\/p>\n<p>\u00a0<\/p>\n<p><!-- is a <br \/>--><\/p>\n<p>Asimismo, las Guardias Especiales de las Jefaturas Departamentales Federaci\u00f3n, Concordia y Feliciano brindaron apoyo operativo y seguridad durante el desarrollo de los allanamientos.  <\/p>\n<p><!-- is a <br \/>--><\/p>\n<p><!-- is a object --><br \/>\n<!-- embed start --><\/p>\n<figure class=\"embed\">\n<p>    <img decoding=\"async\" src=\"https:\/\/elonce-media.elonce.com\/fotos\/2026\/09\/05\/e_1788657829_99939.webp\" loading=\"lazy\" width=\"600\" height=\"400\" alt=\"Foto: Jefatura Departamental Concordia\"\/><figcaption>\n            <span>Foto: Jefatura Departamental Concordia<\/span><br \/>\n        <\/figcaption><\/figure>\n<p><!-- embed end --><br \/>\n<!-- end object --><\/p>\n<p>\u00a0<\/p>\n<p><!-- is a <br \/>--><\/p>\n<p>Adem\u00e1s de la detenci\u00f3n y el secuestro de la droga, durante los procedimientos fueron identificadas doce personas.  <\/p>\n<p><!-- is a <br \/>--><\/p>\n<p><!-- is a object --><br \/>\n<!-- embed start --><!-- embed end --><br \/>\n<!-- end object --><\/p>\n<p>\u00a0<\/p>\n<p><!-- is a <br \/>--><\/p>\n<p>Todos los elementos incautados quedaron incorporados a la causa judicial, mientras la investigaci\u00f3n contin\u00faa bajo las directivas de los magistrados intervinientes para determinar el alcance de la presunta actividad vinculada al microtr\u00e1fico en Concordia. <\/p>\n<p><!-- is a <br \/>--><\/p>\n<p><!-- is a object --><br \/>\n<!-- embed start --><!-- embed end --><br \/>\n<!-- end object --><\/p><\/div>\n","protected":false},"excerpt":{"rendered":"<p>Cuatro allanamientos simult\u00e1neos se llevaron adelante este s\u00e1bado en distintos domicilios de Concordia, en el marco de una investigaci\u00f3n por una presunta infracci\u00f3n a la Ley Provincial N.\u00ba 10.566 de Microtr\u00e1fico. \u00a0 Como resultado de los procedimientos, un hombre mayor de edad fue detenido y qued\u00f3 a disposici\u00f3n de la Justicia. Adem\u00e1s, la Polic\u00eda secuestr\u00f3 [&hellip;]<\/p>\n","protected":false},"author":1,"featured_media":25238,"comment_status":"open","ping_status":"open","sticky":false,"template":"","format":"standard","meta":{"footnotes":""},"categories":[1],"tags":[],"class_list":["post-25237","post","type-post","status-publish","format-standard","has-post-thumbnail","hentry","category-uncategorized"],"_links":{"self":[{"href":"https:\/\/cliente1.publisher.highstack.com.ar\/index.php?rest_route=\/wp\/v2\/posts\/25237","targetHints":{"allow":["GET"]}}],"collection":[{"href":"https:\/\/cliente1.publisher.highstack.com.ar\/index.php?rest_route=\/wp\/v2\/posts"}],"about":[{"href":"https:\/\/cliente1.publisher.highstack.com.ar\/index.php?rest_route=\/wp\/v2\/types\/post"}],"author":[{"embeddable":true,"href":"https:\/\/cliente1.publisher.highstack.com.ar\/index.php?rest_route=\/wp\/v2\/users\/1"}],"replies":[{"embeddable":true,"href":"https:\/\/cliente1.publisher.highstack.com.ar\/index.php?rest_route=%2Fwp%2Fv2%2Fcomments&post=25237"}],"version-history":[{"count":0,"href":"https:\/\/cliente1.publisher.highstack.com.ar\/index.php?rest_route=\/wp\/v2\/posts\/25237\/revisions"}],"wp:featuredmedia":[{"embeddable":true,"href":"https:\/\/cliente1.publisher.highstack.com.ar\/index.php?rest_route=\/wp\/v2\/media\/25238"}],"wp:attachment":[{"href":"https:\/\/cliente1.publisher.highstack.com.ar\/index.php?rest_route=%2Fwp%2Fv2%2Fmedia&parent=25237"}],"wp:term":[{"taxonomy":"category","embeddable":true,"href":"https:\/\/cliente1.publisher.highstack.com.ar\/index.php?rest_route=%2Fwp%2Fv2%2Fcategories&post=25237"},{"taxonomy":"post_tag","embeddable":true,"href":"https:\/\/cliente1.publisher.highstack.com.ar\/index.php?rest_route=%2Fwp%2Fv2%2Ftags&post=25237"}],"curies":[{"name":"wp","href":"https:\/\/api.w.org\/{rel}","templated":true}]}}