{"id":25233,"date":"2026-09-05T21:20:41","date_gmt":"2026-09-06T00:20:41","guid":{"rendered":"https:\/\/cliente1.publisher.highstack.com.ar\/?p=25233"},"modified":"2026-09-05T21:20:41","modified_gmt":"2026-09-06T00:20:41","slug":"dos-punaladas-una-deuda-por-la-cosecha-y-un-detenido-que-se-sabe-del-crimen-en-concordia","status":"publish","type":"post","link":"https:\/\/cliente1.publisher.highstack.com.ar\/?p=25233","title":{"rendered":"Dos pu\u00f1aladas, una deuda por la cosecha y un detenido: qu\u00e9 se sabe del crimen en Concordia"},"content":{"rendered":"<p><\/p>\n<div>\n<p>El <b>homicidio en barrio Sapito<\/b>, ocurrido este s\u00e1bado 5 de septiembre en Concordia, tendr\u00eda como desencadenante un conflicto por el reclamo de una deuda vinculada a la cosecha. Con el avance de la investigaci\u00f3n comenzaron a conocerse nuevos detalles sobre las circunstancias que rodearon el ataque que termin\u00f3 con la muerte de Alejandro Dealmeida. <\/p>\n<p><!-- is a <br \/>--><\/p>\n<p>\u00a0<\/p>\n<p><!-- is a <br \/>--><\/p>\n<p><!-- is a object --><br \/>\n<!-- embed start --><!-- embed end --><br \/>\n<!-- end object --><\/p>\n<p>\u00a0<\/p>\n<p><!-- is a <br \/>--><\/p>\n<p>Seg\u00fan la informaci\u00f3n conocida durante las \u00faltimas horas, Dealmeida habr\u00eda recibido <b>al menos dos pu\u00f1aladas en la zona de la espalda<\/b>. Las heridas le habr\u00edan provocado la muerte pr\u00e1cticamente de manera inmediata, tras lo cual su cuerpo qued\u00f3 tendido en el sector donde posteriormente trabaj\u00f3 personal de la Divisi\u00f3n Polic\u00eda Cient\u00edfica. <\/p>\n<p><!-- is a <br \/>--><\/p>\n<p>\u00a0<\/p>\n<p><!-- is a <br \/>--><\/p>\n<p>Luego de las pericias realizadas en el lugar, el cuerpo de la v\u00edctima fue trasladado a la morgue por disposici\u00f3n del fiscal Mart\u00edn N\u00fa\u00f1ez, quien qued\u00f3 a cargo de la investigaci\u00f3n para establecer c\u00f3mo se desarroll\u00f3 el episodio y determinar las responsabilidades, precis\u00f3 <i>Concordia Policiales.<\/i> <\/p>\n<p><!-- is a <br \/>--><\/p>\n<p>\u00a0<\/p>\n<p><!-- is a <br \/>--><\/p>\n<p><!-- is a object --><\/p>\n<h2>Un reclamo por una deuda habr\u00eda originado el conflicto<\/h2>\n<p><!-- end object --><\/p>\n<p>\u00a0<\/p>\n<p><!-- is a <br \/>--><\/p>\n<p>De acuerdo con la reconstrucci\u00f3n preliminar, el episodio que termin\u00f3 con el crimen se habr\u00eda iniciado minutos antes en calle Balcarce, en inmediaciones de una plaza de esa zona de Concordia. <\/p>\n<p><!-- is a <br \/>--><\/p>\n<p>\u00a0<\/p>\n<p><!-- is a <br \/>--><\/p>\n<p><!-- is a object --><br \/>\n<!-- embed start --><\/p>\n<figure class=\"embed\">\n<p>    <img decoding=\"async\" src=\"https:\/\/elonce-media.elonce.com\/fotos\/2026\/09\/05\/e_1788653626_12696.webp\" loading=\"lazy\" width=\"600\" height=\"400\" alt=\"\"\/><\/p>\n<\/figure>\n<p><!-- embed end --><br \/>\n<!-- end object --><\/p>\n<p>\u00a0<\/p>\n<p><!-- is a <br \/>--><\/p>\n<p>La v\u00edctima caminaba acompa\u00f1ada por otra persona cuando ambos habr\u00edan sido abordados por un grupo. En esas circunstancias, los agresores presuntamente comenzaron a reclamarle al acompa\u00f1ante de Dealmeida <b>una deuda que tendr\u00eda relaci\u00f3n con la cosecha<\/b>. <\/p>\n<p><!-- is a <br \/>--><\/p>\n<p>\u00a0<\/p>\n<p><!-- is a <br \/>--><\/p>\n<p>El intercambio habr\u00eda derivado en un conflicto y posteriormente en una agresi\u00f3n. Fue durante ese episodio cuando Dealmeida habr\u00eda sido atacado con un arma blanca y recibi\u00f3 las heridas que terminaron provoc\u00e1ndole la muerte. <\/p>\n<p><!-- is a <br \/>--><\/p>\n<p>\u00a0<\/p>\n<p><!-- is a <br \/>--><\/p>\n<p><!-- is a object --><\/p>\n<h2>La v\u00edctima habr\u00eda intentado escapar tras ser apu\u00f1alada<\/h2>\n<p><!-- end object --><\/p>\n<p>\u00a0<\/p>\n<p><!-- is a <br \/>--><\/p>\n<p>Luego de ser herido, el hombre habr\u00eda logrado alejarse corriendo del lugar donde comenz\u00f3 la confrontaci\u00f3n. Sin embargo, pocos minutos despu\u00e9s cay\u00f3 y se desvaneci\u00f3. <\/p>\n<p><!-- is a <br \/>--><\/p>\n<p>\u00a0<\/p>\n<p><!-- is a <br \/>--><\/p>\n<p>Fue en ese sector donde posteriormente se encontr\u00f3 su cuerpo y se desplegaron las tareas policiales y periciales destinadas a reunir elementos para reconstruir lo sucedido. <\/p>\n<p><!-- is a <br \/>--><\/p>\n<p>\u00a0<\/p>\n<p><!-- is a <br \/>--><\/p>\n<p><!-- is a object --><br \/>\n<!-- embed start --><\/p>\n<figure class=\"embed\">\n<p>    <img decoding=\"async\" src=\"https:\/\/elonce-media.elonce.com\/fotos\/2026\/09\/05\/e_1788653626_52732.webp\" loading=\"lazy\" width=\"600\" height=\"400\" alt=\"\"\/><\/p>\n<\/figure>\n<p><!-- embed end --><br \/>\n<!-- end object --><\/p>\n<p>\u00a0<\/p>\n<p><!-- is a <br \/>--><\/p>\n<p>Personal de la Divisi\u00f3n Polic\u00eda Cient\u00edfica realiz\u00f3 las pericias correspondientes, mientras la Fiscal\u00eda dispuso posteriormente el traslado del cuerpo a la morgue para continuar con las medidas previstas en el marco de la causa. <\/p>\n<p><!-- is a <br \/>--><\/p>\n<p>\u00a0<\/p>\n<p><!-- is a <br \/>--><\/p>\n<p><!-- is a object --><\/p>\n<h2>Hay un detenido sospechado por el homicidio<\/h2>\n<p><!-- end object --><\/p>\n<p>\u00a0<\/p>\n<p><!-- is a <br \/>--><\/p>\n<p>Como parte de las actuaciones desarrolladas durante las horas posteriores al crimen, <b>una persona qued\u00f3 detenida y bajo sospecha por el homicidio<\/b>. <\/p>\n<p><!-- is a <br \/>--><\/p>\n<p>\u00a0<\/p>\n<p><!-- is a <br \/>--><\/p>\n<p><!-- is a object --><br \/>\n<!-- embed start --><\/p>\n<figure class=\"embed\">\n<p>    <img decoding=\"async\" src=\"https:\/\/elonce-media.elonce.com\/fotos\/2026\/09\/05\/e_1788653626_90964.webp\" loading=\"lazy\" width=\"600\" height=\"400\" alt=\"\"\/><\/p>\n<\/figure>\n<p><!-- embed end --><br \/>\n<!-- end object --><\/p>\n<p>\u00a0<\/p>\n<p><!-- is a <br \/>--><\/p>\n<p>El detenido fue identificado como Federico Morales y qued\u00f3 a disposici\u00f3n del fiscal Mart\u00edn N\u00fa\u00f1ez, quien lleva adelante la investigaci\u00f3n judicial. <\/p>\n<p><!-- is a <br \/>--><\/p>\n<p>\u00a0<\/p>\n<p><!-- is a <br \/>--><\/p>\n<p>La investigaci\u00f3n contin\u00faa para determinar la secuencia completa de los acontecimientos, la participaci\u00f3n de las personas involucradas y si efectivamente el reclamo por una deuda relacionada con la cosecha fue el conflicto que desencaden\u00f3 el <b>homicidio en barrio Sapito<\/b>.<\/p>\n<\/p><\/div>\n","protected":false},"excerpt":{"rendered":"<p>El homicidio en barrio Sapito, ocurrido este s\u00e1bado 5 de septiembre en Concordia, tendr\u00eda como desencadenante un conflicto por el reclamo de una deuda vinculada a la cosecha. Con el avance de la investigaci\u00f3n comenzaron a conocerse nuevos detalles sobre las circunstancias que rodearon el ataque que termin\u00f3 con la muerte de Alejandro Dealmeida. \u00a0 [&hellip;]<\/p>\n","protected":false},"author":1,"featured_media":25234,"comment_status":"open","ping_status":"open","sticky":false,"template":"","format":"standard","meta":{"footnotes":""},"categories":[1],"tags":[],"class_list":["post-25233","post","type-post","status-publish","format-standard","has-post-thumbnail","hentry","category-uncategorized"],"_links":{"self":[{"href":"https:\/\/cliente1.publisher.highstack.com.ar\/index.php?rest_route=\/wp\/v2\/posts\/25233","targetHints":{"allow":["GET"]}}],"collection":[{"href":"https:\/\/cliente1.publisher.highstack.com.ar\/index.php?rest_route=\/wp\/v2\/posts"}],"about":[{"href":"https:\/\/cliente1.publisher.highstack.com.ar\/index.php?rest_route=\/wp\/v2\/types\/post"}],"author":[{"embeddable":true,"href":"https:\/\/cliente1.publisher.highstack.com.ar\/index.php?rest_route=\/wp\/v2\/users\/1"}],"replies":[{"embeddable":true,"href":"https:\/\/cliente1.publisher.highstack.com.ar\/index.php?rest_route=%2Fwp%2Fv2%2Fcomments&post=25233"}],"version-history":[{"count":0,"href":"https:\/\/cliente1.publisher.highstack.com.ar\/index.php?rest_route=\/wp\/v2\/posts\/25233\/revisions"}],"wp:featuredmedia":[{"embeddable":true,"href":"https:\/\/cliente1.publisher.highstack.com.ar\/index.php?rest_route=\/wp\/v2\/media\/25234"}],"wp:attachment":[{"href":"https:\/\/cliente1.publisher.highstack.com.ar\/index.php?rest_route=%2Fwp%2Fv2%2Fmedia&parent=25233"}],"wp:term":[{"taxonomy":"category","embeddable":true,"href":"https:\/\/cliente1.publisher.highstack.com.ar\/index.php?rest_route=%2Fwp%2Fv2%2Fcategories&post=25233"},{"taxonomy":"post_tag","embeddable":true,"href":"https:\/\/cliente1.publisher.highstack.com.ar\/index.php?rest_route=%2Fwp%2Fv2%2Ftags&post=25233"}],"curies":[{"name":"wp","href":"https:\/\/api.w.org\/{rel}","templated":true}]}}