{"id":25226,"date":"2026-09-05T19:33:02","date_gmt":"2026-09-05T22:33:02","guid":{"rendered":"https:\/\/cliente1.publisher.highstack.com.ar\/?p=25226"},"modified":"2026-09-05T19:33:02","modified_gmt":"2026-09-05T22:33:02","slug":"conductor-perdio-el-control-de-su-auto-y-choco-contra-una-columna-de-alumbrado-en-parana","status":"publish","type":"post","link":"https:\/\/cliente1.publisher.highstack.com.ar\/?p=25226","title":{"rendered":"Conductor perdi\u00f3 el control de su auto y choc\u00f3 contra una columna de alumbrado en Paran\u00e1"},"content":{"rendered":"<p><\/p>\n<div>\n<p>Un <b>despiste en Paran\u00e1<\/b> se registr\u00f3 cuando un veh\u00edculo perdi\u00f3 el control y termin\u00f3 chocando contra una columna de alumbrado p\u00fablico. El accidente ocurri\u00f3 sobre calle 632, entre Recuerdos de Provincia y General Espejo. <\/p>\n<p><!-- is a <br \/>--><\/p>\n<p>\u00a0<\/p>\n<p><!-- is a <br \/>--><\/p>\n<p><!-- is a object --><br \/>\n<!-- embed start --><!-- embed end --><br \/>\n<!-- end object --><\/p>\n<p>\u00a0<\/p>\n<p><!-- is a <br \/>--><\/p>\n<p>Por causas que hasta el momento no fueron informadas, el conductor despist\u00f3 y el rodado termin\u00f3 su recorrido al impactar contra la estructura ubicada a un costado de la calle. <\/p>\n<p><!-- is a <br \/>--><\/p>\n<p>\u00a0<\/p>\n<p><!-- is a <br \/>--><\/p>\n<p>Pese a las caracter\u00edsticas del choque, se confirm\u00f3 que el conductor <b>no sufri\u00f3 lesiones<\/b>. Tampoco se inform\u00f3 sobre la participaci\u00f3n de otros veh\u00edculos o personas en el siniestro. <\/p>\n<p><!-- is a <br \/>--><\/p>\n<p>\u00a0<\/p>\n<p><!-- is a <br \/>--><\/p>\n<p><!-- is a object --><br \/>\n<!-- embed start --><!-- embed end --><br \/>\n<!-- end object --><\/p>\n<p>\u00a0<\/p>\n<p><!-- is a <br \/>--><\/p>\n<p><!-- is a object --><\/p>\n<h2>Intervinieron Bomberos Voluntarios y la Polic\u00eda<\/h2>\n<p><!-- end object --><\/p>\n<p>\u00a0<\/p>\n<p><!-- is a <br \/>--><\/p>\n<p>Tras el accidente, acudieron al lugar integrantes de Bomberos Voluntarios y personal policial, quienes realizaron las tareas correspondientes y trabajaron en el sector donde qued\u00f3 el veh\u00edculo. <\/p>\n<p><!-- is a <br \/>--><\/p>\n<p>\u00a0<\/p>\n<p><!-- is a <br \/>--><\/p>\n<blockquote class=\"instagram-media\" data-instgrm-captioned=\"\" data-instgrm-permalink=\"https:\/\/www.instagram.com\/reel\/Dc677UAx7nh\/?utm_source=ig_embed&amp;utm_campaign=loading\" data-instgrm-version=\"14\" style=\" background:#FFF; border:0; border-radius:3px; box-shadow:0 0 1px 0 rgba(0,0,0,0.5),0 1px 10px 0 rgba(0,0,0,0.15); margin: 1px; max-width:540px; min-width:326px; padding:0; width:99.375%; width:-webkit-calc(100% - 2px); width:calc(100% - 2px);\"\/><p> <!-- is a <br \/>--><\/p><\/div>\n<p><script async src=\"\/\/www.instagram.com\/embed.js\"><\/script><\/p>\n","protected":false},"excerpt":{"rendered":"<p>Un despiste en Paran\u00e1 se registr\u00f3 cuando un veh\u00edculo perdi\u00f3 el control y termin\u00f3 chocando contra una columna de alumbrado p\u00fablico. El accidente ocurri\u00f3 sobre calle 632, entre Recuerdos de Provincia y General Espejo. \u00a0 \u00a0 Por causas que hasta el momento no fueron informadas, el conductor despist\u00f3 y el rodado termin\u00f3 su recorrido al [&hellip;]<\/p>\n","protected":false},"author":1,"featured_media":25227,"comment_status":"open","ping_status":"open","sticky":false,"template":"","format":"standard","meta":{"footnotes":""},"categories":[1],"tags":[],"class_list":["post-25226","post","type-post","status-publish","format-standard","has-post-thumbnail","hentry","category-uncategorized"],"_links":{"self":[{"href":"https:\/\/cliente1.publisher.highstack.com.ar\/index.php?rest_route=\/wp\/v2\/posts\/25226","targetHints":{"allow":["GET"]}}],"collection":[{"href":"https:\/\/cliente1.publisher.highstack.com.ar\/index.php?rest_route=\/wp\/v2\/posts"}],"about":[{"href":"https:\/\/cliente1.publisher.highstack.com.ar\/index.php?rest_route=\/wp\/v2\/types\/post"}],"author":[{"embeddable":true,"href":"https:\/\/cliente1.publisher.highstack.com.ar\/index.php?rest_route=\/wp\/v2\/users\/1"}],"replies":[{"embeddable":true,"href":"https:\/\/cliente1.publisher.highstack.com.ar\/index.php?rest_route=%2Fwp%2Fv2%2Fcomments&post=25226"}],"version-history":[{"count":0,"href":"https:\/\/cliente1.publisher.highstack.com.ar\/index.php?rest_route=\/wp\/v2\/posts\/25226\/revisions"}],"wp:featuredmedia":[{"embeddable":true,"href":"https:\/\/cliente1.publisher.highstack.com.ar\/index.php?rest_route=\/wp\/v2\/media\/25227"}],"wp:attachment":[{"href":"https:\/\/cliente1.publisher.highstack.com.ar\/index.php?rest_route=%2Fwp%2Fv2%2Fmedia&parent=25226"}],"wp:term":[{"taxonomy":"category","embeddable":true,"href":"https:\/\/cliente1.publisher.highstack.com.ar\/index.php?rest_route=%2Fwp%2Fv2%2Fcategories&post=25226"},{"taxonomy":"post_tag","embeddable":true,"href":"https:\/\/cliente1.publisher.highstack.com.ar\/index.php?rest_route=%2Fwp%2Fv2%2Ftags&post=25226"}],"curies":[{"name":"wp","href":"https:\/\/api.w.org\/{rel}","templated":true}]}}