{"id":25222,"date":"2026-09-05T18:14:14","date_gmt":"2026-09-05T21:14:14","guid":{"rendered":"https:\/\/cliente1.publisher.highstack.com.ar\/?p=25222"},"modified":"2026-09-05T18:14:14","modified_gmt":"2026-09-05T21:14:14","slug":"la-jueza-bertora-rechazo-por-ahora-intervenir-en-el-caso-urribarri-y-baez-por-no-contar-con-la-documentacion","status":"publish","type":"post","link":"https:\/\/cliente1.publisher.highstack.com.ar\/?p=25222","title":{"rendered":"La jueza B\u00e9rtora rechaz\u00f3 por ahora intervenir en el caso Urribarri y B\u00e1ez por no contar con la documentaci\u00f3n"},"content":{"rendered":"<p><\/p>\n<div class=\"body-noticia clearfix text-formatted field field--name-body field--type-text-with-summary field--label-hidden field__item\">\n<p>La jueza de Ejecuci\u00f3n de Penas y Medidas de Seguridad de Paran\u00e1, Cecilia B\u00e9rtora rechaz\u00f3 las peticiones de los abogados defensores del exgobernador Sergio Urribarri, condenado a 8 a\u00f1os de c\u00e1rcel en el Megajuicio, y de su exministro de Cultura y Comunicaci\u00f3n, Pedro B\u00e1ez, que recibi\u00f3 la pena de 6 a\u00f1os y 6 meses, para ser trasladados de la Unidad Penal N\u00b0 1 de Paran\u00e1, donde est\u00e1n alojados desde este s\u00e1bado, a la Unidad Penal N\u00b0 9 de Gualeguaych\u00fa.<\/p>\n<p>Las condenas recayeron al concluir el proceso que se sigui\u00f3 contra ellos en el Megajuicio en 2022. Pero s\u00f3lo adquirieron firmeza al rechazar la Corte Suprema de Justicia de la Naci\u00f3n sendos recursos extraordinarios federales. Con esa decisi\u00f3n, la Justicia orden\u00f3 las detenciones y su alojamiento en la c\u00e1rcel de Paran\u00e1. Pero el Servicio Penitenciario explic\u00f3 que era imposible alojarlos ah\u00ed por la superpoblaci\u00f3n, y sugiri\u00f3 llevarlos a Gualeguaych\u00fa, public\u00f3 <em>el portal Entre R\u00edos Ahora.<\/em><\/p>\n<p>Pero ahora todo qued\u00f3 enredado en un galimat\u00edas. No se sabe qui\u00e9n resuelve los traslados.<\/p>\n<p>La defensa de B\u00e1ez arguy\u00f3: \u201cLa pretensi\u00f3n se sustenta en la amenaza grave, inminente y actual sobre el derecho fundamental a la vida, la salud y la integridad personal de Pedro \u00c1ngel B\u00e1ez. La demora inherente al tr\u00e1mite en d\u00edas h\u00e1biles administrativos o judiciales genera un riesgo cierto de da\u00f1o grave e irreversible\u201d. Y sum\u00f3: \u201cConforme lo ha establecido la doctrina procesal y la jurisprudencia en materia de ejecuci\u00f3n de penas y derechos humanos, ante la existencia de una afectaci\u00f3n concreta a la integridad psicof\u00edsica o un agravamiento ileg\u00edtimo de las condiciones de detenci\u00f3n, la tutela judicial no admite dilataciones temporales bajo apercibimiento de tornar abstracta la protecci\u00f3n de los derechos fundamentales\u201d.<\/p>\n<p>La jueza B\u00e9rtora indic\u00f3 en que en el \u201cJuzgado de Ejecuci\u00f3n de Penas y Medidas de Seguridad a mi cargo, no se ha recibido sentencia y c\u00f3mputo\u201d de las penas aplicadas.<\/p>\n<p>\u201cCabe destacar que dicha solicitud ya fue receptada por el Tribunal de Juicio y Apelaciones, habi\u00e9ndose dispuesto que oportunamente se har\u00e1 saber a esta Magistratura, para que en el \u00e1mbito de las competencias que son propias de este organismo, se decida sobre el particular tomando en consideraci\u00f3n los extremos suficientes y necesarios para resolver lo que corresponda legal y administrativamente, para mejor resguardo de los derechos del peticionante\u201d, expres\u00f3 la jueza, public\u00f3 <em>el portal Entre R\u00edos Ahora.<\/em><\/p>\n<p>Y agreg\u00f3: \u201cConforme a lo expuesto, no corresponde que me expida, debiendo estarse a la recepci\u00f3n de la documentaci\u00f3n m\u00ednima necesaria para dar comienzo a la ejecuci\u00f3n de la pena, como son la sentencia firme y c\u00f3mputo de pena -el cual se encuentra en etapa de confecci\u00f3n al d\u00eda de la fecha-\u201d.<\/p>\n<\/div>\n","protected":false},"excerpt":{"rendered":"<p>La jueza de Ejecuci\u00f3n de Penas y Medidas de Seguridad de Paran\u00e1, Cecilia B\u00e9rtora rechaz\u00f3 las peticiones de los abogados defensores del exgobernador Sergio Urribarri, condenado a 8 a\u00f1os de c\u00e1rcel en el Megajuicio, y de su exministro de Cultura y Comunicaci\u00f3n, Pedro B\u00e1ez, que recibi\u00f3 la pena de 6 a\u00f1os y 6 meses, para [&hellip;]<\/p>\n","protected":false},"author":1,"featured_media":25223,"comment_status":"open","ping_status":"open","sticky":false,"template":"","format":"standard","meta":{"footnotes":""},"categories":[1],"tags":[],"class_list":["post-25222","post","type-post","status-publish","format-standard","has-post-thumbnail","hentry","category-uncategorized"],"_links":{"self":[{"href":"https:\/\/cliente1.publisher.highstack.com.ar\/index.php?rest_route=\/wp\/v2\/posts\/25222","targetHints":{"allow":["GET"]}}],"collection":[{"href":"https:\/\/cliente1.publisher.highstack.com.ar\/index.php?rest_route=\/wp\/v2\/posts"}],"about":[{"href":"https:\/\/cliente1.publisher.highstack.com.ar\/index.php?rest_route=\/wp\/v2\/types\/post"}],"author":[{"embeddable":true,"href":"https:\/\/cliente1.publisher.highstack.com.ar\/index.php?rest_route=\/wp\/v2\/users\/1"}],"replies":[{"embeddable":true,"href":"https:\/\/cliente1.publisher.highstack.com.ar\/index.php?rest_route=%2Fwp%2Fv2%2Fcomments&post=25222"}],"version-history":[{"count":0,"href":"https:\/\/cliente1.publisher.highstack.com.ar\/index.php?rest_route=\/wp\/v2\/posts\/25222\/revisions"}],"wp:featuredmedia":[{"embeddable":true,"href":"https:\/\/cliente1.publisher.highstack.com.ar\/index.php?rest_route=\/wp\/v2\/media\/25223"}],"wp:attachment":[{"href":"https:\/\/cliente1.publisher.highstack.com.ar\/index.php?rest_route=%2Fwp%2Fv2%2Fmedia&parent=25222"}],"wp:term":[{"taxonomy":"category","embeddable":true,"href":"https:\/\/cliente1.publisher.highstack.com.ar\/index.php?rest_route=%2Fwp%2Fv2%2Fcategories&post=25222"},{"taxonomy":"post_tag","embeddable":true,"href":"https:\/\/cliente1.publisher.highstack.com.ar\/index.php?rest_route=%2Fwp%2Fv2%2Ftags&post=25222"}],"curies":[{"name":"wp","href":"https:\/\/api.w.org\/{rel}","templated":true}]}}