{"id":25220,"date":"2026-09-05T18:10:39","date_gmt":"2026-09-05T21:10:39","guid":{"rendered":"https:\/\/cliente1.publisher.highstack.com.ar\/?p=25220"},"modified":"2026-09-05T18:10:39","modified_gmt":"2026-09-05T21:10:39","slug":"tras-la-orden-del-gobierno-bonaerense-para-que-reincorpore-1-200-trabajadores-granja-tres-arroyos-se-presentaria-en-convocatoria-de-acreedores","status":"publish","type":"post","link":"https:\/\/cliente1.publisher.highstack.com.ar\/?p=25220","title":{"rendered":"Tras la orden del gobierno bonaerense para que reincorpore 1.200 trabajadores, Granja Tres Arroyos se presentar\u00eda en convocatoria de acreedores"},"content":{"rendered":"<div>\n<div class=\"visual__image image-initial-width\"><picture><source srcset=\"https:\/\/www.infobae.com\/resizer\/v2\/7BTJLKM3PNGS7MMXD2RRQT6XPU.jpg?auth=1f9394a3411c903e81ac9d61c2dc8b4d5a32af6cb03096a68222852c024c47e8&amp;smart=true&amp;width=992&amp;height=686&amp;quality=85\" media=\"(min-width: 1000px)\"\/><source srcset=\"https:\/\/www.infobae.com\/resizer\/v2\/7BTJLKM3PNGS7MMXD2RRQT6XPU.jpg?auth=1f9394a3411c903e81ac9d61c2dc8b4d5a32af6cb03096a68222852c024c47e8&amp;smart=true&amp;width=768&amp;height=531&amp;quality=85\" media=\"(min-width: 768px)\"\/><source srcset=\"https:\/\/www.infobae.com\/resizer\/v2\/7BTJLKM3PNGS7MMXD2RRQT6XPU.jpg?auth=1f9394a3411c903e81ac9d61c2dc8b4d5a32af6cb03096a68222852c024c47e8&amp;smart=true&amp;width=577&amp;height=399&amp;quality=85\" media=\"(min-width: 580px)\"\/><source srcset=\"https:\/\/www.infobae.com\/resizer\/v2\/7BTJLKM3PNGS7MMXD2RRQT6XPU.jpg?auth=1f9394a3411c903e81ac9d61c2dc8b4d5a32af6cb03096a68222852c024c47e8&amp;smart=true&amp;width=420&amp;height=290&amp;quality=85\" media=\"(min-width: 350px)\"\/><source srcset=\"https:\/\/www.infobae.com\/resizer\/v2\/7BTJLKM3PNGS7MMXD2RRQT6XPU.jpg?auth=1f9394a3411c903e81ac9d61c2dc8b4d5a32af6cb03096a68222852c024c47e8&amp;smart=true&amp;width=350&amp;height=242&amp;quality=85\" media=\"(min-width: 80px)\"\/><\/picture><\/div>\n<div class=\"sharebar-container display_flex sharebar-new\" style=\"opacity:1\">\n<p><span class=\"sharebar-article-date\">05 Sep, 2026 04:59 p. m. EST<\/span><\/p>\n<\/div>\n<p class=\"paragraph\" data-paragraph-number=\"1\">La crisis financiera y operativa que atraviesa <b>Granja Tres Arroyos<\/b> y <b>Wade<\/b>, otra empresa del mismo grupo empresario, sum\u00f3 un nuevo cap\u00edtulo. Fuentes cercanas a las empresas confirmaron que ambas firmas se presentar\u00edan en convocatoria de acreedores en los pr\u00f3ximos d\u00edas, mientras el Ministerio de Trabajo bonaerense dict\u00f3 la <b>conciliaci\u00f3n obligatoria para que se reincorporen 1.200 empleados despedidos<\/b>.<\/p>\n<p class=\"paragraph\" data-paragraph-number=\"2\">El movimiento judicial se produce despu\u00e9s de meses de dificultades financieras, conflictos laborales, cierres y suspensiones en distintas plantas del grupo. En paralelo, la cantidad de trabajadores desvinculados se acerca a los <b>1.730 casos acumulados en total desde el inicio del conflicto<\/b>, de acuerdo con la informaci\u00f3n disponible hasta el momento. <\/p>\n<p class=\"paragraph\" data-paragraph-number=\"3\">De hecho, la cartera laboral de la provincia de Buenos Aires dispuso la conciliaci\u00f3n obligatoria por 15 d\u00edas h\u00e1biles en el conflicto por los \u00faltimos<b> 1.200 despidos en las plantas<\/b>. La medida, que puede extenderse por otros cinco d\u00edas, establece la reincorporaci\u00f3n de los trabajadores desvinculados mientras avanza la negociaci\u00f3n entre las empresas y el Sindicato de la Industria de la Alimentaci\u00f3n de la Provincia de Buenos Aires (Steapba).<\/p>\n<p class=\"paragraph\" data-paragraph-number=\"4\">El alcance de los despidos incluye a <b>700 empleados de la planta de Capit\u00e1n Sarmiento, 50 de la f\u00e1brica ubicada en Pilar y 450 de la planta de Esteban Echeverr\u00eda<\/b>. La intervenci\u00f3n provincial busca suspender las medidas de fuerza y abrir una instancia de di\u00e1logo para intentar preservar los puestos de trabajo.<\/p>\n<div class=\"visual__image\"><picture><source srcset=\"https:\/\/www.infobae.com\/resizer\/v2\/HD64WPT6UBCHPOECPSWITH3DQI.jpg?auth=a634231eaa5f6c5650ecec3745f4d4b763b1b1111b6d53607c04694b3a8ceac5&amp;smart=true&amp;width=992&amp;height=558&amp;quality=85\" media=\"(min-width: 1000px)\"\/><source srcset=\"https:\/\/www.infobae.com\/resizer\/v2\/HD64WPT6UBCHPOECPSWITH3DQI.jpg?auth=a634231eaa5f6c5650ecec3745f4d4b763b1b1111b6d53607c04694b3a8ceac5&amp;smart=true&amp;width=768&amp;height=432&amp;quality=85\" media=\"(min-width: 768px)\"\/><source srcset=\"https:\/\/www.infobae.com\/resizer\/v2\/HD64WPT6UBCHPOECPSWITH3DQI.jpg?auth=a634231eaa5f6c5650ecec3745f4d4b763b1b1111b6d53607c04694b3a8ceac5&amp;smart=true&amp;width=577&amp;height=324&amp;quality=85\" media=\"(min-width: 580px)\"\/><source srcset=\"https:\/\/www.infobae.com\/resizer\/v2\/HD64WPT6UBCHPOECPSWITH3DQI.jpg?auth=a634231eaa5f6c5650ecec3745f4d4b763b1b1111b6d53607c04694b3a8ceac5&amp;smart=true&amp;width=420&amp;height=236&amp;quality=85\" media=\"(min-width: 350px)\"\/><source srcset=\"https:\/\/www.infobae.com\/resizer\/v2\/HD64WPT6UBCHPOECPSWITH3DQI.jpg?auth=a634231eaa5f6c5650ecec3745f4d4b763b1b1111b6d53607c04694b3a8ceac5&amp;smart=true&amp;width=350&amp;height=197&amp;quality=85\" media=\"(min-width: 80px)\"\/><img alt=\"Solo en Capit\u00e1n Sarmiento hay cerca de 1.000 trabajadores afectados\" class=\"global-image\" decoding=\"async\" fetchpriority=\"low\" height=\"433\" loading=\"lazy\" src=\"https:\/\/www.infobae.com\/resizer\/v2\/HD64WPT6UBCHPOECPSWITH3DQI.jpg?auth=a634231eaa5f6c5650ecec3745f4d4b763b1b1111b6d53607c04694b3a8ceac5&amp;smart=true&amp;width=350&amp;height=197&amp;quality=85\" width=\"770\"\/><\/picture><\/div>\n<p class=\"paragraph\" data-paragraph-number=\"5\">Durante la audiencia participaron representantes de las compa\u00f1\u00edas, del gremio y de las autoridades bonaerenses. Tambi\u00e9n asistieron el subsecretario de Comercializaci\u00f3n del Ministerio de Producci\u00f3n, Ariel Aguilar; la intendenta de Capit\u00e1n Sarmiento, Fernanda Astorino Hurtado; y Alejandro Bonomo, en representaci\u00f3n del municipio de Esteban Echeverr\u00eda.<\/p>\n<p class=\"paragraph\" data-paragraph-number=\"6\">Las partes acordaron adem\u00e1s la entrega de 1.000 cajones de pollo para los trabajadores afectados y un pago a cuenta que se har\u00e1 efectivo durante la pr\u00f3xima semana. La pr\u00f3xima audiencia qued\u00f3 prevista para el jueves, dentro del per\u00edodo de conciliaci\u00f3n obligatoria.<\/p>\n<p class=\"paragraph\" data-paragraph-number=\"7\">La situaci\u00f3n de <b>Granja Tres Arroyos<\/b> se agrav\u00f3 en los \u00faltimos d\u00edas con la paralizaci\u00f3n de su planta de <b>Capit\u00e1n Sarmiento<\/b>, una de las instalaciones hist\u00f3ricas de la compa\u00f1\u00eda. La empresa comunic\u00f3 al personal que las operaciones quedaban suspendidas \u201chasta nuevo aviso\u201d y pidi\u00f3 a los trabajadores que no concurrieran a sus puestos, salvo que fueran convocados expresamente por un encargado o supervisor.<\/p>\n<p class=\"paragraph\" data-paragraph-number=\"8\">Ahora, el escenario incorpora la posibilidad concreta de que tanto Wade como Granja Tres Arroyos queden bajo un proceso concursal. La convocatoria de acreedores es un mecanismo mediante el cual una empresa que enfrenta dificultades para cumplir con sus obligaciones busca ordenar su situaci\u00f3n financiera frente a sus acreedores y evitar, en determinadas circunstancias, una instancia de quiebra. En este caso, el eventual ingreso de ambas compa\u00f1\u00edas a ese proceso se producir\u00eda despu\u00e9s de una reestructuraci\u00f3n que lleva meses sin alcanzar una soluci\u00f3n definitiva.<\/p>\n<p class=\"paragraph\" data-paragraph-number=\"9\">El impacto laboral es uno de los principales indicadores de la profundidad del conflicto. Seg\u00fan fuentes cercanas, el acumulado de despidos desde el comienzo del proceso se ubica actualmente en torno de <b>1.730 trabajadores<\/b>, aunque el dato todav\u00eda no est\u00e1 cerrado porque resta determinar con precisi\u00f3n c\u00f3mo se distribuyen las desvinculaciones entre las diferentes plantas. <\/p>\n<div class=\"visual__image\"><picture><source srcset=\"https:\/\/www.infobae.com\/resizer\/v2\/VRTKN5R35ZDVHIGEXRFGQMAVJE.jpg?auth=ada9403c7a689084e02e7ba32d7f3c1c0a3a68dbe3c99c44f4f5f53106f89ec3&amp;smart=true&amp;width=992&amp;height=558&amp;quality=85\" media=\"(min-width: 1000px)\"\/><source srcset=\"https:\/\/www.infobae.com\/resizer\/v2\/VRTKN5R35ZDVHIGEXRFGQMAVJE.jpg?auth=ada9403c7a689084e02e7ba32d7f3c1c0a3a68dbe3c99c44f4f5f53106f89ec3&amp;smart=true&amp;width=768&amp;height=432&amp;quality=85\" media=\"(min-width: 768px)\"\/><source srcset=\"https:\/\/www.infobae.com\/resizer\/v2\/VRTKN5R35ZDVHIGEXRFGQMAVJE.jpg?auth=ada9403c7a689084e02e7ba32d7f3c1c0a3a68dbe3c99c44f4f5f53106f89ec3&amp;smart=true&amp;width=577&amp;height=325&amp;quality=85\" media=\"(min-width: 580px)\"\/><source srcset=\"https:\/\/www.infobae.com\/resizer\/v2\/VRTKN5R35ZDVHIGEXRFGQMAVJE.jpg?auth=ada9403c7a689084e02e7ba32d7f3c1c0a3a68dbe3c99c44f4f5f53106f89ec3&amp;smart=true&amp;width=420&amp;height=236&amp;quality=85\" media=\"(min-width: 350px)\"\/><source srcset=\"https:\/\/www.infobae.com\/resizer\/v2\/VRTKN5R35ZDVHIGEXRFGQMAVJE.jpg?auth=ada9403c7a689084e02e7ba32d7f3c1c0a3a68dbe3c99c44f4f5f53106f89ec3&amp;smart=true&amp;width=350&amp;height=197&amp;quality=85\" media=\"(min-width: 80px)\"\/><img alt=\"Primer plano de Walter Correa, un hombre con cabello gris y barba, vestido con una chaqueta oscura y camisa blanca, hablando a un micr\u00f3fono\" class=\"global-image\" decoding=\"async\" fetchpriority=\"low\" height=\"1080\" loading=\"lazy\" src=\"https:\/\/www.infobae.com\/resizer\/v2\/VRTKN5R35ZDVHIGEXRFGQMAVJE.jpg?auth=ada9403c7a689084e02e7ba32d7f3c1c0a3a68dbe3c99c44f4f5f53106f89ec3&amp;smart=true&amp;width=350&amp;height=197&amp;quality=85\" width=\"1920\"\/><\/picture><\/div>\n<p class=\"paragraph\" data-paragraph-number=\"10\">La falta de un n\u00famero definitivo responde, seg\u00fan fuentes cercanas, a que todav\u00eda no se termin\u00f3 de consolidar el detalle de las desvinculaciones producidas en cada establecimiento. Lo cierto es que el proceso de reducci\u00f3n de personal comenz\u00f3 a tomar forma con mayor intensidad despu\u00e9s de que Granja Tres Arroyos solicitara, en diciembre de 2024, la apertura de un <b>Procedimiento Preventivo de Crisis<\/b> ante la Secretar\u00eda de Trabajo de la Naci\u00f3n. Ese tr\u00e1mite no lleg\u00f3 a formalizarse a nivel nacional, pero desde entonces la empresa fue adoptando distintas medidas sobre sus establecimientos.<\/p>\n<p class=\"paragraph\" data-paragraph-number=\"11\">Uno de los primeros cierres relevantes fue el de la planta de <b>Trist\u00e1n Su\u00e1rez<\/b>, donde se produjeron<b> 200 desvinculaciones <\/b>sobre una dotaci\u00f3n de 270 trabajadores. Posteriormente, la compa\u00f1\u00eda anunci\u00f3 el cierre definitivo de la planta <b>Becar<\/b>, en Concepci\u00f3n del Uruguay, Entre R\u00edos, y traslad\u00f3 a sus trabajadores hacia la planta <b>La China<\/b>, ubicada en las inmediaciones.<\/p>\n<p class=\"paragraph\" data-paragraph-number=\"12\">A mediados de agosto, adem\u00e1s, se conocieron alrededor de <b>250 despidos<\/b> en una planta de Concepci\u00f3n del Uruguay que contaba con unos 900 empleados. Los telegramas enviados a los trabajadores invocaron \u201cuna grave disminuci\u00f3n de trabajo no imputable a esta empleadora, originada en circunstancias extraordinarias y ajenas a su voluntad\u201d.<\/p>\n<p class=\"paragraph\" data-paragraph-number=\"13\">La Federaci\u00f3n de Trabajadores de Industrias de la Alimentaci\u00f3n (FTIA) cuestion\u00f3 entonces las desvinculaciones y se\u00f1al\u00f3 que exist\u00edan trabajadores con salarios atrasados.<\/p>\n<p class=\"paragraph\" data-paragraph-number=\"14\">La situaci\u00f3n de Capit\u00e1n Sarmiento llev\u00f3 la crisis a una nueva dimensi\u00f3n. La planta <b>dej\u00f3 de operar a partir del 31 de agosto<\/b>, luego de que la compa\u00f1\u00eda comunicara internamente la suspensi\u00f3n de las tareas productivas.<\/p>\n<div class=\"visual__image\"><picture><source srcset=\"https:\/\/www.infobae.com\/resizer\/v2\/DA4QBZQX4VGPBDUDL25LBN5L3I.png?auth=b52fa2863c4a78860190a5cb4ba7540e327141782ef31abd3b45352c9a717801&amp;smart=true&amp;width=992&amp;height=551&amp;quality=85\" media=\"(min-width: 1000px)\"\/><source srcset=\"https:\/\/www.infobae.com\/resizer\/v2\/DA4QBZQX4VGPBDUDL25LBN5L3I.png?auth=b52fa2863c4a78860190a5cb4ba7540e327141782ef31abd3b45352c9a717801&amp;smart=true&amp;width=768&amp;height=427&amp;quality=85\" media=\"(min-width: 768px)\"\/><source srcset=\"https:\/\/www.infobae.com\/resizer\/v2\/DA4QBZQX4VGPBDUDL25LBN5L3I.png?auth=b52fa2863c4a78860190a5cb4ba7540e327141782ef31abd3b45352c9a717801&amp;smart=true&amp;width=577&amp;height=321&amp;quality=85\" media=\"(min-width: 580px)\"\/><source srcset=\"https:\/\/www.infobae.com\/resizer\/v2\/DA4QBZQX4VGPBDUDL25LBN5L3I.png?auth=b52fa2863c4a78860190a5cb4ba7540e327141782ef31abd3b45352c9a717801&amp;smart=true&amp;width=420&amp;height=233&amp;quality=85\" media=\"(min-width: 350px)\"\/><source srcset=\"https:\/\/www.infobae.com\/resizer\/v2\/DA4QBZQX4VGPBDUDL25LBN5L3I.png?auth=b52fa2863c4a78860190a5cb4ba7540e327141782ef31abd3b45352c9a717801&amp;smart=true&amp;width=350&amp;height=194&amp;quality=85\" media=\"(min-width: 80px)\"\/><img alt=\"Edificio industrial con el logotipo de Granja Tres Arroyos, banderas en m\u00e1stiles, personas caminando, una motocicleta roja y varios autom\u00f3viles\" class=\"global-image\" decoding=\"async\" fetchpriority=\"low\" height=\"935\" loading=\"lazy\" src=\"https:\/\/www.infobae.com\/resizer\/v2\/DA4QBZQX4VGPBDUDL25LBN5L3I.png?auth=b52fa2863c4a78860190a5cb4ba7540e327141782ef31abd3b45352c9a717801&amp;smart=true&amp;width=350&amp;height=194&amp;quality=85\" width=\"1683\"\/><\/picture><\/div>\n<p class=\"paragraph\" data-paragraph-number=\"15\">La empresa atribuy\u00f3 la medida a \u201cla falta de suministro el\u00e9ctrico y a otras cuestiones operativas y productivas derivadas de circunstancias de fuerza mayor y de p\u00fablico conocimiento\u201d. El comunicado no estableci\u00f3 una fecha para el regreso de las actividades y tampoco precis\u00f3 qu\u00e9 ocurrir\u00eda con los puestos de trabajo involucrados.<\/p>\n<p class=\"paragraph\" data-paragraph-number=\"16\">El conflicto se profundiz\u00f3 por la incertidumbre respecto del futuro de la planta. Trabajadores y personas vinculadas con el establecimiento advirtieron que parte de la maquinaria concesionada que se utilizaba all\u00ed ya no se encontraba en las instalaciones el momento de anunciarse la suspensi\u00f3n de actividades. Tambi\u00e9n se\u00f1alaron que integrantes del directorio habr\u00edan retirado pertenencias de sus oficinas.<\/p>\n<p class=\"paragraph\" data-paragraph-number=\"17\">Capit\u00e1n Sarmiento no fue el \u00fanico establecimiento alcanzado por las medidas. Durante los \u00faltimos meses, el grupo atraves\u00f3 diferentes situaciones de paralizaci\u00f3n y reducci\u00f3n de actividad.<\/p>\n<p class=\"paragraph\" data-paragraph-number=\"18\">En julio, la planta <b>Avex<\/b>, ubicada en R\u00edo Cuarto, C\u00f3rdoba, dej\u00f3 de operar. Inicialmente se hab\u00eda informado que se trataba de una \u201cparada programada de dos semanas\u201d, pero la interrupci\u00f3n se extendi\u00f3 durante otros 15 d\u00edas y termin\u00f3 alcanzando un mes. La medida involucr\u00f3 a unos 350 trabajadores.<\/p>\n<p class=\"paragraph\" data-paragraph-number=\"19\">En agosto, la planta <b>Pinazo<\/b>, en Pilar, suspendi\u00f3 a la totalidad de su personal. Tambi\u00e9n se registraron conflictos salariales y bloqueos en <b>Wade II<\/b>, en Esteban Echeverr\u00eda, mientras que <b>Wade I<\/b>, ubicada en Ezeiza, continu\u00f3 funcionando con una reducci\u00f3n significativa de su nivel de actividad.<\/p>\n<div class=\"visual__image\"><picture><source srcset=\"https:\/\/www.infobae.com\/resizer\/v2\/WKRXGASFGFGXRNBV3F4QE2WVIE.jpg?auth=193a39242b627b7f6072ca56e87e1d8a855a5f08df53609732d4776f2718c516&amp;smart=true&amp;width=992&amp;height=668&amp;quality=85\" media=\"(min-width: 1000px)\"\/><source srcset=\"https:\/\/www.infobae.com\/resizer\/v2\/WKRXGASFGFGXRNBV3F4QE2WVIE.jpg?auth=193a39242b627b7f6072ca56e87e1d8a855a5f08df53609732d4776f2718c516&amp;smart=true&amp;width=768&amp;height=518&amp;quality=85\" media=\"(min-width: 768px)\"\/><source srcset=\"https:\/\/www.infobae.com\/resizer\/v2\/WKRXGASFGFGXRNBV3F4QE2WVIE.jpg?auth=193a39242b627b7f6072ca56e87e1d8a855a5f08df53609732d4776f2718c516&amp;smart=true&amp;width=577&amp;height=389&amp;quality=85\" media=\"(min-width: 580px)\"\/><source srcset=\"https:\/\/www.infobae.com\/resizer\/v2\/WKRXGASFGFGXRNBV3F4QE2WVIE.jpg?auth=193a39242b627b7f6072ca56e87e1d8a855a5f08df53609732d4776f2718c516&amp;smart=true&amp;width=420&amp;height=283&amp;quality=85\" media=\"(min-width: 350px)\"\/><source srcset=\"https:\/\/www.infobae.com\/resizer\/v2\/WKRXGASFGFGXRNBV3F4QE2WVIE.jpg?auth=193a39242b627b7f6072ca56e87e1d8a855a5f08df53609732d4776f2718c516&amp;smart=true&amp;width=350&amp;height=236&amp;quality=85\" media=\"(min-width: 80px)\"\/><img alt=\"Granja Tres Arroyos\" class=\"global-image\" decoding=\"async\" fetchpriority=\"low\" height=\"876\" loading=\"lazy\" src=\"https:\/\/www.infobae.com\/resizer\/v2\/WKRXGASFGFGXRNBV3F4QE2WVIE.jpg?auth=193a39242b627b7f6072ca56e87e1d8a855a5f08df53609732d4776f2718c516&amp;smart=true&amp;width=350&amp;height=236&amp;quality=85\" width=\"1300\"\/><\/picture><\/div>\n<p class=\"paragraph\" data-paragraph-number=\"20\">La situaci\u00f3n de Wade se incorpor\u00f3 as\u00ed al cuadro general del grupo y ahora quedar\u00eda alcanzada por una instancia judicial de convocatoria de acreedores, seg\u00fan fuentes cercanas. El paso de Granja Tres Arroyos seguir\u00eda la misma direcci\u00f3n durante los pr\u00f3ximos d\u00edas.<\/p>\n<p class=\"paragraph\" data-paragraph-number=\"21\">La decisi\u00f3n de avanzar hacia una convocatoria de acreedores se da mientras Granja Tres Arroyos intenta reestructurar una deuda estimada en <b>USD 350,9 millones<\/b>.<\/p>\n<p class=\"paragraph\" data-paragraph-number=\"22\">La compa\u00f1\u00eda lleva adelante negociaciones con sus acreedores con la asistencia de la banca de inversi\u00f3n <b>VALO<\/b>. El esquema que se ven\u00eda analizando contempla una reestructuraci\u00f3n de los compromisos financieros, con quitas de hasta el 75% del capital adeudado, plazos de pago que podr\u00edan extenderse hasta siete a\u00f1os y la venta de activos considerados no estrat\u00e9gicos.<\/p>\n<p class=\"paragraph\" data-paragraph-number=\"23\">El objetivo de ese proceso era encontrar una alternativa que permitiera ordenar las obligaciones financieras de la compa\u00f1\u00eda y sostener su funcionamiento. Sin embargo, la sucesi\u00f3n de cierres, suspensiones y despidos muestra que la situaci\u00f3n operativa continu\u00f3 deterior\u00e1ndose mientras esas conversaciones avanzaban.<\/p>\n<p class=\"paragraph\" data-paragraph-number=\"24\">El ingreso a una convocatoria de acreedores modificar\u00eda el escenario de las negociaciones, ya que trasladar\u00eda parte de la discusi\u00f3n sobre las obligaciones de las empresas al \u00e1mbito judicial. Para los trabajadores, en tanto, la principal inc\u00f3gnita sigue siendo el futuro de los puestos de trabajo y el cobro de los salarios y eventuales indemnizaciones pendientes.<\/p>\n<\/div>\n<p><script defer>try{!function(f,b,e,v,n,t,s) {if(f.fbq)return;n=f.fbq=function(){n.callMethod? n.callMethod.apply(n,arguments):n.queue.push(arguments)}; if(!f._fbq)f._fbq=n;n.push=n;n.loaded=!0;n.version='2.0'; n.queue=[];t=b.createElement(e);t.async=!0; t.src=v;s=b.getElementsByTagName(e)[0]; s.parentNode.insertBefore(t,s)}(window, document,'script', 'https:\/\/connect.facebook.net\/en_US\/fbevents.js'); fbq('init', '336383993555320'); fbq('track', 'PageView'); fbq('track', 'ViewContent');}catch(error){console.log(\"Error al inicializar facebookPixelRawCodeScript:\",error);}<\/script><\/p>\n","protected":false},"excerpt":{"rendered":"<p>05 Sep, 2026 04:59 p. m. EST La crisis financiera y operativa que atraviesa Granja Tres Arroyos y Wade, otra empresa del mismo grupo empresario, sum\u00f3 un nuevo cap\u00edtulo. Fuentes cercanas a las empresas confirmaron que ambas firmas se presentar\u00edan en convocatoria de acreedores en los pr\u00f3ximos d\u00edas, mientras el Ministerio de Trabajo bonaerense dict\u00f3 [&hellip;]<\/p>\n","protected":false},"author":1,"featured_media":25221,"comment_status":"open","ping_status":"open","sticky":false,"template":"","format":"standard","meta":{"footnotes":""},"categories":[1],"tags":[4],"class_list":["post-25220","post","type-post","status-publish","format-standard","has-post-thumbnail","hentry","category-uncategorized","tag-entre-rios"],"_links":{"self":[{"href":"https:\/\/cliente1.publisher.highstack.com.ar\/index.php?rest_route=\/wp\/v2\/posts\/25220","targetHints":{"allow":["GET"]}}],"collection":[{"href":"https:\/\/cliente1.publisher.highstack.com.ar\/index.php?rest_route=\/wp\/v2\/posts"}],"about":[{"href":"https:\/\/cliente1.publisher.highstack.com.ar\/index.php?rest_route=\/wp\/v2\/types\/post"}],"author":[{"embeddable":true,"href":"https:\/\/cliente1.publisher.highstack.com.ar\/index.php?rest_route=\/wp\/v2\/users\/1"}],"replies":[{"embeddable":true,"href":"https:\/\/cliente1.publisher.highstack.com.ar\/index.php?rest_route=%2Fwp%2Fv2%2Fcomments&post=25220"}],"version-history":[{"count":0,"href":"https:\/\/cliente1.publisher.highstack.com.ar\/index.php?rest_route=\/wp\/v2\/posts\/25220\/revisions"}],"wp:featuredmedia":[{"embeddable":true,"href":"https:\/\/cliente1.publisher.highstack.com.ar\/index.php?rest_route=\/wp\/v2\/media\/25221"}],"wp:attachment":[{"href":"https:\/\/cliente1.publisher.highstack.com.ar\/index.php?rest_route=%2Fwp%2Fv2%2Fmedia&parent=25220"}],"wp:term":[{"taxonomy":"category","embeddable":true,"href":"https:\/\/cliente1.publisher.highstack.com.ar\/index.php?rest_route=%2Fwp%2Fv2%2Fcategories&post=25220"},{"taxonomy":"post_tag","embeddable":true,"href":"https:\/\/cliente1.publisher.highstack.com.ar\/index.php?rest_route=%2Fwp%2Fv2%2Ftags&post=25220"}],"curies":[{"name":"wp","href":"https:\/\/api.w.org\/{rel}","templated":true}]}}