{"id":25218,"date":"2026-09-05T17:43:43","date_gmt":"2026-09-05T20:43:43","guid":{"rendered":"https:\/\/cliente1.publisher.highstack.com.ar\/?p=25218"},"modified":"2026-09-05T17:43:43","modified_gmt":"2026-09-05T20:43:43","slug":"victoria-villarruel-volvio-a-mostrarse-con-dirigentes-del-campo-y-reclamo-una-reforma-impositiva-que-premie-al-que-produce","status":"publish","type":"post","link":"https:\/\/cliente1.publisher.highstack.com.ar\/?p=25218","title":{"rendered":"Victoria Villarruel volvi\u00f3 a mostrarse con dirigentes del campo y reclam\u00f3 una reforma impositiva que \u201cpremie al que produce\u201d"},"content":{"rendered":"<div class=\"visual__image image-initial-width\"><picture><source srcset=\"https:\/\/www.infobae.com\/resizer\/v2\/LUGLATE7MRF2TCN6TSOGI6D5PY.jpeg?auth=09da403a24bd6eb7596a402f77a8d42f1df258da56b03e24e6069d6f7f08456b&amp;smart=true&amp;width=992&amp;height=661&amp;quality=85\" media=\"(min-width: 1000px)\"><\/source><source srcset=\"https:\/\/www.infobae.com\/resizer\/v2\/LUGLATE7MRF2TCN6TSOGI6D5PY.jpeg?auth=09da403a24bd6eb7596a402f77a8d42f1df258da56b03e24e6069d6f7f08456b&amp;smart=true&amp;width=768&amp;height=512&amp;quality=85\" media=\"(min-width: 768px)\"><\/source><source srcset=\"https:\/\/www.infobae.com\/resizer\/v2\/LUGLATE7MRF2TCN6TSOGI6D5PY.jpeg?auth=09da403a24bd6eb7596a402f77a8d42f1df258da56b03e24e6069d6f7f08456b&amp;smart=true&amp;width=577&amp;height=385&amp;quality=85\" media=\"(min-width: 580px)\"><\/source><source srcset=\"https:\/\/www.infobae.com\/resizer\/v2\/LUGLATE7MRF2TCN6TSOGI6D5PY.jpeg?auth=09da403a24bd6eb7596a402f77a8d42f1df258da56b03e24e6069d6f7f08456b&amp;smart=true&amp;width=420&amp;height=280&amp;quality=85\" media=\"(min-width: 350px)\"><\/source><source srcset=\"https:\/\/www.infobae.com\/resizer\/v2\/LUGLATE7MRF2TCN6TSOGI6D5PY.jpeg?auth=09da403a24bd6eb7596a402f77a8d42f1df258da56b03e24e6069d6f7f08456b&amp;smart=true&amp;width=350&amp;height=233&amp;quality=85\" media=\"(min-width: 80px)\"><\/source><img alt=\"Victoria Villarruel participa de un acto en la Asociaci\u00f3n Rural de Chivilcoy\" class=\"global-image\" decoding=\"async\" fetchpriority=\"high\" height=\"853\" loading=\"eager\" src=\"https:\/\/www.infobae.com\/resizer\/v2\/LUGLATE7MRF2TCN6TSOGI6D5PY.jpeg?auth=09da403a24bd6eb7596a402f77a8d42f1df258da56b03e24e6069d6f7f08456b&amp;smart=true&amp;width=350&amp;height=233&amp;quality=85\" width=\"1280\"><\/picture><\/div>\n<div class=\"sharebar-container display_flex sharebar-new\" style=\"opacity:1\">\n<div class=\"share-bar-article-date-container \"><span class=\"sharebar-article-date\">05 Sep, 2026 04:21 p. m. EST<\/span><\/div>\n<div class=\"sharebar-buttons-container display_flex\">\n<div aria-label=\"Guardar\" class=\"sharebar-buttons button-save\" role=\"button\" tabindex=\"0\"><svg width=\"9\" height=\"12\" viewbox=\"0 0 8 10\" fill=\"none\" xmlns=\"http:\/\/www.w3.org\/2000\/svg\" class=\"saved-icon saved\"><path d=\"M6.64286 0.5V9.31687L4.1116 7.16407L4.11106 7.16361C3.79894 6.89891 3.34392 6.89891 3.03179 7.16361L3.03126 7.16407L0.5 9.31687V0.5H6.64286Z\"><\/path><\/svg><span class=\"buttons-save-text\">Guardar<\/span><\/div>\n<div class=\"sharebar-buttons-separator\"><\/div>\n<p><button class=\"sharemenu-buttons display_flex\" aria-label=\"Compartir en Telegram\"><svg width=\"38\" height=\"38\" viewbox=\"0 0 38 38\" fill=\"none\" xmlns=\"http:\/\/www.w3.org\/2000\/svg\"><rect x=\"0.5\" y=\"0.5\" width=\"37\" height=\"37\" rx=\"18.5\" fill=\"white\"><\/rect><rect x=\"0.5\" y=\"0.5\" width=\"37\" height=\"37\" rx=\"18.5\" stroke=\"#C2C2C2\"><\/rect><path d=\"M24.9696 12.5511L10.3405 18.0494C10.0623 18.151 9.92701 18.4484 10.0398 18.7168C10.0999 18.8619 10.2277 18.9779 10.3856 19.0214L14.1068 20.0805L15.4975 24.3312C15.6028 24.6576 15.9636 24.839 16.2944 24.7374C16.3921 24.7084 16.4823 24.6504 16.5575 24.5778L18.482 22.6846L22.2558 25.354C22.6091 25.6006 23.0977 25.5281 23.3533 25.1872C23.421 25.1001 23.4661 24.9986 23.4887 24.897L25.9845 13.3707C26.0672 12.979 25.8116 12.5946 25.4056 12.5148C25.2628 12.4858 25.1124 12.5003 24.9771 12.5511M23.1429 15.1116L16.347 20.9147C16.2793 20.9727 16.2342 21.0525 16.2267 21.1395L15.9636 23.381C15.9636 23.4172 15.926 23.4462 15.8884 23.439C15.8583 23.439 15.8358 23.4172 15.8283 23.3955L14.7533 20.0442C14.7007 19.8919 14.7683 19.7251 14.9111 19.638L22.9399 14.836C23.0226 14.7852 23.1353 14.8142 23.1804 14.894C23.2255 14.9666 23.2105 15.0536 23.1504 15.1116\" fill=\"#555555\"><\/path><\/svg><\/button><button class=\"sharemenu-buttons display_flex\" aria-label=\"Compartir en Linkedin\"><svg width=\"38\" height=\"38\" viewbox=\"0 0 38 38\" fill=\"none\" xmlns=\"http:\/\/www.w3.org\/2000\/svg\"><rect x=\"0.5\" y=\"0.5\" width=\"37\" height=\"37\" rx=\"18.5\" fill=\"white\"><\/rect><rect x=\"0.5\" y=\"0.5\" width=\"37\" height=\"37\" rx=\"18.5\" stroke=\"#C2C2C2\"><\/rect><path d=\"M16.5556 27V16.2231H19.963V17.6949C20.0185 17.6368 20.0648 17.5787 20.1111 17.5206C20.8611 16.349 22.2037 15.739 23.537 15.981C25.3889 16.1359 26.8426 17.7046 26.9259 19.6411C26.9722 20.0478 27 20.4641 27 20.8708C27 22.817 27 24.7633 27 26.7095V26.9806H23.5741V26.6805C23.5741 24.8892 23.5741 23.0882 23.5741 21.2969C23.5741 20.8805 23.5278 20.4545 23.4259 20.0478C23.1945 19.1279 22.2963 18.5663 21.4074 18.8084C21.2037 18.8665 21 18.9633 20.8333 19.0989C20.3333 19.4281 20.0185 19.9897 19.9907 20.6094C19.9722 21.1419 19.9722 21.6842 19.9722 22.2167V26.9903H16.5648L16.5556 27ZM11.2222 27V16.2037H11.7407C12.6204 16.2037 13.5 16.2037 14.3796 16.2037C14.5833 16.2037 14.6482 16.2328 14.6482 16.4748V26.9903H11.2222V27ZM11.0093 12.8825C11.0093 11.8465 11.8055 11.0041 12.787 11.0041C12.8426 11.0041 12.8982 11.0041 12.9537 11.0041C13.9445 10.9363 14.7963 11.7206 14.8611 12.7567C14.8611 12.7954 14.8611 12.8438 14.8611 12.8825C14.8426 13.9283 14.0278 14.761 13.0278 14.7416C12.9907 14.7416 12.9537 14.7416 12.9259 14.7416H12.9074C11.9259 14.8191 11.0741 14.0445 11 13.0181C11 12.9697 11 12.931 11 12.8825H11.0093Z\" fill=\"#555555\"><\/path><\/svg><\/button><button class=\"sharemenu-buttons display_flex\" aria-label=\"Compartir en Twitter\"><svg width=\"38\" height=\"38\" viewbox=\"0 0 38 38\" fill=\"none\" xmlns=\"http:\/\/www.w3.org\/2000\/svg\"><rect x=\"0.5\" y=\"0.5\" width=\"37\" height=\"37\" rx=\"18.5\" fill=\"white\"><\/rect><rect x=\"0.5\" y=\"0.5\" width=\"37\" height=\"37\" rx=\"18.5\" stroke=\"#C2C2C2\"><\/rect><path d=\"M11.0391 11L17.2165 19.8249L11 27H12.399L17.8415 20.7182L22.2389 27H27L20.475 17.6786L26.2613 11H24.8623L19.85 16.7855L15.8001 11H11.0391ZM13.0965 12.101H15.2838L24.9423 25.8987H22.7551L13.0965 12.101Z\" fill=\"#555555\"><\/path><\/svg><\/button><button class=\"sharemenu-buttons display_flex\" aria-label=\"Compartir en Facebook\"><svg width=\"38\" height=\"38\" viewbox=\"0 0 38 38\" fill=\"none\" xmlns=\"http:\/\/www.w3.org\/2000\/svg\"><rect x=\"0.5\" y=\"0.5\" width=\"37\" height=\"37\" rx=\"18.5\" fill=\"white\"><\/rect><rect x=\"0.5\" y=\"0.5\" width=\"37\" height=\"37\" rx=\"18.5\" stroke=\"#C2C2C2\"><\/rect><path d=\"M17.3544 26.9921V18.9235H15V16.3346H17.3544V16.0805C17.3544 15.3816 17.3291 14.6748 17.3882 13.976C17.3882 12.8642 18.0633 11.8556 19.1266 11.3712C19.5232 11.1965 19.9452 11.0853 20.3755 11.0376C21.2532 10.9741 22.1308 10.99 23 11.0932V13.4201H22.7722C22.2743 13.4201 21.7848 13.4201 21.2869 13.436C20.73 13.4042 20.2489 13.8013 20.2152 14.3254C20.2152 14.373 20.2152 14.4128 20.2152 14.4604C20.1983 15.0481 20.2152 15.6357 20.2152 16.2234C20.2152 16.2552 20.2152 16.2949 20.2321 16.3267H22.9409C22.8228 17.2082 22.7046 18.0579 22.5865 18.9315H20.2236V27H17.3629L17.3544 26.9921Z\" fill=\"#555555\"><\/path><\/svg><\/button><button class=\"sharemenu-buttons display_flex\" aria-label=\"Compartir en Whatsapp\"><svg width=\"38\" height=\"38\" viewbox=\"0 0 38 38\" fill=\"none\" xmlns=\"http:\/\/www.w3.org\/2000\/svg\"><rect x=\"0.5\" y=\"0.5\" width=\"37\" height=\"37\" rx=\"18.5\" fill=\"white\"><\/rect><rect x=\"0.5\" y=\"0.5\" width=\"37\" height=\"37\" rx=\"18.5\" stroke=\"#C2C2C2\"><\/rect><path d=\"M21.2863 19.9439C21.0997 19.8551 20.9664 19.9262 20.8419 20.0861C20.6731 20.3261 20.4687 20.5483 20.2909 20.7794C20.1665 20.9393 20.0243 20.9749 19.8376 20.8949C18.6645 20.4239 17.7757 19.6506 17.1269 18.5841C17.0292 18.4242 17.038 18.2997 17.1536 18.1575C17.3225 17.9531 17.4824 17.7576 17.6157 17.5354C17.678 17.4287 17.7135 17.2599 17.678 17.1532C17.4735 16.6111 17.2425 16.0867 17.0114 15.5535C16.9669 15.4557 16.8781 15.3313 16.7892 15.3224C16.4248 15.2602 16.0426 15.1891 15.7316 15.4912C15.1094 16.0778 14.8784 16.7977 15.0383 17.6243C15.1805 18.3619 15.5983 18.9663 16.0426 19.5618C16.887 20.6638 17.8646 21.6237 19.1622 22.1925C19.7932 22.4769 20.4331 22.7613 21.1441 22.7613C21.2685 22.7613 21.393 22.7613 21.5085 22.7346C22.4506 22.5391 23.1172 22.0058 23.0816 21.0193C23.0816 20.9216 23.0194 20.7794 22.9483 20.7438C22.3973 20.4594 21.8462 20.2017 21.2863 19.9439Z\" fill=\"#555555\"><\/path><path d=\"M26.9482 17.8724C26.3972 13.4642 22.1401 10.3447 17.7229 11.1179C12.6481 11.9977 9.71521 17.2859 11.6883 21.9963C12.1948 22.6629 12.0615 23.3472 11.8216 24.0849C11.5105 25.027 11.2794 26.0046 11.0039 27C11.1194 26.9733 11.1994 26.9644 11.2794 26.9378C12.5059 26.6178 13.7324 26.3068 14.9411 25.9868C15.1544 25.9335 15.3144 25.9602 15.5099 26.0579C17.1719 26.8667 18.9227 27.0978 20.718 26.7067C24.833 25.7913 27.4548 22.0496 26.9305 17.8902L26.9482 17.8724ZM20.0515 25.4624C18.4784 25.7113 17.003 25.3913 15.6166 24.6003C15.5099 24.5381 15.3411 24.5115 15.2077 24.547C14.4612 24.7248 13.7146 24.9292 12.9147 25.1336C13.1192 24.3693 13.3058 23.6672 13.5102 22.9473C13.5635 22.7606 13.5369 22.6273 13.4391 22.4673C11.0039 18.5479 13.1014 13.5442 17.6163 12.5043C21.2868 11.6511 25.0285 14.1841 25.5884 17.908C26.1395 21.5519 23.6954 24.8936 20.0515 25.4624Z\" fill=\"#555555\"><\/path><\/svg><\/button><\/div>\n<\/div>\n<p class=\"paragraph\" data-paragraph-number=\"1\">La vicepresidenta <b>Victoria<\/b> <b>Villarruel <\/b>aprovecha cada fin de semana, con actos institucionales, <a href=\"https:\/\/www.infobae.com\/politica\/2026\/08\/15\/victoria-villarruel-sumo-otra-foto-opositora-junto-al-presidente-de-la-ucr-y-pidio-eliminar-las-retenciones\/\" target=\"_blank\" rel=\"noreferrer\" title=\"https:\/\/www.infobae.com\/politica\/2026\/08\/15\/victoria-villarruel-sumo-otra-foto-opositora-junto-al-presidente-de-la-ucr-y-pidio-eliminar-las-retenciones\/\">para diferenciarse del gobierno de <b>Javier Milei<\/b><\/a>, que apenas integra formalmente. Este s\u00e1bado, su agenda la llev\u00f3 a <b>Chivilcoy<\/b>, donde le exigi\u00f3 al Poder Ejecutivo una reforma impositiva y una pol\u00edtica productiva que incluya obras y una \u201cmejor infraestructura\u201d. <\/p>\n<div class=\"marfeel-recommender marfeel-recommender-1\"><\/div>\n<p class=\"paragraph\" data-paragraph-number=\"2\">\u201c<b>Tenemos un desaf\u00edo impostergable: la reforma impositiva<\/b>. Argentina necesita discutir seriamente un sistema tributario que premie al que produce, al que invierte y al que genera trabajo. <b>Esperamos que el Poder Ejecutivo tome nota de esta necesidad y env\u00ede los proyectos de ley necesarios<\/b> para avanzar en este sentido\u201d, sostuvo Villarruel, en su discurso inaugural de la 74\u00aa Exposici\u00f3n Rural de Chivilcoy.<b> <\/b><\/p>\n<div class=\"inline ad-wrapper dfpAd ad-inline ad-text ad-component-container\" style=\"--ad-shell-height:250px;--ad-shell-width:300px\" data-ad-wrapper=\"arcad\" data-ad-type=\"inline\" data-ad-slot=\"infobae\/politica\/nota\/inline\" data-ad-container=\"dfp\" data-ad-slot-name=\"infobae\/politica\/nota\/inline\">\n<p class=\"ad-shell-label\">PUBLICIDAD<\/p>\n<div id=\"infobae\/politica\/nota\/inline\" class=\"infobae\/politica\/nota\/inline arcad ad-slot-node ad-slot-node--boxed\" data-ad-slot-id=\"infobae\/politica\/nota\/inline\"><\/div>\n<\/div>\n<p class=\"paragraph\" data-paragraph-number=\"3\">Acompa\u00f1ada por el intendente <b>Guillermo Britos <\/b>y entidades agropecuarias, la titular del Senado situ\u00f3 a Chivilcoy como uno de los partidos productivos m\u00e1s importantes de la provincia de Buenos Aires, al destacar su perfil econ\u00f3mico vinculado al agro. Como dato central de ese entramado, se\u00f1al\u00f3 que el distrito produce <b>800 mil toneladas<\/b> anuales de <b>cereales <\/b>y <b>oleaginosas<\/b>.<\/p>\n<div class=\"marfeel-recommender marfeel-recommender-3\"><\/div>\n<div class=\"visual__image\"><picture><source srcset=\"https:\/\/www.infobae.com\/resizer\/v2\/AR7WWC27FNF5RNUBBLZRS42QVY.jpeg?auth=04048696444ead9903d75d14a5026a2fc76e7b824607bd8175b3648dfa9b68b3&amp;smart=true&amp;width=992&amp;height=661&amp;quality=85\" media=\"(min-width: 1000px)\"><\/source><source srcset=\"https:\/\/www.infobae.com\/resizer\/v2\/AR7WWC27FNF5RNUBBLZRS42QVY.jpeg?auth=04048696444ead9903d75d14a5026a2fc76e7b824607bd8175b3648dfa9b68b3&amp;smart=true&amp;width=768&amp;height=512&amp;quality=85\" media=\"(min-width: 768px)\"><\/source><source srcset=\"https:\/\/www.infobae.com\/resizer\/v2\/AR7WWC27FNF5RNUBBLZRS42QVY.jpeg?auth=04048696444ead9903d75d14a5026a2fc76e7b824607bd8175b3648dfa9b68b3&amp;smart=true&amp;width=577&amp;height=385&amp;quality=85\" media=\"(min-width: 580px)\"><\/source><source srcset=\"https:\/\/www.infobae.com\/resizer\/v2\/AR7WWC27FNF5RNUBBLZRS42QVY.jpeg?auth=04048696444ead9903d75d14a5026a2fc76e7b824607bd8175b3648dfa9b68b3&amp;smart=true&amp;width=420&amp;height=280&amp;quality=85\" media=\"(min-width: 350px)\"><\/source><source srcset=\"https:\/\/www.infobae.com\/resizer\/v2\/AR7WWC27FNF5RNUBBLZRS42QVY.jpeg?auth=04048696444ead9903d75d14a5026a2fc76e7b824607bd8175b3648dfa9b68b3&amp;smart=true&amp;width=350&amp;height=233&amp;quality=85\" media=\"(min-width: 80px)\"><\/source><img alt=\"Victoria Villarruel participa de un acto en la Asociaci\u00f3n Rural de Chivilcoy\" class=\"global-image\" decoding=\"async\" fetchpriority=\"low\" height=\"853\" loading=\"lazy\" src=\"https:\/\/www.infobae.com\/resizer\/v2\/AR7WWC27FNF5RNUBBLZRS42QVY.jpeg?auth=04048696444ead9903d75d14a5026a2fc76e7b824607bd8175b3648dfa9b68b3&amp;smart=true&amp;width=350&amp;height=233&amp;quality=85\" width=\"1280\"><\/picture><\/div>\n<p class=\"paragraph\" data-paragraph-number=\"4\">\u201cPorque cuando hablamos de producci\u00f3n de campo no hablamos solamente de lo que sucede detr\u00e1s de una tranquera. Hablamos de un sector productivo, de una serie de cadenas que atraviesan todo Chivilcoy mostr\u00e1ndonos algo fundamental: que el desarrollo comienza en el territorio\u201d, consider\u00f3 la vicepresidenta. <\/p>\n<div class=\"inline_2 ad-wrapper dfpAd ad-inline ad-text ad-component-container\" style=\"--ad-shell-height:250px;--ad-shell-width:300px\" data-ad-wrapper=\"arcad\" data-ad-type=\"inline_2\" data-ad-slot=\"infobae\/politica\/nota\/inline_2\" data-ad-container=\"dfp\" data-ad-slot-name=\"infobae\/politica\/nota\/inline_2\">\n<p class=\"ad-shell-label\">PUBLICIDAD<\/p>\n<div id=\"infobae\/politica\/nota\/inline_2\" class=\"infobae\/politica\/nota\/inline_2 arcad ad-slot-node ad-slot-node--boxed\" data-ad-slot-id=\"infobae\/politica\/nota\/inline_2\"><\/div>\n<\/div>\n<p class=\"paragraph\" data-paragraph-number=\"5\">En otro mensaje por elevaci\u00f3n a la Casa Rosada, formul\u00f3 como pedido \u201c<b>una pol\u00edtica productiva que mire mucho m\u00e1s al territorio<\/b>\u201d. \u201cAqu\u00ed se habl\u00f3 de los caminos rurales, los puentes, los desag\u00fces, la conectividad, la energ\u00eda y las rutas. Y toda infraestructura productiva y para producir m\u00e1s necesita mayor y mejor infraestructura. <b>El Estado no reemplaza al productor ni al empresario, pero tampoco puede desentenderse<\/b> de las condiciones necesarias para producir\u201d, consider\u00f3. <\/p>\n<div class=\"marfeel-recommender marfeel-recommender-5\"><\/div>\n<p class=\"paragraph\" data-paragraph-number=\"6\">En otro pasaje, reclam\u00f3 una articulaci\u00f3n m\u00e1s concreta \u201centre el sector p\u00fablico y el privado\u201d, al afirmar que si bien \u201cson dos responsabilidades diferentes\u201d, ambas \u201ctienen que trabajar detr\u00e1s de un mismo objetivo\u201d, que es \u201cdesarrollar el territorio para que se siga invirtiendo, arriesgando, innovando y generando empleo\u201d. <\/p>\n<div class=\"ad_1 ad-wrapper dfpAd ad-1-al-6 ad-text ad-component-container\" style=\"--ad-shell-height:250px;--ad-shell-width:300px\" data-ad-wrapper=\"arcad\" data-ad-type=\"ad_1\" data-ad-slot=\"infobae\/politica\/nota\/ad_1\" data-ad-container=\"dfp\" data-ad-slot-name=\"infobae\/politica\/nota\/ad_1\">\n<p class=\"ad-shell-label\">PUBLICIDAD<\/p>\n<div id=\"infobae\/politica\/nota\/ad_1\" class=\"infobae\/politica\/nota\/ad_1 arcad ad-slot-node ad-slot-node--boxed\" data-ad-slot-id=\"infobae\/politica\/nota\/ad_1\"><\/div>\n<\/div>\n<div class=\"visual__image\"><picture><source srcset=\"https:\/\/www.infobae.com\/resizer\/v2\/ACAWBG3CHZDPTHCRJF35CBJ3WE.jpeg?auth=68f8f392234ecc9051ea63f7bb34ce4831ce2d3a6fc3be7196599e27a07939f6&amp;smart=true&amp;width=992&amp;height=661&amp;quality=85\" media=\"(min-width: 1000px)\"><\/source><source srcset=\"https:\/\/www.infobae.com\/resizer\/v2\/ACAWBG3CHZDPTHCRJF35CBJ3WE.jpeg?auth=68f8f392234ecc9051ea63f7bb34ce4831ce2d3a6fc3be7196599e27a07939f6&amp;smart=true&amp;width=768&amp;height=512&amp;quality=85\" media=\"(min-width: 768px)\"><\/source><source srcset=\"https:\/\/www.infobae.com\/resizer\/v2\/ACAWBG3CHZDPTHCRJF35CBJ3WE.jpeg?auth=68f8f392234ecc9051ea63f7bb34ce4831ce2d3a6fc3be7196599e27a07939f6&amp;smart=true&amp;width=577&amp;height=385&amp;quality=85\" media=\"(min-width: 580px)\"><\/source><source srcset=\"https:\/\/www.infobae.com\/resizer\/v2\/ACAWBG3CHZDPTHCRJF35CBJ3WE.jpeg?auth=68f8f392234ecc9051ea63f7bb34ce4831ce2d3a6fc3be7196599e27a07939f6&amp;smart=true&amp;width=420&amp;height=280&amp;quality=85\" media=\"(min-width: 350px)\"><\/source><source srcset=\"https:\/\/www.infobae.com\/resizer\/v2\/ACAWBG3CHZDPTHCRJF35CBJ3WE.jpeg?auth=68f8f392234ecc9051ea63f7bb34ce4831ce2d3a6fc3be7196599e27a07939f6&amp;smart=true&amp;width=350&amp;height=233&amp;quality=85\" media=\"(min-width: 80px)\"><\/source><img alt=\"Victoria Villarruel participa de un acto en la Asociaci\u00f3n Rural de Chivilcoy\" class=\"global-image\" decoding=\"async\" fetchpriority=\"low\" height=\"853\" loading=\"lazy\" src=\"https:\/\/www.infobae.com\/resizer\/v2\/ACAWBG3CHZDPTHCRJF35CBJ3WE.jpeg?auth=68f8f392234ecc9051ea63f7bb34ce4831ce2d3a6fc3be7196599e27a07939f6&amp;smart=true&amp;width=350&amp;height=233&amp;quality=85\" width=\"1280\"><\/picture><\/div>\n<p class=\"paragraph\" data-paragraph-number=\"7\">En ese marco, insisti\u00f3 en que hay que \u201c<b>construir un sistema donde el que produce m\u00e1s, el que agrega valor y el que toma un trabajador tenga incentivos<\/b> para seguir creciendo\u201d. \u201cTenemos que producir m\u00e1s para ser competitivos, para exportar, para generar divisas y para incorporar tecnolog\u00eda. Pero fundamentalmente producir m\u00e1s para generar trabajo, porque la verdadera transformaci\u00f3n de una comunidad ocurre cuando la producci\u00f3n se convierte en empleo y el trabajo se convierte en salario, y el salario permite sostener una familia y ahorrar\u201d, complet\u00f3. <\/p>\n<p class=\"paragraph\" data-paragraph-number=\"8\">La actividad oficial reuni\u00f3 otra vez a Villarruel con el intendente Britos, tres veces electo al frente de la jefatura comunal, con quien ya hab\u00eda compartido en abril los actos por el <b>D\u00eda del Veterano <\/b>y de los <b>Ca\u00eddos en la Guerra de Malvinas<\/b>. Participaron del convite tambi\u00e9n la presidenta de Rural Chivilcoy, <b>Yamila Farrell<\/b>, el vicepresidente de CARBAP, <b>Fernando Ferrari<\/b>, y el referente local de Sociedad Rural Argentina, <b>Mart\u00edn J\u00e1uregui<\/b>, entre otros. <\/p>\n<div class=\"ad_2 ad-wrapper dfpAd ad-1-al-6 ad-text ad-component-container\" style=\"--ad-shell-height:250px;--ad-shell-width:300px\" data-ad-wrapper=\"arcad\" data-ad-type=\"ad_2\" data-ad-slot=\"infobae\/politica\/nota\/ad_2\" data-ad-container=\"dfp\" data-ad-slot-name=\"infobae\/politica\/nota\/ad_2\">\n<p class=\"ad-shell-label\">PUBLICIDAD<\/p>\n<div id=\"infobae\/politica\/nota\/ad_2\" class=\"infobae\/politica\/nota\/ad_2 arcad ad-slot-node ad-slot-node--boxed\" data-ad-slot-id=\"infobae\/politica\/nota\/ad_2\"><\/div>\n<\/div>\n<p class=\"paragraph\" data-paragraph-number=\"9\">Entre los discursos, se escucharon varios de reclamos sectoriales, como la exigencia para que se apliquen \u201c<b>retenciones cero<\/b>\u201d a los productos del campo, que fue una promesa de campa\u00f1a de Javier Milei. Britos critic\u00f3 al Gobierno por la concesi\u00f3n de la RN\u00b0 5 por 20 a\u00f1os, sin la obligaci\u00f3n de construir la autov\u00eda o una tercera mano. <\/p>\n<p class=\"paragraph\" data-paragraph-number=\"10\">Otros, como Ferrari, apunt\u00f3 contra la <b>Resoluci\u00f3n 201\/2026 <\/b>del Servicio Nacional de Sanidad y Calidad Agroalimentaria (<b>SENASA<\/b>), que establece la libre elecci\u00f3n de veterinarios privados acreditados.<b> <\/b>Advirti\u00f3 que el nuevo esquema de vacunaci\u00f3n podr\u00eda afectar la cobertura sanitaria de productores con rodeos peque\u00f1os, y pidi\u00f3 un <b>organismo \u201cfuerte\u201d<\/b>. <\/p>\n<div class=\"ad_3 ad-wrapper dfpAd ad-1-al-6 ad-text ad-component-container\" style=\"--ad-shell-height:250px;--ad-shell-width:300px\" data-ad-wrapper=\"arcad\" data-ad-type=\"ad_3\" data-ad-slot=\"infobae\/politica\/nota\/ad_3\" data-ad-container=\"dfp\" data-ad-slot-name=\"infobae\/politica\/nota\/ad_3\">\n<p class=\"ad-shell-label\">PUBLICIDAD<\/p>\n<div id=\"infobae\/politica\/nota\/ad_3\" class=\"infobae\/politica\/nota\/ad_3 arcad ad-slot-node ad-slot-node--boxed\" data-ad-slot-id=\"infobae\/politica\/nota\/ad_3\"><\/div>\n<\/div>\n<p class=\"paragraph\" data-paragraph-number=\"11\">En ese marco, la vicepresidenta aprovech\u00f3 la ocasi\u00f3n para defender las instituciones p\u00fablicas vinculadas al sector, y que sufrieron fuertes recortes en el presupuesto en los \u00faltimos a\u00f1os, como el mencionado SENASA, y el <b>INTA<\/b>, <b>INTI<\/b> y <b>CONICET<\/b>. \u201cTodo esto forma parte de uno de los dispositivos sociales m\u00e1s competitivos del planeta en el sector agropecuario\u201d, sostuvo. <\/p>\n<p class=\"paragraph\" data-paragraph-number=\"12\">Sobre el cierre de su intervenci\u00f3n, Villarruel concluy\u00f3: \u201c<b>Producci\u00f3n, salario, trabajo y familia<\/b>. <b>Estos son los pilares <\/b>sobre los cuales podemos construir una Argentina que vuelva a crecer desde el interior hacia el mundo\u201d. <\/p>\n<div class=\"ad_4 ad-wrapper dfpAd ad-1-al-6 ad-text ad-component-container\" style=\"--ad-shell-height:250px;--ad-shell-width:300px\" data-ad-wrapper=\"arcad\" data-ad-type=\"ad_4\" data-ad-slot=\"infobae\/politica\/nota\/ad_4\" data-ad-container=\"dfp\" data-ad-slot-name=\"infobae\/politica\/nota\/ad_4\">\n<p class=\"ad-shell-label\">PUBLICIDAD<\/p>\n<div id=\"infobae\/politica\/nota\/ad_4\" class=\"infobae\/politica\/nota\/ad_4 arcad ad-slot-node ad-slot-node--boxed\" data-ad-slot-id=\"infobae\/politica\/nota\/ad_4\"><\/div>\n<\/div>\n","protected":false},"excerpt":{"rendered":"<p>05 Sep, 2026 04:21 p. m. EST Guardar La vicepresidenta Victoria Villarruel aprovecha cada fin de semana, con actos institucionales, para diferenciarse del gobierno de Javier Milei, que apenas integra formalmente. Este s\u00e1bado, su agenda la llev\u00f3 a Chivilcoy, donde le exigi\u00f3 al Poder Ejecutivo una reforma impositiva y una pol\u00edtica productiva que incluya obras [&hellip;]<\/p>\n","protected":false},"author":1,"featured_media":25219,"comment_status":"open","ping_status":"open","sticky":false,"template":"","format":"standard","meta":{"footnotes":""},"categories":[1],"tags":[],"class_list":["post-25218","post","type-post","status-publish","format-standard","has-post-thumbnail","hentry","category-uncategorized"],"_links":{"self":[{"href":"https:\/\/cliente1.publisher.highstack.com.ar\/index.php?rest_route=\/wp\/v2\/posts\/25218","targetHints":{"allow":["GET"]}}],"collection":[{"href":"https:\/\/cliente1.publisher.highstack.com.ar\/index.php?rest_route=\/wp\/v2\/posts"}],"about":[{"href":"https:\/\/cliente1.publisher.highstack.com.ar\/index.php?rest_route=\/wp\/v2\/types\/post"}],"author":[{"embeddable":true,"href":"https:\/\/cliente1.publisher.highstack.com.ar\/index.php?rest_route=\/wp\/v2\/users\/1"}],"replies":[{"embeddable":true,"href":"https:\/\/cliente1.publisher.highstack.com.ar\/index.php?rest_route=%2Fwp%2Fv2%2Fcomments&post=25218"}],"version-history":[{"count":0,"href":"https:\/\/cliente1.publisher.highstack.com.ar\/index.php?rest_route=\/wp\/v2\/posts\/25218\/revisions"}],"wp:featuredmedia":[{"embeddable":true,"href":"https:\/\/cliente1.publisher.highstack.com.ar\/index.php?rest_route=\/wp\/v2\/media\/25219"}],"wp:attachment":[{"href":"https:\/\/cliente1.publisher.highstack.com.ar\/index.php?rest_route=%2Fwp%2Fv2%2Fmedia&parent=25218"}],"wp:term":[{"taxonomy":"category","embeddable":true,"href":"https:\/\/cliente1.publisher.highstack.com.ar\/index.php?rest_route=%2Fwp%2Fv2%2Fcategories&post=25218"},{"taxonomy":"post_tag","embeddable":true,"href":"https:\/\/cliente1.publisher.highstack.com.ar\/index.php?rest_route=%2Fwp%2Fv2%2Ftags&post=25218"}],"curies":[{"name":"wp","href":"https:\/\/api.w.org\/{rel}","templated":true}]}}