{"id":25210,"date":"2026-09-05T16:32:44","date_gmt":"2026-09-05T19:32:44","guid":{"rendered":"https:\/\/cliente1.publisher.highstack.com.ar\/?p=25210"},"modified":"2026-09-05T16:32:44","modified_gmt":"2026-09-05T19:32:44","slug":"todo-lo-que-el-pro-y-los-macri-ponen-en-juego-en-la-disputa-politica-de-caba-y-la-discusion-con-lla","status":"publish","type":"post","link":"https:\/\/cliente1.publisher.highstack.com.ar\/?p=25210","title":{"rendered":"Todo lo que el PRO y los Macri ponen en juego en la disputa pol\u00edtica de CABA y la discusi\u00f3n con LLA"},"content":{"rendered":"<div class=\"visual__image image-initial-width\"><picture><source srcset=\"https:\/\/www.infobae.com\/resizer\/v2\/3DEP2I2T3JFDTDNNLDHI6U5TMM.png?auth=4886621e3e7e5c49b9b8318630cdc698fe4313813ea6fe442701bc60d37d1d6b&amp;smart=true&amp;width=992&amp;height=554&amp;quality=85\" media=\"(min-width: 1000px)\"><\/source><source srcset=\"https:\/\/www.infobae.com\/resizer\/v2\/3DEP2I2T3JFDTDNNLDHI6U5TMM.png?auth=4886621e3e7e5c49b9b8318630cdc698fe4313813ea6fe442701bc60d37d1d6b&amp;smart=true&amp;width=768&amp;height=429&amp;quality=85\" media=\"(min-width: 768px)\"><\/source><source srcset=\"https:\/\/www.infobae.com\/resizer\/v2\/3DEP2I2T3JFDTDNNLDHI6U5TMM.png?auth=4886621e3e7e5c49b9b8318630cdc698fe4313813ea6fe442701bc60d37d1d6b&amp;smart=true&amp;width=577&amp;height=322&amp;quality=85\" media=\"(min-width: 580px)\"><\/source><source srcset=\"https:\/\/www.infobae.com\/resizer\/v2\/3DEP2I2T3JFDTDNNLDHI6U5TMM.png?auth=4886621e3e7e5c49b9b8318630cdc698fe4313813ea6fe442701bc60d37d1d6b&amp;smart=true&amp;width=420&amp;height=234&amp;quality=85\" media=\"(min-width: 350px)\"><\/source><source srcset=\"https:\/\/www.infobae.com\/resizer\/v2\/3DEP2I2T3JFDTDNNLDHI6U5TMM.png?auth=4886621e3e7e5c49b9b8318630cdc698fe4313813ea6fe442701bc60d37d1d6b&amp;smart=true&amp;width=350&amp;height=195&amp;quality=85\" media=\"(min-width: 80px)\"><\/source><img alt=\"Ilustraci\u00f3n en acuarela de Mauricio Macri saltando una barrera pl\u00e1stica roja en un paseo arbolado con varias personas observando.\" class=\"global-image\" decoding=\"async\" fetchpriority=\"high\" height=\"1536\" loading=\"eager\" src=\"https:\/\/www.infobae.com\/resizer\/v2\/3DEP2I2T3JFDTDNNLDHI6U5TMM.png?auth=4886621e3e7e5c49b9b8318630cdc698fe4313813ea6fe442701bc60d37d1d6b&amp;smart=true&amp;width=350&amp;height=195&amp;quality=85\" width=\"2752\"><\/picture><\/div>\n<div class=\"sharebar-container display_flex sharebar-new\" style=\"opacity:1\">\n<div class=\"share-bar-article-date-container \"><span class=\"sharebar-article-date\">05 Sep, 2026 02:46 p. m. EST<\/span><\/div>\n<div class=\"sharebar-buttons-container display_flex\">\n<div aria-label=\"Guardar\" class=\"sharebar-buttons button-save\" role=\"button\" tabindex=\"0\"><svg width=\"9\" height=\"12\" viewbox=\"0 0 8 10\" fill=\"none\" xmlns=\"http:\/\/www.w3.org\/2000\/svg\" class=\"saved-icon saved\"><path d=\"M6.64286 0.5V9.31687L4.1116 7.16407L4.11106 7.16361C3.79894 6.89891 3.34392 6.89891 3.03179 7.16361L3.03126 7.16407L0.5 9.31687V0.5H6.64286Z\"><\/path><\/svg><span class=\"buttons-save-text\">Guardar<\/span><\/div>\n<div class=\"sharebar-buttons-separator\"><\/div>\n<p><button class=\"sharemenu-buttons display_flex\" aria-label=\"Compartir en Telegram\"><svg width=\"38\" height=\"38\" viewbox=\"0 0 38 38\" fill=\"none\" xmlns=\"http:\/\/www.w3.org\/2000\/svg\"><rect x=\"0.5\" y=\"0.5\" width=\"37\" height=\"37\" rx=\"18.5\" fill=\"white\"><\/rect><rect x=\"0.5\" y=\"0.5\" width=\"37\" height=\"37\" rx=\"18.5\" stroke=\"#C2C2C2\"><\/rect><path d=\"M24.9696 12.5511L10.3405 18.0494C10.0623 18.151 9.92701 18.4484 10.0398 18.7168C10.0999 18.8619 10.2277 18.9779 10.3856 19.0214L14.1068 20.0805L15.4975 24.3312C15.6028 24.6576 15.9636 24.839 16.2944 24.7374C16.3921 24.7084 16.4823 24.6504 16.5575 24.5778L18.482 22.6846L22.2558 25.354C22.6091 25.6006 23.0977 25.5281 23.3533 25.1872C23.421 25.1001 23.4661 24.9986 23.4887 24.897L25.9845 13.3707C26.0672 12.979 25.8116 12.5946 25.4056 12.5148C25.2628 12.4858 25.1124 12.5003 24.9771 12.5511M23.1429 15.1116L16.347 20.9147C16.2793 20.9727 16.2342 21.0525 16.2267 21.1395L15.9636 23.381C15.9636 23.4172 15.926 23.4462 15.8884 23.439C15.8583 23.439 15.8358 23.4172 15.8283 23.3955L14.7533 20.0442C14.7007 19.8919 14.7683 19.7251 14.9111 19.638L22.9399 14.836C23.0226 14.7852 23.1353 14.8142 23.1804 14.894C23.2255 14.9666 23.2105 15.0536 23.1504 15.1116\" fill=\"#555555\"><\/path><\/svg><\/button><button class=\"sharemenu-buttons display_flex\" aria-label=\"Compartir en Linkedin\"><svg width=\"38\" height=\"38\" viewbox=\"0 0 38 38\" fill=\"none\" xmlns=\"http:\/\/www.w3.org\/2000\/svg\"><rect x=\"0.5\" y=\"0.5\" width=\"37\" height=\"37\" rx=\"18.5\" fill=\"white\"><\/rect><rect x=\"0.5\" y=\"0.5\" width=\"37\" height=\"37\" rx=\"18.5\" stroke=\"#C2C2C2\"><\/rect><path d=\"M16.5556 27V16.2231H19.963V17.6949C20.0185 17.6368 20.0648 17.5787 20.1111 17.5206C20.8611 16.349 22.2037 15.739 23.537 15.981C25.3889 16.1359 26.8426 17.7046 26.9259 19.6411C26.9722 20.0478 27 20.4641 27 20.8708C27 22.817 27 24.7633 27 26.7095V26.9806H23.5741V26.6805C23.5741 24.8892 23.5741 23.0882 23.5741 21.2969C23.5741 20.8805 23.5278 20.4545 23.4259 20.0478C23.1945 19.1279 22.2963 18.5663 21.4074 18.8084C21.2037 18.8665 21 18.9633 20.8333 19.0989C20.3333 19.4281 20.0185 19.9897 19.9907 20.6094C19.9722 21.1419 19.9722 21.6842 19.9722 22.2167V26.9903H16.5648L16.5556 27ZM11.2222 27V16.2037H11.7407C12.6204 16.2037 13.5 16.2037 14.3796 16.2037C14.5833 16.2037 14.6482 16.2328 14.6482 16.4748V26.9903H11.2222V27ZM11.0093 12.8825C11.0093 11.8465 11.8055 11.0041 12.787 11.0041C12.8426 11.0041 12.8982 11.0041 12.9537 11.0041C13.9445 10.9363 14.7963 11.7206 14.8611 12.7567C14.8611 12.7954 14.8611 12.8438 14.8611 12.8825C14.8426 13.9283 14.0278 14.761 13.0278 14.7416C12.9907 14.7416 12.9537 14.7416 12.9259 14.7416H12.9074C11.9259 14.8191 11.0741 14.0445 11 13.0181C11 12.9697 11 12.931 11 12.8825H11.0093Z\" fill=\"#555555\"><\/path><\/svg><\/button><button class=\"sharemenu-buttons display_flex\" aria-label=\"Compartir en Twitter\"><svg width=\"38\" height=\"38\" viewbox=\"0 0 38 38\" fill=\"none\" xmlns=\"http:\/\/www.w3.org\/2000\/svg\"><rect x=\"0.5\" y=\"0.5\" width=\"37\" height=\"37\" rx=\"18.5\" fill=\"white\"><\/rect><rect x=\"0.5\" y=\"0.5\" width=\"37\" height=\"37\" rx=\"18.5\" stroke=\"#C2C2C2\"><\/rect><path d=\"M11.0391 11L17.2165 19.8249L11 27H12.399L17.8415 20.7182L22.2389 27H27L20.475 17.6786L26.2613 11H24.8623L19.85 16.7855L15.8001 11H11.0391ZM13.0965 12.101H15.2838L24.9423 25.8987H22.7551L13.0965 12.101Z\" fill=\"#555555\"><\/path><\/svg><\/button><button class=\"sharemenu-buttons display_flex\" aria-label=\"Compartir en Facebook\"><svg width=\"38\" height=\"38\" viewbox=\"0 0 38 38\" fill=\"none\" xmlns=\"http:\/\/www.w3.org\/2000\/svg\"><rect x=\"0.5\" y=\"0.5\" width=\"37\" height=\"37\" rx=\"18.5\" fill=\"white\"><\/rect><rect x=\"0.5\" y=\"0.5\" width=\"37\" height=\"37\" rx=\"18.5\" stroke=\"#C2C2C2\"><\/rect><path d=\"M17.3544 26.9921V18.9235H15V16.3346H17.3544V16.0805C17.3544 15.3816 17.3291 14.6748 17.3882 13.976C17.3882 12.8642 18.0633 11.8556 19.1266 11.3712C19.5232 11.1965 19.9452 11.0853 20.3755 11.0376C21.2532 10.9741 22.1308 10.99 23 11.0932V13.4201H22.7722C22.2743 13.4201 21.7848 13.4201 21.2869 13.436C20.73 13.4042 20.2489 13.8013 20.2152 14.3254C20.2152 14.373 20.2152 14.4128 20.2152 14.4604C20.1983 15.0481 20.2152 15.6357 20.2152 16.2234C20.2152 16.2552 20.2152 16.2949 20.2321 16.3267H22.9409C22.8228 17.2082 22.7046 18.0579 22.5865 18.9315H20.2236V27H17.3629L17.3544 26.9921Z\" fill=\"#555555\"><\/path><\/svg><\/button><button class=\"sharemenu-buttons display_flex\" aria-label=\"Compartir en Whatsapp\"><svg width=\"38\" height=\"38\" viewbox=\"0 0 38 38\" fill=\"none\" xmlns=\"http:\/\/www.w3.org\/2000\/svg\"><rect x=\"0.5\" y=\"0.5\" width=\"37\" height=\"37\" rx=\"18.5\" fill=\"white\"><\/rect><rect x=\"0.5\" y=\"0.5\" width=\"37\" height=\"37\" rx=\"18.5\" stroke=\"#C2C2C2\"><\/rect><path d=\"M21.2863 19.9439C21.0997 19.8551 20.9664 19.9262 20.8419 20.0861C20.6731 20.3261 20.4687 20.5483 20.2909 20.7794C20.1665 20.9393 20.0243 20.9749 19.8376 20.8949C18.6645 20.4239 17.7757 19.6506 17.1269 18.5841C17.0292 18.4242 17.038 18.2997 17.1536 18.1575C17.3225 17.9531 17.4824 17.7576 17.6157 17.5354C17.678 17.4287 17.7135 17.2599 17.678 17.1532C17.4735 16.6111 17.2425 16.0867 17.0114 15.5535C16.9669 15.4557 16.8781 15.3313 16.7892 15.3224C16.4248 15.2602 16.0426 15.1891 15.7316 15.4912C15.1094 16.0778 14.8784 16.7977 15.0383 17.6243C15.1805 18.3619 15.5983 18.9663 16.0426 19.5618C16.887 20.6638 17.8646 21.6237 19.1622 22.1925C19.7932 22.4769 20.4331 22.7613 21.1441 22.7613C21.2685 22.7613 21.393 22.7613 21.5085 22.7346C22.4506 22.5391 23.1172 22.0058 23.0816 21.0193C23.0816 20.9216 23.0194 20.7794 22.9483 20.7438C22.3973 20.4594 21.8462 20.2017 21.2863 19.9439Z\" fill=\"#555555\"><\/path><path d=\"M26.9482 17.8724C26.3972 13.4642 22.1401 10.3447 17.7229 11.1179C12.6481 11.9977 9.71521 17.2859 11.6883 21.9963C12.1948 22.6629 12.0615 23.3472 11.8216 24.0849C11.5105 25.027 11.2794 26.0046 11.0039 27C11.1194 26.9733 11.1994 26.9644 11.2794 26.9378C12.5059 26.6178 13.7324 26.3068 14.9411 25.9868C15.1544 25.9335 15.3144 25.9602 15.5099 26.0579C17.1719 26.8667 18.9227 27.0978 20.718 26.7067C24.833 25.7913 27.4548 22.0496 26.9305 17.8902L26.9482 17.8724ZM20.0515 25.4624C18.4784 25.7113 17.003 25.3913 15.6166 24.6003C15.5099 24.5381 15.3411 24.5115 15.2077 24.547C14.4612 24.7248 13.7146 24.9292 12.9147 25.1336C13.1192 24.3693 13.3058 23.6672 13.5102 22.9473C13.5635 22.7606 13.5369 22.6273 13.4391 22.4673C11.0039 18.5479 13.1014 13.5442 17.6163 12.5043C21.2868 11.6511 25.0285 14.1841 25.5884 17.908C26.1395 21.5519 23.6954 24.8936 20.0515 25.4624Z\" fill=\"#555555\"><\/path><\/svg><\/button><\/div>\n<\/div>\n<p class=\"paragraph\" data-paragraph-number=\"1\">Un joven <b>Mauricio Macri<\/b>, de camisa celeste, pantal\u00f3n de gabardina, zapatos y profuso bigote negro, volv\u00eda a replicar en septiembre de 2007 una estrategia de marketing pol\u00edtico que ya le hab\u00eda dado resultado dos a\u00f1os antes, cuando fue electo diputado nacional. Todo estaba cuidado al detalle para la foto: el lugar, el sur de la Ciudad de Buenos Aires; la acci\u00f3n, <a href=\"https:\/\/www.infobae.com\/2007\/03\/07\/305245-mauricio-macri-volvio-saltar-el-bache\/\" target=\"_blank\" rel=\"noreferrer\" title=\"https:\/\/www.infobae.com\/2007\/03\/07\/305245-mauricio-macri-volvio-saltar-el-bache\/\"><b>saltar un bache<\/b><\/a>, un mensaje viral aunque todav\u00eda no hab\u00edan explotado las redes sociales.<\/p>\n<div class=\"marfeel-recommender marfeel-recommender-1\"><\/div>\n<p class=\"paragraph\" data-paragraph-number=\"2\">Casi dos d\u00e9cadas despu\u00e9s, el partido que fund\u00f3 controla<b> un aparato estatal con $17,347 billones de presupuesto anual<\/b>, decenas de organismos, empresas con contratos millonarios, incidencia en el Poder Judicial, y enfrenta la elecci\u00f3n de 2027 con todas las se\u00f1ales de alarma encendidas.<\/p>\n<div class=\"inline ad-wrapper dfpAd ad-inline ad-text ad-component-container\" style=\"--ad-shell-height:250px;--ad-shell-width:300px\" data-ad-wrapper=\"arcad\" data-ad-type=\"inline\" data-ad-slot=\"infobae\/politica\/nota\/inline\" data-ad-container=\"dfp\" data-ad-slot-name=\"infobae\/politica\/nota\/inline\">\n<p class=\"ad-shell-label\">PUBLICIDAD<\/p>\n<div id=\"infobae\/politica\/nota\/inline\" class=\"infobae\/politica\/nota\/inline arcad ad-slot-node ad-slot-node--boxed\" data-ad-slot-id=\"infobae\/politica\/nota\/inline\"><\/div>\n<\/div>\n<p class=\"paragraph\" data-paragraph-number=\"3\">El PRO lleva 20 a\u00f1os al frente de CABA de manera ininterrumpida (dos gestiones de Macri, dos de Horacio <b>Rodr\u00edguez Larreta<\/b> y la actual de <b>Jorge Macri<\/b>) y, como nunca antes, se encamina a un proceso de campa\u00f1a en una posici\u00f3n comprometida. La derrota en las legislativas de mayo de 2025, cuando LLA gan\u00f3 con Manuel <b>Adorni<\/b> como candidato, y el PJ qued\u00f3 en segundo lugar, marc\u00f3 un quiebre. Un importante dirigente amarillo, ante la consulta de <b>Infobae,<\/b> lo sintetiz\u00f3 con una frase: <b>\u201cEstamos mal, en terapia intensiva\u201d.<\/b><\/p>\n<div class=\"marfeel-recommender marfeel-recommender-3\"><\/div>\n<p class=\"paragraph\" data-paragraph-number=\"4\">Esa derrota, la reconstrucci\u00f3n pol\u00edtica que llev\u00f3 al alcalde porte\u00f1o a repensar la estrategia pol\u00edtica de la gesti\u00f3n -algo que mejor\u00f3 la percepci\u00f3n de la gesti\u00f3n, seg\u00fan las encuestas propias-, y una serie de movimientos internos, tens\u00f3 la relaci\u00f3n entre los primos Mauricio y Jorge Macri. Ambos coincidieron el 13 de agosto en <a href=\"https:\/\/www.infobae.com\/politica\/2026\/08\/13\/un-cortometraje-que-recrea-con-ia-el-encuentro-entre-san-martin-y-sarmiento-reunio-a-empresarios-y-dirigentes-de-todas-las-fuerzas-politicas\/\" target=\"_blank\" rel=\"noreferrer\" title=\"https:\/\/www.infobae.com\/politica\/2026\/08\/13\/un-cortometraje-que-recrea-con-ia-el-encuentro-entre-san-martin-y-sarmiento-reunio-a-empresarios-y-dirigentes-de-todas-las-fuerzas-politicas\/\">la presentaci\u00f3n del cortometraje <i>El Libertador<\/i> en la Facultad de Derecho<\/a> de la <b>Universidad de Buenos Aires<\/b> organizada por <i><b>Infobae<\/b><\/i><i>. <\/i>Un dirigente que conoce al detalle la interna amarilla se\u00f1al\u00f3 que, hoy por hoy, \u201c<b>no hay relaci\u00f3n<\/b>\u201d entre ambos, y grafic\u00f3: \u201cSon temas m\u00e1s personales y de posicionamiento de qui\u00e9n es el que manda\u201d.<\/p>\n<div class=\"inline_2 ad-wrapper dfpAd ad-inline ad-text ad-component-container\" style=\"--ad-shell-height:250px;--ad-shell-width:300px\" data-ad-wrapper=\"arcad\" data-ad-type=\"inline_2\" data-ad-slot=\"infobae\/politica\/nota\/inline_2\" data-ad-container=\"dfp\" data-ad-slot-name=\"infobae\/politica\/nota\/inline_2\">\n<p class=\"ad-shell-label\">PUBLICIDAD<\/p>\n<div id=\"infobae\/politica\/nota\/inline_2\" class=\"infobae\/politica\/nota\/inline_2 arcad ad-slot-node ad-slot-node--boxed\" data-ad-slot-id=\"infobae\/politica\/nota\/inline_2\"><\/div>\n<\/div>\n<div class=\"visual__image\"><picture><source srcset=\"https:\/\/www.infobae.com\/resizer\/v2\/TBXWGY24TBFVTMC2PMGAHF4CEY.jpeg?auth=e9f8c0214ce723d6c289323760d1644e79e98f56086c26773e1cbfcb93e365a7&amp;smart=true&amp;width=992&amp;height=558&amp;quality=85\" media=\"(min-width: 1000px)\"><\/source><source srcset=\"https:\/\/www.infobae.com\/resizer\/v2\/TBXWGY24TBFVTMC2PMGAHF4CEY.jpeg?auth=e9f8c0214ce723d6c289323760d1644e79e98f56086c26773e1cbfcb93e365a7&amp;smart=true&amp;width=768&amp;height=432&amp;quality=85\" media=\"(min-width: 768px)\"><\/source><source srcset=\"https:\/\/www.infobae.com\/resizer\/v2\/TBXWGY24TBFVTMC2PMGAHF4CEY.jpeg?auth=e9f8c0214ce723d6c289323760d1644e79e98f56086c26773e1cbfcb93e365a7&amp;smart=true&amp;width=577&amp;height=325&amp;quality=85\" media=\"(min-width: 580px)\"><\/source><source srcset=\"https:\/\/www.infobae.com\/resizer\/v2\/TBXWGY24TBFVTMC2PMGAHF4CEY.jpeg?auth=e9f8c0214ce723d6c289323760d1644e79e98f56086c26773e1cbfcb93e365a7&amp;smart=true&amp;width=420&amp;height=236&amp;quality=85\" media=\"(min-width: 350px)\"><\/source><source srcset=\"https:\/\/www.infobae.com\/resizer\/v2\/TBXWGY24TBFVTMC2PMGAHF4CEY.jpeg?auth=e9f8c0214ce723d6c289323760d1644e79e98f56086c26773e1cbfcb93e365a7&amp;smart=true&amp;width=350&amp;height=197&amp;quality=85\" media=\"(min-width: 80px)\"><\/source><img alt=\"Reuni\u00f3n del Gobierno y PRO en Casa Rosada santilli, de andres, ritondo, martin menem y lule menem\" class=\"global-image\" decoding=\"async\" fetchpriority=\"low\" height=\"1080\" loading=\"lazy\" src=\"https:\/\/www.infobae.com\/resizer\/v2\/TBXWGY24TBFVTMC2PMGAHF4CEY.jpeg?auth=e9f8c0214ce723d6c289323760d1644e79e98f56086c26773e1cbfcb93e365a7&amp;smart=true&amp;width=350&amp;height=197&amp;quality=85\" width=\"1920\"><\/picture><\/div>\n<p class=\"paragraph\" data-paragraph-number=\"5\">El mapa de lo que est\u00e1 en disputa es concreto. El PRO administra una gran<b> <\/b>estructura de subsecretar\u00edas, direcciones generales y miles de cargos, seis secretar\u00edas transversales y un universo de organismos descentralizados que incluye al <b>Banco Ciudad<\/b>, a <b>Autopistas Urbanas S.A.<\/b>, <b>Subterr\u00e1neos de Buenos Aires<\/b>, al <b>Instituto de Vivienda de la Ciudad<\/b>, a la <b>Loter\u00eda de la Ciudad <\/b>y a la <b>Corporaci\u00f3n Antiguo Puerto Madero S.A.<\/b>, entre otros. <\/p>\n<div class=\"marfeel-recommender marfeel-recommender-5\"><\/div>\n<p class=\"paragraph\" data-paragraph-number=\"6\">Un ejemplo: dentro de ese universo, <b>AUSA<\/b> ocupa un lugar particular. La empresa estatal gestiona 50 kil\u00f3metros de autopistas urbanas y tiene concesi\u00f3n hasta 2049. <b>Carlos Mar\u00eda Frugoni<\/b>, designado por el propio Mauricio Macri al frente de AUSA en 2007, presidi\u00f3 la empresa durante casi dos d\u00e9cadas hasta marzo de 2025. En noviembre de 2015, la <b>Auditor\u00eda General de la Ciudad<\/b> present\u00f3 una denuncia en su contra, entre otros funcionarios, por presuntas irregularidades en la licitaci\u00f3n del Paseo del Bajo.<\/p>\n<div class=\"ad_1 ad-wrapper dfpAd ad-1-al-6 ad-text ad-component-container\" style=\"--ad-shell-height:250px;--ad-shell-width:300px\" data-ad-wrapper=\"arcad\" data-ad-type=\"ad_1\" data-ad-slot=\"infobae\/politica\/nota\/ad_1\" data-ad-container=\"dfp\" data-ad-slot-name=\"infobae\/politica\/nota\/ad_1\">\n<p class=\"ad-shell-label\">PUBLICIDAD<\/p>\n<div id=\"infobae\/politica\/nota\/ad_1\" class=\"infobae\/politica\/nota\/ad_1 arcad ad-slot-node ad-slot-node--boxed\" data-ad-slot-id=\"infobae\/politica\/nota\/ad_1\"><\/div>\n<\/div>\n<p class=\"paragraph\" data-paragraph-number=\"7\">En enero de 2026, el presidente <b>Javier Milei<\/b> lo design\u00f3 al frente de la Secretar\u00eda de Coordinaci\u00f3n de Infraestructura de la Naci\u00f3n, pero en abril de este a\u00f1o<a href=\"https:\/\/www.infobae.com\/politica\/2026\/04\/28\/oficializaron-la-renuncia-de-carlos-frugoni-y-el-nombramiento-del-nuevo-secretario-de-coordinacion-de-infraestructura\/\" target=\"_blank\" rel=\"noreferrer\" title=\"https:\/\/www.infobae.com\/politica\/2026\/04\/28\/oficializaron-la-renuncia-de-carlos-frugoni-y-el-nombramiento-del-nuevo-secretario-de-coordinacion-de-infraestructura\/\"> renunci\u00f3 al cargo <\/a>tras la difusi\u00f3n p\u00fablica de que ten\u00eda siete propiedades en Miami sin declarar ante la Oficina Anticorrupci\u00f3n y ARCA, inmuebles adquiridos entre 2020 y 2022.<\/p>\n<p class=\"paragraph\" data-paragraph-number=\"8\">M\u00e1s all\u00e1 del Ejecutivo, el entramado del poder porte\u00f1o incluye la influencia en la designaci\u00f3n en los organismos de control, cuyo proceso se realiz\u00f3 en la Legislatura el pasado jueves. Hubo negociaciones contra reloj y momentos de tensi\u00f3n entre los peronistas J<b>uan Manuel Olmos<\/b> y <b>V\u00edctor Santa Mar\u00eda<\/b> y el macrista <b>Cristian Gribaudo<\/b> (en representaci\u00f3n de <b>Daniel Angelici<\/b>). \u201cSe sacaron chispas buscando un acuerdo para designar los adjuntos de la Defensor\u00eda del Pueblo\u201d, indic\u00f3 a <b>Infobae <\/b>un importante dirigente parlamentario. <\/p>\n<div class=\"ad_2 ad-wrapper dfpAd ad-1-al-6 ad-text ad-component-container\" style=\"--ad-shell-height:250px;--ad-shell-width:300px\" data-ad-wrapper=\"arcad\" data-ad-type=\"ad_2\" data-ad-slot=\"infobae\/politica\/nota\/ad_2\" data-ad-container=\"dfp\" data-ad-slot-name=\"infobae\/politica\/nota\/ad_2\">\n<p class=\"ad-shell-label\">PUBLICIDAD<\/p>\n<div id=\"infobae\/politica\/nota\/ad_2\" class=\"infobae\/politica\/nota\/ad_2 arcad ad-slot-node ad-slot-node--boxed\" data-ad-slot-id=\"infobae\/politica\/nota\/ad_2\"><\/div>\n<\/div>\n<p class=\"paragraph\" data-paragraph-number=\"9\">En el reparto, <b>La C\u00e1mpora se qued\u00f3 con las manos vac\u00edas<\/b>. As\u00ed, quedaron designados<b> Mart\u00edn L\u00f3pez Zavaleta<\/b> como Fiscal General del Ministerio P\u00fablico Fiscal; la peronista <b>Mar\u00eda Rosa Mui\u00f1os<\/b> renueva al frente de la Defensor\u00eda del Pueblo, mientras que los adjuntos quedaron en manos del radical Carlos Antonio Palmiotti (propuesto por Angelici), la macrista Silke Mayra Arndt (cercana al secretario de Justicia porte\u00f1o, Francisco Quintana); Mar\u00eda Graciela Giorgione y Giselle Furcada, por LLA; y Facundo Maximiliano Saez, cercano a Oscar Zago.<\/p>\n<p class=\"paragraph\" data-paragraph-number=\"10\">Esa geometr\u00eda de negociaciones refleja el estado real de la Legislatura. El bloque del PRO, <b>Vamos por M\u00e1s<\/b>, tiene apenas <b>12 bancas sobre 60<\/b> \u2014la tercera fuerza, detr\u00e1s del peronismo de <b>Fuerza por Buenos Aires<\/b> (20 bancas) y de LLA (14)\u2014. Para las mayor\u00edas especiales de 40 votos que exigen los organismos de control, el acuerdo con el peronismo o con LLA result\u00f3 imprescindible. <\/p>\n<div class=\"ad_3 ad-wrapper dfpAd ad-1-al-6 ad-text ad-component-container\" style=\"--ad-shell-height:250px;--ad-shell-width:300px\" data-ad-wrapper=\"arcad\" data-ad-type=\"ad_3\" data-ad-slot=\"infobae\/politica\/nota\/ad_3\" data-ad-container=\"dfp\" data-ad-slot-name=\"infobae\/politica\/nota\/ad_3\">\n<p class=\"ad-shell-label\">PUBLICIDAD<\/p>\n<div id=\"infobae\/politica\/nota\/ad_3\" class=\"infobae\/politica\/nota\/ad_3 arcad ad-slot-node ad-slot-node--boxed\" data-ad-slot-id=\"infobae\/politica\/nota\/ad_3\"><\/div>\n<\/div>\n<div class=\"visual__image\"><picture><source srcset=\"https:\/\/www.infobae.com\/resizer\/v2\/3RXCXSZHHNEMPGR3INYRITXCNU.jpeg?auth=1b77d026b0dc66ae27488f0b26f45ce9d23986cafe688cd5eb71fc439897e732&amp;smart=true&amp;width=992&amp;height=558&amp;quality=85\" media=\"(min-width: 1000px)\"><\/source><source srcset=\"https:\/\/www.infobae.com\/resizer\/v2\/3RXCXSZHHNEMPGR3INYRITXCNU.jpeg?auth=1b77d026b0dc66ae27488f0b26f45ce9d23986cafe688cd5eb71fc439897e732&amp;smart=true&amp;width=768&amp;height=432&amp;quality=85\" media=\"(min-width: 768px)\"><\/source><source srcset=\"https:\/\/www.infobae.com\/resizer\/v2\/3RXCXSZHHNEMPGR3INYRITXCNU.jpeg?auth=1b77d026b0dc66ae27488f0b26f45ce9d23986cafe688cd5eb71fc439897e732&amp;smart=true&amp;width=577&amp;height=325&amp;quality=85\" media=\"(min-width: 580px)\"><\/source><source srcset=\"https:\/\/www.infobae.com\/resizer\/v2\/3RXCXSZHHNEMPGR3INYRITXCNU.jpeg?auth=1b77d026b0dc66ae27488f0b26f45ce9d23986cafe688cd5eb71fc439897e732&amp;smart=true&amp;width=420&amp;height=236&amp;quality=85\" media=\"(min-width: 350px)\"><\/source><source srcset=\"https:\/\/www.infobae.com\/resizer\/v2\/3RXCXSZHHNEMPGR3INYRITXCNU.jpeg?auth=1b77d026b0dc66ae27488f0b26f45ce9d23986cafe688cd5eb71fc439897e732&amp;smart=true&amp;width=350&amp;height=197&amp;quality=85\" media=\"(min-width: 80px)\"><\/source><img alt=\"Jorge Macri abre las sesiones de la Legislatura de CABA\" class=\"global-image\" decoding=\"async\" fetchpriority=\"low\" height=\"1080\" loading=\"lazy\" src=\"https:\/\/www.infobae.com\/resizer\/v2\/3RXCXSZHHNEMPGR3INYRITXCNU.jpeg?auth=1b77d026b0dc66ae27488f0b26f45ce9d23986cafe688cd5eb71fc439897e732&amp;smart=true&amp;width=350&amp;height=197&amp;quality=85\" width=\"1920\"><\/picture><\/div>\n<h2 class=\"text-align-left vertical-align-top line-height-100 header headline-class-h2 headline\" id=\"negociacion-nacional-y-limites-locales\">Negociaci\u00f3n nacional y l\u00edmites locales<\/h2>\n<p class=\"paragraph\" data-paragraph-number=\"11\">La <a href=\"https:\/\/www.infobae.com\/politica\/2026\/08\/27\/el-gobierno-recibe-al-pro-en-casa-rosada-para-afianzar-la-relacion-antes-del-ano-electoral\/\" target=\"_blank\" rel=\"noreferrer\" title=\"https:\/\/www.infobae.com\/politica\/2026\/08\/27\/el-gobierno-recibe-al-pro-en-casa-rosada-para-afianzar-la-relacion-antes-del-ano-electoral\/\">negociaci\u00f3n macro entre PRO y LLA<\/a> avanza a paso firme. El tandem <b>Cristian Ritondo<\/b> y <b>Fernando de Andreis <\/b>visit\u00f3 Casa Rosada dos veces en 15 d\u00edas para reunirse con <b>Mart\u00edn Menem <\/b>y <b>Eduardo \u201cLule\u201d Menem<\/b>, y la coordinaci\u00f3n del jefe de Gabinete, <b>Diego Santilli<\/b>, que todav\u00eda pertenece al PRO, para repasar un plan de acci\u00f3n que permita <b>formalizar un frente electoral \u201cen toda la Argentina\u201d<\/b>, seg\u00fan indicaron desde ambos lados.<b> Se prev\u00e9 otra cumbre la semana pr\u00f3xima. <\/b><\/p>\n<p class=\"paragraph\" data-paragraph-number=\"12\">Macri, ya se dijo, est\u00e1 al tanto de la negociaci\u00f3n nacional pero tambi\u00e9n le preocupa la Ciudad de Buenos Aires. Lo que espera el expresidente -que estas semanas estar\u00e1 con actividades en Europa- \u201ces recuperar una confianza que est\u00e1 quebrada\u201d con la dirigencia libertaria. Un paso en este sentido, insisten desde el PRO, es una coordinaci\u00f3n parlamentaria y <a href=\"https:\/\/www.infobae.com\/politica\/2026\/08\/27\/en-medio-de-la-negociacion-con-lla-el-pro-busca-normalizar-el-partido-en-las-provincias-y-macri-retoma-las-recorridas-por-el-interior\/\" target=\"_blank\" rel=\"noreferrer\" title=\"https:\/\/www.infobae.com\/politica\/2026\/08\/27\/en-medio-de-la-negociacion-con-lla-el-pro-busca-normalizar-el-partido-en-las-provincias-y-macri-retoma-las-recorridas-por-el-interior\/\">avanzar en la ley de Ficha Limpia<\/a>. Mientras tanto, el exministro de Econom\u00eda, Hern\u00e1n Lacunza, contin\u00faa con la aventura de mantener su precandidatura a presidente. <\/p>\n<div class=\"ad_4 ad-wrapper dfpAd ad-1-al-6 ad-text ad-component-container\" style=\"--ad-shell-height:250px;--ad-shell-width:300px\" data-ad-wrapper=\"arcad\" data-ad-type=\"ad_4\" data-ad-slot=\"infobae\/politica\/nota\/ad_4\" data-ad-container=\"dfp\" data-ad-slot-name=\"infobae\/politica\/nota\/ad_4\">\n<p class=\"ad-shell-label\">PUBLICIDAD<\/p>\n<div id=\"infobae\/politica\/nota\/ad_4\" class=\"infobae\/politica\/nota\/ad_4 arcad ad-slot-node ad-slot-node--boxed\" data-ad-slot-id=\"infobae\/politica\/nota\/ad_4\"><\/div>\n<\/div>\n<div class=\"jwplayer-ctn\"><script src=\"https:\/\/census-web.scorecardresearch.com\/plugins\/streaming-jwplayer\/v2\/current.js\"><\/script><\/p>\n<div class=\"\">\n<div id=\"OPLPCNI6XBGH7EPTQHAVG5MWHQ-custom_embed16\"><\/div>\n<\/div><figcaption class=\"jwplayer-figcaption\">El diputado macrista afirm\u00f3 que la definici\u00f3n de los candidatos porte\u00f1os quedar\u00e1 en manos de su partido, imagin\u00f3 f\u00f3rmulas compartidas en los 24 distritos del pa\u00eds y condicion\u00f3 la eliminaci\u00f3n de las primarias a la existencia de una alternativa clara<\/figcaption><\/div>\n<p class=\"paragraph\" data-paragraph-number=\"13\">En territorio porte\u00f1o el tiempo apremia. Hasta fin de a\u00f1o, Jorge Macri tiene tiempo para definir un desdoblamiento de las elecciones. Por eso, la certidumbre de un eventual acuerdo, y las condiciones, cobra m\u00e1s relevancia. \u201c<b>Si no nos ponemos de acuerdo, si vamos solos, las posibilidades son menores; inclusive crecen las chances del peronismo<\/b>\u201d, reconoci\u00f3 un importante funcionario porte\u00f1o. Por eso observan los pasos de <b>Pilar Ram\u00edrez<\/b>, jefa del bloque de LLA en la Legislatura porte\u00f1a, que comenz\u00f3 en las \u00faltimas semanas una serie de recorridas junto a ministros nacionales. <\/p>\n<p class=\"paragraph\" data-paragraph-number=\"14\">En esta l\u00ednea se inscribe la especulaci\u00f3n que hizo De Andreis en una entrevista con Luis Novaresio de una posible f\u00f3rmula de consenso entre Jorge Macri y Pilar Ram\u00edrez. <a rel=\"noopener noreferrer\" href=\"https:\/\/www.infobae.com\/politica\/2026\/09\/01\/fernando-de-andreis-hablo-de-las-reuniones-del-pro-con-el-gobierno-imagino-una-formula-jorge-macri-pilar-ramirez\/\" target=\"_blank\"><u><b>\u201cSi hay un acuerdo, el candidato es el que defina el PRO\u201d<\/b><\/u><\/a>, indic\u00f3 el diputado nacional. La r\u00e9plica libertaria no se hizo esperar: \u201cCuando te qued\u00e1s sin temas, empez\u00e1s a hablar de candidaturas\u201d, se\u00f1alaron cerca de la legisladora. <\/p>\n<div class=\"ad_5 ad-wrapper dfpAd ad-1-al-6 ad-text ad-component-container\" style=\"--ad-shell-height:250px;--ad-shell-width:300px\" data-ad-wrapper=\"arcad\" data-ad-type=\"ad_5\" data-ad-slot=\"infobae\/politica\/nota\/ad_5\" data-ad-container=\"dfp\" data-ad-slot-name=\"infobae\/politica\/nota\/ad_5\">\n<p class=\"ad-shell-label\">PUBLICIDAD<\/p>\n<div id=\"infobae\/politica\/nota\/ad_5\" class=\"infobae\/politica\/nota\/ad_5 arcad ad-slot-node ad-slot-node--boxed\" data-ad-slot-id=\"infobae\/politica\/nota\/ad_5\"><\/div>\n<\/div>\n<p class=\"paragraph\" data-paragraph-number=\"15\">M\u00e1s all\u00e1 del debate p\u00fablico, hay buena sinton\u00eda en privado, aunque se mantiene la desconfianza. El mejor escenario para el PRO es un acuerdo con LLA que le d\u00e9 la posibilidad de Jorge Macri de reelegir como jefe de Gobierno, pero si los libertarios buscan encabezar la f\u00f3rmula no hay acuerdo. \u201c<b>Si nos ponen a Patricia (Bullrich) como candidata, arrasan<\/b>\u201d, se sincer\u00f3 un importante dirigente porte\u00f1o.<\/p>\n<p class=\"paragraph\" data-paragraph-number=\"16\">El plan B que se analiza en el PRO porte\u00f1o es una alianza con partidos como la Coalici\u00f3n C\u00edvica y un sector del radicalismo, una suerte de reedici\u00f3n de Juntos por el Cambio. \u201cEs una alternativa para Jorge Macri, pero no veo una posibilidad de un acercamiento con Rodr\u00edguez Larreta ni que Mauricio Macri sea candidato en CABA\u201d, asegur\u00f3 otro dirigente. Son especulaciones que circulan en las oficinas de Uspallata y en los despachos legislativos. <\/p>\n<div class=\"ad_6 ad-wrapper dfpAd ad-1-al-6 ad-text ad-component-container\" style=\"--ad-shell-height:250px;--ad-shell-width:300px\" data-ad-wrapper=\"arcad\" data-ad-type=\"ad_6\" data-ad-slot=\"infobae\/politica\/nota\/ad_6\" data-ad-container=\"dfp\" data-ad-slot-name=\"infobae\/politica\/nota\/ad_6\">\n<p class=\"ad-shell-label\">PUBLICIDAD<\/p>\n<div id=\"infobae\/politica\/nota\/ad_6\" class=\"infobae\/politica\/nota\/ad_6 arcad ad-slot-node ad-slot-node--boxed\" data-ad-slot-id=\"infobae\/politica\/nota\/ad_6\"><\/div>\n<\/div>\n","protected":false},"excerpt":{"rendered":"<p>05 Sep, 2026 02:46 p. m. EST Guardar Un joven Mauricio Macri, de camisa celeste, pantal\u00f3n de gabardina, zapatos y profuso bigote negro, volv\u00eda a replicar en septiembre de 2007 una estrategia de marketing pol\u00edtico que ya le hab\u00eda dado resultado dos a\u00f1os antes, cuando fue electo diputado nacional. Todo estaba cuidado al detalle para [&hellip;]<\/p>\n","protected":false},"author":1,"featured_media":25211,"comment_status":"open","ping_status":"open","sticky":false,"template":"","format":"standard","meta":{"footnotes":""},"categories":[1],"tags":[],"class_list":["post-25210","post","type-post","status-publish","format-standard","has-post-thumbnail","hentry","category-uncategorized"],"_links":{"self":[{"href":"https:\/\/cliente1.publisher.highstack.com.ar\/index.php?rest_route=\/wp\/v2\/posts\/25210","targetHints":{"allow":["GET"]}}],"collection":[{"href":"https:\/\/cliente1.publisher.highstack.com.ar\/index.php?rest_route=\/wp\/v2\/posts"}],"about":[{"href":"https:\/\/cliente1.publisher.highstack.com.ar\/index.php?rest_route=\/wp\/v2\/types\/post"}],"author":[{"embeddable":true,"href":"https:\/\/cliente1.publisher.highstack.com.ar\/index.php?rest_route=\/wp\/v2\/users\/1"}],"replies":[{"embeddable":true,"href":"https:\/\/cliente1.publisher.highstack.com.ar\/index.php?rest_route=%2Fwp%2Fv2%2Fcomments&post=25210"}],"version-history":[{"count":0,"href":"https:\/\/cliente1.publisher.highstack.com.ar\/index.php?rest_route=\/wp\/v2\/posts\/25210\/revisions"}],"wp:featuredmedia":[{"embeddable":true,"href":"https:\/\/cliente1.publisher.highstack.com.ar\/index.php?rest_route=\/wp\/v2\/media\/25211"}],"wp:attachment":[{"href":"https:\/\/cliente1.publisher.highstack.com.ar\/index.php?rest_route=%2Fwp%2Fv2%2Fmedia&parent=25210"}],"wp:term":[{"taxonomy":"category","embeddable":true,"href":"https:\/\/cliente1.publisher.highstack.com.ar\/index.php?rest_route=%2Fwp%2Fv2%2Fcategories&post=25210"},{"taxonomy":"post_tag","embeddable":true,"href":"https:\/\/cliente1.publisher.highstack.com.ar\/index.php?rest_route=%2Fwp%2Fv2%2Ftags&post=25210"}],"curies":[{"name":"wp","href":"https:\/\/api.w.org\/{rel}","templated":true}]}}