{"id":25208,"date":"2026-09-05T16:32:41","date_gmt":"2026-09-05T19:32:41","guid":{"rendered":"https:\/\/cliente1.publisher.highstack.com.ar\/?p=25208"},"modified":"2026-09-05T16:32:41","modified_gmt":"2026-09-05T19:32:41","slug":"murio-otro-nene-de-dos-anos-tras-ser-atacado-por-un-pitbull-en-cordoba","status":"publish","type":"post","link":"https:\/\/cliente1.publisher.highstack.com.ar\/?p=25208","title":{"rendered":"Muri\u00f3 otro nene de dos a\u00f1os tras ser atacado por un pitbull en C\u00f3rdoba"},"content":{"rendered":"<p><\/p>\n<div>\n<p>Un <b>nene de dos a\u00f1os muri\u00f3 tras ser atacado por un pitbull en Alta Gracia<\/b>, provincia de C\u00f3rdoba, durante la tarde del pasado viernes. El hecho ocurri\u00f3 en una vivienda de barrio Villa Oviedo y motiv\u00f3 la intervenci\u00f3n de la Justicia, que orden\u00f3 la detenci\u00f3n del propietario del animal. <\/p>\n<p><!-- is a <br \/>--><\/p>\n<p>\u00a0<\/p>\n<p><!-- is a <br \/>--><\/p>\n<p><!-- is a object --><br \/>\n<!-- embed start --><!-- embed end --><br \/>\n<!-- end object --><\/p>\n<p>\u00a0<\/p>\n<p><!-- is a <br \/>--><\/p>\n<p>De acuerdo con la informaci\u00f3n publicada por <i>P\u00e1gina12<\/i>, las primeras reconstrucciones policiales y judiciales indican que el episodio ocurri\u00f3 alrededor de las 17 horas, en una casa ubicada en la zona de las calles Cervantes y Santa Mar\u00eda, cuando el peque\u00f1o se encontraba junto a su madre, una joven de 19 a\u00f1os. <\/p>\n<p><!-- is a <br \/>--><\/p>\n<p>\u00a0<\/p>\n<p><!-- is a <br \/>--><\/p>\n<p>La mujer se dispon\u00eda a ba\u00f1ar a su hijo cuando, por circunstancias que todav\u00eda son materia de investigaci\u00f3n, el pitbull atac\u00f3 al ni\u00f1o. Como consecuencia de la agresi\u00f3n, el menor sufri\u00f3 graves mordeduras en distintas partes del cuerpo. <\/p>\n<p><!-- is a <br \/>--><\/p>\n<p>\u00a0<\/p>\n<p><!-- is a <br \/>--><\/p>\n<p><!-- is a object --><br \/>\n<!-- embed start --><!-- embed end --><br \/>\n<!-- end object --><\/p>\n<p>\u00a0<\/p>\n<p><!-- is a <br \/>--><\/p>\n<p><!-- is a object --><\/p>\n<h3>El ni\u00f1o fue trasladado de urgencia al hospital<\/h3>\n<p><!-- end object --><\/p>\n<p>\u00a0<\/p>\n<p><!-- is a <br \/>--><\/p>\n<p>Tras el ataque se solicit\u00f3 inmediatamente asistencia a los servicios de emergencia. Efectivos policiales trasladaron al peque\u00f1o hasta el <b>Hospital Regional Arturo U. Illia<\/b>, donde fue recibido por profesionales m\u00e9dicos que intentaron asistirlo debido a la gravedad de las heridas. <\/p>\n<p><!-- is a <br \/>--><\/p>\n<p>\u00a0<\/p>\n<p><!-- is a <br \/>--><\/p>\n<p>Pese a las maniobras realizadas por el personal sanitario, alrededor de las 18 horas se confirm\u00f3 el fallecimiento. La m\u00e9dica Patricia Farini constat\u00f3 el deceso y determin\u00f3 que las lesiones sufridas por el menor hab\u00edan provocado da\u00f1os de extrema gravedad. <\/p>\n<p><!-- is a <br \/>--><\/p>\n<p>\u00a0<\/p>\n<p><!-- is a <br \/>--><\/p>\n<p><!-- is a object --><br \/>\n<!-- embed start --><!-- embed end --><br \/>\n<!-- end object --><\/p>\n<p>\u00a0<\/p>\n<p><!-- is a <br \/>--><\/p>\n<p>El perro pertenec\u00eda a un hombre de 30 a\u00f1os, conocido de la familia, quien se encontraba en la vivienda cuando ocurri\u00f3 el episodio. La Justicia inici\u00f3 una investigaci\u00f3n para determinar las responsabilidades y reconstruir con precisi\u00f3n las circunstancias que derivaron en el ataque. <\/p>\n<p><!-- is a <br \/>--><\/p>\n<p>\u00a0<\/p>\n<p><!-- is a <br \/>--><\/p>\n<p><!-- is a object --><\/p>\n<h3>Detuvieron al propietario del pitbull<\/h3>\n<p><!-- end object --><\/p>\n<p>\u00a0<\/p>\n<p><!-- is a <br \/>--><\/p>\n<p>Por disposici\u00f3n judicial, la Polic\u00eda despleg\u00f3 un procedimiento destinado a localizar y capturar al animal. Paralelamente, se orden\u00f3 la <b>detenci\u00f3n del due\u00f1o del pitbull<\/b>, quien qued\u00f3 imputado por el presunto delito de <b>homicidio culposo<\/b>. <\/p>\n<p><!-- is a <br \/>--><\/p>\n<p>\u00a0<\/p>\n<p><!-- is a <br \/>--><\/p>\n<p><!-- is a object --><br \/>\n<!-- embed start --><!-- embed end --><br \/>\n<!-- end object --><\/p>\n<p>\u00a0<\/p>\n<p><!-- is a <br \/>--><\/p>\n<p>La investigaci\u00f3n deber\u00e1 determinar, entre otros aspectos, cu\u00e1les eran las condiciones de tenencia del perro, c\u00f3mo se produjo el contacto con el ni\u00f1o y si existieron medidas de seguridad suficientes para impedir que el animal pudiera atacar al menor. <\/p>\n<p><!-- is a <br \/>--><\/p>\n<p>\u00a0<\/p>\n<p><!-- is a <br \/>--><\/p>\n<p>La causa qued\u00f3 bajo intervenci\u00f3n de la <b>Fiscal\u00eda de Turno N\u00ba 2 de Alta Gracia<\/b>, a cargo del fiscal Alejandro Peralta Ottonello. En el expediente tambi\u00e9n tom\u00f3 intervenci\u00f3n la Fiscal\u00eda de Primer Turno, encabezada por Diego Fern\u00e1ndez. <\/p>\n<p><!-- is a <br \/>--><\/p>\n<p>\u00a0<\/p>\n<p><!-- is a <br \/>--><\/p>\n<p><!-- is a object --><br \/>\n<!-- embed start --><!-- embed end --><br \/>\n<!-- end object --><\/p>\n<p>\u00a0<\/p>\n<p><!-- is a <br \/>--><\/p>\n<p><!-- is a object --><\/p>\n<h3>Preocupaci\u00f3n por los ataques de perros en C\u00f3rdoba<\/h3>\n<p><!-- end object --><\/p>\n<p>\u00a0<\/p>\n<p><!-- is a <br \/>--><\/p>\n<p>El caso volvi\u00f3 a poner en discusi\u00f3n la tenencia responsable de animales considerados potencialmente peligrosos. Seg\u00fan los datos difundidos tras el episodio, <b>C\u00f3rdoba acumula 11 casos graves de ataques de perros durante 2026<\/b>, una situaci\u00f3n que genera preocupaci\u00f3n en la provincia. <\/p>\n<p><!-- is a <br \/>--><\/p>\n<p>\u00a0<\/p>\n<p><!-- is a <br \/>--><\/p>\n<p>El hecho se produjo, adem\u00e1s, a menos de un mes de otro episodio fatal registrado en C\u00f3rdoba, cuando Salvador, un ni\u00f1o de tres a\u00f1os, perdi\u00f3 la vida luego de ser atacado por pitbulls. <\/p>\n<p><!-- is a <br \/>--><\/p>\n<p>\u00a0<\/p>\n<p><!-- is a <br \/>--><\/p>\n<p>En ese contexto, volvi\u00f3 a cobrar relevancia el debate sobre el cumplimiento de las normativas vinculadas con la tenencia responsable, los registros de perros y las medidas de prevenci\u00f3n.  <\/p>\n<p><!-- is a <br \/>--><\/p>\n<p>\u00a0<\/p>\n<p><!-- is a <br \/>--><\/p>\n<p><!-- is a object --><br \/>\n<!-- embed start --><!-- embed end --><br \/>\n<!-- end object --><\/p><\/div>\n","protected":false},"excerpt":{"rendered":"<p>Un nene de dos a\u00f1os muri\u00f3 tras ser atacado por un pitbull en Alta Gracia, provincia de C\u00f3rdoba, durante la tarde del pasado viernes. El hecho ocurri\u00f3 en una vivienda de barrio Villa Oviedo y motiv\u00f3 la intervenci\u00f3n de la Justicia, que orden\u00f3 la detenci\u00f3n del propietario del animal. \u00a0 \u00a0 De acuerdo con la [&hellip;]<\/p>\n","protected":false},"author":1,"featured_media":25209,"comment_status":"open","ping_status":"open","sticky":false,"template":"","format":"standard","meta":{"footnotes":""},"categories":[1],"tags":[],"class_list":["post-25208","post","type-post","status-publish","format-standard","has-post-thumbnail","hentry","category-uncategorized"],"_links":{"self":[{"href":"https:\/\/cliente1.publisher.highstack.com.ar\/index.php?rest_route=\/wp\/v2\/posts\/25208","targetHints":{"allow":["GET"]}}],"collection":[{"href":"https:\/\/cliente1.publisher.highstack.com.ar\/index.php?rest_route=\/wp\/v2\/posts"}],"about":[{"href":"https:\/\/cliente1.publisher.highstack.com.ar\/index.php?rest_route=\/wp\/v2\/types\/post"}],"author":[{"embeddable":true,"href":"https:\/\/cliente1.publisher.highstack.com.ar\/index.php?rest_route=\/wp\/v2\/users\/1"}],"replies":[{"embeddable":true,"href":"https:\/\/cliente1.publisher.highstack.com.ar\/index.php?rest_route=%2Fwp%2Fv2%2Fcomments&post=25208"}],"version-history":[{"count":0,"href":"https:\/\/cliente1.publisher.highstack.com.ar\/index.php?rest_route=\/wp\/v2\/posts\/25208\/revisions"}],"wp:featuredmedia":[{"embeddable":true,"href":"https:\/\/cliente1.publisher.highstack.com.ar\/index.php?rest_route=\/wp\/v2\/media\/25209"}],"wp:attachment":[{"href":"https:\/\/cliente1.publisher.highstack.com.ar\/index.php?rest_route=%2Fwp%2Fv2%2Fmedia&parent=25208"}],"wp:term":[{"taxonomy":"category","embeddable":true,"href":"https:\/\/cliente1.publisher.highstack.com.ar\/index.php?rest_route=%2Fwp%2Fv2%2Fcategories&post=25208"},{"taxonomy":"post_tag","embeddable":true,"href":"https:\/\/cliente1.publisher.highstack.com.ar\/index.php?rest_route=%2Fwp%2Fv2%2Ftags&post=25208"}],"curies":[{"name":"wp","href":"https:\/\/api.w.org\/{rel}","templated":true}]}}