{"id":25205,"date":"2026-09-05T15:56:31","date_gmt":"2026-09-05T18:56:31","guid":{"rendered":"https:\/\/cliente1.publisher.highstack.com.ar\/?p=25205"},"modified":"2026-09-05T15:56:33","modified_gmt":"2026-09-05T18:56:33","slug":"detuvieron-al-exgobernador-sergio-urribarri-luego-de-que-la-corte-suprema-dejara-firme-la-condena","status":"publish","type":"post","link":"https:\/\/cliente1.publisher.highstack.com.ar\/?p=25205","title":{"rendered":"Detuvieron al exgobernador Sergio Urribarri luego de que la Corte Suprema dejara firme la condena"},"content":{"rendered":"<p><\/p>\n<div>\t\t<!-- { REGION4 --> <\/p>\n<header class=\"news-headline\">\n<div class=\"news-headline__topics-and-date-wrapper\">    <span class=\"news-headline__publication-date\"> 5 de septiembre 2026 &#8211; 15:24<br \/>\n            <\/span><\/div>\n<h2 class=\"news-headline__article-summary\"\/>\n<p id=\"p-1788628663835-72315\" class=\"ignore-parser\"> La condena fue confirmada por al Corte Suprema. Urribarri gobern\u00f3 Entre R\u00edos entre 2007 y 2015, per\u00edodo en el que se acus\u00f3 de dirigir contrataciones de publicidad oficial de su gesti\u00f3n.<\/p>\n<\/header>\n<article class=\"article-body article-body--first-paragraph\" data-td-script-src=\"https:\/\/www.ambito.com\/td\/modulos\/encuestas\/js\/function-embeds-min-version-1788494872.js\">\n<p id=\"p-1788628678404-43314\">Luego de que la <strong>Corte Suprema de Justicia<\/strong> confirmara su condena por corrupci\u00f3n, el exgobernador de <strong>Entre R\u00edos Sergio Urribarri<\/strong> fue detenido el pasado viernes, en la causa que investiga el <strong>desv\u00edo de fondos p\u00fablicos durante su gesti\u00f3n<\/strong>. Tambi\u00e9n fueron arrestados su cu\u00f1ado, <strong>Juan Pablo Aguilera, y el exministro Pedro B\u00e1ez.<\/strong><\/p>\n<\/article>\n<section class=\"suscription-false printed-edition\" style=\"display:none\">\n<p>El contenido al que quiere acceder es exclusivo para suscriptores.<\/p>\n<p>  <span> <button type=\"button\" name=\"button\" class=\"subscribe-btn mercadopago-btn\">suscribirse<\/button><\/span>  <span class=\"btns\"><button type=\"button\" name=\"button\" class=\"subscribe-btn reload-login\"> ya estoy suscripto<\/button><\/span>  <\/p>\n<\/section>\n<article class=\"article-body article-body--second-paragraph\">\n<p id=\"p-1788628678404-83346\">Urribarri y Aguilera fueron trasladados a Paran\u00e1, donde quedar\u00e1n a disposici\u00f3n de la Justicia para comenzar a cumplir las penas impuestas, seg\u00fan TN. La detenci\u00f3n ocurri\u00f3<strong> horas despu\u00e9s de que el m\u00e1ximo tribunal rechazara los recursos extraordinarios<\/strong> presentados por las defensas. La resoluci\u00f3n fue firmada por los jueces <strong>Horacio Rosatti, Carlos Rosenkrantz y Ricardo Lorenzetti<\/strong>.<\/p>\n<\/article>\n<article class=\"article-body article-body--third-paragraph\">\n<h2 id=\"p-1788629923248-58078\"> Detuvieron al exgobernador Sergio Urribarri tras confirmarse su condena<\/h2>\n<p id=\"p-1788628684870-15626\" class=\"\">Urribarri hab\u00eda sido condenado el 7 de abril de 2022 a<strong> ocho a\u00f1os de prisi\u00f3n y a inhabilitaci\u00f3n perpetua para ejercer cargos p\u00fablicos<\/strong> por el Tribunal de Juicios y Apelaciones de Paran\u00e1. La investigaci\u00f3n se centr\u00f3 en el direccionamiento de contrataciones de publicidad oficial del gobierno provincial entre 2010 y 2015.<\/p>\n<\/article>\n<article class=\"article-body article-body--fourth-paragraph\">\n<p id=\"p-1788628684870-28729\" class=\"\">La acusaci\u00f3n se\u00f1al\u00f3 que durante ese per\u00edodo realizaron pagos a empresas sin actividad real y utilizaron un esquema de testaferros que habr\u00eda beneficiado a Aguilera. La causa tambi\u00e9n incluy\u00f3 gastos relacionados con la <strong>Cumbre del Mercosur realizada en Paran\u00e1 en 2014<\/strong>.<\/p>\n<\/article>\n<article class=\"article-body article-body--fifth-paragraph\">\n<div contenteditable=\"false\" class=\"embed_cont type_imagen\" id=\"6113977-Libre-957016860_wrap\">\n<div id=\"6113977-Libre-957016860_content\" class=\"embed_content\"><img decoding=\"async\" fetchpriority=\"low\" loading=\"lazy\" alt=\"La acusaci\u00f3n se\u00f1al\u00f3 que se realizaron pagos a empresas sin actividad real y utilizaron un esquema de testaferros.\" title=\"La acusaci\u00f3n se\u00f1al\u00f3 que se realizaron pagos a empresas sin actividad real y utilizaron un esquema de testaferros.\" width=\"768\" height=\"415\" id=\"6113977-Libre-957016860_embed\"\/><\/div>\n<div class=\"embed_wrapper-cont\" id=\"p-1788630283851-35250\">\n<div id=\"6113977-Libre-957016860_epigrafe\" class=\"embed_epigrafe\">\n<p id=\"p-1788628684870-28729\" class=\"\">La acusaci\u00f3n se\u00f1al\u00f3 que se realizaron pagos a empresas sin actividad real y utilizaron un esquema de testaferros.<\/p>\n<\/div><\/div>\n<\/p><\/div>\n<p id=\"p-1788628695496-39471\">En el mismo expediente,<strong> B\u00e1ez y Aguilera fueron condenados a seis a\u00f1os de prisi\u00f3n<\/strong>. La resoluci\u00f3n de la Corte tambi\u00e9n alcanz\u00f3 a otros seis condenados que hab\u00edan presentado recursos: <strong>Gerardo Daniel Caruso, Corina Cargnel, Emiliano Giacopuzzi, Luciana Bel\u00e9n Almada y Pedro \u00c1ngel B\u00e1ez, cuyos planteos fueron desestimados.<\/strong><\/p>\n<\/article>\n<article class=\"article-body article-body--remaining-paragraph\">\n<p id=\"p-1788628695496-7993\"> Urribarri gobern\u00f3 Entre R\u00edos entre 2007 y 2015 y luego se desempe\u00f1\u00f3 como embajador argentino en Israel. En noviembre de 2024 hab\u00eda sido detenido durante 50 d\u00edas por orden de la C\u00e1mara de Casaci\u00f3n Penal de Entre R\u00edos, tras considerarse que exist\u00eda riesgo de frustrar el proceso. Esa medida fue revocada en enero de 2025 y desde entonces permanec\u00eda en su domicilio a la espera de una resoluci\u00f3n definitiva.<\/p>\n<h2 id=\"p-1788629815229-91650\">La Corte Suprema dej\u00f3 firme la condena contra el exgobernador entrerriano Sergio Urribarri<\/h2>\n<p id=\"p-1788460769329-25544\">La Corte Suprema de Justicia de la Naci\u00f3n dej\u00f3 firme la <a href=\"https:\/\/www.ambito.com\/ambito-nacional\/entre-rios-elimino-las-pensiones-vitalicias-gobernadores-y-vicegobernadores-n6317831\" target=\"_blank\" rel=\"follow noopener\" data-mrf-recirculation=\"Article - Paragraph Links\" data-mrf-link=\"https:\/\/www.ambito.com\/ambito-nacional\/entre-rios-elimino-las-pensiones-vitalicias-gobernadores-y-vicegobernadores-n6317831\" cmp-ltrk=\"Article - Paragraph Links\" cmp-ltrk-idx=\"0\" mrfobservableid=\"71e0f287-6adf-4a22-8557-53f915af35f4\">condena a ocho a\u00f1os de prisi\u00f3n contra el exgobernador de Entre R\u00edos <strong>Sergio Urribarri<\/strong> por los delitos de <strong>peculado y negociaciones incompatibles con la funci\u00f3n p\u00fablica<\/strong>, en una causa por el direccionamiento de contrataciones de publicidad oficial.<\/p>\n<p id=\"p-1788460769329-87609\">Seg\u00fan la investigaci\u00f3n, <strong>Urribarri direccion\u00f3 contrataciones de publicidad del Estado provincial<\/strong> para fines particulares y en las maniobras result\u00f3 favorecido Aguilera, se\u00f1alado como responsable de un esquema de testaferros y cartelizaci\u00f3n destinado a captar fondos de la pauta oficial en v\u00eda p\u00fablica.<\/p>\n<p id=\"p-1788460769329-39774\">La acusaci\u00f3n comprendi\u00f3 cinco hechos principales, entre ellos el otorgamiento de pauta estatal a la empresa Global Means antes de que tuviera existencia efectiva; el manejo durante cinco a\u00f1os del negocio de carteler\u00eda oficial a trav\u00e9s de las firmas Tep SRL y Next SRL; y la denominada megacausa del \u201cSue\u00f1o Entrerriano\u201d.<\/p>\n<\/article>\n<p>\t\t<!-- REGION4 } --><\/div>\n<p><script>\n!function(f,b,e,v,n,t,s)\n{if(f.fbq)return;n=f.fbq=function(){n.callMethod?\nn.callMethod.apply(n,arguments):n.queue.push(arguments)};\nif(!f._fbq)f._fbq=n;n.push=n;n.loaded=!0;n.version='2.0';\nn.queue=[];t=b.createElement(e);t.async=!0;\nt.src=v;s=b.getElementsByTagName(e)[0];\ns.parentNode.insertBefore(t,s)}(window,document,'script',\n'\nfbq('init', '2047048335588113');\nfbq('track', 'PageView');\n<\/script><\/p>\n","protected":false},"excerpt":{"rendered":"<p>5 de septiembre 2026 &#8211; 15:24 La condena fue confirmada por al Corte Suprema. Urribarri gobern\u00f3 Entre R\u00edos entre 2007 y 2015, per\u00edodo en el que se acus\u00f3 de dirigir contrataciones de publicidad oficial de su gesti\u00f3n. Luego de que la Corte Suprema de Justicia confirmara su condena por corrupci\u00f3n, el exgobernador de Entre R\u00edos [&hellip;]<\/p>\n","protected":false},"author":1,"featured_media":25206,"comment_status":"open","ping_status":"open","sticky":false,"template":"","format":"standard","meta":{"footnotes":""},"categories":[1],"tags":[4,2214,99],"class_list":["post-25205","post","type-post","status-publish","format-standard","has-post-thumbnail","hentry","category-uncategorized","tag-entre-rios","tag-entrerriano","tag-sergio-urribarri"],"_links":{"self":[{"href":"https:\/\/cliente1.publisher.highstack.com.ar\/index.php?rest_route=\/wp\/v2\/posts\/25205","targetHints":{"allow":["GET"]}}],"collection":[{"href":"https:\/\/cliente1.publisher.highstack.com.ar\/index.php?rest_route=\/wp\/v2\/posts"}],"about":[{"href":"https:\/\/cliente1.publisher.highstack.com.ar\/index.php?rest_route=\/wp\/v2\/types\/post"}],"author":[{"embeddable":true,"href":"https:\/\/cliente1.publisher.highstack.com.ar\/index.php?rest_route=\/wp\/v2\/users\/1"}],"replies":[{"embeddable":true,"href":"https:\/\/cliente1.publisher.highstack.com.ar\/index.php?rest_route=%2Fwp%2Fv2%2Fcomments&post=25205"}],"version-history":[{"count":1,"href":"https:\/\/cliente1.publisher.highstack.com.ar\/index.php?rest_route=\/wp\/v2\/posts\/25205\/revisions"}],"predecessor-version":[{"id":25207,"href":"https:\/\/cliente1.publisher.highstack.com.ar\/index.php?rest_route=\/wp\/v2\/posts\/25205\/revisions\/25207"}],"wp:featuredmedia":[{"embeddable":true,"href":"https:\/\/cliente1.publisher.highstack.com.ar\/index.php?rest_route=\/wp\/v2\/media\/25206"}],"wp:attachment":[{"href":"https:\/\/cliente1.publisher.highstack.com.ar\/index.php?rest_route=%2Fwp%2Fv2%2Fmedia&parent=25205"}],"wp:term":[{"taxonomy":"category","embeddable":true,"href":"https:\/\/cliente1.publisher.highstack.com.ar\/index.php?rest_route=%2Fwp%2Fv2%2Fcategories&post=25205"},{"taxonomy":"post_tag","embeddable":true,"href":"https:\/\/cliente1.publisher.highstack.com.ar\/index.php?rest_route=%2Fwp%2Fv2%2Ftags&post=25205"}],"curies":[{"name":"wp","href":"https:\/\/api.w.org\/{rel}","templated":true}]}}