{"id":25200,"date":"2026-09-05T15:29:23","date_gmt":"2026-09-05T18:29:23","guid":{"rendered":"https:\/\/cliente1.publisher.highstack.com.ar\/?p=25200"},"modified":"2026-09-05T15:29:23","modified_gmt":"2026-09-05T18:29:23","slug":"por-que-crece-el-empleo-informal-la-explicacion-que-dio-milei-a-profesionales-de-las-finanzas","status":"publish","type":"post","link":"https:\/\/cliente1.publisher.highstack.com.ar\/?p=25200","title":{"rendered":"Por qu\u00e9 crece el empleo informal: la explicaci\u00f3n que dio Milei a profesionales de las finanzas"},"content":{"rendered":"<div class=\"visual__image image-initial-width\"><picture><source srcset=\"https:\/\/www.infobae.com\/resizer\/v2\/ZI7E5WXSAFDIDLN6LZSWGG6X7Y.jpg?auth=dc9550e6b32e1abb53c15d31bc76d2e20c6499553948a1160f1144f63640d7f4&amp;smart=true&amp;width=992&amp;height=661&amp;quality=85\" media=\"(min-width: 1000px)\"><\/source><source srcset=\"https:\/\/www.infobae.com\/resizer\/v2\/ZI7E5WXSAFDIDLN6LZSWGG6X7Y.jpg?auth=dc9550e6b32e1abb53c15d31bc76d2e20c6499553948a1160f1144f63640d7f4&amp;smart=true&amp;width=768&amp;height=512&amp;quality=85\" media=\"(min-width: 768px)\"><\/source><source srcset=\"https:\/\/www.infobae.com\/resizer\/v2\/ZI7E5WXSAFDIDLN6LZSWGG6X7Y.jpg?auth=dc9550e6b32e1abb53c15d31bc76d2e20c6499553948a1160f1144f63640d7f4&amp;smart=true&amp;width=577&amp;height=385&amp;quality=85\" media=\"(min-width: 580px)\"><\/source><source srcset=\"https:\/\/www.infobae.com\/resizer\/v2\/ZI7E5WXSAFDIDLN6LZSWGG6X7Y.jpg?auth=dc9550e6b32e1abb53c15d31bc76d2e20c6499553948a1160f1144f63640d7f4&amp;smart=true&amp;width=420&amp;height=280&amp;quality=85\" media=\"(min-width: 350px)\"><\/source><source srcset=\"https:\/\/www.infobae.com\/resizer\/v2\/ZI7E5WXSAFDIDLN6LZSWGG6X7Y.jpg?auth=dc9550e6b32e1abb53c15d31bc76d2e20c6499553948a1160f1144f63640d7f4&amp;smart=true&amp;width=350&amp;height=233&amp;quality=85\" media=\"(min-width: 80px)\"><\/source><img alt=\"Javier Milei abraza a un hombre con traje frente a una pantalla azul con el texto 47\u00b0 Convenci\u00f3n Anual\" class=\"global-image\" decoding=\"async\" fetchpriority=\"high\" height=\"2000\" loading=\"eager\" src=\"https:\/\/www.infobae.com\/resizer\/v2\/ZI7E5WXSAFDIDLN6LZSWGG6X7Y.jpg?auth=dc9550e6b32e1abb53c15d31bc76d2e20c6499553948a1160f1144f63640d7f4&amp;smart=true&amp;width=350&amp;height=233&amp;quality=85\" width=\"3000\"><\/picture><\/div>\n<div class=\"sharebar-container display_flex sharebar-new\" style=\"opacity:1\">\n<div class=\"share-bar-article-date-container \"><span class=\"sharebar-article-date\">05 Sep, 2026 02:13 p. m. EST<\/span><\/div>\n<div class=\"sharebar-buttons-container display_flex\">\n<div aria-label=\"Guardar\" class=\"sharebar-buttons button-save\" role=\"button\" tabindex=\"0\"><svg width=\"9\" height=\"12\" viewbox=\"0 0 8 10\" fill=\"none\" xmlns=\"http:\/\/www.w3.org\/2000\/svg\" class=\"saved-icon saved\"><path d=\"M6.64286 0.5V9.31687L4.1116 7.16407L4.11106 7.16361C3.79894 6.89891 3.34392 6.89891 3.03179 7.16361L3.03126 7.16407L0.5 9.31687V0.5H6.64286Z\"><\/path><\/svg><span class=\"buttons-save-text\">Guardar<\/span><\/div>\n<div class=\"sharebar-buttons-separator\"><\/div>\n<p><button class=\"sharemenu-buttons display_flex\" aria-label=\"Compartir en Telegram\"><svg width=\"38\" height=\"38\" viewbox=\"0 0 38 38\" fill=\"none\" xmlns=\"http:\/\/www.w3.org\/2000\/svg\"><rect x=\"0.5\" y=\"0.5\" width=\"37\" height=\"37\" rx=\"18.5\" fill=\"white\"><\/rect><rect x=\"0.5\" y=\"0.5\" width=\"37\" height=\"37\" rx=\"18.5\" stroke=\"#C2C2C2\"><\/rect><path d=\"M24.9696 12.5511L10.3405 18.0494C10.0623 18.151 9.92701 18.4484 10.0398 18.7168C10.0999 18.8619 10.2277 18.9779 10.3856 19.0214L14.1068 20.0805L15.4975 24.3312C15.6028 24.6576 15.9636 24.839 16.2944 24.7374C16.3921 24.7084 16.4823 24.6504 16.5575 24.5778L18.482 22.6846L22.2558 25.354C22.6091 25.6006 23.0977 25.5281 23.3533 25.1872C23.421 25.1001 23.4661 24.9986 23.4887 24.897L25.9845 13.3707C26.0672 12.979 25.8116 12.5946 25.4056 12.5148C25.2628 12.4858 25.1124 12.5003 24.9771 12.5511M23.1429 15.1116L16.347 20.9147C16.2793 20.9727 16.2342 21.0525 16.2267 21.1395L15.9636 23.381C15.9636 23.4172 15.926 23.4462 15.8884 23.439C15.8583 23.439 15.8358 23.4172 15.8283 23.3955L14.7533 20.0442C14.7007 19.8919 14.7683 19.7251 14.9111 19.638L22.9399 14.836C23.0226 14.7852 23.1353 14.8142 23.1804 14.894C23.2255 14.9666 23.2105 15.0536 23.1504 15.1116\" fill=\"#555555\"><\/path><\/svg><\/button><button class=\"sharemenu-buttons display_flex\" aria-label=\"Compartir en Linkedin\"><svg width=\"38\" height=\"38\" viewbox=\"0 0 38 38\" fill=\"none\" xmlns=\"http:\/\/www.w3.org\/2000\/svg\"><rect x=\"0.5\" y=\"0.5\" width=\"37\" height=\"37\" rx=\"18.5\" fill=\"white\"><\/rect><rect x=\"0.5\" y=\"0.5\" width=\"37\" height=\"37\" rx=\"18.5\" stroke=\"#C2C2C2\"><\/rect><path d=\"M16.5556 27V16.2231H19.963V17.6949C20.0185 17.6368 20.0648 17.5787 20.1111 17.5206C20.8611 16.349 22.2037 15.739 23.537 15.981C25.3889 16.1359 26.8426 17.7046 26.9259 19.6411C26.9722 20.0478 27 20.4641 27 20.8708C27 22.817 27 24.7633 27 26.7095V26.9806H23.5741V26.6805C23.5741 24.8892 23.5741 23.0882 23.5741 21.2969C23.5741 20.8805 23.5278 20.4545 23.4259 20.0478C23.1945 19.1279 22.2963 18.5663 21.4074 18.8084C21.2037 18.8665 21 18.9633 20.8333 19.0989C20.3333 19.4281 20.0185 19.9897 19.9907 20.6094C19.9722 21.1419 19.9722 21.6842 19.9722 22.2167V26.9903H16.5648L16.5556 27ZM11.2222 27V16.2037H11.7407C12.6204 16.2037 13.5 16.2037 14.3796 16.2037C14.5833 16.2037 14.6482 16.2328 14.6482 16.4748V26.9903H11.2222V27ZM11.0093 12.8825C11.0093 11.8465 11.8055 11.0041 12.787 11.0041C12.8426 11.0041 12.8982 11.0041 12.9537 11.0041C13.9445 10.9363 14.7963 11.7206 14.8611 12.7567C14.8611 12.7954 14.8611 12.8438 14.8611 12.8825C14.8426 13.9283 14.0278 14.761 13.0278 14.7416C12.9907 14.7416 12.9537 14.7416 12.9259 14.7416H12.9074C11.9259 14.8191 11.0741 14.0445 11 13.0181C11 12.9697 11 12.931 11 12.8825H11.0093Z\" fill=\"#555555\"><\/path><\/svg><\/button><button class=\"sharemenu-buttons display_flex\" aria-label=\"Compartir en Twitter\"><svg width=\"38\" height=\"38\" viewbox=\"0 0 38 38\" fill=\"none\" xmlns=\"http:\/\/www.w3.org\/2000\/svg\"><rect x=\"0.5\" y=\"0.5\" width=\"37\" height=\"37\" rx=\"18.5\" fill=\"white\"><\/rect><rect x=\"0.5\" y=\"0.5\" width=\"37\" height=\"37\" rx=\"18.5\" stroke=\"#C2C2C2\"><\/rect><path d=\"M11.0391 11L17.2165 19.8249L11 27H12.399L17.8415 20.7182L22.2389 27H27L20.475 17.6786L26.2613 11H24.8623L19.85 16.7855L15.8001 11H11.0391ZM13.0965 12.101H15.2838L24.9423 25.8987H22.7551L13.0965 12.101Z\" fill=\"#555555\"><\/path><\/svg><\/button><button class=\"sharemenu-buttons display_flex\" aria-label=\"Compartir en Facebook\"><svg width=\"38\" height=\"38\" viewbox=\"0 0 38 38\" fill=\"none\" xmlns=\"http:\/\/www.w3.org\/2000\/svg\"><rect x=\"0.5\" y=\"0.5\" width=\"37\" height=\"37\" rx=\"18.5\" fill=\"white\"><\/rect><rect x=\"0.5\" y=\"0.5\" width=\"37\" height=\"37\" rx=\"18.5\" stroke=\"#C2C2C2\"><\/rect><path d=\"M17.3544 26.9921V18.9235H15V16.3346H17.3544V16.0805C17.3544 15.3816 17.3291 14.6748 17.3882 13.976C17.3882 12.8642 18.0633 11.8556 19.1266 11.3712C19.5232 11.1965 19.9452 11.0853 20.3755 11.0376C21.2532 10.9741 22.1308 10.99 23 11.0932V13.4201H22.7722C22.2743 13.4201 21.7848 13.4201 21.2869 13.436C20.73 13.4042 20.2489 13.8013 20.2152 14.3254C20.2152 14.373 20.2152 14.4128 20.2152 14.4604C20.1983 15.0481 20.2152 15.6357 20.2152 16.2234C20.2152 16.2552 20.2152 16.2949 20.2321 16.3267H22.9409C22.8228 17.2082 22.7046 18.0579 22.5865 18.9315H20.2236V27H17.3629L17.3544 26.9921Z\" fill=\"#555555\"><\/path><\/svg><\/button><button class=\"sharemenu-buttons display_flex\" aria-label=\"Compartir en Whatsapp\"><svg width=\"38\" height=\"38\" viewbox=\"0 0 38 38\" fill=\"none\" xmlns=\"http:\/\/www.w3.org\/2000\/svg\"><rect x=\"0.5\" y=\"0.5\" width=\"37\" height=\"37\" rx=\"18.5\" fill=\"white\"><\/rect><rect x=\"0.5\" y=\"0.5\" width=\"37\" height=\"37\" rx=\"18.5\" stroke=\"#C2C2C2\"><\/rect><path d=\"M21.2863 19.9439C21.0997 19.8551 20.9664 19.9262 20.8419 20.0861C20.6731 20.3261 20.4687 20.5483 20.2909 20.7794C20.1665 20.9393 20.0243 20.9749 19.8376 20.8949C18.6645 20.4239 17.7757 19.6506 17.1269 18.5841C17.0292 18.4242 17.038 18.2997 17.1536 18.1575C17.3225 17.9531 17.4824 17.7576 17.6157 17.5354C17.678 17.4287 17.7135 17.2599 17.678 17.1532C17.4735 16.6111 17.2425 16.0867 17.0114 15.5535C16.9669 15.4557 16.8781 15.3313 16.7892 15.3224C16.4248 15.2602 16.0426 15.1891 15.7316 15.4912C15.1094 16.0778 14.8784 16.7977 15.0383 17.6243C15.1805 18.3619 15.5983 18.9663 16.0426 19.5618C16.887 20.6638 17.8646 21.6237 19.1622 22.1925C19.7932 22.4769 20.4331 22.7613 21.1441 22.7613C21.2685 22.7613 21.393 22.7613 21.5085 22.7346C22.4506 22.5391 23.1172 22.0058 23.0816 21.0193C23.0816 20.9216 23.0194 20.7794 22.9483 20.7438C22.3973 20.4594 21.8462 20.2017 21.2863 19.9439Z\" fill=\"#555555\"><\/path><path d=\"M26.9482 17.8724C26.3972 13.4642 22.1401 10.3447 17.7229 11.1179C12.6481 11.9977 9.71521 17.2859 11.6883 21.9963C12.1948 22.6629 12.0615 23.3472 11.8216 24.0849C11.5105 25.027 11.2794 26.0046 11.0039 27C11.1194 26.9733 11.1994 26.9644 11.2794 26.9378C12.5059 26.6178 13.7324 26.3068 14.9411 25.9868C15.1544 25.9335 15.3144 25.9602 15.5099 26.0579C17.1719 26.8667 18.9227 27.0978 20.718 26.7067C24.833 25.7913 27.4548 22.0496 26.9305 17.8902L26.9482 17.8724ZM20.0515 25.4624C18.4784 25.7113 17.003 25.3913 15.6166 24.6003C15.5099 24.5381 15.3411 24.5115 15.2077 24.547C14.4612 24.7248 13.7146 24.9292 12.9147 25.1336C13.1192 24.3693 13.3058 23.6672 13.5102 22.9473C13.5635 22.7606 13.5369 22.6273 13.4391 22.4673C11.0039 18.5479 13.1014 13.5442 17.6163 12.5043C21.2868 11.6511 25.0285 14.1841 25.5884 17.908C26.1395 21.5519 23.6954 24.8936 20.0515 25.4624Z\" fill=\"#555555\"><\/path><\/svg><\/button><\/div>\n<\/div>\n<p class=\"paragraph\" data-paragraph-number=\"1\">El presidente <b>Javier Milei<\/b> explic\u00f3 en Puerto Iguaz\u00fa que la falta de certezas sobre la continuidad de su programa econ\u00f3mico condiciona las decisiones de contrataci\u00f3n de las empresas. Durante la 47.\u00aa Convenci\u00f3n Anual del <a href=\"https:\/\/www.infobae.com\/politica\/2026\/09\/04\/tras-los-anuncios-sobre-malvinas-milei-hablo-en-clave-electoral-dudo-que-los-argentinos-sean-tan-tontos-de-querer-volver-al-pasado\/\" target=\"_blank\" rel=\"noreferrer\" title=\"https:\/\/www.infobae.com\/politica\/2026\/09\/04\/tras-los-anuncios-sobre-malvinas-milei-hablo-en-clave-electoral-dudo-que-los-argentinos-sean-tan-tontos-de-querer-volver-al-pasado\/\"><b>Instituto Argentino de Ejecutivos de Finanzas (IAEF)<\/b><\/a>, el mandatario vincul\u00f3 esa incertidumbre con el crecimiento de modalidades laborales transitorias, en un escenario donde el n\u00famero total de puestos aument\u00f3, pero el trabajo asalariado registrado cay\u00f3.<\/p>\n<div class=\"marfeel-recommender marfeel-recommender-1\"><\/div>\n<p class=\"paragraph\" data-paragraph-number=\"2\">\u201c<b>Si hay incertidumbre sobre si el proceso es permanente o no, no van a tomar decisiones de corte permanente, no van a salir a contratar trabajadores de manera permanente<\/b>\u201d, afirm\u00f3 Milei ante profesionales y empresarios del sector. Para el Presidente, las firmas ajustan sus decisiones a la expectativa que tienen sobre la duraci\u00f3n de los cambios econ\u00f3micos y regulatorios impulsados por el Gobierno.<\/p>\n<div class=\"inline ad-wrapper dfpAd ad-inline ad-text ad-component-container\" style=\"--ad-shell-height:250px;--ad-shell-width:300px\" data-ad-wrapper=\"arcad\" data-ad-type=\"inline\" data-ad-slot=\"infobae\/economia\/nota\/inline\" data-ad-container=\"dfp\" data-ad-slot-name=\"infobae\/economia\/nota\/inline\">\n<p class=\"ad-shell-label\">PUBLICIDAD<\/p>\n<div id=\"infobae\/economia\/nota\/inline\" class=\"infobae\/economia\/nota\/inline arcad ad-slot-node ad-slot-node--boxed\" data-ad-slot-id=\"infobae\/economia\/nota\/inline\"><\/div>\n<\/div>\n<p class=\"paragraph\" data-paragraph-number=\"3\">Milei ubic\u00f3 esa explicaci\u00f3n dentro de una respuesta a los cuestionamientos sobre la evoluci\u00f3n del mercado laboral. \u201cLa primera es que estamos frente a una crisis de desempleo\u201d, dijo al presentar el argumento que busc\u00f3 rebatir. Luego se\u00f1al\u00f3 que la desocupaci\u00f3n \u201cse mantuvo relativamente estable\u201d, incluso despu\u00e9s de la baja de la inflaci\u00f3n, y sostuvo que esa situaci\u00f3n desaf\u00eda los pron\u00f3sticos de los economistas.<\/p>\n<div class=\"marfeel-recommender marfeel-recommender-3\"><\/div>\n<p class=\"paragraph\" data-paragraph-number=\"4\">Los datos del <b>Instituto Nacional de Estad\u00edstica y Censos (INDEC)<\/b> muestran que la tasa de desempleo fue de 7,8% en el primer trimestre de 2026. El registro se ubic\u00f3 0,9 puntos porcentuales por encima del 6,9% del primer trimestre de 2023, el \u00faltimo primer trimestre previo al inicio de la gesti\u00f3n de Milei. El dato de 2026 est\u00e1, se puede agregar, por debajo del promedio hist\u00f3rico de 8,9 por ciento. No se ve un n\u00famero particularmente problem\u00e1tico.<\/p>\n<div class=\"inline_2 ad-wrapper dfpAd ad-inline ad-text ad-component-container\" style=\"--ad-shell-height:250px;--ad-shell-width:300px\" data-ad-wrapper=\"arcad\" data-ad-type=\"inline_2\" data-ad-slot=\"infobae\/economia\/nota\/inline_2\" data-ad-container=\"dfp\" data-ad-slot-name=\"infobae\/economia\/nota\/inline_2\">\n<p class=\"ad-shell-label\">PUBLICIDAD<\/p>\n<div id=\"infobae\/economia\/nota\/inline_2\" class=\"infobae\/economia\/nota\/inline_2 arcad ad-slot-node ad-slot-node--boxed\" data-ad-slot-id=\"infobae\/economia\/nota\/inline_2\"><\/div>\n<\/div>\n<p class=\"paragraph\" data-paragraph-number=\"5\">Pero aunque introdujo el tema por el desempleo, el mandatario no centr\u00f3 su explicaci\u00f3n en la tasa de desocupaci\u00f3n, sino en la composici\u00f3n de los puestos que se generaron durante el per\u00edodo. Seg\u00fan el \u00faltimo informe de la Cuenta General de Ingresos del INDEC para el primer trimestre de 2026, el n\u00famero total de puestos de trabajo aument\u00f3 en 510 mil entre el primer trimestre de 2023 y el mismo per\u00edodo de este a\u00f1o. Esa cifra respalda el n\u00famero general al que aludi\u00f3 Milei cuando habl\u00f3 de medio mill\u00f3n de puestos de trabajo. Aunque, vale la penas mirar su composici\u00f3n interna.<\/p>\n<div class=\"marfeel-recommender marfeel-recommender-5\"><\/div>\n<p class=\"paragraph\" data-paragraph-number=\"6\">\u201cSe han creado quinientos mil puestos de trabajo durante nuestro Gobierno. Repito, se han creado medio mill\u00f3n de puestos de trabajo durante nuestro Gobierno. Es una cifra que no van a ver en ning\u00fan lado, porque contradice el relato que intentan armar en torno al empleo\u201d, expres\u00f3. El Presidente tambi\u00e9n afirm\u00f3 que \u201cla demanda de trabajo en Argentina est\u00e1 subiendo\u201d.<\/p>\n<div class=\"ad_1 ad-wrapper dfpAd ad-1-al-6 ad-text ad-component-container\" style=\"--ad-shell-height:250px;--ad-shell-width:300px\" data-ad-wrapper=\"arcad\" data-ad-type=\"ad_1\" data-ad-slot=\"infobae\/economia\/nota\/ad_1\" data-ad-container=\"dfp\" data-ad-slot-name=\"infobae\/economia\/nota\/ad_1\">\n<p class=\"ad-shell-label\">PUBLICIDAD<\/p>\n<div id=\"infobae\/economia\/nota\/ad_1\" class=\"infobae\/economia\/nota\/ad_1 arcad ad-slot-node ad-slot-node--boxed\" data-ad-slot-id=\"infobae\/economia\/nota\/ad_1\"><\/div>\n<\/div>\n<div class=\"visual__image\"><picture><source srcset=\"https:\/\/www.infobae.com\/resizer\/v2\/2OCK3JCHEFFQVBCQVDDHY6CCDA.png?auth=af31f866ddc93ef6802fea6e74850057990444cdca521ae80e325dfe2f18711b&amp;smart=true&amp;width=992&amp;height=558&amp;quality=85\" media=\"(min-width: 1000px)\"><\/source><source srcset=\"https:\/\/www.infobae.com\/resizer\/v2\/2OCK3JCHEFFQVBCQVDDHY6CCDA.png?auth=af31f866ddc93ef6802fea6e74850057990444cdca521ae80e325dfe2f18711b&amp;smart=true&amp;width=768&amp;height=432&amp;quality=85\" media=\"(min-width: 768px)\"><\/source><source srcset=\"https:\/\/www.infobae.com\/resizer\/v2\/2OCK3JCHEFFQVBCQVDDHY6CCDA.png?auth=af31f866ddc93ef6802fea6e74850057990444cdca521ae80e325dfe2f18711b&amp;smart=true&amp;width=577&amp;height=325&amp;quality=85\" media=\"(min-width: 580px)\"><\/source><source srcset=\"https:\/\/www.infobae.com\/resizer\/v2\/2OCK3JCHEFFQVBCQVDDHY6CCDA.png?auth=af31f866ddc93ef6802fea6e74850057990444cdca521ae80e325dfe2f18711b&amp;smart=true&amp;width=420&amp;height=236&amp;quality=85\" media=\"(min-width: 350px)\"><\/source><source srcset=\"https:\/\/www.infobae.com\/resizer\/v2\/2OCK3JCHEFFQVBCQVDDHY6CCDA.png?auth=af31f866ddc93ef6802fea6e74850057990444cdca521ae80e325dfe2f18711b&amp;smart=true&amp;width=350&amp;height=197&amp;quality=85\" media=\"(min-width: 80px)\"><\/source><img alt=\"Javier Milei habla en la 47\u00b0 Conferencia Anual del IAEF en Misiones\" class=\"global-image\" decoding=\"async\" fetchpriority=\"low\" height=\"1080\" loading=\"lazy\" src=\"https:\/\/www.infobae.com\/resizer\/v2\/2OCK3JCHEFFQVBCQVDDHY6CCDA.png?auth=af31f866ddc93ef6802fea6e74850057990444cdca521ae80e325dfe2f18711b&amp;smart=true&amp;width=350&amp;height=197&amp;quality=85\" width=\"1920\"><\/picture><\/div>\n<p class=\"paragraph\" data-paragraph-number=\"7\">El detalle de las cifras oficiales muestra que el aumento global de puestos no se distribuy\u00f3 de manera uniforme entre las distintas categor\u00edas de inserci\u00f3n laboral. Entre el primer trimestre de 2023 y el primer trimestre de 2026, se crearon 491 mil puestos no asalariados. Esa categor\u00eda incluye a personas que trabajan por cuenta propia, sin depender de un empleador (parte de ellos, monotributistas).<\/p>\n<p class=\"paragraph\" data-paragraph-number=\"8\">En el mismo lapso, los puestos asalariados no registrados crecieron en 191 mil. Se trata de personas que trabajan bajo dependencia de un patr\u00f3n, pero cobran fuera de los registros laborales: en negro. A la vez, los empleos asalariados registrados disminuyeron en 172 mil en el mismo per\u00edodo. El balance entre esas variaciones dio como resultado el incremento total de 510 mil puestos de trabajo que surge de la estad\u00edstica oficial. <b>Hay m\u00e1s personas trabajando, pero no consiguen empleo formal: la gran mayor\u00eda crea su propia v\u00eda de supervivencia y, los que s\u00ed obtienen un empleo, lo obtienen en negro<\/b>.<\/p>\n<div class=\"ad_2 ad-wrapper dfpAd ad-1-al-6 ad-text ad-component-container\" style=\"--ad-shell-height:250px;--ad-shell-width:300px\" data-ad-wrapper=\"arcad\" data-ad-type=\"ad_2\" data-ad-slot=\"infobae\/economia\/nota\/ad_2\" data-ad-container=\"dfp\" data-ad-slot-name=\"infobae\/economia\/nota\/ad_2\">\n<p class=\"ad-shell-label\">PUBLICIDAD<\/p>\n<div id=\"infobae\/economia\/nota\/ad_2\" class=\"infobae\/economia\/nota\/ad_2 arcad ad-slot-node ad-slot-node--boxed\" data-ad-slot-id=\"infobae\/economia\/nota\/ad_2\"><\/div>\n<\/div>\n<p class=\"paragraph\" data-paragraph-number=\"9\">Por eso es que Milei se refiri\u00f3 de forma directa a la discusi\u00f3n sobre el valor de las distintas formas de empleo. \u201c<b>Solamente muestran el empleo formal, como si el empleo informal no fuera empleo<\/b>. O suelen degradarlo diciendo que no es empleo de calidad\u201d, plante\u00f3. Y agreg\u00f3: \u201cMiren, lo que no es de calidad es robar. Trabajar est\u00e1 bien\u201d.<\/p>\n<p class=\"paragraph\" data-paragraph-number=\"10\">En su intervenci\u00f3n, el Presidente record\u00f3 que, al inicio de su gesti\u00f3n, el mercado laboral informal rondaba el 50%. \u201cNo es algo nuevo, es algo que ya exist\u00eda\u201d, sostuvo. Milei describi\u00f3 esa proporci\u00f3n como parte del \u201cpaisaje econ\u00f3mico\u201d argentino y se\u00f1al\u00f3 que el punto central pasa por entender las causas que determinan la contrataci\u00f3n informal ante el riesgo de un cambio de reglas.<\/p>\n<div class=\"ad_3 ad-wrapper dfpAd ad-1-al-6 ad-text ad-component-container\" style=\"--ad-shell-height:250px;--ad-shell-width:300px\" data-ad-wrapper=\"arcad\" data-ad-type=\"ad_3\" data-ad-slot=\"infobae\/economia\/nota\/ad_3\" data-ad-container=\"dfp\" data-ad-slot-name=\"infobae\/economia\/nota\/ad_3\">\n<p class=\"ad-shell-label\">PUBLICIDAD<\/p>\n<div id=\"infobae\/economia\/nota\/ad_3\" class=\"infobae\/economia\/nota\/ad_3 arcad ad-slot-node ad-slot-node--boxed\" data-ad-slot-id=\"infobae\/economia\/nota\/ad_3\"><\/div>\n<\/div>\n<p class=\"paragraph\" data-paragraph-number=\"11\">\u201cEntonces, si ustedes creen que este cambio no es permanente, creen que es transitorio, la pregunta es: \u00bftomar\u00edan medidas de car\u00e1cter permanente si ustedes creen que esto es transitorio?\u201d, pregunt\u00f3 ante el auditorio. A continuaci\u00f3n, insisti\u00f3: \u201cSi hay incertidumbre sobre si el proceso es permanente o no, no van a tomar decisiones de corte permanente\u201d.<\/p>\n<p class=\"paragraph\" data-paragraph-number=\"12\">El mandatario se\u00f1al\u00f3 que, frente a ese cuadro, los empleadores no tomar\u00edan decisiones definitivas de incorporaci\u00f3n de personal. \u201cNo van a salir a contratar trabajadores de manera permanente. Lo que van a hacer es ajustes transitorios a ver qu\u00e9 pasa\u201d, dijo. Luego us\u00f3 una expresi\u00f3n de la teor\u00eda econ\u00f3mica para resumir ese comportamiento: \u201cLa opci\u00f3n de diferir tiene valor\u201d.<\/p>\n<div class=\"ad_4 ad-wrapper dfpAd ad-1-al-6 ad-text ad-component-container\" style=\"--ad-shell-height:250px;--ad-shell-width:300px\" data-ad-wrapper=\"arcad\" data-ad-type=\"ad_4\" data-ad-slot=\"infobae\/economia\/nota\/ad_4\" data-ad-container=\"dfp\" data-ad-slot-name=\"infobae\/economia\/nota\/ad_4\">\n<p class=\"ad-shell-label\">PUBLICIDAD<\/p>\n<div id=\"infobae\/economia\/nota\/ad_4\" class=\"infobae\/economia\/nota\/ad_4 arcad ad-slot-node ad-slot-node--boxed\" data-ad-slot-id=\"infobae\/economia\/nota\/ad_4\"><\/div>\n<\/div>\n<div class=\"visual__image\"><picture><source srcset=\"https:\/\/www.infobae.com\/resizer\/v2\/7Q4XATFKJJEYVCSRP3IUQ7COIU.jpg?auth=449f5109f7d81a965ca0a6051702a2ac7f592b05bedebfc3f7291530fb54d6f7&amp;smart=true&amp;width=992&amp;height=558&amp;quality=85\" media=\"(min-width: 1000px)\"><\/source><source srcset=\"https:\/\/www.infobae.com\/resizer\/v2\/7Q4XATFKJJEYVCSRP3IUQ7COIU.jpg?auth=449f5109f7d81a965ca0a6051702a2ac7f592b05bedebfc3f7291530fb54d6f7&amp;smart=true&amp;width=768&amp;height=432&amp;quality=85\" media=\"(min-width: 768px)\"><\/source><source srcset=\"https:\/\/www.infobae.com\/resizer\/v2\/7Q4XATFKJJEYVCSRP3IUQ7COIU.jpg?auth=449f5109f7d81a965ca0a6051702a2ac7f592b05bedebfc3f7291530fb54d6f7&amp;smart=true&amp;width=577&amp;height=325&amp;quality=85\" media=\"(min-width: 580px)\"><\/source><source srcset=\"https:\/\/www.infobae.com\/resizer\/v2\/7Q4XATFKJJEYVCSRP3IUQ7COIU.jpg?auth=449f5109f7d81a965ca0a6051702a2ac7f592b05bedebfc3f7291530fb54d6f7&amp;smart=true&amp;width=420&amp;height=236&amp;quality=85\" media=\"(min-width: 350px)\"><\/source><source srcset=\"https:\/\/www.infobae.com\/resizer\/v2\/7Q4XATFKJJEYVCSRP3IUQ7COIU.jpg?auth=449f5109f7d81a965ca0a6051702a2ac7f592b05bedebfc3f7291530fb54d6f7&amp;smart=true&amp;width=350&amp;height=197&amp;quality=85\" media=\"(min-width: 80px)\"><\/source><img alt=\"Larga fila de personas camina por una acera de cemento junto a un muro pintado. Al fondo, edificios altos. El cielo est\u00e1 nublado\" class=\"global-image\" decoding=\"async\" fetchpriority=\"low\" height=\"1080\" loading=\"lazy\" src=\"https:\/\/www.infobae.com\/resizer\/v2\/7Q4XATFKJJEYVCSRP3IUQ7COIU.jpg?auth=449f5109f7d81a965ca0a6051702a2ac7f592b05bedebfc3f7291530fb54d6f7&amp;smart=true&amp;width=350&amp;height=197&amp;quality=85\" width=\"1920\"><\/picture><\/div>\n<p class=\"paragraph\" data-paragraph-number=\"13\">Milei aclar\u00f3 que su Gobierno interpreta esa conducta como una respuesta de los agentes econ\u00f3micos a la incertidumbre y no como una reacci\u00f3n aislada. <b>\u201cNosotros no nos enojamos con eso, nosotros eso lo entendemos\u201d<\/b>, afirm\u00f3. La idea expuesta en Puerto Iguaz\u00fa fue que, mientras una empresa considere que el cambio de orientaci\u00f3n econ\u00f3mica puede revertirse, evitar\u00e1 tomar decisiones que impliquen compromisos laborales de largo plazo.<\/p>\n<p class=\"paragraph\" data-paragraph-number=\"14\">El Presidente tambi\u00e9n vincul\u00f3 la evoluci\u00f3n del mercado laboral con una <b>reasignaci\u00f3n de recursos<\/b> entre sectores. \u201cCuando ustedes toman un modelo de equilibrio general en serio, que tiene varios sectores, van a entender que, por ejemplo, si ustedes meten un shock tecnol\u00f3gico, si ustedes meten un shock de apertura, si ustedes meten un shock desregulatorio, si ustedes meten un shock de tasa de inter\u00e9s por ca\u00edda de riesgo pa\u00eds, si ustedes meten un shock por baja de impuestos, si ustedes meten un shock de descubrimiento de recursos naturales, \u00bfustedes qu\u00e9 creen, que la econom\u00eda no se va a mover?\u201d, expres\u00f3.<\/p>\n<div class=\"ad_5 ad-wrapper dfpAd ad-1-al-6 ad-text ad-component-container\" style=\"--ad-shell-height:250px;--ad-shell-width:300px\" data-ad-wrapper=\"arcad\" data-ad-type=\"ad_5\" data-ad-slot=\"infobae\/economia\/nota\/ad_5\" data-ad-container=\"dfp\" data-ad-slot-name=\"infobae\/economia\/nota\/ad_5\">\n<p class=\"ad-shell-label\">PUBLICIDAD<\/p>\n<div id=\"infobae\/economia\/nota\/ad_5\" class=\"infobae\/economia\/nota\/ad_5 arcad ad-slot-node ad-slot-node--boxed\" data-ad-slot-id=\"infobae\/economia\/nota\/ad_5\"><\/div>\n<\/div>\n<p class=\"paragraph\" data-paragraph-number=\"15\">\u201cSe va a mover, va a ser una coctelera. Obvio que va a pasar eso y ustedes van a tener una fuerte reasignaci\u00f3n de recursos\u201d, continu\u00f3. Bajo esa mirada, las diferencias entre la variaci\u00f3n del empleo total, el aumento del trabajo no asalariado y no registrado, y la ca\u00edda de los puestos registrados forman parte de un proceso de reordenamiento de la actividad econ\u00f3mica.<\/p>\n<p class=\"paragraph\" data-paragraph-number=\"16\">\u201cEntonces, no es un tema menor, porque s\u00ed es trabajo y est\u00e1 mostrando la reasignaci\u00f3n de recursos que est\u00e1 teniendo tan fuerte la econom\u00eda. Es decir, es un resultado natural y esperable\u201d, sostuvo Milei. La afirmaci\u00f3n qued\u00f3 asociada a la lectura oficial sobre el aumento de puestos que registr\u00f3 el INDEC: el total creci\u00f3 en 510 mil, con una expansi\u00f3n de 491 mil no asalariados y de 191 mil asalariados no registrados, mientras los empleos asalariados registrados bajaron en 172 mil.<\/p>\n<div class=\"ad_6 ad-wrapper dfpAd ad-1-al-6 ad-text ad-component-container\" style=\"--ad-shell-height:250px;--ad-shell-width:300px\" data-ad-wrapper=\"arcad\" data-ad-type=\"ad_6\" data-ad-slot=\"infobae\/economia\/nota\/ad_6\" data-ad-container=\"dfp\" data-ad-slot-name=\"infobae\/economia\/nota\/ad_6\">\n<p class=\"ad-shell-label\">PUBLICIDAD<\/p>\n<div id=\"infobae\/economia\/nota\/ad_6\" class=\"infobae\/economia\/nota\/ad_6 arcad ad-slot-node ad-slot-node--boxed\" data-ad-slot-id=\"infobae\/economia\/nota\/ad_6\"><\/div>\n<\/div>\n<p class=\"paragraph\" data-paragraph-number=\"17\">El Presidente mencion\u00f3 la <b>Ley de Modernizaci\u00f3n Laboral<\/b> como una de las herramientas que, seg\u00fan su planteo, puede alterar esa composici\u00f3n. \u201cPara eso nosotros enviamos la Ley de Modernizaci\u00f3n Laboral\u201d, indic\u00f3. Tambi\u00e9n dijo que la evoluci\u00f3n futura del mercado de trabajo depende de que el escenario pol\u00edtico despeje las dudas sobre la continuidad de las reformas.<\/p>\n<p class=\"paragraph\" data-paragraph-number=\"18\">\u201cObviamente que cuando la pol\u00edtica se encauce, eso va a generar una migraci\u00f3n desde el sector informal al sector formal\u201d, afirm\u00f3. Esa fue la explicaci\u00f3n que dio Milei para la distancia entre el crecimiento del n\u00famero total de empleos y la menor presencia de incorporaciones permanentes dentro del empleo asalariado registrado.<\/p>\n<p class=\"paragraph\" data-paragraph-number=\"19\">El discurso tambi\u00e9n incluy\u00f3 una referencia a los salarios reales. Milei dijo que los salarios reales del sector formal privado se mantienen \u201cpr\u00e1cticamente constantes\u201d, mientras los del sector p\u00fablico bajan. Sobre los trabajadores informales, afirm\u00f3 que est\u00e1n \u201c60% arriba en t\u00e9rminos reales\u201d. \u201cEs decir, que est\u00e1 funcionando, no es que no est\u00e1 funcionando\u201d, sostuvo.<\/p>\n","protected":false},"excerpt":{"rendered":"<p>05 Sep, 2026 02:13 p. m. EST Guardar El presidente Javier Milei explic\u00f3 en Puerto Iguaz\u00fa que la falta de certezas sobre la continuidad de su programa econ\u00f3mico condiciona las decisiones de contrataci\u00f3n de las empresas. Durante la 47.\u00aa Convenci\u00f3n Anual del Instituto Argentino de Ejecutivos de Finanzas (IAEF), el mandatario vincul\u00f3 esa incertidumbre con [&hellip;]<\/p>\n","protected":false},"author":1,"featured_media":25201,"comment_status":"open","ping_status":"open","sticky":false,"template":"","format":"standard","meta":{"footnotes":""},"categories":[1],"tags":[],"class_list":["post-25200","post","type-post","status-publish","format-standard","has-post-thumbnail","hentry","category-uncategorized"],"_links":{"self":[{"href":"https:\/\/cliente1.publisher.highstack.com.ar\/index.php?rest_route=\/wp\/v2\/posts\/25200","targetHints":{"allow":["GET"]}}],"collection":[{"href":"https:\/\/cliente1.publisher.highstack.com.ar\/index.php?rest_route=\/wp\/v2\/posts"}],"about":[{"href":"https:\/\/cliente1.publisher.highstack.com.ar\/index.php?rest_route=\/wp\/v2\/types\/post"}],"author":[{"embeddable":true,"href":"https:\/\/cliente1.publisher.highstack.com.ar\/index.php?rest_route=\/wp\/v2\/users\/1"}],"replies":[{"embeddable":true,"href":"https:\/\/cliente1.publisher.highstack.com.ar\/index.php?rest_route=%2Fwp%2Fv2%2Fcomments&post=25200"}],"version-history":[{"count":0,"href":"https:\/\/cliente1.publisher.highstack.com.ar\/index.php?rest_route=\/wp\/v2\/posts\/25200\/revisions"}],"wp:featuredmedia":[{"embeddable":true,"href":"https:\/\/cliente1.publisher.highstack.com.ar\/index.php?rest_route=\/wp\/v2\/media\/25201"}],"wp:attachment":[{"href":"https:\/\/cliente1.publisher.highstack.com.ar\/index.php?rest_route=%2Fwp%2Fv2%2Fmedia&parent=25200"}],"wp:term":[{"taxonomy":"category","embeddable":true,"href":"https:\/\/cliente1.publisher.highstack.com.ar\/index.php?rest_route=%2Fwp%2Fv2%2Fcategories&post=25200"},{"taxonomy":"post_tag","embeddable":true,"href":"https:\/\/cliente1.publisher.highstack.com.ar\/index.php?rest_route=%2Fwp%2Fv2%2Ftags&post=25200"}],"curies":[{"name":"wp","href":"https:\/\/api.w.org\/{rel}","templated":true}]}}