{"id":25196,"date":"2026-09-05T14:47:32","date_gmt":"2026-09-05T17:47:32","guid":{"rendered":"https:\/\/cliente1.publisher.highstack.com.ar\/?p=25196"},"modified":"2026-09-05T14:47:32","modified_gmt":"2026-09-05T17:47:32","slug":"exploto-un-cuartel-militar-en-bolivia-al-menos-dos-muertos-y-14-desaparecidos","status":"publish","type":"post","link":"https:\/\/cliente1.publisher.highstack.com.ar\/?p=25196","title":{"rendered":"Explot\u00f3 un cuartel militar en Bolivia: al menos dos muertos y 14 desaparecidos"},"content":{"rendered":"<div id=\"\">\n<p id=\"p-1788624841966-16258\"><strong>Al menos dos personas murieron en las \u00faltimas horas tras una explosi\u00f3n en un cuartel militar en la localidad de Viacha, a unos 30 km de La Paz, <\/strong><strong>Bolivia.<\/strong> No obstante, las autoridades temen que la cifra sea mayor, con varias personas desaparecidas, entre los que se encuentra un sargento y soldados j\u00f3venes. Producto de la tragedia, el gobierno declar\u00f3 tres d\u00edas de luto nacional. <\/p>\n<\/div>\n<div id=\"\">\n<p id=\"p-1788624841966-86158\">El <strong>ministro de Defensa boliviano, Ernesto Justiniano<\/strong>, inform\u00f3 que al menos 81 personas resultaron heridas cuando material pirot\u00e9cnico deton\u00f3 en el cuartel donde se encontraba acantonado un regimiento de artiller\u00eda, alrededor de las 14:30 hora local del viernes. <\/p>\n<\/div>\n<div id=\"\">\n<h2 id=\"p-1788625036205-14130\">Un cuartel militar explot\u00f3 en Bolivia y hay al menos dos muertos<\/h2>\n<p id=\"p-1788624841966-39185\">La polic\u00eda inform\u00f3 que decenas de viviendas resultaron da\u00f1adas por la explosi\u00f3n y que los servicios de emergencia estaban buscando entre los escombros. <strong>Nebraska advirti\u00f3 del riesgo de una nueva explosi\u00f3n<\/strong> e inst\u00f3 a la poblaci\u00f3n a mantenerse al menos a 150 metros de la base militar.<\/p>\n<\/div>\n<div id=\"\">\n<p id=\"p-1788624841966-96864\">El coronel <strong>Antonio Amaru<\/strong>, comandante de la base, declar\u00f3 este s\u00e1bado que entre los desaparecidos se encontraban <strong>un sargento y 13 soldados reclutados de entre 18 y 19 a\u00f1os.<\/strong><\/p>\n<\/p><\/div>\n<div id=\"\">\n<div contenteditable=\"false\" class=\"embed_cont type_freetext\" rel=\"freetext\" id=\"embed9372_wrap\" data-provider=\"Twitter\">\n<div id=\"embed9372_content\" class=\"embed_content\">\n<div id=\"embed9372_embed\">\n<blockquote data-td-script-src=\"https:\/\/platform.x.com\/widgets.js\" class=\"twitter-tweet\">\n<p id=\"p-1788625625375-54107\" dir=\"ltr\" lang=\"es\"> Expreso mi m\u00e1s profunda solidaridad con las familias de las personas fallecidas, con quienes resultaron heridas y con todos los vecinos afectados por las explosiones registradas en instalaciones del Regimiento Bol\u00edvar, en el municipio de Viacha.<br \/>En momentos como este, la\u2026<\/p>\n<p> \u2014 Rodrigo Paz Pereira (@Rodrigo_PazP) <a href=\"https:\/\/x.com\/Rodrigo_PazP\/status\/2096050701537333422?ref_src=twsrc%5Etfw\">September 5, 2026<\/a><\/p><\/blockquote>\n<\/div><\/div>\n<\/p><\/div>\n<p id=\"p-1788624841966-78772\">El presidente <strong>Rodrigo Paz<\/strong> expres\u00f3 su &#8220;m\u00e1s profunda solidaridad&#8221; con las familias de los fallecidos y los heridos. En su cuenta de X, adelant\u00f3 que desde la cartera de Defensa se activ\u00f3 una serie de &#8220;<strong>mecanismos de emergencia, seguridad, evacuaci\u00f3n, atenci\u00f3n m\u00e9dica y resguardo del \u00e1rea<\/strong>, en coordinaci\u00f3n con las instituciones competentes&#8221;. <\/p>\n<p>Adem\u00e1s, confirm\u00f3 que ya se encuentra en marcha &#8220;<strong>una investigaci\u00f3n minuciosa, t\u00e9cnica y transparente<\/strong> sobre lo sucedido&#8221; para avanzar &#8220;con absoluta claridad&#8221; para determinar las causas del incidente. Por \u00faltimo, el portavoz de la polic\u00eda <strong>Roger Roca<\/strong> declar\u00f3 a AFP que en el <strong>cuartel se almacenaban fuegos artificiales<\/strong> y que la causa de la explosi\u00f3n segu\u00eda bajo investigaci\u00f3n.<\/p>\n<div contenteditable=\"false\" class=\"embed_cont type_video\" id=\"8274405-347421911_wrap\">\n<div class=\"embed_wrapper-cont\" id=\"p-1788626478263-29489\">\n<div id=\"8274405-347421911_epigrafe\" class=\"embed_epigrafe\">\n<p id=\"p-1788628690625-42810\">El portavoz de la polic\u00eda Roger Roca declar\u00f3 que en el cuartel se almacenaban fuegos artificiales.<\/p>\n<\/div>\n<p>@elinforman_t<\/p>\n<\/div><\/div>\n<h2 id=\"p-1788624966046-36917\">Bolivia intervino la petrolera estatal YPFB en medio de una grave crisis de combustibles<a href=\"https:\/\/www.google.com\/preferences\/source?q=ambito.com\" target=\"_blank\" class=\"\" rel=\"noopener\"\/><\/h2>\n<p id=\"p-1788439655271-40976\">El gobierno de <strong>Bolivia<\/strong> dispuso una intervenci\u00f3n estatal extraordinaria sobre YPFB, la petrolera estatal del pa\u00eds, en medio de una crisis de abastecimiento de combustibles que mantiene largas filas en estaciones de servicio y se convirti\u00f3 en uno de los principales problemas de la administraci\u00f3n de Rodrigo Paz. La medida fue anunciada por el <strong>Ministerio de Hidrocarburos<\/strong> y apunta a revisar deficiencias en la importaci\u00f3n y distribuci\u00f3n de carburantes.<\/p>\n<p id=\"p-1788439655271-67873\">La intervenci\u00f3n tendr\u00e1 un plazo de hasta 180 d\u00edas y no implica la supresi\u00f3n de la empresa. Seg\u00fan el decreto publicado en la gaceta oficial, el objetivo es obtener informaci\u00f3n fidedigna y suficiente para elaborar un diagn\u00f3stico sobre el funcionamiento de la compa\u00f1\u00eda.<\/p>\n<p id=\"p-1788439655271-66559\">La decisi\u00f3n se conoce en un contexto de escasez persistente, protestas intermitentes y denuncias por contrabando de combustibles hacia pa\u00edses vecinos. El Ejecutivo tambi\u00e9n anticip\u00f3 que buscar\u00e1 quitarle paulatinamente a YPFB su rol como comercializadora, para que vuelva a concentrarse en exploraci\u00f3n, explotaci\u00f3n y refinaci\u00f3n.<\/p>\n<\/div>\n<p><script>\n!function(f,b,e,v,n,t,s)\n{if(f.fbq)return;n=f.fbq=function(){n.callMethod?\nn.callMethod.apply(n,arguments):n.queue.push(arguments)};\nif(!f._fbq)f._fbq=n;n.push=n;n.loaded=!0;n.version='2.0';\nn.queue=[];t=b.createElement(e);t.async=!0;\nt.src=v;s=b.getElementsByTagName(e)[0];\ns.parentNode.insertBefore(t,s)}(window,document,'script',\n'\nfbq('init', '2047048335588113');\nfbq('track', 'PageView');\n<\/script><\/p>\n","protected":false},"excerpt":{"rendered":"<p>Al menos dos personas murieron en las \u00faltimas horas tras una explosi\u00f3n en un cuartel militar en la localidad de Viacha, a unos 30 km de La Paz, Bolivia. No obstante, las autoridades temen que la cifra sea mayor, con varias personas desaparecidas, entre los que se encuentra un sargento y soldados j\u00f3venes. Producto de [&hellip;]<\/p>\n","protected":false},"author":1,"featured_media":25197,"comment_status":"open","ping_status":"open","sticky":false,"template":"","format":"standard","meta":{"footnotes":""},"categories":[1],"tags":[],"class_list":["post-25196","post","type-post","status-publish","format-standard","has-post-thumbnail","hentry","category-uncategorized"],"_links":{"self":[{"href":"https:\/\/cliente1.publisher.highstack.com.ar\/index.php?rest_route=\/wp\/v2\/posts\/25196","targetHints":{"allow":["GET"]}}],"collection":[{"href":"https:\/\/cliente1.publisher.highstack.com.ar\/index.php?rest_route=\/wp\/v2\/posts"}],"about":[{"href":"https:\/\/cliente1.publisher.highstack.com.ar\/index.php?rest_route=\/wp\/v2\/types\/post"}],"author":[{"embeddable":true,"href":"https:\/\/cliente1.publisher.highstack.com.ar\/index.php?rest_route=\/wp\/v2\/users\/1"}],"replies":[{"embeddable":true,"href":"https:\/\/cliente1.publisher.highstack.com.ar\/index.php?rest_route=%2Fwp%2Fv2%2Fcomments&post=25196"}],"version-history":[{"count":0,"href":"https:\/\/cliente1.publisher.highstack.com.ar\/index.php?rest_route=\/wp\/v2\/posts\/25196\/revisions"}],"wp:featuredmedia":[{"embeddable":true,"href":"https:\/\/cliente1.publisher.highstack.com.ar\/index.php?rest_route=\/wp\/v2\/media\/25197"}],"wp:attachment":[{"href":"https:\/\/cliente1.publisher.highstack.com.ar\/index.php?rest_route=%2Fwp%2Fv2%2Fmedia&parent=25196"}],"wp:term":[{"taxonomy":"category","embeddable":true,"href":"https:\/\/cliente1.publisher.highstack.com.ar\/index.php?rest_route=%2Fwp%2Fv2%2Fcategories&post=25196"},{"taxonomy":"post_tag","embeddable":true,"href":"https:\/\/cliente1.publisher.highstack.com.ar\/index.php?rest_route=%2Fwp%2Fv2%2Ftags&post=25196"}],"curies":[{"name":"wp","href":"https:\/\/api.w.org\/{rel}","templated":true}]}}