{"id":25184,"date":"2026-09-05T12:17:00","date_gmt":"2026-09-05T15:17:00","guid":{"rendered":"https:\/\/cliente1.publisher.highstack.com.ar\/?p=25184"},"modified":"2026-09-05T12:17:00","modified_gmt":"2026-09-05T15:17:00","slug":"un-joven-sufrio-graves-heridas-tras-chocar-con-su-moto-una-camioneta-estacionada-en-victoria","status":"publish","type":"post","link":"https:\/\/cliente1.publisher.highstack.com.ar\/?p=25184","title":{"rendered":"Un joven sufri\u00f3 graves heridas tras chocar con su moto una camioneta estacionada en Victoria"},"content":{"rendered":"<p><\/p>\n<div>\n<p>Un joven de 18 a\u00f1os sufri\u00f3 heridas de gravedad durante la madrugada de este s\u00e1bado luego de protagonizar un accidente de tr\u00e1nsito en <b>Victoria<\/b>. El motociclista impact\u00f3 contra una camioneta que se encontraba estacionada y debi\u00f3 ser trasladado de urgencia al hospital local. <\/p>\n<p><!-- is a <br \/>--><\/p>\n<p>\u00a0<\/p>\n<p><!-- is a <br \/>--><\/p>\n<p>El siniestro ocurri\u00f3 alrededor de las 6 en la intersecci\u00f3n de las calles Yrigoyen y Pringles. El joven circulaba a bordo de una motocicleta Motomel Blitz de 110 cent\u00edmetros c\u00fabicos, seg\u00fan inform\u00f3 Radio Box. <\/p>\n<p><!-- is a <br \/>--><\/p>\n<p>\u00a0<\/p>\n<p><!-- is a <br \/>--><\/p>\n<p><!-- is a object --><br \/>\n<!-- embed start --><!-- embed end --><br \/>\n<!-- end object --><\/p>\n<p>\u00a0<\/p>\n<p><!-- is a <br \/>--><\/p>\n<p>De acuerdo con la informaci\u00f3n policial, el conductor avanzaba por Yrigoyen y, por motivos que todav\u00eda se intentan determinar, al girar hacia Pringles termin\u00f3 chocando contra una Ford F-100 estacionada en el lugar. <\/p>\n<p><!-- is a <br \/>--><\/p>\n<p>\u00a0<\/p>\n<p><!-- is a <br \/>--><\/p>\n<p>Tras el impacto, el motociclista recibi\u00f3 asistencia y fue derivado al hospital de <b>Victoria<\/b>, donde los profesionales constataron lesiones de consideraci\u00f3n. <\/p>\n<p><!-- is a <br \/>--><\/p>\n<p>\u00a0<\/p>\n<p><!-- is a <br \/>--><\/p>\n<p><!-- is a object --><\/p>\n<h2><b>Sufri\u00f3 fracturas en el rostro<\/b><\/h2>\n<p><!-- end object --><\/p>\n<p>\u00a0<\/p>\n<p><!-- is a <br \/>--><\/p>\n<p>Los estudios m\u00e9dicos determinaron que el joven presentaba una fractura de maxilar y fisuras en los p\u00f3mulos, lesiones que fueron calificadas como graves. <\/p>\n<p><!-- is a <br \/>--><\/p>\n<p>\u00a0<\/p>\n<p><!-- is a <br \/>--><\/p>\n<p>No se inform\u00f3 sobre la participaci\u00f3n de otros veh\u00edculos en el accidente ni sobre personas lesionadas adem\u00e1s del motociclista. <\/p>\n<p><!-- is a <br \/>--><\/p>\n<p>\u00a0<\/p>\n<p><!-- is a <br \/>--><\/p>\n<p><!-- is a object --><br \/>\n<!-- embed start --><\/p>\n<figure class=\"embed\">\n<p>    <img decoding=\"async\" src=\"https:\/\/elonce-media.elonce.com\/fotos\/2026\/09\/05\/e_1788619155_94987.webp\" loading=\"lazy\" width=\"600\" height=\"400\" alt=\"\"\/><\/p>\n<\/figure>\n<p><!-- embed end --><br \/>\n<!-- end object --><\/p>\n<p>\u00a0<\/p>\n<p><!-- is a <br \/>--><\/p>\n<p>Personal de Polic\u00eda Cient\u00edfica trabaj\u00f3 en la esquina donde ocurri\u00f3 el choque para realizar las pericias necesarias y establecer la mec\u00e1nica del siniestro. <\/p>\n<p><!-- is a <br \/>--><\/p>\n<p>\u00a0<\/p>\n<p><!-- is a <br \/>--><\/p>\n<p><!-- is a object --><\/p>\n<h2><b>La motocicleta qued\u00f3 retenida<\/b><\/h2>\n<p><!-- end object --><\/p>\n<p>\u00a0<\/p>\n<p><!-- is a <br \/>--><\/p>\n<p>Durante las actuaciones tambi\u00e9n se constat\u00f3 que el joven circulaba sin casco protector al momento del impacto. <\/p>\n<p><!-- is a <br \/>--><\/p>\n<p>\u00a0<\/p>\n<p><!-- is a <br \/>--><\/p>\n<p><!-- is a object --><br \/>\n<!-- embed start --><!-- embed end --><br \/>\n<!-- end object --><\/p>\n<p>\u00a0<\/p>\n<p><!-- is a <br \/>--><\/p>\n<p>Por esa situaci\u00f3n, la motocicleta fue retenida preventivamente mientras continuaban las diligencias correspondientes. <\/p>\n<p><!-- is a <br \/>--><\/p>\n<p>\u00a0<\/p>\n<p><!-- is a <br \/>--><\/p>\n<p>La investigaci\u00f3n busca determinar qu\u00e9 provoc\u00f3 que el conductor perdiera el control al doblar y terminara impactando contra la camioneta estacionada en <b>Victoria<\/b>.<\/p>\n<\/p><\/div>\n","protected":false},"excerpt":{"rendered":"<p>Un joven de 18 a\u00f1os sufri\u00f3 heridas de gravedad durante la madrugada de este s\u00e1bado luego de protagonizar un accidente de tr\u00e1nsito en Victoria. El motociclista impact\u00f3 contra una camioneta que se encontraba estacionada y debi\u00f3 ser trasladado de urgencia al hospital local. \u00a0 El siniestro ocurri\u00f3 alrededor de las 6 en la intersecci\u00f3n de [&hellip;]<\/p>\n","protected":false},"author":1,"featured_media":25185,"comment_status":"open","ping_status":"open","sticky":false,"template":"","format":"standard","meta":{"footnotes":""},"categories":[1],"tags":[],"class_list":["post-25184","post","type-post","status-publish","format-standard","has-post-thumbnail","hentry","category-uncategorized"],"_links":{"self":[{"href":"https:\/\/cliente1.publisher.highstack.com.ar\/index.php?rest_route=\/wp\/v2\/posts\/25184","targetHints":{"allow":["GET"]}}],"collection":[{"href":"https:\/\/cliente1.publisher.highstack.com.ar\/index.php?rest_route=\/wp\/v2\/posts"}],"about":[{"href":"https:\/\/cliente1.publisher.highstack.com.ar\/index.php?rest_route=\/wp\/v2\/types\/post"}],"author":[{"embeddable":true,"href":"https:\/\/cliente1.publisher.highstack.com.ar\/index.php?rest_route=\/wp\/v2\/users\/1"}],"replies":[{"embeddable":true,"href":"https:\/\/cliente1.publisher.highstack.com.ar\/index.php?rest_route=%2Fwp%2Fv2%2Fcomments&post=25184"}],"version-history":[{"count":0,"href":"https:\/\/cliente1.publisher.highstack.com.ar\/index.php?rest_route=\/wp\/v2\/posts\/25184\/revisions"}],"wp:featuredmedia":[{"embeddable":true,"href":"https:\/\/cliente1.publisher.highstack.com.ar\/index.php?rest_route=\/wp\/v2\/media\/25185"}],"wp:attachment":[{"href":"https:\/\/cliente1.publisher.highstack.com.ar\/index.php?rest_route=%2Fwp%2Fv2%2Fmedia&parent=25184"}],"wp:term":[{"taxonomy":"category","embeddable":true,"href":"https:\/\/cliente1.publisher.highstack.com.ar\/index.php?rest_route=%2Fwp%2Fv2%2Fcategories&post=25184"},{"taxonomy":"post_tag","embeddable":true,"href":"https:\/\/cliente1.publisher.highstack.com.ar\/index.php?rest_route=%2Fwp%2Fv2%2Ftags&post=25184"}],"curies":[{"name":"wp","href":"https:\/\/api.w.org\/{rel}","templated":true}]}}