{"id":25178,"date":"2026-09-05T11:28:12","date_gmt":"2026-09-05T14:28:12","guid":{"rendered":"https:\/\/cliente1.publisher.highstack.com.ar\/?p=25178"},"modified":"2026-09-05T11:28:12","modified_gmt":"2026-09-05T14:28:12","slug":"impacto-en-las-provincias-milei-profundizo-el-ajuste-en-agosto-y-es-el-peor-registro-desde-el-2005","status":"publish","type":"post","link":"https:\/\/cliente1.publisher.highstack.com.ar\/?p=25178","title":{"rendered":"Impacto en las provincias: Milei profundiz\u00f3 el ajuste en agosto y es el peor registro desde el 2005"},"content":{"rendered":"<div class=\"article__content standard\" id=\"article-content\">\n<p>Los env\u00edos discrecionales de fondos nacionales a las<strong> provincias<\/strong><strong> sumaron $ 68.288 millones en agosto, el peor registro para este mes desde el a\u00f1o 2005 con una reducci\u00f3n de 66,4% en t\u00e9rminos reales.<\/strong><\/p>\n<p>Este volumen se contrajo de manera significativa frente a los registros del a\u00f1o previo y afect\u00f3 las partidas destinadas a <strong>programas educativos, obras de infraestructura y previsi\u00f3n social.<\/strong><\/p>\n<\/p>\n<h2>Impacto en las provincias<\/h2>\n<p>Seg\u00fan un informe de la consultora Politik\u00f3n Chaco, publicado por <em>NA<\/em>, a ra\u00edz de esta contracci\u00f3n, el flujo financiero &#8220;<strong>se convierte en el peor agosto desde, por lo menos, el a\u00f1o 2005<\/strong>&#8220;. El trabajo remarc\u00f3 que &#8220;los env\u00edos por Universalizaci\u00f3n de la Jornada Extendida ($ 30.455 millones) explicaron el 45% del total pagado&#8221;.<\/p>\n<p>En un segundo escal\u00f3n de prioridades se posicionaron los fondos de asistencia jubilatoria, con &#8220;Transferencias a Cajas Previsionales Provinciales ($ 15.000 millones) concentrando el 22% del total provincial&#8221;. De este modo, esas dos actividades en conjunto explicaron el 67% del total del mes.<\/p>\n<p>La distribuci\u00f3n territorial de las partidas del mes evidenci\u00f3 una marcada concentraci\u00f3n en un n\u00famero reducido de distritos provinciales. De acuerdo con el desglose de los env\u00edos, las jurisdicciones m\u00e1s favorecidas en el reparto fueron: Buenos Aires con el 23,7% del total, Entre R\u00edos con el 12,9%, y Santa Fe con el 10,4%.<\/p>\n<h2>Menos favorecidas<\/h2>\n<p>En contraposici\u00f3n, el reporte t\u00e9cnico evidenci\u00f3 que en el fondo de la tabla quedaron Tierra del Fuego, R\u00edo Negro, Formosa y Santa Cruz, cuyos niveles de participaci\u00f3n fueron inferiores al 0,3% del mes.<\/p>\n<p>Asimismo, el informe destac\u00f3 que en agosto no hubo reparto de Adelanto Transitorios Nacionales (ATN). Las estad\u00edsticas oficiales de los primeros ocho meses reflejan que los recursos discrecionales &#8220;totalizaron $ 806.489 millones&#8221;, registrando de este modo &#8220;una baja real interanual del 63,1% contra igual per\u00edodo del 2025&#8221;.<\/p>\n<div style=\"width: 100%;  min-height: 250px; display: flex; flex-direction: column; align-items: center; margin: 10px auto 10px auto; overflow: hidden;\" class=\"d-lg-none\">\n<div id=\"\" class=\"ads-space d-lg-none\" data-id=\"central_300x250x-pos-\" data-w=\"300\" data-h=\"250\" data-loaded=\"false\" data-reload=\"true\"><\/div>\n<\/div><\/div>\n<p><\/p>\n","protected":false},"excerpt":{"rendered":"<p>        Las transferencias no autom\u00e1ticas cayeron 66,4%. Detalles de los env\u00edos a cada jurisdicci\u00f3n.<\/p>\n","protected":false},"author":1,"featured_media":25180,"comment_status":"open","ping_status":"open","sticky":false,"template":"","format":"standard","meta":{"footnotes":""},"categories":[1],"tags":[4],"class_list":["post-25178","post","type-post","status-publish","format-standard","has-post-thumbnail","hentry","category-uncategorized","tag-entre-rios"],"_links":{"self":[{"href":"https:\/\/cliente1.publisher.highstack.com.ar\/index.php?rest_route=\/wp\/v2\/posts\/25178","targetHints":{"allow":["GET"]}}],"collection":[{"href":"https:\/\/cliente1.publisher.highstack.com.ar\/index.php?rest_route=\/wp\/v2\/posts"}],"about":[{"href":"https:\/\/cliente1.publisher.highstack.com.ar\/index.php?rest_route=\/wp\/v2\/types\/post"}],"author":[{"embeddable":true,"href":"https:\/\/cliente1.publisher.highstack.com.ar\/index.php?rest_route=\/wp\/v2\/users\/1"}],"replies":[{"embeddable":true,"href":"https:\/\/cliente1.publisher.highstack.com.ar\/index.php?rest_route=%2Fwp%2Fv2%2Fcomments&post=25178"}],"version-history":[{"count":1,"href":"https:\/\/cliente1.publisher.highstack.com.ar\/index.php?rest_route=\/wp\/v2\/posts\/25178\/revisions"}],"predecessor-version":[{"id":25179,"href":"https:\/\/cliente1.publisher.highstack.com.ar\/index.php?rest_route=\/wp\/v2\/posts\/25178\/revisions\/25179"}],"wp:featuredmedia":[{"embeddable":true,"href":"https:\/\/cliente1.publisher.highstack.com.ar\/index.php?rest_route=\/wp\/v2\/media\/25180"}],"wp:attachment":[{"href":"https:\/\/cliente1.publisher.highstack.com.ar\/index.php?rest_route=%2Fwp%2Fv2%2Fmedia&parent=25178"}],"wp:term":[{"taxonomy":"category","embeddable":true,"href":"https:\/\/cliente1.publisher.highstack.com.ar\/index.php?rest_route=%2Fwp%2Fv2%2Fcategories&post=25178"},{"taxonomy":"post_tag","embeddable":true,"href":"https:\/\/cliente1.publisher.highstack.com.ar\/index.php?rest_route=%2Fwp%2Fv2%2Ftags&post=25178"}],"curies":[{"name":"wp","href":"https:\/\/api.w.org\/{rel}","templated":true}]}}