{"id":25174,"date":"2026-09-05T10:57:45","date_gmt":"2026-09-05T13:57:45","guid":{"rendered":"https:\/\/cliente1.publisher.highstack.com.ar\/?p=25174"},"modified":"2026-09-05T10:57:45","modified_gmt":"2026-09-05T13:57:45","slug":"el-triple-significado-de-la-sustentabilidad-que-todavia-esta-vigente","status":"publish","type":"post","link":"https:\/\/cliente1.publisher.highstack.com.ar\/?p=25174","title":{"rendered":"El triple significado de la sustentabilidad que todav\u00eda est\u00e1 vigente"},"content":{"rendered":"<div class=\"col-12\">\n<div data-tw=\"true\" style=\"display:contents\">\n<div role=\"none\"><\/div>\n<\/div>\n<p class=\"com-paragraph --capital --s text-left\">Como si al mundo le faltara alg\u00fan conflicto, en los \u00faltimos d\u00edas se abri\u00f3 un nuevo frente de disputa entre <strong>Brasil y la Uni\u00f3n Europea<\/strong> (UE). El bloque comunitario decidi\u00f3 suspender las importaciones de carne y otros productos del socio mayor de la Argentina en el <strong>Mercosur <\/strong>porque no ofrec\u00eda suficientes garant\u00edas sobre el control en el uso de antibi\u00f3ticos en la ganader\u00eda. <\/p>\n<div class=\"ln-banner-container --no-app --caja1_mob\">\n<div id=\"caja1_mob\" class=\"ln-banner\" data-slot-group=\"nota\" data-device=\"mobile\" data-subscription=\"false\" data-ad-unit-path=\"\/133919216\/campo_mobile\/Nota\/caja1_mob\" data-targeting='{\"sitio\":\"lanacion\",\"seccion\":\"nota\"}' data-without-hide=\"true\" data-size=\"[[320,100],[300,250],[1,1],[300,450],[320,450]]\" data-sizemap=\"[]\" data-prebid-enabled=\"true\"><\/div>\n<\/div>\n<p class=\"com-paragraph --s text-left\"><a href=\"https:\/\/www.lanacion.com.ar\/economia\/campo\/la-union-europea-suspende-las-importaciones-de-carne-vacuna-de-brasil-por-incumplimientos-sanitarios-nid01092026\/\" target=\"_self\" title=\"https:\/\/www.lanacion.com.ar\/economia\/campo\/la-union-europea-suspende-las-importaciones-de-carne-vacuna-de-brasil-por-incumplimientos-sanitarios-nid01092026\/\" class=\"com-link break-word\" data-mrf-recirculation=\"n_link_parrafo\">La UE busca combatir la resistencia de los microorganismos a los antimicrobianos y exige un uso responsable de los antibi\u00f3ticos en la producci\u00f3n animal<\/a>. En mayo pasado, el bloque comunitario hab\u00eda retirado a Brasil de la lista de naciones que ten\u00edan un reconocimiento al respeto de las reglas europeas referidas al uso intensivo de antibi\u00f3ticos en la producci\u00f3n ganadera. Frente a la falta de respuestas positivas, las autoridades de la <strong>Comunidad Europea decidieron suspender las importaciones brasile\u00f1as hasta tanto tengan garant\u00edas m\u00ednimas sobre trazabilidad<\/strong>.<\/p>\n<div class=\"ln-banner-container --no-app --middle_1_dsk\">\n<div id=\"middle_1_dsk\" class=\"ln-banner\" data-slot-group=\"nota\" data-device=\"desktop\" data-subscription=\"true\" data-ad-unit-path=\"\/133919216\/campo_desktop\/Nota\/middle_1_dsk\" data-targeting='{\"sitio\":\"lanacion\",\"seccion\":\"nota\"}' data-without-hide=\"true\" data-size=\"[[1,1],[640,360],[640,480],[728,90]]\" data-sizemap=\"[]\" data-prebid-enabled=\"true\"><\/div>\n<\/div>\n<p class=\"com-paragraph --s text-left\">Hasta el momento, Brasilia critic\u00f3 el veto y advirti\u00f3 que recurrir\u00e1 a los mecanismos de soluci\u00f3n de controversias, tanto los previstos en el acuerdo Mercosur-Uni\u00f3n Europea como de la Organizaci\u00f3n Mundial del Comercio. <strong>En el caso de la ganader\u00eda bovina, est\u00e1n en juego exportaciones por m\u00e1s de US$1000 millones y casi US$800 millones sobre carne aviar<\/strong>.<\/p>\n<p class=\"com-paragraph --s text-left\">M\u00e1s all\u00e1 de las presiones internas de los productores ganaderos europeos, fundamentalmente franceses, que rechazaron el acuerdo con el Mercosur y las pol\u00edticas hist\u00f3ricamente proteccionistas de la UE, lo cierto es que la cuesti\u00f3n de la inocuidad y la sanidad animal hay que tomarla en serio. <strong>Cuando se levanta la bandera de la desregulaci\u00f3n y se cuestiona el papel del Estado en la producci\u00f3n, es mejor ir con un bistur\u00ed y no con una motosierra<\/strong>. Tampoco se trata de alegrarse por la desgracia del vecino, porque tambi\u00e9n le puede ocurrir a la Argentina una sanci\u00f3n como la que hoy tiene Brasil, pero s\u00ed vale destacar los sistemas de trazabilidad e informaci\u00f3n de la producci\u00f3n ganadera argentina. <\/p>\n<div class=\"ln-banner-container --no-app --caja2_mob\">\n<div id=\"caja2_mob\" class=\"ln-banner\" data-slot-group=\"nota\" data-device=\"mobile\" data-subscription=\"true\" data-ad-unit-path=\"\/133919216\/campo_mobile\/Nota\/caja2_mob\" data-targeting='{\"sitio\":\"lanacion\",\"seccion\":\"nota\"}' data-without-hide=\"true\" data-size=\"[[320,100],[300,250],[300,450],[1,1],[360,270],[320,180]]\" data-sizemap=\"[]\" data-prebid-enabled=\"true\"><\/div>\n<\/div>\n<p class=\"com-paragraph --s text-left\">Tambi\u00e9n de la existencia de un organismo como el<strong> Senasa <\/strong>que, pese a las dificultades y los recortes presupuestarios, puede otorgar garant\u00edas de inocuidad de la producci\u00f3n argentina. Si de algo sirvi\u00f3 la crisis de la fiebre aftosa de fines de los a\u00f1os 90 y principios de este siglo es que la confianza se puede perder muy f\u00e1cilmente y recuperarla puede costar a\u00f1os. <\/p>\n<div class=\"ln-banner-container --no-app --middle_2_dsk\">\n<div id=\"middle_2_dsk\" class=\"ln-banner\" data-slot-group=\"nota\" data-device=\"desktop\" data-subscription=\"true\" data-ad-unit-path=\"\/133919216\/campo_desktop\/Nota\/middle_2_dsk\" data-targeting='{\"sitio\":\"lanacion\",\"seccion\":\"nota\"}' data-without-hide=\"true\" data-size=\"[[1,1],[728,90]]\" data-sizemap=\"[]\" data-prebid-enabled=\"true\"><\/div>\n<\/div>\n<div class=\"content-media\">\n<section role=\"button\" class=\"mod-media   \">\n<figure role=\"button\" tabindex=\"0\" class=\"mod-figure \">\n<div class=\"placeholder \">\n<div class=\"com-image\"><picture><source media=\"(min-width: 768px)\" srcset=\"https:\/\/www.lanacion.com.ar\/resizer\/v2\/patagonia-argentina-vacas-pasto-rodeo-pastoreo-3K4RZ573CJDAFME6WRHISAJRHE.jpg?auth=f0ce2ac93affaa3f2991d369d05ed74140082490797f646ab67aa6032fc8906d&amp;width=780&amp;height=520&amp;quality=70&amp;smart=true\"><\/source><img class=\"image com-image flex --cover\" decoding=\"async\" fetchpriority=\"low\" loading=\"lazy\" src=\"https:\/\/www.lanacion.com.ar\/resizer\/v2\/patagonia-argentina-vacas-pasto-rodeo-pastoreo-3K4RZ573CJDAFME6WRHISAJRHE.jpg?auth=f0ce2ac93affaa3f2991d369d05ed74140082490797f646ab67aa6032fc8906d&amp;width=420&amp;height=280&amp;quality=70&amp;smart=true\" width=\"2000\" alt=\"La sustentabilidad no solo es ambiental sino tambi\u00e9n social y econ\u00f3mica\" height=\"1333\"><\/picture><\/div>\n<\/div><figcaption class=\"mod-figcaption\"><span class=\"com-text --caption --twoxs\">La sustentabilidad no solo es ambiental sino tambi\u00e9n social y econ\u00f3mica<\/span><span class=\"com-text --credit --twoxs\">Shutterstock<\/span><\/figcaption><\/figure>\n<\/section>\n<\/div>\n<div class=\"ln-banner-container --no-app --caja3_mob\">\n<div id=\"caja3_mob\" class=\"ln-banner\" data-slot-group=\"nota\" data-device=\"mobile\" data-subscription=\"false\" data-ad-unit-path=\"\/133919216\/campo_mobile\/Nota\/caja3_mob\" data-targeting='{\"sitio\":\"lanacion\",\"seccion\":\"nota\"}' data-without-hide=\"true\" data-size=\"[[320,100],[300,250],[1,1],[300,450],[360,270]]\" data-sizemap=\"[]\" data-prebid-enabled=\"true\"><\/div>\n<\/div>\n<div class=\"ln-banner-container --no-app --middle_2_tab\">\n<div id=\"middle_2_tab\" class=\"ln-banner\" data-slot-group=\"nota\" data-device=\"tablet\" data-subscription=\"false\" data-ad-unit-path=\"\/133919216\/campo_tablet\/Nota\/middle_2_tab\" data-targeting='{\"sitio\":\"lanacion\",\"seccion\":\"nota\"}' data-without-hide=\"true\" data-size=\"[[728,90],[640,480],[468,60],[1,1]]\" data-sizemap=\"[]\" data-prebid-enabled=\"true\"><\/div>\n<\/div>\n<p class=\"com-paragraph --s text-left\">Cada vez m\u00e1s, <strong>el concepto de sustentabilidad va dejando paso al eslogan y transform\u00e1ndose en reglas y comienza a entrar en el mundo de los negocios<\/strong>. Habr\u00e1 quien cuestione la definici\u00f3n de cambio clim\u00e1tico y todas las medidas que se est\u00e1n adoptando para impulsar la transici\u00f3n energ\u00e9tica del uso de recursos no renovables a renovables, pero lo cierto es que ah\u00ed est\u00e1n. Obviamente cada uno es libre de aceptarlas o no.<\/p>\n<p class=\"com-paragraph --s text-left\">Entre ellas, est\u00e1 el impulso a los mercados de carbono. Al respecto, la <strong>Sociedad Rural Argentina (SRA)<\/strong> destac\u00f3 en un informe esta semana que \u201cel mercado de cr\u00e9ditos de carbono puede representar para la Argentina una oportunidad econ\u00f3mica de aproximadamente <strong>US$4800 millones anuales<\/strong>. Seg\u00fan la entidad, los recursos, \u201cno pueden estar concentrados en intermediarios ni bajo un esquema de administraci\u00f3n estatal, sino que lleguen a los propietarios y productores que generan y sostienen los proyectos\u201d. <\/p>\n<p class=\"com-paragraph --s text-left\">Seg\u00fan expres\u00f3 <strong>Elo\u00edsa Frederking, vicepresidenta segunda de la SRA<\/strong>, \u201cestos recursos van a ir hacia regiones donde el desarrollo del pa\u00eds ha quedado inmovilizado ante la presi\u00f3n del ambientalismo extremo y leyes que generaron pobreza estructural\u201d.<\/p>\n<div class=\"ln-banner-container --no-app --caja4_mob\">\n<div id=\"caja4_mob\" class=\"ln-banner\" data-slot-group=\"nota\" data-device=\"mobile\" data-subscription=\"false\" data-ad-unit-path=\"\/133919216\/campo_mobile\/Nota\/caja4_mob\" data-targeting='{\"sitio\":\"lanacion\",\"seccion\":\"nota\"}' data-without-hide=\"true\" data-size=\"[[320,100],[300,250],[1,1]]\" data-sizemap=\"[]\" data-prebid-enabled=\"true\"><\/div>\n<\/div>\n<p class=\"com-paragraph --s text-left\">Seg\u00fan la entidad, \u201cel desarrollo del mercado de carbono puede generar una nueva fuente de ingresos para productores y comunidades de distintas regiones del pa\u00eds, particularmente en zonas del NEA, NOA y la Patagonia, donde existen importantes superficies con potencial para desarrollar proyectos de conservaci\u00f3n y captura de carbono\u201d. <\/p>\n<p class=\"com-paragraph --s text-left\">El impulso de estos temas no deber\u00eda ir en reemplazo de cuestiones m\u00e1s terrenales como la elevada presi\u00f3n impositiva de todos los niveles del Estado sino en paralelo.<strong> En definitiva, la sustentabilidad no solo es ambiental sino tambi\u00e9n social y econ\u00f3mica<\/strong>. La oportunidad y la ventaja que tiene la producci\u00f3n agroindustrial argentina es que est\u00e1 en condiciones de responder a las demandas de sanidad y calidad de los mercados globales. Aunque haya sobresaltos, es un camino que vale la pena recorrer.<\/p>\n<div class=\"ln-banner-container --no-app --caja5_mob\">\n<div id=\"caja5_mob\" class=\"ln-banner\" data-slot-group=\"nota\" data-device=\"mobile\" data-subscription=\"false\" data-ad-unit-path=\"\/133919216\/campo_mobile\/Nota\/caja5_mob\" data-targeting='{\"sitio\":\"lanacion\",\"seccion\":\"nota\"}' data-without-hide=\"true\" data-size='[[320,100],[300,250],[1,1],[\" fluid\"]]' data-sizemap=\"[]\" data-prebid-enabled=\"true\"><\/div>\n<\/div>\n<div data-fusion-lazy-id=\"f0fLHi7Wfcy22C4\"><\/div>\n<div class=\"ln-banner-container --no-app --middle_3_dsk\">\n<div id=\"middle_3_dsk\" class=\"ln-banner\" data-slot-group=\"nota\" data-device=\"desktop\" data-subscription=\"true\" data-ad-unit-path=\"\/133919216\/campo_desktop\/Nota\/middle_3_dsk\" data-targeting='{\"sitio\":\"lanacion\",\"seccion\":\"nota\"}' data-without-hide=\"true\" data-size=\"[[1,1],[728,90],[640,360],[728,360]]\" data-sizemap=\"[]\" data-prebid-enabled=\"true\"><\/div>\n<\/div>\n<\/div>\n","protected":false},"excerpt":{"rendered":"<p>Como si al mundo le faltara alg\u00fan conflicto, en los \u00faltimos d\u00edas se abri\u00f3 un nuevo frente de disputa entre Brasil y la Uni\u00f3n Europea (UE). El bloque comunitario decidi\u00f3 suspender las importaciones de carne y otros productos del socio mayor de la Argentina en el Mercosur porque no ofrec\u00eda suficientes garant\u00edas sobre el control [&hellip;]<\/p>\n","protected":false},"author":1,"featured_media":25175,"comment_status":"open","ping_status":"open","sticky":false,"template":"","format":"standard","meta":{"footnotes":""},"categories":[1],"tags":[],"class_list":["post-25174","post","type-post","status-publish","format-standard","has-post-thumbnail","hentry","category-uncategorized"],"_links":{"self":[{"href":"https:\/\/cliente1.publisher.highstack.com.ar\/index.php?rest_route=\/wp\/v2\/posts\/25174","targetHints":{"allow":["GET"]}}],"collection":[{"href":"https:\/\/cliente1.publisher.highstack.com.ar\/index.php?rest_route=\/wp\/v2\/posts"}],"about":[{"href":"https:\/\/cliente1.publisher.highstack.com.ar\/index.php?rest_route=\/wp\/v2\/types\/post"}],"author":[{"embeddable":true,"href":"https:\/\/cliente1.publisher.highstack.com.ar\/index.php?rest_route=\/wp\/v2\/users\/1"}],"replies":[{"embeddable":true,"href":"https:\/\/cliente1.publisher.highstack.com.ar\/index.php?rest_route=%2Fwp%2Fv2%2Fcomments&post=25174"}],"version-history":[{"count":0,"href":"https:\/\/cliente1.publisher.highstack.com.ar\/index.php?rest_route=\/wp\/v2\/posts\/25174\/revisions"}],"wp:featuredmedia":[{"embeddable":true,"href":"https:\/\/cliente1.publisher.highstack.com.ar\/index.php?rest_route=\/wp\/v2\/media\/25175"}],"wp:attachment":[{"href":"https:\/\/cliente1.publisher.highstack.com.ar\/index.php?rest_route=%2Fwp%2Fv2%2Fmedia&parent=25174"}],"wp:term":[{"taxonomy":"category","embeddable":true,"href":"https:\/\/cliente1.publisher.highstack.com.ar\/index.php?rest_route=%2Fwp%2Fv2%2Fcategories&post=25174"},{"taxonomy":"post_tag","embeddable":true,"href":"https:\/\/cliente1.publisher.highstack.com.ar\/index.php?rest_route=%2Fwp%2Fv2%2Ftags&post=25174"}],"curies":[{"name":"wp","href":"https:\/\/api.w.org\/{rel}","templated":true}]}}