{"id":25170,"date":"2026-09-05T10:30:09","date_gmt":"2026-09-05T13:30:09","guid":{"rendered":"https:\/\/cliente1.publisher.highstack.com.ar\/?p=25170"},"modified":"2026-09-05T10:30:09","modified_gmt":"2026-09-05T13:30:09","slug":"la-onu-voto-a-favor-de-un-nuevo-mapa-mundial-que-refleje-el-tamano-real-de-africa","status":"publish","type":"post","link":"https:\/\/cliente1.publisher.highstack.com.ar\/?p=25170","title":{"rendered":"La ONU vot\u00f3 a favor de un nuevo mapa mundial que refleje el tama\u00f1o real de \u00c1frica"},"content":{"rendered":"<div id=\"\">\n<p id=\"p-1788609541289-23719\">La <strong>Asamblea General de la Organizaci\u00f3n de las Naciones Unidas (ONU)<\/strong> vot\u00f3 a favor de sustituir el mapamundi tradicional por <strong>uno que refleje con mayor precisi\u00f3n la extensi\u00f3n de \u00c1frica<\/strong>. Se trata de pasar del cl\u00e1sico Mercator, dise\u00f1ado en el siglo XVI, a uno impulsado bajo el nombre de Tierra Igual, adoptado ya este a\u00f1o por m\u00e1s de 50 estados del continente y defendido por representar&#8221; con m\u00e1s precisi\u00f3n&#8221; el tama\u00f1o del mundo.<\/p>\n<\/div>\n<div id=\"\">\n<p id=\"p-1788609541289-82562\">Se trata de la resoluci\u00f3n &#8220;Corregir el mapa&#8221;, patrocinada por <strong>Togo <\/strong>y respaldada por los miembros de la <strong>Uni\u00f3n Africana (UA).<\/strong> Fue aprobada con el apoyo de 164 naciones, entre ellas <strong>Francia y el Reino Unido<\/strong>. EEUU fue el \u00fanico pa\u00eds que vot\u00f3 en contra, mientras que hubo seis abstenciones.<\/p>\n<\/div>\n<div id=\"\">\n<p id=\"p-1788609541289-40182\"> La votaci\u00f3n de la ONU no es vinculante, pero supondr\u00e1 cambios en los mapas utilizados por las instituciones de todo el mundo. El dise\u00f1o actual, el <strong>Mercator<\/strong>, es de uso com\u00fan desde el siglo XVI y fue objeto de cr\u00edticas porque muestra a \u00c1frica con un tama\u00f1o similar al de Groenlandia, a pesar de ser en realidad <strong>14 veces m\u00e1s grande<\/strong>.<\/p>\n<\/div>\n<div id=\"\">\n<h2 id=\"p-1788610900239-34721\">La ONU adhiri\u00f3 al uso de un mapa mundial que refleje el tama\u00f1o real de \u00c1frica<\/h2>\n<p id=\"p-1788609541289-58976\">Los cr\u00edticos afirman que esto conlleva a que <strong>se minimicen las necesidades y el potencial de desarrollo<\/strong> de los pa\u00edses cercanos al ecuador. El Mercator fue dise\u00f1ado en 1569 por el cart\u00f3grafo flamenco <strong>Gerardus Mercator<\/strong> para ayudar a los exploradores europeos a navegar por todo el mundo.<\/p>\n<\/div>\n<div id=\"\">\n<p id=\"p-1788609552969-10145\" class=\"\">La distorsi\u00f3n de su mapa se debe a que es imposible representar con precisi\u00f3n la superficie de un globo terr\u00e1queo en un gr\u00e1fico bidimensional. El Mercator tiene en cuenta la <strong>curvatura de la Tierra <\/strong>haciendo que los pa\u00edses cercanos al ecuador parezcan m\u00e1s peque\u00f1os, mientras que los pa\u00edses m\u00e1s cercanos a los polos aparecen m\u00e1s grandes.<\/p>\n<\/div>\n<div id=\"\">\n<div contenteditable=\"false\" class=\"embed_cont type_freetext\" rel=\"freetext\" id=\"embed501_wrap\" data-provider=\"Twitter\">\n<div id=\"embed501_content\" class=\"embed_content\">\n<div id=\"embed501_embed\">\n<blockquote data-td-script-src=\"https:\/\/platform.x.com\/widgets.js\" class=\"twitter-tweet\">\n<p id=\"p-1788611124260-62182\" dir=\"ltr\" lang=\"en\">HISTORIC MOMENT: THE WORLD HAS CHOSEN TO CORRECT THE MAP<br \/>Today, the United Nations has taken a historic step with the adoption of the \u201cCorrect the Map\u201d Resolution.<br \/>This decision is about much more than cartography. It is about justice, dignity, equality and the way we represent\u2026 <a href=\"https:\/\/t.co\/4fqF4wAj5n\">pic.twitter.com\/4fqF4wAj5n<\/a><\/p>\n<p> \u2014 Robert Dussey (@rdussey) <a href=\"https:\/\/x.com\/rdussey\/status\/2095914343682506972?ref_src=twsrc%5Etfw\">September 4, 2026<\/a><\/p><\/blockquote>\n<\/div><\/div>\n<\/p><\/div>\n<p id=\"p-1788609568167-69257\">Para abordar este problema, un equipo de cart\u00f3grafos cre\u00f3 en 2018 un mapa de \u00e1reas iguales al que denominaron proyecci\u00f3n Tierra Igual. <strong>En febrero, los 54 estados miembros de la UA lo adoptaron <\/strong>y afirmaron que &#8220;representa con mayor precisi\u00f3n el tama\u00f1o de todos los continentes, en particular el de \u00c1frica&#8221;.<\/p>\n<p id=\"p-1788609568167-41133\">El grupo de campa\u00f1a en l\u00ednea #CorrectTheMap dijo: &#8220;Se podr\u00eda meter a EEUU, China, India, Jap\u00f3n, M\u00e9xico y gran parte de Europa dentro de \u00c1frica y a\u00fan sobrar\u00eda territorio&#8221;. Antes de la votaci\u00f3n del viernes, el ministro de<strong> Asuntos Exteriores de Togo, Robert Dussey<\/strong>, declar\u00f3 a Reuters: &#8220;Un mundo justo comienza con un mapa justo&#8221;.<\/p>\n<p id=\"p-1788611175981-20539\">En su cuenta de X, ampli\u00f3 su postura al afirmar: &#8220;Esta decisi\u00f3n va mucho m\u00e1s all\u00e1 de la cartograf\u00eda. Se trata de <strong>justicia, dignidad, igualdad y la forma en que representamos nuestro mundo <\/strong>(&#8230;) Esta es una victoria para \u00c1frica, pero sobre todo para todos los que creen en un mundo m\u00e1s justo, m\u00e1s equilibrado y m\u00e1s representado con precisi\u00f3n&#8221;.<\/p>\n<div contenteditable=\"false\" class=\"embed_cont type_imagen\" id=\"8274360-Libre-1097084027_wrap\">\n<div id=\"8274360-Libre-1097084027_content\" class=\"embed_content\"><img src=\"https:\/\/media.ambito.com\/p\/52528e74f25d9828127c1ba89f4d5e2b\/adjuntos\/239\/imagenes\/043\/624\/0043624252\/tamano-africa.jpeg?2026-09-05-09-33-16\" decoding=\"async\" fetchpriority=\"high\" loading=\"eager\" crossorigin=\"anonymous\" alt=\"Un equipo de cart\u00f3grafos cre\u00f3 en 2018 un mapa de \u00e1reas iguales al que denominaron proyecci\u00f3n Tierra Igual. \" title=\"Un equipo de cart\u00f3grafos cre\u00f3 en 2018 un mapa de \u00e1reas iguales al que denominaron proyecci\u00f3n Tierra Igual. \" width=\"730\" height=\"403\" id=\"8274360-Libre-1097084027_embed\"\/><\/div>\n<div class=\"embed_wrapper-cont\" id=\"p-1788611832384-68285\">\n<div id=\"8274360-Libre-1097084027_epigrafe\" class=\"embed_epigrafe\">\n<p id=\"p-1788611890313-81214\">Un equipo de cart\u00f3grafos cre\u00f3 en 2018 un mapa de \u00e1reas iguales al que denominaron proyecci\u00f3n Tierra Igual.<\/p>\n<\/div>\n<p>BBC<\/p>\n<\/div><\/div>\n<h2 id=\"p-1788611446393-77750\"\/>\n<h2 id=\"p-1788609608574-28135\">La ONU alert\u00f3 sobre la duraci\u00f3n de El Ni\u00f1o: llegar\u00e1 hasta febrero de 2027 y ser\u00e1 muy fuerte<\/h2>\n<p id=\"p-1788433784298-83380\" class=\"\" data-paragraph-number=\"1\" data-mrf-recirculation=\"Links inline\">La <strong>Organizaci\u00f3n Meteorol\u00f3gica Mundial (OMM), dependiente de la <a href=\"https:\/\/www.ambito.com\/informacion-general\/la-onu-advierte-que-el-calentamiento-global-podria-superar-los-15c-n6317705\" target=\"_blank\" rel=\"follow noopener\" data-mrf-recirculation=\"Article - Paragraph Links\" data-mrf-link=\"https:\/\/www.ambito.com\/informacion-general\/la-onu-advierte-que-el-calentamiento-global-podria-superar-los-15c-n6317705\" cmp-ltrk=\"Article - Paragraph Links\" cmp-ltrk-idx=\"0\" mrfobservableid=\"58078be4-a730-47d1-9e98-651c740787c7\">ONU,<\/strong> advirti\u00f3 este jueves que<strong> el fen\u00f3meno de El Ni\u00f1o<\/strong> se intensificar\u00e1 durante los pr\u00f3ximos meses y alcanzar\u00e1 una magnitud muy fuerte. Sus efectos podr\u00edan extenderse hasta febrero de 2027, con repercusiones clim\u00e1ticas durante buena parte de ese a\u00f1o.<\/p>\n<p id=\"p-1788433788936-55204\" class=\"\" data-paragraph-number=\"2\" data-mrf-recirculation=\"Links inline\">El organismo se\u00f1al\u00f3 que existe <strong>una probabilidad \u201cextraordinariamente alta, cercana al 100%\u201d <\/strong>de esa duraci\u00f3n del fen\u00f3meno. \u201cEl Ni\u00f1o est\u00e1 claramente establecido y se intensificar\u00e1 hasta convertirse ser muy fuerte en los pr\u00f3ximos meses, con grandes impactos en los patrones de precipitaci\u00f3n y temperatura&#8221; afirm\u00f3 la agencia de la <strong>Organizaci\u00f3n de Naciones Unidas (ONU).<\/strong><\/p>\n<p id=\"p-1788435203190-75658\" class=\"\" data-paragraph-number=\"5\" data-mrf-recirculation=\"Links inline\">La entidad tambi\u00e9n sostuvo que algunos de los riesgos asociados podr\u00edan ser <strong>inundaciones, sequ\u00edas y calor extremo.<\/strong> \u201cLa ciencia no deja lugar a dudas: el planeta se encuentra en aguas desconocidas, y esas aguas se est\u00e1n calentando. Las temperaturas de la superficie del mar est\u00e1n aumentando, siguen subiendo y el mundo se encuentra en la zona de peligro del clima extremo\u201d, alert\u00f3 el <strong>secretario general de Naciones Unidas, Antonio Guterres.<\/strong><\/p>\n<\/p><\/div>\n<p><script async src=\"\/\/platform.twitter.com\/widgets.js\" charset=\"utf-8\"><\/script><script>\n!function(f,b,e,v,n,t,s)\n{if(f.fbq)return;n=f.fbq=function(){n.callMethod?\nn.callMethod.apply(n,arguments):n.queue.push(arguments)};\nif(!f._fbq)f._fbq=n;n.push=n;n.loaded=!0;n.version='2.0';\nn.queue=[];t=b.createElement(e);t.async=!0;\nt.src=v;s=b.getElementsByTagName(e)[0];\ns.parentNode.insertBefore(t,s)}(window,document,'script',\n'\nfbq('init', '2047048335588113');\nfbq('track', 'PageView');\n<\/script><\/p>\n","protected":false},"excerpt":{"rendered":"<p>La Asamblea General de la Organizaci\u00f3n de las Naciones Unidas (ONU) vot\u00f3 a favor de sustituir el mapamundi tradicional por uno que refleje con mayor precisi\u00f3n la extensi\u00f3n de \u00c1frica. Se trata de pasar del cl\u00e1sico Mercator, dise\u00f1ado en el siglo XVI, a uno impulsado bajo el nombre de Tierra Igual, adoptado ya este a\u00f1o [&hellip;]<\/p>\n","protected":false},"author":1,"featured_media":25171,"comment_status":"open","ping_status":"open","sticky":false,"template":"","format":"standard","meta":{"footnotes":""},"categories":[1],"tags":[],"class_list":["post-25170","post","type-post","status-publish","format-standard","has-post-thumbnail","hentry","category-uncategorized"],"_links":{"self":[{"href":"https:\/\/cliente1.publisher.highstack.com.ar\/index.php?rest_route=\/wp\/v2\/posts\/25170","targetHints":{"allow":["GET"]}}],"collection":[{"href":"https:\/\/cliente1.publisher.highstack.com.ar\/index.php?rest_route=\/wp\/v2\/posts"}],"about":[{"href":"https:\/\/cliente1.publisher.highstack.com.ar\/index.php?rest_route=\/wp\/v2\/types\/post"}],"author":[{"embeddable":true,"href":"https:\/\/cliente1.publisher.highstack.com.ar\/index.php?rest_route=\/wp\/v2\/users\/1"}],"replies":[{"embeddable":true,"href":"https:\/\/cliente1.publisher.highstack.com.ar\/index.php?rest_route=%2Fwp%2Fv2%2Fcomments&post=25170"}],"version-history":[{"count":0,"href":"https:\/\/cliente1.publisher.highstack.com.ar\/index.php?rest_route=\/wp\/v2\/posts\/25170\/revisions"}],"wp:featuredmedia":[{"embeddable":true,"href":"https:\/\/cliente1.publisher.highstack.com.ar\/index.php?rest_route=\/wp\/v2\/media\/25171"}],"wp:attachment":[{"href":"https:\/\/cliente1.publisher.highstack.com.ar\/index.php?rest_route=%2Fwp%2Fv2%2Fmedia&parent=25170"}],"wp:term":[{"taxonomy":"category","embeddable":true,"href":"https:\/\/cliente1.publisher.highstack.com.ar\/index.php?rest_route=%2Fwp%2Fv2%2Fcategories&post=25170"},{"taxonomy":"post_tag","embeddable":true,"href":"https:\/\/cliente1.publisher.highstack.com.ar\/index.php?rest_route=%2Fwp%2Fv2%2Ftags&post=25170"}],"curies":[{"name":"wp","href":"https:\/\/api.w.org\/{rel}","templated":true}]}}