{"id":25166,"date":"2026-09-05T10:05:31","date_gmt":"2026-09-05T13:05:31","guid":{"rendered":"https:\/\/cliente1.publisher.highstack.com.ar\/?p=25166"},"modified":"2026-09-05T10:05:31","modified_gmt":"2026-09-05T13:05:31","slug":"pena-firme-detuvieron-a-sergio-urribarri-tras-el-fallo-que-confirmo-su-condena-a-ocho-anos","status":"publish","type":"post","link":"https:\/\/cliente1.publisher.highstack.com.ar\/?p=25166","title":{"rendered":"Pena firme Detuvieron a Sergio Urribarri tras el fallo que confirm\u00f3 su condena a ocho a\u00f1os"},"content":{"rendered":"<p data-start=\"382\" data-end=\"645\">El exgobernador de Entre R\u00edos <strong data-start=\"412\" data-end=\"459\">Sergio Urribarri qued\u00f3 detenido este s\u00e1bado<\/strong>, luego de que la <strong data-start=\"477\" data-end=\"566\">Corte Suprema de Justicia de la Naci\u00f3n dejara firme su condena a ocho a\u00f1os de prisi\u00f3n<\/strong> por los delitos de negociaci\u00f3n incompatible con la funci\u00f3n p\u00fablica y peculado.<span aria-hidden=\"true\"><\/span><\/p>\n<p data-start=\"647\" data-end=\"971\">La orden de detenci\u00f3n tambi\u00e9n alcanz\u00f3 al exministro de Cultura y Comunicaci\u00f3n <strong data-start=\"725\" data-end=\"745\">Pedro \u00c1ngel B\u00e1ez<\/strong> y a <strong data-start=\"750\" data-end=\"773\">Juan Pablo Aguilera<\/strong>, cu\u00f1ado de Urribarri y expresidente del Partido Justicialista de Entre R\u00edos. Ambos recibieron condenas de <strong data-start=\"880\" data-end=\"912\">seis a\u00f1os y medio de prisi\u00f3n<\/strong>, adem\u00e1s de la inhabilitaci\u00f3n para ejercer cargos p\u00fablicos.<\/p>\n<p data-start=\"973\" data-end=\"1165\">Los tres pasaron la noche en la <strong data-start=\"1005\" data-end=\"1027\">Alcaid\u00eda de Paran\u00e1<\/strong> y durante la ma\u00f1ana ser\u00e1n trasladados a la <strong data-start=\"1071\" data-end=\"1118\">Unidad Penal N\u00b0 1 de la capital entrerriana<\/strong>, seg\u00fan inform\u00f3 el medio provincial <i>An\u00e1lisis<\/i>.<\/p>\n<p data-start=\"1167\" data-end=\"1341\">Urribarri ingres\u00f3 a la alcaid\u00eda durante la madrugada del s\u00e1bado, cerca de las 2. B\u00e1ez hab\u00eda llegado minutos antes de las 22 del viernes y Aguilera ingres\u00f3 posteriormente.<\/p>\n<h2>La Corte dej\u00f3 firme la condena<\/h2>\n<p data-start=\"1379\" data-end=\"1552\">El m\u00e1ximo tribunal <b>confirm\u00f3 el jueves la sentencia contra Urribarri<\/b>, quien gobern\u00f3 Entre R\u00edos durante dos per\u00edodos y tambi\u00e9n ocup\u00f3 el cargo de embajador argentino en Israel.<\/p>\n<p data-start=\"1554\" data-end=\"1786\">Los jueces <strong data-start=\"1565\" data-end=\"1625\">Horacio Rosatti, Carlos Rosenkrantz y Ricardo Lorenzetti<\/strong> rechazaron por inadmisible el recurso extraordinario que present\u00f3 la defensa del exgobernador. El mismo criterio alcanz\u00f3 a los planteos de los otros condenados.<\/p>\n<p data-start=\"1788\" data-end=\"1898\">Adem\u00e1s de los <strong data-start=\"1802\" data-end=\"1826\">ocho a\u00f1os de prisi\u00f3n<\/strong>, Urribarri recibi\u00f3 una <strong data-start=\"1850\" data-end=\"1897\">inhabilitaci\u00f3n para ejercer cargos p\u00fablicos<\/strong>.<\/p>\n<p data-start=\"1900\" data-end=\"2127\">La condena surgi\u00f3 de una investigaci\u00f3n que inici\u00f3 la exfiscal anticorrupci\u00f3n de Entre R\u00edos Cecilia Goyeneche y que analiz\u00f3 distintas maniobras vinculadas con el manejo de fondos p\u00fablicos durante la gesti\u00f3n del exgobernador.<\/p>\n<h2>Qu\u00e9 investig\u00f3 la Justicia<\/h2>\n<p data-start=\"2160\" data-end=\"2284\">Seg\u00fan la investigaci\u00f3n, Urribarri <strong data-start=\"2194\" data-end=\"2283\">direccion\u00f3 contrataciones de publicidad del Estado provincial para fines particulares<\/strong>.<\/p>\n<p data-start=\"2286\" data-end=\"2534\">En ese esquema apareci\u00f3 involucrado su cu\u00f1ado, Juan Pablo Aguilera, a quien la Justicia responsabiliz\u00f3 por manejar una estructura de testaferros y un mecanismo de cartelizaci\u00f3n para quedarse con fondos destinados a publicidad en la v\u00eda p\u00fablica. El expediente tambi\u00e9n incluy\u00f3 otras dos situaciones.<\/p>\n<p data-start=\"2590\" data-end=\"2799\">Una de ellas fue el <strong data-start=\"2610\" data-end=\"2665\">montaje de un parador en Mar del Plata durante 2015<\/strong>. La otra estuvo vinculada con la difusi\u00f3n de spots durante la <strong data-start=\"2728\" data-end=\"2751\">Cumbre del Mercosur<\/strong>, que se realiz\u00f3 en Paran\u00e1 en diciembre de 2014.<\/p>\n<p data-start=\"2801\" data-end=\"2926\">Seg\u00fan la investigaci\u00f3n, esas acciones tuvieron como objetivo promover la <strong data-start=\"2874\" data-end=\"2925\">postulaci\u00f3n presidencial de Urribarri para 2015<\/strong>.<\/p>\n<h2>Urribarri ya hab\u00eda pasado por prisi\u00f3n<\/h2>\n<p data-start=\"2971\" data-end=\"3032\">El exgobernador ya hab\u00eda permanecido detenido por esta causa.<\/p>\n<p data-start=\"3034\" data-end=\"3277\">En <strong data-start=\"3037\" data-end=\"3058\">noviembre de 2024<\/strong>, la C\u00e1mara de Casaci\u00f3n de Entre R\u00edos orden\u00f3 su prisi\u00f3n preventiva para evitar un eventual riesgo de fuga. Sin embargo, la Sala de feria del Tribunal Superior de Justicia provincial revoc\u00f3 esa decisi\u00f3n en enero de 2025. <b>Urribarri permaneci\u00f3 preso durante<\/b> <strong data-start=\"3314\" data-end=\"3325\">50 d\u00edas<\/strong>.<\/p>\n<p data-start=\"3328\" data-end=\"3493\">Ahora, con la condena firme por decisi\u00f3n de la Corte Suprema, la situaci\u00f3n judicial cambi\u00f3 y las autoridades ordenaron su detenci\u00f3n para que cumpla la pena impuesta.<\/p>\n<h2>Del gobierno de Entre R\u00edos a la embajada<\/h2>\n<p data-start=\"3541\" data-end=\"3637\">Urribarri ejerci\u00f3 como <strong data-start=\"3564\" data-end=\"3636\">gobernador de Entre R\u00edos entre diciembre de 2007 y diciembre de 2015<\/strong>.<\/p>\n<p data-start=\"3639\" data-end=\"3853\">Despu\u00e9s de finalizar su segundo mandato, fue elegido legislador provincial. En 2020, durante la gesti\u00f3n de <strong data-start=\"3746\" data-end=\"3787\">Alberto Fern\u00e1ndez y Cristina Kirchner<\/strong>, el Poder Ejecutivo lo design\u00f3 <strong data-start=\"3819\" data-end=\"3852\">embajador argentino en Israel<\/strong>.<\/p>\n<p data-start=\"3855\" data-end=\"4037\">Urribarri permaneci\u00f3 al frente de la representaci\u00f3n diplom\u00e1tica hasta mayo de 2022, cuando el Gobierno acept\u00f3 su renuncia luego de que la Justicia entrerriana dictara la condena.<\/p>\n<\/p>\n<p data-start=\"4039\" data-end=\"4242\" data-is-last-node=\"\" data-is-only-node=\"\">Con el fallo de la Corte Suprema, la sentencia qued\u00f3 firme y el exmandatario comenz\u00f3 este s\u00e1bado una nueva etapa de su situaci\u00f3n judicial: <strong data-start=\"4178\" data-end=\"4241\">el cumplimiento efectivo de la pena de ocho a\u00f1os de prisi\u00f3n<\/strong>.<\/p>\n<div class=\"piece relacionados news image grid\">\n<div class=\"piecetitle white\"><span class=\"titletext\">Noticias relacionadas<\/span><\/div>\n<section class=\"piece grid standard  col3 news bgnone grid\">\n<div class=\"items\" id=\"section-items-listv12759v1\" data-type=\"items\">\n<article class=\"item news\" data-type=\"item\">\n<h2 class=\"title\">Entr\u00f3 en vigencia la nueva Ley Penal Juvenil: qu\u00e9 cambia para los adolescentes de 14 y 15 a\u00f1os<\/h2>\n<\/article>\n<article class=\"item news\" data-type=\"item\">\n<h2 class=\"title\">El Gobierno inici\u00f3 un proceso sancionatorio contra 45 personas y empresas por explotar hidrocarburos en Malvinas<\/h2>\n<\/article>\n<article class=\"item news\" data-type=\"item\">\n<h2 class=\"title\">Caputo apost\u00f3 a un 2027 &#8220;supertranquilo&#8221; y descart\u00f3 cualquier rescate a los bancos por la mora<\/h2>\n<\/article>\n<\/div>\n<\/section>\n<\/div>\n<p><\/p>\n","protected":false},"excerpt":{"rendered":"<p>El exgobernador de Entre R\u00edos Sergio Urribarri qued\u00f3 detenido este s\u00e1bado, luego de que la Corte Suprema de Justicia de la Naci\u00f3n dejara firme su condena a ocho a\u00f1os de prisi\u00f3n por los delitos de negociaci\u00f3n incompatible con la funci\u00f3n p\u00fablica y peculado. La orden de detenci\u00f3n tambi\u00e9n alcanz\u00f3 al exministro de Cultura y Comunicaci\u00f3n [&hellip;]<\/p>\n","protected":false},"author":1,"featured_media":25167,"comment_status":"open","ping_status":"open","sticky":false,"template":"","format":"standard","meta":{"footnotes":""},"categories":[1],"tags":[4,2247,99],"class_list":["post-25166","post","type-post","status-publish","format-standard","has-post-thumbnail","hentry","category-uncategorized","tag-entre-rios","tag-entrerriana","tag-sergio-urribarri"],"_links":{"self":[{"href":"https:\/\/cliente1.publisher.highstack.com.ar\/index.php?rest_route=\/wp\/v2\/posts\/25166","targetHints":{"allow":["GET"]}}],"collection":[{"href":"https:\/\/cliente1.publisher.highstack.com.ar\/index.php?rest_route=\/wp\/v2\/posts"}],"about":[{"href":"https:\/\/cliente1.publisher.highstack.com.ar\/index.php?rest_route=\/wp\/v2\/types\/post"}],"author":[{"embeddable":true,"href":"https:\/\/cliente1.publisher.highstack.com.ar\/index.php?rest_route=\/wp\/v2\/users\/1"}],"replies":[{"embeddable":true,"href":"https:\/\/cliente1.publisher.highstack.com.ar\/index.php?rest_route=%2Fwp%2Fv2%2Fcomments&post=25166"}],"version-history":[{"count":0,"href":"https:\/\/cliente1.publisher.highstack.com.ar\/index.php?rest_route=\/wp\/v2\/posts\/25166\/revisions"}],"wp:featuredmedia":[{"embeddable":true,"href":"https:\/\/cliente1.publisher.highstack.com.ar\/index.php?rest_route=\/wp\/v2\/media\/25167"}],"wp:attachment":[{"href":"https:\/\/cliente1.publisher.highstack.com.ar\/index.php?rest_route=%2Fwp%2Fv2%2Fmedia&parent=25166"}],"wp:term":[{"taxonomy":"category","embeddable":true,"href":"https:\/\/cliente1.publisher.highstack.com.ar\/index.php?rest_route=%2Fwp%2Fv2%2Fcategories&post=25166"},{"taxonomy":"post_tag","embeddable":true,"href":"https:\/\/cliente1.publisher.highstack.com.ar\/index.php?rest_route=%2Fwp%2Fv2%2Ftags&post=25166"}],"curies":[{"name":"wp","href":"https:\/\/api.w.org\/{rel}","templated":true}]}}