{"id":25164,"date":"2026-09-05T10:05:25","date_gmt":"2026-09-05T13:05:25","guid":{"rendered":"https:\/\/cliente1.publisher.highstack.com.ar\/?p=25164"},"modified":"2026-09-05T10:05:25","modified_gmt":"2026-09-05T13:05:25","slug":"corrupcion-detuvieron-al-exgobernador-entrerriano-sergio-urribarri-para-que-cumpla-con-su-condena","status":"publish","type":"post","link":"https:\/\/cliente1.publisher.highstack.com.ar\/?p=25164","title":{"rendered":"CORRUPCI\u00d3N Detuvieron al exgobernador entrerriano Sergio Urribarri para que cumpla con su condena"},"content":{"rendered":"<\/p>\n<p>Tras la confirmaci\u00f3n de la condena a ocho a\u00f1os de prisi\u00f3n por parte de la<b> Corte Suprema de Justicia de la Naci\u00f3n<\/b>, el\u00a0exgobernador de <b>Entre R\u00edos,<\/b> <strong>Sergio Urribarri,\u00a0<\/strong>fue detenido por los delitos de <b>negociaci\u00f3n incompatible con la funci\u00f3n p\u00fablica y peculado<\/b> en cinco causas que tramitaron los tribunales provinciales.<\/p>\n<\/p>\n<p>Esta orden de detenci\u00f3n tambi\u00e9n recay\u00f3 para el exministro de Cultura y Comunicaci\u00f3n,<strong> Pedro \u00c1ngel B\u00e1ez<\/strong>, y el cu\u00f1ado de Uribarri, <strong>Juan Pablo Aguilera<\/strong>, quien fue presidente del Partido Justicialista de Entre R\u00edos. Para ambos rige una condena de seis a\u00f1os y medio de prisi\u00f3n e inhabilitaci\u00f3n.<\/p>\n<p><b>Todas las noticias de Cr\u00f3nica, en vivo<\/b><\/p>\n<\/p>\n<p>Los tres aprehendidos<strong>\u00a0<\/strong>pasaron la noche en la Alcaid\u00eda de Paran\u00e1 y este s\u00e1bado ser\u00e1n derivados a la <b>Unidad Penal N\u00b0 1 de Paran\u00e1<\/b>, seg\u00fan el medio local An\u00e1lisis.<\/p>\n<\/p>\n<p>La detenci\u00f3n del <b>exgobernador de Entre R\u00edos<\/b> se produjo a las 2 del\u00a0 s\u00e1bado, aunque el primero en ingresar a la Alcaid\u00eda de Paran\u00e1 fue B\u00e1ez, minutos antes de las 22 del viernes, y luego lleg\u00f3 Aguilera.<\/p>\n<h2 style=\"\"><b><u>Condena firme del exfuncionario<\/u><\/b><\/h2>\n<\/p>\n<p>La Corte dej\u00f3 firme la condena a ocho a\u00f1os de prisi\u00f3n para<strong> <\/strong>Urribarri, quien fue dos veces gobernador de Entre R\u00edos y embajador en <b>Israel<\/b>. Adem\u00e1s, la condena lleva aparejada la<strong> inhabilitaci\u00f3n para ejercer cargos p\u00fablicos.<\/strong><\/p>\n<\/p>\n<p>Los jueces <b>Horacio Rosatti, Carlos Rosenkrantz y Ricardo Lorenzetti<\/b> rechazaron el recurso extraordinario de la defensa del exgobernador por considerarlo inadmisible y lo mismo ocurri\u00f3 para los planteos de los otros condenados en el expediente.<\/p>\n<h2 style=\"\"><b><u>Investigaci\u00f3n sobre Urribarri<\/u><\/b><\/h2>\n<\/p>\n<p>El exmandatario qued\u00f3 preso en noviembre de 2024 por orden de la C\u00e1mara de Casaci\u00f3n provincial, que dispuso su prisi\u00f3n preventiva para evitar que se fugue, pero la decisi\u00f3n fue revocada en enero de 2025 por la Sala de feria del Tribunal Superior de Justicia de Entre R\u00edos y estuvo preso 50 d\u00edas.<\/p>\n<\/p>\n<p>Seg\u00fan la investigaci\u00f3n, Urribarri <b>direccion\u00f3 contrataciones de publicidad del Estado provincial para fines particulares.<\/b> En esa maniobra apareci\u00f3 favorecido Aguilera, a quien se responsabiliz\u00f3 por manejar un esquema de testaferros y de cartelizaci\u00f3n para quedarse con los fondos de la publicidad en v\u00eda p\u00fablica.<\/p>\n<p>En el expediente tambi\u00e9n se investig\u00f3 el montaje de un parador en <b>Mar del Plata<\/b> en 2015, y la difusi\u00f3n de spots durante la <b>Cumbre del Mercosur<\/b> que se realiz\u00f3 en la ciudad de Paran\u00e1 en diciembre de 2014 para promover su postulaci\u00f3n a la presidencia en 2015.<\/p>\n<h2><b><u>Cargos de Urribarri<\/u><\/b><\/h2>\n<\/p>\n<p>Urribarri fue gobernador entrerriano desde diciembre de 2007 hasta diciembre del 2015. Ese a\u00f1o fue electo legislador provincial y en 2020 fue nombrado Embajador por la Rep\u00fablica Argentina en el Estado de Israel por el gobierno de <b>Alberto Fern\u00e1ndez <\/b>y <b>Cristina Kirchner<\/b>. Ese cargo diplom\u00e1tico fue ocupado hasta mayo del 2022, cuando el Poder Ejecutivo acept\u00f3 su renuncia tras su condena.<\/p>\n<\/p>\n<\/p>\n<div itemscope itemprop=\"VideoObject\" itemtype=\"https:\/\/schema.org\/VideoObject\" class=\"seo\"><meta itemprop=\"uploadDate\" content=\"2026-09-05T09:35:00-03:00\"><meta itemprop=\"name\" content=\"Detuvieron al exgobernador entrerriano Sergio Urribarri para que cumpla con su condena\"><meta itemprop=\"description\" content=\"La Corte Suprema de Justicia de la Naci\u00f3n confirm\u00f3 la condena a ocho a\u00f1os de prisi\u00f3n para el exgobernador.\"><meta itemprop=\"thumbnailUrl\" content=\"https:\/\/www.cronica.com.ar\/files\/image\/1705\/1705085\/6a9c020d7f691.jpg\"><meta itemprop=\"embedUrl\" content=\"https:\/\/www.youtube.com\/embed\/hw4uHyct4vg?si=GVOHpHLu3fylX9TA\"><\/div>\n<p><\/p>\n","protected":false},"excerpt":{"rendered":"<p>Tras la confirmaci\u00f3n de la condena a ocho a\u00f1os de prisi\u00f3n por parte de la Corte Suprema de Justicia de la Naci\u00f3n, el\u00a0exgobernador de Entre R\u00edos, Sergio Urribarri,\u00a0fue detenido por los delitos de negociaci\u00f3n incompatible con la funci\u00f3n p\u00fablica y peculado en cinco causas que tramitaron los tribunales provinciales. Esta orden de detenci\u00f3n tambi\u00e9n recay\u00f3 [&hellip;]<\/p>\n","protected":false},"author":1,"featured_media":25165,"comment_status":"open","ping_status":"open","sticky":false,"template":"","format":"standard","meta":{"footnotes":""},"categories":[1],"tags":[4,2214,116,99],"class_list":["post-25164","post","type-post","status-publish","format-standard","has-post-thumbnail","hentry","category-uncategorized","tag-entre-rios","tag-entrerriano","tag-parana","tag-sergio-urribarri"],"_links":{"self":[{"href":"https:\/\/cliente1.publisher.highstack.com.ar\/index.php?rest_route=\/wp\/v2\/posts\/25164","targetHints":{"allow":["GET"]}}],"collection":[{"href":"https:\/\/cliente1.publisher.highstack.com.ar\/index.php?rest_route=\/wp\/v2\/posts"}],"about":[{"href":"https:\/\/cliente1.publisher.highstack.com.ar\/index.php?rest_route=\/wp\/v2\/types\/post"}],"author":[{"embeddable":true,"href":"https:\/\/cliente1.publisher.highstack.com.ar\/index.php?rest_route=\/wp\/v2\/users\/1"}],"replies":[{"embeddable":true,"href":"https:\/\/cliente1.publisher.highstack.com.ar\/index.php?rest_route=%2Fwp%2Fv2%2Fcomments&post=25164"}],"version-history":[{"count":0,"href":"https:\/\/cliente1.publisher.highstack.com.ar\/index.php?rest_route=\/wp\/v2\/posts\/25164\/revisions"}],"wp:featuredmedia":[{"embeddable":true,"href":"https:\/\/cliente1.publisher.highstack.com.ar\/index.php?rest_route=\/wp\/v2\/media\/25165"}],"wp:attachment":[{"href":"https:\/\/cliente1.publisher.highstack.com.ar\/index.php?rest_route=%2Fwp%2Fv2%2Fmedia&parent=25164"}],"wp:term":[{"taxonomy":"category","embeddable":true,"href":"https:\/\/cliente1.publisher.highstack.com.ar\/index.php?rest_route=%2Fwp%2Fv2%2Fcategories&post=25164"},{"taxonomy":"post_tag","embeddable":true,"href":"https:\/\/cliente1.publisher.highstack.com.ar\/index.php?rest_route=%2Fwp%2Fv2%2Ftags&post=25164"}],"curies":[{"name":"wp","href":"https:\/\/api.w.org\/{rel}","templated":true}]}}