{"id":25162,"date":"2026-09-05T10:02:05","date_gmt":"2026-09-05T13:02:05","guid":{"rendered":"https:\/\/cliente1.publisher.highstack.com.ar\/?p=25162"},"modified":"2026-09-05T10:02:05","modified_gmt":"2026-09-05T13:02:05","slug":"ya-esta-preso-en-parana-por-corrupcion-el-exgobernador-kirchnerista-uribarri","status":"publish","type":"post","link":"https:\/\/cliente1.publisher.highstack.com.ar\/?p=25162","title":{"rendered":"Ya est\u00e1 preso en Paran\u00e1 por corrupci\u00f3n \r\nel exgobernador kirchnerista Uribarri"},"content":{"rendered":"<div>\n<p style=\"class:Catolico;\"><strong>El exgobernador entrerriano ya duerme tras las rejas<!--TgQPHd|||[]--> luego de que la Corte Suprema de Justicia de la Naci\u00f3n dejara firme su condena a ocho a\u00f1os de prisi\u00f3n<!--TgQPHd|||[]--> por corrupci\u00f3n y administraci\u00f3n fraudulenta. Aunque su defensa intent\u00f3 manotazos de ahogado alegando picos de presi\u00f3n y estr\u00e9s postraum\u00e1tico para pedir la domiciliaria, los jueces le bajaron el pulgar y activaron de inmediato el operativo de captura.<\/strong><\/p>\n<p style=\"class:Catolico;\">La orden de la Corte no solo afect\u00f3 al dirigente kirchnerista. Tambi\u00e9n cayeron su cu\u00f1ado, Juan Pablo Aguilera (excapo del PJ entrerriano), y su exministro de Cultura y Comunicaci\u00f3n, Pedro \u00c1ngel B\u00e1ez. Ambos recibieron una pena de seis a\u00f1os y medio de c\u00e1rcel m\u00e1s la inhabilitaci\u00f3n para ejercer cargos p\u00fablicos.<\/p>\n<p style=\"class:Catolico;\">El operativo arranc\u00f3 el viernes por la noche e incluy\u00f3 un viaje de 280 kil\u00f3metros desde Concordia. Termin\u00f3 de concretarse en la madrugada de este s\u00e1bado, cerca de las dos de la ma\u00f1ana. Tras pasar unas horas en la Alcaid\u00eda de Paran\u00e1, los tres fueron trasladados directamente a la Unidad Penal N\u00b0 1<!--TgQPHd|||[]--><!--TgQPHd|||[[[\"\/g\/11dd_m45qq\",null,null,[\"prison exterior\",\"prison gate\",\"watchtower\",\"barbed wire\",\"prison courtyard\"],null,\"Si a&ntilde;ade esa informaci&oacute;n\"],\"\",0,[null,null,null,1,null,null,null,null,null,null,null,null,[256809,null,1,1],null,null,[{\"205\":[null,\"\/g\/11dd_m45qq\"],\"3524\":[10]}]],null,0,null,null,\"\",0,2]]--><!--TgQPHd|||[]--><!--TgQPHd|||[]--><!--TgQPHd|||[]--> de la capital entrerriana.<\/p>\n<p style=\"class:Catolico;\"><!--TgQPHd|||[]--><!--TgQPHd|||[]--><!--TgQPHd|||[]--><br \/>&#13;<br \/>\nNo es la primera vez que Urribarri termina en el calabozo por esta causa. Ya hab\u00eda pasado 50 d\u00edas guardado<!--TgQPHd|||[]--> entre finales de 2024 y principios de 2025 por una preventiva ante el riesgo de fuga, pero una sala de feria provincial lo hab\u00eda dejado salir. Esta vez la decisi\u00f3n judicial es definitiva<br \/>&#13;<br \/>\n<!--TgQPHd|||[]--><\/p>\n<h3 style=\"color:#aaa;font-style:italic;\"><!--TgQPHd|||[]-->SUE\u00d1OS ENTRERRIANOS<\/h3>\n<p>El caso que lo mand\u00f3 a la sombra fue impulsado por la fiscal anticorrupci\u00f3n Cecilia Goyeneche<!--TgQPHd|||[]--><!--TgQPHd|||[false,\"\",false,\"\\u0026u4uitc_31:aPo2Hd\"]--><!--TgQPHd|||[[[\"\/g\/11q4k5n65c\",\"Cecilia Goyeneche\",0,\"ErcECvcDQUppVDR0TGNWRkJQcDBJbkpqMTlEV3lXUFlFcDd3cVJ6bmlldVNNNGQwS1V3VEl3elN4WF9hcEJRNUlZVFJuMGF6Zk4zTV8yQmx3aE8taUhDVDNWaElCajhPTlZjdHBJam9iTmdkSllIZHFLMDl0SkJNeW4zanNtNDBSdkZGeVNLN0FDWjFKM1k2dmFFT3kyTDhISVhVWjBwZklRN0R0SVgyYmpKYnQwNEE5OHkzdm9RQ0FQREhLeVFBdzUyVml0T0JpS0VYQWQ3dkhWWlJlYUJ6MkZKYmQydHBpMUlUX3k0TENmaDNuUVJmeXhxRHhWTklJNU9sTnU5NHp2bFZoazd4Ym0xVVg4UnFnX0M5QmJPYUxFX2F0UTVYOTVCWWdkR0NoU0Rtdk45Z282Rk5Ob1FwSWlQeUM5SWN1VEE4SWlOVnd1aF9vV3M1OG8yT1hVX2ZocXJRaWZFMFlOaVV1YTVBRnZTN1ZOeGc5bGNHQTNtZXpYeFpzZEFEaU5CNmxVbmRDSXhhMmoyQ1E0ZkdfWlhwbFQ4RE5BbEZVR01LRHp1RUV2WVFQUXhhYjF6OEp6c28zb1Y4ZzJFRjBXM3hrV1FPMHREUmZlOXdmU1BOR1dtUkNwVG43bncyTEdlWkFHYXlSSUlKRHFLd3dpbmJyc1c1YnBBWkESF0FBNmNhc0xIRGUtLTVPVVBtT0hJOEFzGiJBRHNyOWZSTWE4ZFFMcEc0QkwxbXhGVTQ0d0ZoZldNdzNR\",\"PEOPLE\"],\"\",0,[null,null,null,1,null,null,null,null,null,null,null,null,[291933,null,1,1],null,null,[{\"205\":[null,\"\/g\/11q4k5n65c\"],\"1219\":[null,null,\"PEOPLE\",null,null,\"\/g\/11q4k5n65c\"],\"3524\":[69]}]],null,0,null,\"\",0]]--><!--TgQPHd|||[]--><!--TgQPHd|||[]--><!--TgQPHd|||[]-->. La Justicia comprob\u00f3 que el exgobernador arm\u00f3 un monumental esquema de desv\u00edo de fondos p\u00fablicos y cartelizaci\u00f3n de la publicidad oficial<!--TgQPHd|||[]-->.<\/p>\n<p>B\u00e1sicamente, direccionaban los contratos del Estado provincial para beneficiar a las empresas de su cu\u00f1ado, Aguilera<!--TgQPHd|||[]--><!--TgQPHd|||[false,\"\",false,{\"u\":0}]--><!--TgQPHd|||[]--><!--TgQPHd|||[]--><!--TgQPHd|||[]-->. Adem\u00e1s, usaron la caja p\u00fablica para financiar la campa\u00f1a presidencial de Urribarri en 2015 (la famosa aventura del <em>Sue\u00f1o Entrerriano<\/em>), pagando con fondos de los contribuyentes un parador playero en Mar del Plata y spots de televisi\u00f3n durante la Cumbre del Mercosur de 2014. Urribarri gobern\u00f3 Entre R\u00edos entre 2007 y 2015, y luego Alberto Fern\u00e1ndez lo premi\u00f3 mand\u00e1ndolo como embajador a Israel, cargo del que tuvo que eyectarse en 2022 apenas le clavaron la primera condena.\u00a0<\/p>\n<p>La venganza pol\u00edtica contra la fiscal que destap\u00f3 la olla no tard\u00f3 en llegar en su momento. A <strong>Cecilia Goyeneche<\/strong><!--TgQPHd|||[]--><!--TgQPHd|||[false,\"\",false,\"\\u0026u4uitc_56:aPo2Hd\"]--><!--TgQPHd|||[[[\"\/g\/11q4k5n65c\",\"Cecilia Goyeneche\",0,\"ErcECvcDQUppVDR0SU4xcHFSbzd1TW1jc3h0Ykp6ZHg1cVVqdlRtN3owSWpRbWtBTTFmMnN4RFNRNEJrSTI5dmpvb2ZwaWRYSjN0bDZvRnE5U2Q4ckcweWQ4UkI4TVhvWG44aXMtM0tMc1B0LUtvak00dkxRbUNOMkVTanJ6dWVvSlB4NExmNHZ3MTRQc19USWJPRFRRNHUwWnU3U2hsWThBcFh1WHAxcnBMTzA4WkRYeXZJcWRYcVRPTk01Q21MTUlvMTBERl91UWpmLThTaGF0U19UYzkwTkg1U1R6N3A3Q0xzU1BYUWNob2ViQWlrV1hfVlAta2RvbXl6ZjBhY0wxTFVmZXFNNkRGTEh6dWdqVy1Ocnpfb1E1TTN6T3oyd3lhWXVFclk2ZVZKNmtPbElFYnY3aV9zUko2SkpnRW5HLXgzb2dyVVNZMVlsY3V3UHlWTWZQV2t2LVZpTXgyM25NY1NJYUlLU2ItejJUQUZBZHI3cXJhbTRjN21HaE9xTFBha3JGM2tjRVRMeWk4WGJ6cVhuX0Q1U3JnNXZUbDU1OHZGSXF2aTc3ZlJMR1ZRbG44ZXZBUkNQbEtPWXgwdXdXNmNyTkQzV25pMUNhWm1JQ3V5TElDWFNYR3k0eGFmMEJDN2ZKOElqSGdVLWFHdDh5dTljenE5RnhrU00SF0FBNmNhc0xIRGUtLTVPVVBtT0hJOEFzGiJBRHNyOWZSRDFfMW1RYkEwSkY4aHc4dU83aWhSSE5rSkFR\",\"PEOPLE\"],\"\",0,[null,null,null,1,null,null,null,null,null,null,null,null,[291933,null,1,1],null,null,[{\"205\":[null,\"\/g\/11q4k5n65c\"],\"1219\":[null,null,\"PEOPLE\",null,null,\"\/g\/11q4k5n65c\"],\"3524\":[69]}]],null,0,null,\"\",0]]--><!--TgQPHd|||[]--><!--TgQPHd|||[]--> la persiguieron y la destituyeron<!--TgQPHd|||[]--><!--TgQPHd|||[]--> en 2022 mediante un pol\u00e9mico juicio pol\u00edtico impulsado por el ri\u00f1\u00f3n de Urribarri, buscando disciplinar a la Justicia provincial. Sin embargo, la historia dio un vuelco total: la Corte Suprema volte\u00f3 ese jury y Goyeneche<!--TgQPHd|||[]--><!--TgQPHd|||[false,\"\",false,\"\\u0026u4uitc_5d:aPo2Hd\"]--><!--TgQPHd|||[[[\"\/g\/11q4k5n65c\",\"Goyeneche\",0,\"EowECswDQUppVDR0SmJCcEYtT210SFVwOGxpZmNUZEo2VkJBdFFDcndOeFczR0J3ZW5FX1lIRk9yc3cyeXpiTzh6Ykk1WlNoUGhEdVdyaFE4MU5YYWN2UHRsQldDSWIxaWxZSEQ4YnIxXzREYmNVZVhwNG5aZHg2WlBxc1Jyc0hyb2FXTjlfYjZOZGtEbnc2TzBsVHZUZExGWVAxUzZtQVh6TFptUU9Nd0ZsM2tHMXp5dGdlM2JFY2ZjQVFvZ0oxdUlvZUJwaHV4QkYzbEZtRGVIbk41MEswbWhva0tCNXo3Y2JzUVpFTFVlMG5QSHJyM2syaF9panpEOFVvZTJ2VEtyM0tMQ18yRDM0LXNtVWZhYmdWTDVaYXNlakVZdGF4X1ZKS3IzS1NLLTZZZmNSMDZhTUxZb0lsR0RYcHdRYWxlZDBrVHZWdHpOREVhZW5KZDBOa2kwQ0hDWHB0VC1OcFpfOTQzaUdsRV9ZWExUcFZpcnplQTJmRUNQaURhNUoxY3ZuSVdrMUdjOG5nLXhhMndtY3RxaHhMRURmTXd6NzdjOEI5cnc5T2NTNnpFZk1VWDNJNmRNZ0Q1RWFLWnhsamlUV1pYZF8xdjlWM05kcEpObxIXQUE2Y2FzTEhEZS0tNU9VUG1PSEk4QXMaIkFEc3I5ZlJRVXl3VWNvY3h4SDlIdTc0dzNTR2tUZFRRV0E\",\"PEOPLE\"],\"\",0,[null,null,null,1,null,null,null,null,null,null,null,null,[291933,null,1,1],null,null,[{\"205\":[null,\"\/g\/11q4k5n65c\"],\"1219\":[null,null,\"PEOPLE\",null,null,\"\/g\/11q4k5n65c\"],\"3524\":[69]}]],null,0,null,\"\",0]]--><!--TgQPHd|||[]--><!--TgQPHd|||[]--> fue restituida con todos los honores en su cargo de procuradora anticorrupci\u00f3n<!--TgQPHd|||[]--><!--TgQPHd|||[]-->. Tras confirmarse la detenci\u00f3n del exgobernador, la fiscal sali\u00f3 record\u00f3 que<strong> &#8220;el poder no termina cuando se comete un hecho de corrupci\u00f3n&#8221; y adelant\u00f3 que ahora el Estado ir\u00e1 por el decomiso de bienes para recuperar la plata robada<!--TgQPHd|||[]-->.<\/strong><\/p>\n<p>La oposici\u00f3n entrerriana<!--TgQPHd|||[]--> sali\u00f3 a festejar el fallo como un &#8220;hito hist\u00f3rico contra la impunidad&#8221;, recordando los a\u00f1os en que el urribarrismo manejaba la provincia como un feudo.<\/p>\n<p>El peronismo local<!--TgQPHd|||[]-->, que en su momento se aline\u00f3 detr\u00e1s de Urribarri, hoy prefiere mirar para otro lado. El silencio de los sectores que antes lo blindaban delata que el exgobernador se qued\u00f3 completamente solo.<\/p>\n<\/p><\/div>\n<p><\/p>\n","protected":false},"excerpt":{"rendered":"<p>El exgobernador entrerriano ya duerme tras las rejas luego de que la Corte Suprema de Justicia de la Naci\u00f3n dejara firme su condena a ocho a\u00f1os de prisi\u00f3n por corrupci\u00f3n y administraci\u00f3n fraudulenta. Aunque su defensa intent\u00f3 manotazos de ahogado alegando picos de presi\u00f3n y estr\u00e9s postraum\u00e1tico para pedir la domiciliaria, los jueces le bajaron [&hellip;]<\/p>\n","protected":false},"author":1,"featured_media":25163,"comment_status":"open","ping_status":"open","sticky":false,"template":"","format":"standard","meta":{"footnotes":""},"categories":[1],"tags":[4,2247,2214],"class_list":["post-25162","post","type-post","status-publish","format-standard","has-post-thumbnail","hentry","category-uncategorized","tag-entre-rios","tag-entrerriana","tag-entrerriano"],"_links":{"self":[{"href":"https:\/\/cliente1.publisher.highstack.com.ar\/index.php?rest_route=\/wp\/v2\/posts\/25162","targetHints":{"allow":["GET"]}}],"collection":[{"href":"https:\/\/cliente1.publisher.highstack.com.ar\/index.php?rest_route=\/wp\/v2\/posts"}],"about":[{"href":"https:\/\/cliente1.publisher.highstack.com.ar\/index.php?rest_route=\/wp\/v2\/types\/post"}],"author":[{"embeddable":true,"href":"https:\/\/cliente1.publisher.highstack.com.ar\/index.php?rest_route=\/wp\/v2\/users\/1"}],"replies":[{"embeddable":true,"href":"https:\/\/cliente1.publisher.highstack.com.ar\/index.php?rest_route=%2Fwp%2Fv2%2Fcomments&post=25162"}],"version-history":[{"count":0,"href":"https:\/\/cliente1.publisher.highstack.com.ar\/index.php?rest_route=\/wp\/v2\/posts\/25162\/revisions"}],"wp:featuredmedia":[{"embeddable":true,"href":"https:\/\/cliente1.publisher.highstack.com.ar\/index.php?rest_route=\/wp\/v2\/media\/25163"}],"wp:attachment":[{"href":"https:\/\/cliente1.publisher.highstack.com.ar\/index.php?rest_route=%2Fwp%2Fv2%2Fmedia&parent=25162"}],"wp:term":[{"taxonomy":"category","embeddable":true,"href":"https:\/\/cliente1.publisher.highstack.com.ar\/index.php?rest_route=%2Fwp%2Fv2%2Fcategories&post=25162"},{"taxonomy":"post_tag","embeddable":true,"href":"https:\/\/cliente1.publisher.highstack.com.ar\/index.php?rest_route=%2Fwp%2Fv2%2Ftags&post=25162"}],"curies":[{"name":"wp","href":"https:\/\/api.w.org\/{rel}","templated":true}]}}