{"id":25156,"date":"2026-09-05T09:07:57","date_gmt":"2026-09-05T12:07:57","guid":{"rendered":"https:\/\/cliente1.publisher.highstack.com.ar\/?p=25156"},"modified":"2026-09-05T09:07:57","modified_gmt":"2026-09-05T12:07:57","slug":"up-9-gualeguaychu-urribarri-aguilera-y-baez-podrian-ser-alojados-en-un-pabellon-para-mayores-de-60-anos","status":"publish","type":"post","link":"https:\/\/cliente1.publisher.highstack.com.ar\/?p=25156","title":{"rendered":"UP 9 Gualeguaych\u00fa: Urribarri, Aguilera y B\u00e1ez podr\u00edan ser alojados en un pabell\u00f3n para mayores de 60 a\u00f1os"},"content":{"rendered":"<p><\/p>\n<div class=\"body-noticia clearfix text-formatted field field--name-body field--type-text-with-summary field--label-hidden field__item\">\n<p>El exgobernador Sergio Daniel Urribarri, su cu\u00f1ado Juan Pablo Aguilera y el exministro de Cultura y Comunicaci\u00f3n Pedro \u00c1ngel B\u00e1ez podr\u00edan ser trasladados a un sector especialmente acondicionado para personas mayores de 60 a\u00f1os en la Unidad Penal N\u00ba 9 \u201cGranja El Potrero\u201d, de Gualeguaych\u00fa.<\/p>\n<p>El pabell\u00f3n -inaugurado en septiembre de 2024- aparece hoy como una de las principales alternativas con las que cuenta el Servicio Penitenciario de Entre R\u00edos para alojar a internos de esa franja etaria. Su dise\u00f1o busca garantizar condiciones de atenci\u00f3n acordes con lo establecido por la Convenci\u00f3n Interamericana sobre la Protecci\u00f3n de los Derechos Humanos de las Personas Mayores.<\/p>\n<p>Se trata de un sector con celdas individuales, separadas entre s\u00ed y equipadas con c\u00e1maras de videovigilancia. La capacidad total es de 15 personas, con una plaza por celda, aunque actualmente solo cuatro internos se encuentran alojados all\u00ed.<\/p>\n<p>La disponibilidad de este espacio cobra especial relevancia en un contexto de fuerte presi\u00f3n sobre el sistema penitenciario entrerriano. Actualmente, las unidades carcelarias de la provincia alojan a 1.114 personas, frente a una capacidad prevista de alrededor de 900 internos.<\/p>\n<p>El pabell\u00f3n de la Unidad Penal 9 ya recibi\u00f3 a internos de perfiles sensibles. Entre quienes pasaron por ese sector se encuentran el femicida Pablo Rodr\u00edguez Laurta y Leonardo Airaldi, actualmente condenado por narcotr\u00e1fico.<\/p>\n<p>En ese contexto, el eventual alojamiento de Urribarri, Aguilera y B\u00e1ez sumar\u00eda tres nombres de fuerte repercusi\u00f3n p\u00fablica a un espacio pensado originalmente para atender las necesidades espec\u00edficas de los adultos mayores privados de su libertad.<\/p>\n<\/div>\n","protected":false},"excerpt":{"rendered":"<p>El exgobernador Sergio Daniel Urribarri, su cu\u00f1ado Juan Pablo Aguilera y el exministro de Cultura y Comunicaci\u00f3n Pedro \u00c1ngel B\u00e1ez podr\u00edan ser trasladados a un sector especialmente acondicionado para personas mayores de 60 a\u00f1os en la Unidad Penal N\u00ba 9 \u201cGranja El Potrero\u201d, de Gualeguaych\u00fa. El pabell\u00f3n -inaugurado en septiembre de 2024- aparece hoy como [&hellip;]<\/p>\n","protected":false},"author":1,"featured_media":25157,"comment_status":"open","ping_status":"open","sticky":false,"template":"","format":"standard","meta":{"footnotes":""},"categories":[1],"tags":[],"class_list":["post-25156","post","type-post","status-publish","format-standard","has-post-thumbnail","hentry","category-uncategorized"],"_links":{"self":[{"href":"https:\/\/cliente1.publisher.highstack.com.ar\/index.php?rest_route=\/wp\/v2\/posts\/25156","targetHints":{"allow":["GET"]}}],"collection":[{"href":"https:\/\/cliente1.publisher.highstack.com.ar\/index.php?rest_route=\/wp\/v2\/posts"}],"about":[{"href":"https:\/\/cliente1.publisher.highstack.com.ar\/index.php?rest_route=\/wp\/v2\/types\/post"}],"author":[{"embeddable":true,"href":"https:\/\/cliente1.publisher.highstack.com.ar\/index.php?rest_route=\/wp\/v2\/users\/1"}],"replies":[{"embeddable":true,"href":"https:\/\/cliente1.publisher.highstack.com.ar\/index.php?rest_route=%2Fwp%2Fv2%2Fcomments&post=25156"}],"version-history":[{"count":0,"href":"https:\/\/cliente1.publisher.highstack.com.ar\/index.php?rest_route=\/wp\/v2\/posts\/25156\/revisions"}],"wp:featuredmedia":[{"embeddable":true,"href":"https:\/\/cliente1.publisher.highstack.com.ar\/index.php?rest_route=\/wp\/v2\/media\/25157"}],"wp:attachment":[{"href":"https:\/\/cliente1.publisher.highstack.com.ar\/index.php?rest_route=%2Fwp%2Fv2%2Fmedia&parent=25156"}],"wp:term":[{"taxonomy":"category","embeddable":true,"href":"https:\/\/cliente1.publisher.highstack.com.ar\/index.php?rest_route=%2Fwp%2Fv2%2Fcategories&post=25156"},{"taxonomy":"post_tag","embeddable":true,"href":"https:\/\/cliente1.publisher.highstack.com.ar\/index.php?rest_route=%2Fwp%2Fv2%2Ftags&post=25156"}],"curies":[{"name":"wp","href":"https:\/\/api.w.org\/{rel}","templated":true}]}}