{"id":25149,"date":"2026-09-05T07:57:28","date_gmt":"2026-09-05T10:57:28","guid":{"rendered":"https:\/\/cliente1.publisher.highstack.com.ar\/?p=25149"},"modified":"2026-09-05T07:57:28","modified_gmt":"2026-09-05T10:57:28","slug":"urribarri-aguilera-y-baez-pasaron-la-noche-en-la-alcaidia-de-parana-y-esta-manana-seran-derivados-a-la-up1","status":"publish","type":"post","link":"https:\/\/cliente1.publisher.highstack.com.ar\/?p=25149","title":{"rendered":"Urribarri, Aguilera y B\u00e1ez pasaron la noche en la Alcaid\u00eda de Paran\u00e1 y esta ma\u00f1ana ser\u00e1n derivados a la UP1"},"content":{"rendered":"<p><\/p>\n<div class=\"body-noticia clearfix text-formatted field field--name-body field--type-text-with-summary field--label-hidden field__item\">\n<p>El exgobernador Sergio Daniel Urribarr, su cu\u00f1ado Juan Pablo Aguilera y el exministro de Cultura y Comunicaci\u00f3n, Pedro \u00c1ngel B\u00e1ez, pasaron la noche en la Alcaid\u00eda de Paran\u00e1 y esta ma\u00f1ana ser\u00e1n derivados a la Unidad Penal N\u00b0 1 de la capital provincial. B\u00e1ez fue el primero ingresar: lo hizo a las 21.40, despu\u00e9s de llegar en un cami\u00f3n penitenciario. Luego ingres\u00f3 Aguilera y cerca de las 2 de la madrugada lleg\u00f3 Urribarri, seg\u00fan confirm\u00f3 <strong>ANALISIS<\/strong>. B\u00e1ez ingres\u00f3 por calle C\u00f3rdoba. Urribarri y Aguilera, por su parte, llegaron en diferentes patrulleros. El primero en un patrullero de San Salvador -cerca de la 1 de la madrugada- y Urribarri desde Concordia, acompa\u00f1ado por el jefe departamental, comisario Jos\u00e9 Mar\u00eda Rosatelli. Estos dos patrulleros ingresaron por el por el port\u00f3n del garage que tienen los miembros del Superior Tribunal de Justicia, en calle Santa Fe (al lado de la playa de estacionamiento del Colegio de Abogados). Ese lugar tiene acceso a la Alcaid\u00eda, hasta donde fue trasladado cada uno a medida que iban ingresando.\u00a0<\/p>\n<p>La medida fue ordenada por el Tribunal de Juicios y Apelaciones y est\u00e1 enmarcada luego que la Corte Suprema de Justicia de la Naci\u00f3n desestim\u00f3 -fue el jueves 3 de septiembre- los recursos extraordinarios que hab\u00edan presentado el exgobernador Sergio Urribarri, el exministro de Cultura y Comunicaci\u00f3n Pedro B\u00e1ez y el cu\u00f1ado del exmandatario, Juan Pablo Aguilera, y dej\u00f3 firme la condena que la Justicia entrerriana les impuso en la Megacausa por delitos de corrupci\u00f3n. En la misma resoluci\u00f3n, dictada en el expediente CSJ 2226\/2024, el m\u00e1ximo tribunal rechaz\u00f3 tambi\u00e9n los planteos de Gerardo Caruso, Corina Cargnel, Emiliano Giacopuzzi y Luciana Almada, con lo que la totalidad de las condenas del megajuicio qued\u00f3 firme. Desde el Ministerio P\u00fablico Fiscal solicitaron la \u201cdetenci\u00f3n inmediata\u201d de los tres condenados por \u201cposible peligro de fuga\u201d.<\/p>\n<p>Los tres detenidos ser\u00e1n derivados a la UP1 en horas de la ma\u00f1ana y luego la jueza de Ejecuci\u00f3n y Medidas de Seguridad, Cecilia B\u00e9rtora, tendr\u00e1 que resolver cada uno de los planteos que hagan los abogados defensores, si es que requieren un beneficio de prisi\u00f3n domiciliaria, como ya han gestionado en otras instancias. Las celdas de la Alcaid\u00eda son individuales y tienen una dimensi\u00f3n de 2 x 3 metros, con una cucheta de madera. El punto en cuesti\u00f3n ahora es que el sector especial donde estuvieron alojados antes en la UP1 ya no existe como tal y est\u00e1 en refacciones para ser destinado a Enfermer\u00eda, seg\u00fan se confi\u00f3 a <strong>ANALISIS<\/strong>. Por ende, hasta anoche a \u00faltima hora se estaba debatiendo en \u00e1mbitos de la UP1 si los sumaban al denominado Pabell\u00f3n de Seguridad -donde se encuentran condenados provenientes de fuerzas de seguridad y fuerzas armadas- o bien se los deriva a la c\u00e1rcel de Gualeguaych\u00fa, que tiene espacio para sumarlos.\u00a0<\/p>\n<p>B\u00e1ez ingres\u00f3 aproximadamente 21.40 a la Alcaid\u00eda de Tribunales, por calle C\u00f3rdoba, en un cami\u00f3n de &#8220;Unidad de traslado&#8221;, como reza en el veh\u00edculo penitenciario. Aguilera se notific\u00f3 casi una hora despu\u00e9s en la Jefatura Departamental de San Salvador (aunque estaba con domicilio en General Campos) y desde all\u00ed fue derivado a Paran\u00e1. Urribarri fue notificado en su casa de Garat de calle Concordia por el propio jefe departamental, comisario Jos\u00e9 Mar\u00eda Rosatelli (hermano del abogado y oficial que se encuentra detenido en la UP1 en una causa federal). El comisario Rosatelli ya lo hab\u00eda acompa\u00f1ado a Urribarri la vez que estuvo detenido.<\/p>\n<p>En principio, los tres condenados quedar\u00edan cumpliendo la condena en Paran\u00e1. Baez solamente tiene su familia en la capital entrerriana. Los familiares directos de Urribarri y Aguilera se encuentran en Concordia y General Campos, pero la Unidad Penal de Concordia no estar\u00eda en condiciones de contar con una c\u00e1rcel especial para alojarlos. La \u00fanica con esas caracter\u00edsticas -adem\u00e1s de la de Paran\u00e1-, puede ser la Unidad Penal de Gualeguaych\u00fa, que ser\u00eda la \u00fanica c\u00e1rcel m\u00e1s abierta y amplia y con posibilidades de instalar un sector vip dentro de la unidad. En alg\u00fan momento se lleg\u00f3 a pensar, en \u00e1mbitos del Ministerio de Seguridad de la provincia, la posibilidad de instalar lo m\u00e1s parecido a un contenedor, especialmente acondicionado para los condenados por delitos de corrupci\u00f3n, pero ello nunca se termin\u00f3 de concretar.<\/p>\n<p>Los abogados defensores de Urribarri -Leopoldo Cappa- y B\u00e1ez -Ignacio D\u00edaz y Jos\u00e9 Vel\u00e1zquez- hab\u00edan pedido al Tribunal de Juicios y Apelaciones de Paran\u00e1 (que preside la vocal Mar\u00eda Carolina Castagno) que sus defendidos no sean enviados a la Unidad Penal y en cambio se les aplique prisi\u00f3n domiciliaria. Por el contrario, los fiscales Patricia Yedro y Gonzalo Badano solicitaron formalmente que se disponga \u201cla inmediata detenci\u00f3n y traslado a la Unidad Penal N\u00b0 1 de la ciudad de Paran\u00e1\u201d.<\/p>\n<p>La defensa de Urribarri hab\u00eda planteado que nunca eludi\u00f3 la acci\u00f3n de la justicia y siempre estuvo a disposici\u00f3n del debido proceso. Adem\u00e1s, aportaron un diagn\u00f3stico m\u00e9dico, donde constatan que \u201cse encuentra cursando un cuadro de trastorno de estr\u00e9s postraum\u00e1tico\u201d y, en consecuencia, piden la morigeraci\u00f3n de la ejecuci\u00f3n penal en su domicilio y \u201cbajo la custodia permanente y atenta de sus familiares y m\u00e9dicos de cabecera\u201d.<\/p>\n<p>En el caso de B\u00e1ez, sus defensores tambi\u00e9n pidieron morigerar la pena porque \u201cpadece un cuadro cr\u00f3nico con dolor abdominal y p\u00e9rdida de peso importante\u201d, y arrastra \u201cmolestias digestivas desde 2008, pero en el \u00faltimo a\u00f1o los s\u00edntomas empeoraron significativamente\u201d. Se\u00f1alaron que la Unidad Penal de Paran\u00e1 no garantiza condiciones de encarcelamiento que permitan tratar su enfermedad. \u201cLas c\u00e1rceles y, en particular la de Paran\u00e1, se caracterizan por el hacinamiento y malas condiciones edilicias. Por lo que, en este caso, entiendo que se aplica la Convenci\u00f3n Interamericana sobre Protecci\u00f3n de los Derechos Humanos de las Personas Mayores, aprobada por la ley 27360 del 2017, que viene a incorporar una perspectiva axiol\u00f3gica condicionante de las decisiones judiciales\u201d, se\u00f1alaron.<\/p>\n<p>De no acceder el tribunal a la domiciliaria, pidieron tambi\u00e9n como alternativa se disponga de un \u201cr\u00e9gimen de semidetenci\u00f3n\u201d para B\u00e1ez. \u201cEsta modalidad -plantearon- permitir\u00eda al Sr. Pedro \u00c1ngel B\u00e1ez permanecer en su domicilio fijado durante las horas del d\u00eda a fin de procurarse el tratamiento m\u00e9dico, la dieta estricta sin contaminaci\u00f3n cruzada, la medicaci\u00f3n adecuada y los controles de salud requeridos para evitar la degradaci\u00f3n irrecuperable de su organismo, pernoctando en el establecimiento penitenciario\u201d.<\/p>\n<p>Urribarri fue condenado el 7 de abril de 2022 a 8 a\u00f1os de c\u00e1rcel. B\u00e1ez y Aguilera, a 6 a\u00f1os y 6 meses de c\u00e1rcel cada uno.<\/p>\n<p>\u00a0<\/p>\n<figure role=\"group\" class=\"caption caption-img\">\n<img decoding=\"async\" alt=\"Celda 1\" data-entity-type=\"file\" data-entity-uuid=\"53eefeec-0351-43be-a3fc-4a37547b0d8f\" height=\"744\" src=\"https:\/\/www.analisisdigital.com.ar\/sites\/default\/files\/imagenes\/inline-images\/celda-1.jpg\" width=\"992\" loading=\"lazy\"><figcaption><strong>En noviembre de 2024 el lugar hab\u00eda sido acondicionado especialmente para alojar a los tres: Urribarri, Aguilera y B\u00e1ez. Ahora se estima que esa ser\u00e1 nuevamente su celda.<\/strong><\/figcaption><\/figure>\n<p>\u00a0<\/p>\n<p>\u00a0<\/p>\n<p>\u00a0<\/p>\n<\/p>\n<div data-entity-type=\"node\" data-entity-uuid=\"7dd53c0d-5ccb-4d87-8cca-be79833130b0\" data-embed-button=\"node\" data-entity-embed-display=\"view_mode:node.imagen_titulo\" data-langcode=\"es\" data-entity-embed-display-settings=\"[]\" class=\"embedded-entity\">\n<article data-history-node-id=\"343003\" class=\"node node--type-noticia node--view-mode-imagen-titulo ds-1col clearfix\">\n<\/article>\n<\/div>\n<p>\u00a0<\/p>\n<p>\u00a0<\/p>\n<p>\u00a0<\/p>\n<\/div>\n","protected":false},"excerpt":{"rendered":"<p>El exgobernador Sergio Daniel Urribarr, su cu\u00f1ado Juan Pablo Aguilera y el exministro de Cultura y Comunicaci\u00f3n, Pedro \u00c1ngel B\u00e1ez, pasaron la noche en la Alcaid\u00eda de Paran\u00e1 y esta ma\u00f1ana ser\u00e1n derivados a la Unidad Penal N\u00b0 1 de la capital provincial. B\u00e1ez fue el primero ingresar: lo hizo a las 21.40, despu\u00e9s de [&hellip;]<\/p>\n","protected":false},"author":1,"featured_media":25120,"comment_status":"open","ping_status":"open","sticky":false,"template":"","format":"standard","meta":{"footnotes":""},"categories":[1],"tags":[],"class_list":["post-25149","post","type-post","status-publish","format-standard","has-post-thumbnail","hentry","category-uncategorized"],"_links":{"self":[{"href":"https:\/\/cliente1.publisher.highstack.com.ar\/index.php?rest_route=\/wp\/v2\/posts\/25149","targetHints":{"allow":["GET"]}}],"collection":[{"href":"https:\/\/cliente1.publisher.highstack.com.ar\/index.php?rest_route=\/wp\/v2\/posts"}],"about":[{"href":"https:\/\/cliente1.publisher.highstack.com.ar\/index.php?rest_route=\/wp\/v2\/types\/post"}],"author":[{"embeddable":true,"href":"https:\/\/cliente1.publisher.highstack.com.ar\/index.php?rest_route=\/wp\/v2\/users\/1"}],"replies":[{"embeddable":true,"href":"https:\/\/cliente1.publisher.highstack.com.ar\/index.php?rest_route=%2Fwp%2Fv2%2Fcomments&post=25149"}],"version-history":[{"count":0,"href":"https:\/\/cliente1.publisher.highstack.com.ar\/index.php?rest_route=\/wp\/v2\/posts\/25149\/revisions"}],"wp:featuredmedia":[{"embeddable":true,"href":"https:\/\/cliente1.publisher.highstack.com.ar\/index.php?rest_route=\/wp\/v2\/media\/25120"}],"wp:attachment":[{"href":"https:\/\/cliente1.publisher.highstack.com.ar\/index.php?rest_route=%2Fwp%2Fv2%2Fmedia&parent=25149"}],"wp:term":[{"taxonomy":"category","embeddable":true,"href":"https:\/\/cliente1.publisher.highstack.com.ar\/index.php?rest_route=%2Fwp%2Fv2%2Fcategories&post=25149"},{"taxonomy":"post_tag","embeddable":true,"href":"https:\/\/cliente1.publisher.highstack.com.ar\/index.php?rest_route=%2Fwp%2Fv2%2Ftags&post=25149"}],"curies":[{"name":"wp","href":"https:\/\/api.w.org\/{rel}","templated":true}]}}