{"id":25147,"date":"2026-09-05T06:43:23","date_gmt":"2026-09-05T09:43:23","guid":{"rendered":"https:\/\/cliente1.publisher.highstack.com.ar\/?p=25147"},"modified":"2026-09-05T06:43:23","modified_gmt":"2026-09-05T09:43:23","slug":"la-crisis-del-mar-negro-y-los-problemas-productivos-en-ee-uu-impulsan-una-recuperacion-de-los-precios","status":"publish","type":"post","link":"https:\/\/cliente1.publisher.highstack.com.ar\/?p=25147","title":{"rendered":"La crisis del Mar Negro y los problemas productivos en EE.UU. impulsan una recuperaci\u00f3n de los precios"},"content":{"rendered":"<div class=\"col-12\">\n<div data-tw=\"true\" style=\"display:contents\">\n<div role=\"none\"><\/div>\n<\/div>\n<p class=\"com-paragraph --capital --s text-left\">El mundo se enfrenta a un mercado de \u201cdemanda\u201d, donde los compradores necesitan comprar sus granos, y la \u201coferta\u201d de los productores que se resisten a vender, pues ven c\u00f3mo se afirman los precios, y es muy sabido que los productores casi nunca venden en suba. <strong>Piensan que los mercados van a seguir subiendo, retienen sus granos y no venden, y esto retroalimenta la suba, hasta que la suba se termina. Veamos c\u00f3mo se ha comportado el mercado de Chicago desde el 11 de agosto, piso de baja, hasta la fecha<\/strong>. El trigo duro rojo de invierno acumul\u00f3 una suba de 32 US$\/ton, de 263 a 296 US$\/ton en su posici\u00f3n futura diciembre. El ma\u00edz acumul\u00f3 una suba de 27 US$\/ton, pasando de 181 a 208 US$\/ton en la posici\u00f3n diciembre. Por \u00faltimo, la soja acumul\u00f3 subas de 46 US$\/ton, de 429 a 475 US$\/ton. Hay que destacar que en la jornada del jueves pasado todos los precios sobre Chicago reaccionaron en baja ante la toma de ganancias de los fondos. No obstante ello, el actual nivel de los precios es el m\u00e1s alto de los \u00faltimos tres a\u00f1os.<\/p>\n<div class=\"ln-banner-container --no-app --caja1_mob\">\n<div id=\"caja1_mob\" class=\"ln-banner\" data-slot-group=\"nota\" data-device=\"mobile\" data-subscription=\"false\" data-ad-unit-path=\"\/133919216\/campo_mobile\/Nota\/caja1_mob\" data-targeting='{\"sitio\":\"lanacion\",\"seccion\":\"nota\"}' data-without-hide=\"true\" data-size=\"[[320,100],[300,250],[1,1],[300,450],[320,450]]\" data-sizemap=\"[]\" data-prebid-enabled=\"true\"><\/div>\n<\/div>\n<p class=\"com-paragraph --s text-left\"><strong>En el caso de la din\u00e1mica de los precios del trigo y del ma\u00edz hay un factor de com\u00fan denominador: la crisis del Mar Negro y el rechazo de los rusos a pactar una tregua con Ucrania para liberar el transporte de granos y retomar el ritmo normal de sus exportaciones<\/strong>. Sucede que Rusia y Ucrania son los principales exportadores de trigo, con un total de 60 millones de toneladas, cifra equivalente al 28 % de las exportaciones mundiales. En segundo lugar, la Uni\u00f3n Europea, con 31 millones de toneladas; le sigue Canad\u00e1, con 28,5 millones; Australia, 22 millones; Estados Unidos, 21 millones; y finalmente la Argentina, con 15 millones de toneladas. El conflicto del Mar Negro dej\u00f3 de tener objetivos b\u00e9licos y ahora los drones rusos atacan objetivos comerciales de Ucrania: terminales portuarias, plantas de acopio, acondicionamiento y las industrias aceiteras. En represalia, Ucrania ataca los mismos objetivos comerciales de Rusia. El resultado de este conflicto es la ca\u00edda y las interrupciones de las exportaciones de trigo del Mar Negro, y la incertidumbre que genera entre los importadores al no tener certeza del cumplimiento de los contratos. <strong>Esta incertidumbre se refleja en el mercado en Argentina, donde el precio del trigo en los futuros A3 est\u00e1 cotizando a 245 US$\/ton en la posici\u00f3n septiembre, para bajar a 239,5 US$\/ton<\/strong> y 238,6 US$\/ton para noviembre y diciembre. Y aqu\u00ed lo m\u00e1s importante: el mercado retoma su tendencia alcista para enero a 241,5 US$\/ton y para marzo a 246,6 US$\/ton, toda una se\u00f1al.<\/p>\n<div class=\"ln-banner-container --no-app --middle_1_dsk\">\n<div id=\"middle_1_dsk\" class=\"ln-banner\" data-slot-group=\"nota\" data-device=\"desktop\" data-subscription=\"true\" data-ad-unit-path=\"\/133919216\/campo_desktop\/Nota\/middle_1_dsk\" data-targeting='{\"sitio\":\"lanacion\",\"seccion\":\"nota\"}' data-without-hide=\"true\" data-size=\"[[1,1],[640,360],[640,480],[728,90]]\" data-sizemap=\"[]\" data-prebid-enabled=\"true\"><\/div>\n<\/div>\n<div class=\"content-media\">\n<section role=\"button\" class=\"mod-media   \">\n<figure role=\"button\" tabindex=\"0\" class=\"mod-figure \">\n<div class=\"placeholder \">\n<div class=\"com-image\"><picture><source media=\"(min-width: 768px)\" srcset=\"https:\/\/www.lanacion.com.ar\/resizer\/v2\/300-soldados-de-la-dotacion-de-un-obus-L7DQDVN5OJFJVLK6QDZMJE2COI.jpg?auth=c627d793f64c11cde255820142516a4485a6633978e31bee7f398646454fbeac&amp;width=780&amp;height=520&amp;quality=70&amp;smart=true\"><\/source><img class=\"image com-image flex --cover\" decoding=\"async\" fetchpriority=\"low\" loading=\"lazy\" src=\"https:\/\/www.lanacion.com.ar\/resizer\/v2\/300-soldados-de-la-dotacion-de-un-obus-L7DQDVN5OJFJVLK6QDZMJE2COI.jpg?auth=c627d793f64c11cde255820142516a4485a6633978e31bee7f398646454fbeac&amp;width=420&amp;height=280&amp;quality=70&amp;smart=true\" width=\"2000\" alt=\"300\nSoldados de la dotaci\u00f3n de un ob\u00fas autopropulsado CAESAR de la 148.\u00aa Brigada de Artiller\u00eda Independiente Zhytomyr de las Fuerzas Armadas de Ucrania llevan a cabo una misi\u00f3n de combate en el sector de Oleksandrivka, regi\u00f3n de Dnipropetrovsk, Ucrania, el 23 de junio de 2026. (Foto de Dmytro Smolienko\/Ukrinform\/NurPhoto v\u00eda Getty Images)\" height=\"1333\"><\/picture><\/div>\n<\/div><figcaption class=\"mod-figcaption\"><span class=\"com-text --caption --twoxs\">300<br \/>\nSoldados de la dotaci\u00f3n de un ob\u00fas autopropulsado CAESAR de la 148.\u00aa Brigada de Artiller\u00eda Independiente Zhytomyr de las Fuerzas Armadas de Ucrania llevan a cabo una misi\u00f3n de combate en el sector de Oleksandrivka, regi\u00f3n de Dnipropetrovsk, Ucrania, el 23 de junio de 2026. (Foto de Dmytro Smolienko\/Ukrinform\/NurPhoto v\u00eda Getty Images)<\/span><span class=\"com-text --credit --twoxs\">Dmytro Smolienko &#8211; Getty Images<\/span><\/figcaption><\/figure>\n<\/section>\n<\/div>\n<p class=\"com-paragraph --s text-left\">En el caso del <strong>ma\u00edz<\/strong>, <strong>Ucrania es el principal exportador del Mar Negro con 22 millones de toneladas, cifra equivalente al 10 % del comercio global<\/strong>. Rusia solo exporta 3,8 millones de toneladas, el 2 % del total mundial. En este caso son los Estados Unidos, con 83 millones de toneladas; Brasil, con 44 millones; y la Argentina, con 38 millones, los principales exportadores del mundo. Entre los tres exportan un total de 165 millones de toneladas, cifra equivalente al 78 % del comercio mundial. En un a\u00f1o donde la producci\u00f3n de ma\u00edz americano se vio afectada por las excesivas lluvias sobre el cintur\u00f3n maicero, el \u00faltimo estimado de ProFarmer Crop Tour confirm\u00f3<strong> p\u00e9rdidas de 17 millones de toneladas<\/strong>, encendiendo las alarmas de los operadores al verse afectadas las exportaciones del primer pa\u00eds exportador del mundo. La continua reacci\u00f3n alcista del ma\u00edz en Chicago responde a esta situaci\u00f3n y a la incertidumbre sobre el cumplimiento de los contratos por parte de Ucrania. Los precios del ma\u00edz futuro A3 reflejan tambi\u00e9n esta incertidumbre, con un mercado en \u201ccarry\u201d (suba): noviembre a 203 US$\/ton, marzo y abril, cosecha nueva, a 208 US$\/ton, toda una se\u00f1al alcista del mercado.<\/p>\n<div class=\"ln-banner-container --no-app --caja2_mob\">\n<div id=\"caja2_mob\" class=\"ln-banner\" data-slot-group=\"nota\" data-device=\"mobile\" data-subscription=\"true\" data-ad-unit-path=\"\/133919216\/campo_mobile\/Nota\/caja2_mob\" data-targeting='{\"sitio\":\"lanacion\",\"seccion\":\"nota\"}' data-without-hide=\"true\" data-size=\"[[320,100],[300,250],[300,450],[1,1],[360,270],[320,180]]\" data-sizemap=\"[]\" data-prebid-enabled=\"true\"><\/div>\n<\/div>\n<p class=\"com-paragraph --s text-left\"><em>Presidente de Pablo Adreani &amp; Asociados<\/em><\/p>\n<div class=\"ln-banner-container --no-app --caja5_mob\">\n<div id=\"caja5_mob\" class=\"ln-banner\" data-slot-group=\"nota\" data-device=\"mobile\" data-subscription=\"false\" data-ad-unit-path=\"\/133919216\/campo_mobile\/Nota\/caja5_mob\" data-targeting='{\"sitio\":\"lanacion\",\"seccion\":\"nota\"}' data-without-hide=\"true\" data-size='[[320,100],[300,250],[1,1],[\" fluid\"]]' data-sizemap=\"[]\" data-prebid-enabled=\"true\"><\/div>\n<\/div>\n<div data-fusion-lazy-id=\"f0fLHi7Wfcy22C4\"><\/div>\n<div class=\"ln-banner-container --no-app --middle_3_dsk\">\n<div id=\"middle_3_dsk\" class=\"ln-banner\" data-slot-group=\"nota\" data-device=\"desktop\" data-subscription=\"true\" data-ad-unit-path=\"\/133919216\/campo_desktop\/Nota\/middle_3_dsk\" data-targeting='{\"sitio\":\"lanacion\",\"seccion\":\"nota\"}' data-without-hide=\"true\" data-size=\"[[1,1],[728,90],[640,360],[728,360]]\" data-sizemap=\"[]\" data-prebid-enabled=\"true\"><\/div>\n<\/div>\n<\/div>\n","protected":false},"excerpt":{"rendered":"<p>El mundo se enfrenta a un mercado de \u201cdemanda\u201d, donde los compradores necesitan comprar sus granos, y la \u201coferta\u201d de los productores que se resisten a vender, pues ven c\u00f3mo se afirman los precios, y es muy sabido que los productores casi nunca venden en suba. Piensan que los mercados van a seguir subiendo, retienen [&hellip;]<\/p>\n","protected":false},"author":1,"featured_media":25148,"comment_status":"open","ping_status":"open","sticky":false,"template":"","format":"standard","meta":{"footnotes":""},"categories":[1],"tags":[],"class_list":["post-25147","post","type-post","status-publish","format-standard","has-post-thumbnail","hentry","category-uncategorized"],"_links":{"self":[{"href":"https:\/\/cliente1.publisher.highstack.com.ar\/index.php?rest_route=\/wp\/v2\/posts\/25147","targetHints":{"allow":["GET"]}}],"collection":[{"href":"https:\/\/cliente1.publisher.highstack.com.ar\/index.php?rest_route=\/wp\/v2\/posts"}],"about":[{"href":"https:\/\/cliente1.publisher.highstack.com.ar\/index.php?rest_route=\/wp\/v2\/types\/post"}],"author":[{"embeddable":true,"href":"https:\/\/cliente1.publisher.highstack.com.ar\/index.php?rest_route=\/wp\/v2\/users\/1"}],"replies":[{"embeddable":true,"href":"https:\/\/cliente1.publisher.highstack.com.ar\/index.php?rest_route=%2Fwp%2Fv2%2Fcomments&post=25147"}],"version-history":[{"count":0,"href":"https:\/\/cliente1.publisher.highstack.com.ar\/index.php?rest_route=\/wp\/v2\/posts\/25147\/revisions"}],"wp:featuredmedia":[{"embeddable":true,"href":"https:\/\/cliente1.publisher.highstack.com.ar\/index.php?rest_route=\/wp\/v2\/media\/25148"}],"wp:attachment":[{"href":"https:\/\/cliente1.publisher.highstack.com.ar\/index.php?rest_route=%2Fwp%2Fv2%2Fmedia&parent=25147"}],"wp:term":[{"taxonomy":"category","embeddable":true,"href":"https:\/\/cliente1.publisher.highstack.com.ar\/index.php?rest_route=%2Fwp%2Fv2%2Fcategories&post=25147"},{"taxonomy":"post_tag","embeddable":true,"href":"https:\/\/cliente1.publisher.highstack.com.ar\/index.php?rest_route=%2Fwp%2Fv2%2Ftags&post=25147"}],"curies":[{"name":"wp","href":"https:\/\/api.w.org\/{rel}","templated":true}]}}