{"id":25142,"date":"2026-09-05T03:49:42","date_gmt":"2026-09-05T06:49:42","guid":{"rendered":"https:\/\/cliente1.publisher.highstack.com.ar\/?p=25142"},"modified":"2026-09-05T03:49:42","modified_gmt":"2026-09-05T06:49:42","slug":"la-iglesia-movimientos-sociales-y-once-bloques-del-congreso-impulsan-una-ley-para-el-financiamiento-de-obras-en-barrios-populares-por-diez-anos","status":"publish","type":"post","link":"https:\/\/cliente1.publisher.highstack.com.ar\/?p=25142","title":{"rendered":"La iglesia, movimientos sociales y once bloques del Congreso impulsan una ley para el financiamiento de obras en barrios populares por diez a\u00f1os"},"content":{"rendered":"<div class=\"visual__image image-initial-width\"><picture><source srcset=\"https:\/\/www.infobae.com\/resizer\/v2\/HQQUR5647FG25L2VCUMVN7EOOQ.png?auth=c0d777e49c46a62b439396cd3d909254bfadae2beab8edc5177802561cfd6b41&amp;smart=true&amp;width=992&amp;height=554&amp;quality=85\" media=\"(min-width: 1000px)\"><\/source><source srcset=\"https:\/\/www.infobae.com\/resizer\/v2\/HQQUR5647FG25L2VCUMVN7EOOQ.png?auth=c0d777e49c46a62b439396cd3d909254bfadae2beab8edc5177802561cfd6b41&amp;smart=true&amp;width=768&amp;height=429&amp;quality=85\" media=\"(min-width: 768px)\"><\/source><source srcset=\"https:\/\/www.infobae.com\/resizer\/v2\/HQQUR5647FG25L2VCUMVN7EOOQ.png?auth=c0d777e49c46a62b439396cd3d909254bfadae2beab8edc5177802561cfd6b41&amp;smart=true&amp;width=577&amp;height=322&amp;quality=85\" media=\"(min-width: 580px)\"><\/source><source srcset=\"https:\/\/www.infobae.com\/resizer\/v2\/HQQUR5647FG25L2VCUMVN7EOOQ.png?auth=c0d777e49c46a62b439396cd3d909254bfadae2beab8edc5177802561cfd6b41&amp;smart=true&amp;width=420&amp;height=234&amp;quality=85\" media=\"(min-width: 350px)\"><\/source><source srcset=\"https:\/\/www.infobae.com\/resizer\/v2\/HQQUR5647FG25L2VCUMVN7EOOQ.png?auth=c0d777e49c46a62b439396cd3d909254bfadae2beab8edc5177802561cfd6b41&amp;smart=true&amp;width=350&amp;height=195&amp;quality=85\" media=\"(min-width: 80px)\"><\/source><img alt=\"Cuatro im\u00e1genes muestran un cami\u00f3n gr\u00faa manipulando un poste, un cauce seco con gaviones, una mujer en su casa y una choza en un campo con barro.\" class=\"global-image\" decoding=\"async\" fetchpriority=\"high\" height=\"1536\" loading=\"eager\" src=\"https:\/\/www.infobae.com\/resizer\/v2\/HQQUR5647FG25L2VCUMVN7EOOQ.png?auth=c0d777e49c46a62b439396cd3d909254bfadae2beab8edc5177802561cfd6b41&amp;smart=true&amp;width=350&amp;height=195&amp;quality=85\" width=\"2752\"><\/picture><\/div>\n<div class=\"sharebar-container display_flex sharebar-new\" style=\"opacity:1\">\n<div class=\"share-bar-article-date-container \"><span class=\"sharebar-article-date\">05 Sep, 2026 01:42 a. m. EST<\/span><\/div>\n<div class=\"sharebar-buttons-container display_flex\">\n<div aria-label=\"Guardar\" class=\"sharebar-buttons button-save\" role=\"button\" tabindex=\"0\"><svg width=\"9\" height=\"12\" viewbox=\"0 0 8 10\" fill=\"none\" xmlns=\"http:\/\/www.w3.org\/2000\/svg\" class=\"saved-icon saved\"><path d=\"M6.64286 0.5V9.31687L4.1116 7.16407L4.11106 7.16361C3.79894 6.89891 3.34392 6.89891 3.03179 7.16361L3.03126 7.16407L0.5 9.31687V0.5H6.64286Z\"><\/path><\/svg><span class=\"buttons-save-text\">Guardar<\/span><\/div>\n<div class=\"sharebar-buttons-separator\"><\/div>\n<p><button class=\"sharemenu-buttons display_flex\" aria-label=\"Compartir en Telegram\"><svg width=\"38\" height=\"38\" viewbox=\"0 0 38 38\" fill=\"none\" xmlns=\"http:\/\/www.w3.org\/2000\/svg\"><rect x=\"0.5\" y=\"0.5\" width=\"37\" height=\"37\" rx=\"18.5\" fill=\"white\"><\/rect><rect x=\"0.5\" y=\"0.5\" width=\"37\" height=\"37\" rx=\"18.5\" stroke=\"#C2C2C2\"><\/rect><path d=\"M24.9696 12.5511L10.3405 18.0494C10.0623 18.151 9.92701 18.4484 10.0398 18.7168C10.0999 18.8619 10.2277 18.9779 10.3856 19.0214L14.1068 20.0805L15.4975 24.3312C15.6028 24.6576 15.9636 24.839 16.2944 24.7374C16.3921 24.7084 16.4823 24.6504 16.5575 24.5778L18.482 22.6846L22.2558 25.354C22.6091 25.6006 23.0977 25.5281 23.3533 25.1872C23.421 25.1001 23.4661 24.9986 23.4887 24.897L25.9845 13.3707C26.0672 12.979 25.8116 12.5946 25.4056 12.5148C25.2628 12.4858 25.1124 12.5003 24.9771 12.5511M23.1429 15.1116L16.347 20.9147C16.2793 20.9727 16.2342 21.0525 16.2267 21.1395L15.9636 23.381C15.9636 23.4172 15.926 23.4462 15.8884 23.439C15.8583 23.439 15.8358 23.4172 15.8283 23.3955L14.7533 20.0442C14.7007 19.8919 14.7683 19.7251 14.9111 19.638L22.9399 14.836C23.0226 14.7852 23.1353 14.8142 23.1804 14.894C23.2255 14.9666 23.2105 15.0536 23.1504 15.1116\" fill=\"#555555\"><\/path><\/svg><\/button><button class=\"sharemenu-buttons display_flex\" aria-label=\"Compartir en Linkedin\"><svg width=\"38\" height=\"38\" viewbox=\"0 0 38 38\" fill=\"none\" xmlns=\"http:\/\/www.w3.org\/2000\/svg\"><rect x=\"0.5\" y=\"0.5\" width=\"37\" height=\"37\" rx=\"18.5\" fill=\"white\"><\/rect><rect x=\"0.5\" y=\"0.5\" width=\"37\" height=\"37\" rx=\"18.5\" stroke=\"#C2C2C2\"><\/rect><path d=\"M16.5556 27V16.2231H19.963V17.6949C20.0185 17.6368 20.0648 17.5787 20.1111 17.5206C20.8611 16.349 22.2037 15.739 23.537 15.981C25.3889 16.1359 26.8426 17.7046 26.9259 19.6411C26.9722 20.0478 27 20.4641 27 20.8708C27 22.817 27 24.7633 27 26.7095V26.9806H23.5741V26.6805C23.5741 24.8892 23.5741 23.0882 23.5741 21.2969C23.5741 20.8805 23.5278 20.4545 23.4259 20.0478C23.1945 19.1279 22.2963 18.5663 21.4074 18.8084C21.2037 18.8665 21 18.9633 20.8333 19.0989C20.3333 19.4281 20.0185 19.9897 19.9907 20.6094C19.9722 21.1419 19.9722 21.6842 19.9722 22.2167V26.9903H16.5648L16.5556 27ZM11.2222 27V16.2037H11.7407C12.6204 16.2037 13.5 16.2037 14.3796 16.2037C14.5833 16.2037 14.6482 16.2328 14.6482 16.4748V26.9903H11.2222V27ZM11.0093 12.8825C11.0093 11.8465 11.8055 11.0041 12.787 11.0041C12.8426 11.0041 12.8982 11.0041 12.9537 11.0041C13.9445 10.9363 14.7963 11.7206 14.8611 12.7567C14.8611 12.7954 14.8611 12.8438 14.8611 12.8825C14.8426 13.9283 14.0278 14.761 13.0278 14.7416C12.9907 14.7416 12.9537 14.7416 12.9259 14.7416H12.9074C11.9259 14.8191 11.0741 14.0445 11 13.0181C11 12.9697 11 12.931 11 12.8825H11.0093Z\" fill=\"#555555\"><\/path><\/svg><\/button><button class=\"sharemenu-buttons display_flex\" aria-label=\"Compartir en Twitter\"><svg width=\"38\" height=\"38\" viewbox=\"0 0 38 38\" fill=\"none\" xmlns=\"http:\/\/www.w3.org\/2000\/svg\"><rect x=\"0.5\" y=\"0.5\" width=\"37\" height=\"37\" rx=\"18.5\" fill=\"white\"><\/rect><rect x=\"0.5\" y=\"0.5\" width=\"37\" height=\"37\" rx=\"18.5\" stroke=\"#C2C2C2\"><\/rect><path d=\"M11.0391 11L17.2165 19.8249L11 27H12.399L17.8415 20.7182L22.2389 27H27L20.475 17.6786L26.2613 11H24.8623L19.85 16.7855L15.8001 11H11.0391ZM13.0965 12.101H15.2838L24.9423 25.8987H22.7551L13.0965 12.101Z\" fill=\"#555555\"><\/path><\/svg><\/button><button class=\"sharemenu-buttons display_flex\" aria-label=\"Compartir en Facebook\"><svg width=\"38\" height=\"38\" viewbox=\"0 0 38 38\" fill=\"none\" xmlns=\"http:\/\/www.w3.org\/2000\/svg\"><rect x=\"0.5\" y=\"0.5\" width=\"37\" height=\"37\" rx=\"18.5\" fill=\"white\"><\/rect><rect x=\"0.5\" y=\"0.5\" width=\"37\" height=\"37\" rx=\"18.5\" stroke=\"#C2C2C2\"><\/rect><path d=\"M17.3544 26.9921V18.9235H15V16.3346H17.3544V16.0805C17.3544 15.3816 17.3291 14.6748 17.3882 13.976C17.3882 12.8642 18.0633 11.8556 19.1266 11.3712C19.5232 11.1965 19.9452 11.0853 20.3755 11.0376C21.2532 10.9741 22.1308 10.99 23 11.0932V13.4201H22.7722C22.2743 13.4201 21.7848 13.4201 21.2869 13.436C20.73 13.4042 20.2489 13.8013 20.2152 14.3254C20.2152 14.373 20.2152 14.4128 20.2152 14.4604C20.1983 15.0481 20.2152 15.6357 20.2152 16.2234C20.2152 16.2552 20.2152 16.2949 20.2321 16.3267H22.9409C22.8228 17.2082 22.7046 18.0579 22.5865 18.9315H20.2236V27H17.3629L17.3544 26.9921Z\" fill=\"#555555\"><\/path><\/svg><\/button><button class=\"sharemenu-buttons display_flex\" aria-label=\"Compartir en Whatsapp\"><svg width=\"38\" height=\"38\" viewbox=\"0 0 38 38\" fill=\"none\" xmlns=\"http:\/\/www.w3.org\/2000\/svg\"><rect x=\"0.5\" y=\"0.5\" width=\"37\" height=\"37\" rx=\"18.5\" fill=\"white\"><\/rect><rect x=\"0.5\" y=\"0.5\" width=\"37\" height=\"37\" rx=\"18.5\" stroke=\"#C2C2C2\"><\/rect><path d=\"M21.2863 19.9439C21.0997 19.8551 20.9664 19.9262 20.8419 20.0861C20.6731 20.3261 20.4687 20.5483 20.2909 20.7794C20.1665 20.9393 20.0243 20.9749 19.8376 20.8949C18.6645 20.4239 17.7757 19.6506 17.1269 18.5841C17.0292 18.4242 17.038 18.2997 17.1536 18.1575C17.3225 17.9531 17.4824 17.7576 17.6157 17.5354C17.678 17.4287 17.7135 17.2599 17.678 17.1532C17.4735 16.6111 17.2425 16.0867 17.0114 15.5535C16.9669 15.4557 16.8781 15.3313 16.7892 15.3224C16.4248 15.2602 16.0426 15.1891 15.7316 15.4912C15.1094 16.0778 14.8784 16.7977 15.0383 17.6243C15.1805 18.3619 15.5983 18.9663 16.0426 19.5618C16.887 20.6638 17.8646 21.6237 19.1622 22.1925C19.7932 22.4769 20.4331 22.7613 21.1441 22.7613C21.2685 22.7613 21.393 22.7613 21.5085 22.7346C22.4506 22.5391 23.1172 22.0058 23.0816 21.0193C23.0816 20.9216 23.0194 20.7794 22.9483 20.7438C22.3973 20.4594 21.8462 20.2017 21.2863 19.9439Z\" fill=\"#555555\"><\/path><path d=\"M26.9482 17.8724C26.3972 13.4642 22.1401 10.3447 17.7229 11.1179C12.6481 11.9977 9.71521 17.2859 11.6883 21.9963C12.1948 22.6629 12.0615 23.3472 11.8216 24.0849C11.5105 25.027 11.2794 26.0046 11.0039 27C11.1194 26.9733 11.1994 26.9644 11.2794 26.9378C12.5059 26.6178 13.7324 26.3068 14.9411 25.9868C15.1544 25.9335 15.3144 25.9602 15.5099 26.0579C17.1719 26.8667 18.9227 27.0978 20.718 26.7067C24.833 25.7913 27.4548 22.0496 26.9305 17.8902L26.9482 17.8724ZM20.0515 25.4624C18.4784 25.7113 17.003 25.3913 15.6166 24.6003C15.5099 24.5381 15.3411 24.5115 15.2077 24.547C14.4612 24.7248 13.7146 24.9292 12.9147 25.1336C13.1192 24.3693 13.3058 23.6672 13.5102 22.9473C13.5635 22.7606 13.5369 22.6273 13.4391 22.4673C11.0039 18.5479 13.1014 13.5442 17.6163 12.5043C21.2868 11.6511 25.0285 14.1841 25.5884 17.908C26.1395 21.5519 23.6954 24.8936 20.0515 25.4624Z\" fill=\"#555555\"><\/path><\/svg><\/button><\/div>\n<\/div>\n<p class=\"paragraph\" data-paragraph-number=\"1\">M\u00e1s de cinco millones de personas viven en los <b>6.467<\/b> <b>barrios populares<\/b> relevados en la <b>Argentina.<\/b> Sobre esa base, la <b>Iglesia<\/b>, la fundaci\u00f3n <b>TECHO<\/b> y <b>organizaciones sociales<\/b> agrupadas en la Uni\u00f3n Trabajadores de la Econom\u00eda Popular (UTEP) presentaron un proyecto de ley acompa\u00f1ado por 11 bloques legislativos de 10 provincias para garantizar por ley el financiamiento de obras de integraci\u00f3n socio-urbana hasta 2036. \u201cPara eso es necesario el di\u00e1logo\u201d, resumi\u00f3 Gustavo Carrara, Arzobispo de La Plata, al reclamar que los recursos dejen de depender de la voluntad pol\u00edtica de cada gesti\u00f3n.<\/p>\n<div class=\"marfeel-recommender marfeel-recommender-1\"><\/div>\n<p class=\"paragraph\" data-paragraph-number=\"2\">La iniciativa, impulsada por el diputado <b>Juan Grabois<\/b>, busca fijar un piso presupuestario vinculado al <b>Producto Bruto Interno (PBI)<\/b> y responde a un fallo judicial que exhort\u00f3 al <b>Congreso<\/b> a garantizar recursos tras la disoluci\u00f3n del fondo que sosten\u00eda esas obras.<\/p>\n<div class=\"inline ad-wrapper dfpAd ad-inline ad-text ad-component-container\" style=\"--ad-shell-height:250px;--ad-shell-width:300px\" data-ad-wrapper=\"arcad\" data-ad-type=\"inline\" data-ad-slot=\"infobae\/politica\/nota\/inline\" data-ad-container=\"dfp\" data-ad-slot-name=\"infobae\/politica\/nota\/inline\">\n<p class=\"ad-shell-label\">PUBLICIDAD<\/p>\n<div id=\"infobae\/politica\/nota\/inline\" class=\"infobae\/politica\/nota\/inline arcad ad-slot-node ad-slot-node--boxed\" data-ad-slot-id=\"infobae\/politica\/nota\/inline\"><\/div>\n<\/div>\n<h2 class=\"text-align-left vertical-align-top line-height-100 header headline-class-h2 headline\" id=\"monsenor-gustavo-carrara-reclamo-protagonismo\">Monse\u00f1or Gustavo Carrara reclam\u00f3 protagonismo<\/h2>\n<p class=\"paragraph\" data-paragraph-number=\"3\">Carrara destac\u00f3 la necesidad de comprender a los <b>barrios populares<\/b> desde la organizaci\u00f3n de quienes los habitan. <b>\u201cEl concepto de integraci\u00f3n socio urbana busca destacar el protagonismo de las vecinas y vecinos; que no solo dan que pensar, sino que piensan; no solo despiertan sentimientos, sino que sienten; y no solo padecen las injusticias, sino que se organizan de modo creativo en la lucha por vivir mejor\u201d<\/b>, sostuvo el religioso.<\/p>\n<div class=\"marfeel-recommender marfeel-recommender-3\"><\/div>\n<p class=\"paragraph\" data-paragraph-number=\"4\">\u201cLos vecinos trabajan con laboriosidad con la ilusi\u00f3n de pasar del techo de chapa a la losa para despu\u00e9s poder cobijar a sus hijos y nietos; para eso es necesario el di\u00e1logo\u201d, agreg\u00f3 el <b>Arzobispo de La Plata<\/b>.<\/p>\n<div class=\"inline_2 ad-wrapper dfpAd ad-inline ad-text ad-component-container\" style=\"--ad-shell-height:250px;--ad-shell-width:300px\" data-ad-wrapper=\"arcad\" data-ad-type=\"inline_2\" data-ad-slot=\"infobae\/politica\/nota\/inline_2\" data-ad-container=\"dfp\" data-ad-slot-name=\"infobae\/politica\/nota\/inline_2\">\n<p class=\"ad-shell-label\">PUBLICIDAD<\/p>\n<div id=\"infobae\/politica\/nota\/inline_2\" class=\"infobae\/politica\/nota\/inline_2 arcad ad-slot-node ad-slot-node--boxed\" data-ad-slot-id=\"infobae\/politica\/nota\/inline_2\"><\/div>\n<\/div>\n<div class=\"visual__image\"><picture><source srcset=\"https:\/\/www.infobae.com\/resizer\/v2\/ZJZK6B5PWRHWPNSPKQSZDTNP4Q.jpg?auth=ec06e1451912699f8ef9fc3a9546ba58a9e3ca48892bfb1b87f366bbf9e6fb0b&amp;smart=true&amp;width=992&amp;height=558&amp;quality=85\" media=\"(min-width: 1000px)\"><\/source><source srcset=\"https:\/\/www.infobae.com\/resizer\/v2\/ZJZK6B5PWRHWPNSPKQSZDTNP4Q.jpg?auth=ec06e1451912699f8ef9fc3a9546ba58a9e3ca48892bfb1b87f366bbf9e6fb0b&amp;smart=true&amp;width=768&amp;height=432&amp;quality=85\" media=\"(min-width: 768px)\"><\/source><source srcset=\"https:\/\/www.infobae.com\/resizer\/v2\/ZJZK6B5PWRHWPNSPKQSZDTNP4Q.jpg?auth=ec06e1451912699f8ef9fc3a9546ba58a9e3ca48892bfb1b87f366bbf9e6fb0b&amp;smart=true&amp;width=577&amp;height=325&amp;quality=85\" media=\"(min-width: 580px)\"><\/source><source srcset=\"https:\/\/www.infobae.com\/resizer\/v2\/ZJZK6B5PWRHWPNSPKQSZDTNP4Q.jpg?auth=ec06e1451912699f8ef9fc3a9546ba58a9e3ca48892bfb1b87f366bbf9e6fb0b&amp;smart=true&amp;width=420&amp;height=236&amp;quality=85\" media=\"(min-width: 350px)\"><\/source><source srcset=\"https:\/\/www.infobae.com\/resizer\/v2\/ZJZK6B5PWRHWPNSPKQSZDTNP4Q.jpg?auth=ec06e1451912699f8ef9fc3a9546ba58a9e3ca48892bfb1b87f366bbf9e6fb0b&amp;smart=true&amp;width=350&amp;height=197&amp;quality=85\" media=\"(min-width: 80px)\"><\/source><img alt=\"monse\u00f1or gustavo carrara portada\" class=\"global-image\" decoding=\"async\" fetchpriority=\"low\" height=\"1080\" loading=\"lazy\" src=\"https:\/\/www.infobae.com\/resizer\/v2\/ZJZK6B5PWRHWPNSPKQSZDTNP4Q.jpg?auth=ec06e1451912699f8ef9fc3a9546ba58a9e3ca48892bfb1b87f366bbf9e6fb0b&amp;smart=true&amp;width=350&amp;height=197&amp;quality=85\" width=\"1920\"><\/picture><\/div>\n<h2 class=\"text-align-left vertical-align-top line-height-100 header headline-class-h2 headline\" id=\"los-razones-del-proyecto-de-ley\">Los razones del proyecto de ley<\/h2>\n<p class=\"paragraph\" data-paragraph-number=\"5\">Seg\u00fan los fundamentos del proyecto, la iniciativa tiene por objeto \u201cdotar de un financiamiento adecuado, sostenible y permanente a la pol\u00edtica de integraci\u00f3n socio urbana de los barrios populares de la <b>Rep\u00fablica Argentina<\/b>, conforme a lo establecido por la <b>ley 27.453<\/b>, sus modificatorias y normas complementarias\u201d. Esa norma, sancionada en 2018 con amplio consenso legislativo, <b>reconoce la vulnerabilidad habitacional de millones de argentinos y establece el marco legal para su integraci\u00f3n socio-urbana.<\/b><\/p>\n<div class=\"marfeel-recommender marfeel-recommender-5\"><\/div>\n<p class=\"paragraph\" data-paragraph-number=\"6\">El texto sostiene que el derecho a la integraci\u00f3n sociourbana, consagrado en el art\u00edculo 1\u00b0 de la <b>Ley 27.453<\/b>, \u201ces un derecho cuya efectividad depende de la existencia de recursos concretos que le otorguen previsibilidad presupuestaria\u201d. En ese sentido, los fundamentos citan a los tratados internacionales con jerarqu\u00eda constitucional (art\u00edculo 75, inciso 22, de la <b>Constituci\u00f3n Nacional<\/b>), que imponen al <b>Estado<\/b> \u201cel deber de progresividad en materia de derechos econ\u00f3micos, sociales y culturales\u201d y le proh\u00edben \u201cretroceder sin una justificaci\u00f3n estricta y debidamente fundada en los niveles de protecci\u00f3n ya alcanzados\u201d.<\/p>\n<div class=\"ad_1 ad-wrapper dfpAd ad-1-al-6 ad-text ad-component-container\" style=\"--ad-shell-height:250px;--ad-shell-width:300px\" data-ad-wrapper=\"arcad\" data-ad-type=\"ad_1\" data-ad-slot=\"infobae\/politica\/nota\/ad_1\" data-ad-container=\"dfp\" data-ad-slot-name=\"infobae\/politica\/nota\/ad_1\">\n<p class=\"ad-shell-label\">PUBLICIDAD<\/p>\n<div id=\"infobae\/politica\/nota\/ad_1\" class=\"infobae\/politica\/nota\/ad_1 arcad ad-slot-node ad-slot-node--boxed\" data-ad-slot-id=\"infobae\/politica\/nota\/ad_1\"><\/div>\n<\/div>\n<div class=\"visual__image\"><picture><source srcset=\"https:\/\/www.infobae.com\/resizer\/v2\/CUBCLE4ZJZATHNZXI5RMXANDUQ.jpeg?auth=89680f479ed1a97d9cdd9be00ad52517da5742539c4996a762fc7c01d95f5215&amp;smart=true&amp;width=992&amp;height=744&amp;quality=85\" media=\"(min-width: 1000px)\"><\/source><source srcset=\"https:\/\/www.infobae.com\/resizer\/v2\/CUBCLE4ZJZATHNZXI5RMXANDUQ.jpeg?auth=89680f479ed1a97d9cdd9be00ad52517da5742539c4996a762fc7c01d95f5215&amp;smart=true&amp;width=768&amp;height=576&amp;quality=85\" media=\"(min-width: 768px)\"><\/source><source srcset=\"https:\/\/www.infobae.com\/resizer\/v2\/CUBCLE4ZJZATHNZXI5RMXANDUQ.jpeg?auth=89680f479ed1a97d9cdd9be00ad52517da5742539c4996a762fc7c01d95f5215&amp;smart=true&amp;width=577&amp;height=433&amp;quality=85\" media=\"(min-width: 580px)\"><\/source><source srcset=\"https:\/\/www.infobae.com\/resizer\/v2\/CUBCLE4ZJZATHNZXI5RMXANDUQ.jpeg?auth=89680f479ed1a97d9cdd9be00ad52517da5742539c4996a762fc7c01d95f5215&amp;smart=true&amp;width=420&amp;height=315&amp;quality=85\" media=\"(min-width: 350px)\"><\/source><source srcset=\"https:\/\/www.infobae.com\/resizer\/v2\/CUBCLE4ZJZATHNZXI5RMXANDUQ.jpeg?auth=89680f479ed1a97d9cdd9be00ad52517da5742539c4996a762fc7c01d95f5215&amp;smart=true&amp;width=350&amp;height=263&amp;quality=85\" media=\"(min-width: 80px)\"><\/source><img alt=\"BARRIOS POPULARES MTE\" class=\"global-image\" decoding=\"async\" fetchpriority=\"low\" height=\"1200\" loading=\"lazy\" src=\"https:\/\/www.infobae.com\/resizer\/v2\/CUBCLE4ZJZATHNZXI5RMXANDUQ.jpeg?auth=89680f479ed1a97d9cdd9be00ad52517da5742539c4996a762fc7c01d95f5215&amp;smart=true&amp;width=350&amp;height=263&amp;quality=85\" width=\"1600\"><\/picture><\/div>\n<h2 class=\"text-align-left vertical-align-top line-height-100 header headline-class-h2 headline\" id=\"un-fallo-judicial-que-exhorta-al-congreso-a-garantizar-el-financiamiento\">Un fallo judicial que exhorta al Congreso a garantizar el financiamiento<\/h2>\n<p class=\"paragraph\" data-paragraph-number=\"7\">\u201cLa iniciativa legislativa responde de manera directa a una decisi\u00f3n judicial\u201d, le recuerda a este medio el diputado <b>Juan Grabois.<\/b> En mayo de 2025, el Juzgado Federal de Pehuaj\u00f3, en el marco de un amparo colectivo impulsado por el <b>Centro de Estudios Legales y Sociales (CELS)<\/b> y otras organizaciones, hizo lugar a una medida cautelar interina que suspendi\u00f3 el Decreto 312\/2025 \u2014que dispon\u00eda la disoluci\u00f3n del <b>Fondo de Integraci\u00f3n Socio Urbana (FISU)<\/b>\u2014 por considerar que la ausencia de financiamiento implicaba \u201cuna regresividad inadmisible en t\u00e9rminos constitucionales\u201d, que compromet\u00eda \u201cel goce efectivo de derechos fundamentales como el acceso a la vivienda, el h\u00e1bitat y el ambiente sano\u201d.<\/p>\n<p class=\"paragraph\" data-paragraph-number=\"8\">El juez <b>Andr\u00e9s Heim<\/b>, a cargo del juzgado, exhort\u00f3 de manera expresa al <b>Congreso de la Naci\u00f3n<\/b> a arbitrar los mecanismos necesarios para establecer un financiamiento adecuado y sostenible. El proyecto que hoy impulsan los 11 bloques constituye la respuesta directa a ese exhorto.<\/p>\n<div class=\"ad_2 ad-wrapper dfpAd ad-1-al-6 ad-text ad-component-container\" style=\"--ad-shell-height:250px;--ad-shell-width:300px\" data-ad-wrapper=\"arcad\" data-ad-type=\"ad_2\" data-ad-slot=\"infobae\/politica\/nota\/ad_2\" data-ad-container=\"dfp\" data-ad-slot-name=\"infobae\/politica\/nota\/ad_2\">\n<p class=\"ad-shell-label\">PUBLICIDAD<\/p>\n<div id=\"infobae\/politica\/nota\/ad_2\" class=\"infobae\/politica\/nota\/ad_2 arcad ad-slot-node ad-slot-node--boxed\" data-ad-slot-id=\"infobae\/politica\/nota\/ad_2\"><\/div>\n<\/div>\n<div class=\"visual__image\"><picture><source srcset=\"https:\/\/www.infobae.com\/resizer\/v2\/KPLROGFF2NH4DMI7ZQQZQEJP2Y.jpeg?auth=213aabe12b20ff9a2e76de3107ff3f91aa1e7278d6d0bf4cebddd49cdf0b2e8a&amp;smart=true&amp;width=992&amp;height=661&amp;quality=85\" media=\"(min-width: 1000px)\"><\/source><source srcset=\"https:\/\/www.infobae.com\/resizer\/v2\/KPLROGFF2NH4DMI7ZQQZQEJP2Y.jpeg?auth=213aabe12b20ff9a2e76de3107ff3f91aa1e7278d6d0bf4cebddd49cdf0b2e8a&amp;smart=true&amp;width=768&amp;height=512&amp;quality=85\" media=\"(min-width: 768px)\"><\/source><source srcset=\"https:\/\/www.infobae.com\/resizer\/v2\/KPLROGFF2NH4DMI7ZQQZQEJP2Y.jpeg?auth=213aabe12b20ff9a2e76de3107ff3f91aa1e7278d6d0bf4cebddd49cdf0b2e8a&amp;smart=true&amp;width=577&amp;height=384&amp;quality=85\" media=\"(min-width: 580px)\"><\/source><source srcset=\"https:\/\/www.infobae.com\/resizer\/v2\/KPLROGFF2NH4DMI7ZQQZQEJP2Y.jpeg?auth=213aabe12b20ff9a2e76de3107ff3f91aa1e7278d6d0bf4cebddd49cdf0b2e8a&amp;smart=true&amp;width=420&amp;height=280&amp;quality=85\" media=\"(min-width: 350px)\"><\/source><source srcset=\"https:\/\/www.infobae.com\/resizer\/v2\/KPLROGFF2NH4DMI7ZQQZQEJP2Y.jpeg?auth=213aabe12b20ff9a2e76de3107ff3f91aa1e7278d6d0bf4cebddd49cdf0b2e8a&amp;smart=true&amp;width=350&amp;height=233&amp;quality=85\" media=\"(min-width: 80px)\"><\/source><img alt=\"BARRIOS POPULARES MTE\" class=\"global-image\" decoding=\"async\" fetchpriority=\"low\" height=\"1066\" loading=\"lazy\" src=\"https:\/\/www.infobae.com\/resizer\/v2\/KPLROGFF2NH4DMI7ZQQZQEJP2Y.jpeg?auth=213aabe12b20ff9a2e76de3107ff3f91aa1e7278d6d0bf4cebddd49cdf0b2e8a&amp;smart=true&amp;width=350&amp;height=233&amp;quality=85\" width=\"1600\"><\/picture><\/div>\n<p class=\"paragraph\" data-paragraph-number=\"9\">El <b>FISU<\/b> fue creado por el <b>Decreto 819\/2019<\/b> como instrumento clave para financiar obras de infraestructura en los barrios registrados en el <b>Renabap<\/b>. Fue dotado de recursos provenientes, entre otras fuentes, del 9% de la recaudaci\u00f3n del <b>Impuesto PAIS<\/b>, conforme a la ley 27.541 y el decreto 184\/2020, lo que le permiti\u00f3 desplegar, seg\u00fan los fundamentos, <b>\u201cuna de las pol\u00edticas de infraestructura social m\u00e1s importantes de las \u00faltimas d\u00e9cadas\u201d.<\/b><\/p>\n<p class=\"paragraph\" data-paragraph-number=\"10\">Entre los logros de esa pol\u00edtica, el proyecto destaca m\u00e1s de 1.300 obras aprobadas de infraestructura urbana \u2014apertura y mejoramiento de calles, equipamiento urbano, redes de agua, cloaca y electricidad, y lotes con servicios\u2014 y m\u00e1s de 250.000 mujeres beneficiadas a trav\u00e9s del programa <b>Mi Pieza<\/b>, orientado a mejoras habitacionales.<\/p>\n<div class=\"ad_3 ad-wrapper dfpAd ad-1-al-6 ad-text ad-component-container\" style=\"--ad-shell-height:250px;--ad-shell-width:300px\" data-ad-wrapper=\"arcad\" data-ad-type=\"ad_3\" data-ad-slot=\"infobae\/politica\/nota\/ad_3\" data-ad-container=\"dfp\" data-ad-slot-name=\"infobae\/politica\/nota\/ad_3\">\n<p class=\"ad-shell-label\">PUBLICIDAD<\/p>\n<div id=\"infobae\/politica\/nota\/ad_3\" class=\"infobae\/politica\/nota\/ad_3 arcad ad-slot-node ad-slot-node--boxed\" data-ad-slot-id=\"infobae\/politica\/nota\/ad_3\"><\/div>\n<\/div>\n<p class=\"paragraph\" data-paragraph-number=\"11\">Ese esquema se derrumb\u00f3 con el Decreto 193\/2024, que redujo la participaci\u00f3n del <b>FISU<\/b> en el <b>Impuesto PAIS<\/b> del 9% al 0,3%, \u201cimpuesto que luego dej\u00f3 de existir a fines del a\u00f1o 2024\u201d.<\/p>\n<p class=\"paragraph\" data-paragraph-number=\"12\">Los fundamentos precisan que esa primera decisi\u00f3n implic\u00f3 una ca\u00edda del 96,7% en los recursos disponibles para continuar con las obras en marcha o iniciar nuevas, y que tras la eliminaci\u00f3n del impuesto \u201clos recursos para esta pol\u00edtica p\u00fablica se extinguieron\u201d. Como consecuencia, seg\u00fan el informe 145 de la <b>Jefatura de Gabinete<\/b>, <b>la ejecuci\u00f3n de obras se desplom\u00f3 un 98% entre 2023 y 2026, de 171.863 millones de pesos a apenas 3.336 millones de pesos, y 671 de las 1.322 obras en curso \u2014el 84,3%\u2014 quedaron paralizadas en 21 provincias y en la<\/b> <b>Ciudad de Buenos Aires<\/b>.<\/p>\n<div class=\"ad_4 ad-wrapper dfpAd ad-1-al-6 ad-text ad-component-container\" style=\"--ad-shell-height:250px;--ad-shell-width:300px\" data-ad-wrapper=\"arcad\" data-ad-type=\"ad_4\" data-ad-slot=\"infobae\/politica\/nota\/ad_4\" data-ad-container=\"dfp\" data-ad-slot-name=\"infobae\/politica\/nota\/ad_4\">\n<p class=\"ad-shell-label\">PUBLICIDAD<\/p>\n<div id=\"infobae\/politica\/nota\/ad_4\" class=\"infobae\/politica\/nota\/ad_4 arcad ad-slot-node ad-slot-node--boxed\" data-ad-slot-id=\"infobae\/politica\/nota\/ad_4\"><\/div>\n<\/div>\n<div class=\"visual__image\"><picture><source srcset=\"https:\/\/www.infobae.com\/resizer\/v2\/RPVUPDK5XFETRF3F7CKULM4URI.JPG?auth=b4b1c55f5f557cdd933a54cb46ff79d00d7429ddcec4f52c75a83470363fd6de&amp;smart=true&amp;width=992&amp;height=661&amp;quality=85\" media=\"(min-width: 1000px)\"><\/source><source srcset=\"https:\/\/www.infobae.com\/resizer\/v2\/RPVUPDK5XFETRF3F7CKULM4URI.JPG?auth=b4b1c55f5f557cdd933a54cb46ff79d00d7429ddcec4f52c75a83470363fd6de&amp;smart=true&amp;width=768&amp;height=512&amp;quality=85\" media=\"(min-width: 768px)\"><\/source><source srcset=\"https:\/\/www.infobae.com\/resizer\/v2\/RPVUPDK5XFETRF3F7CKULM4URI.JPG?auth=b4b1c55f5f557cdd933a54cb46ff79d00d7429ddcec4f52c75a83470363fd6de&amp;smart=true&amp;width=577&amp;height=385&amp;quality=85\" media=\"(min-width: 580px)\"><\/source><source srcset=\"https:\/\/www.infobae.com\/resizer\/v2\/RPVUPDK5XFETRF3F7CKULM4URI.JPG?auth=b4b1c55f5f557cdd933a54cb46ff79d00d7429ddcec4f52c75a83470363fd6de&amp;smart=true&amp;width=420&amp;height=280&amp;quality=85\" media=\"(min-width: 350px)\"><\/source><source srcset=\"https:\/\/www.infobae.com\/resizer\/v2\/RPVUPDK5XFETRF3F7CKULM4URI.JPG?auth=b4b1c55f5f557cdd933a54cb46ff79d00d7429ddcec4f52c75a83470363fd6de&amp;smart=true&amp;width=350&amp;height=233&amp;quality=85\" media=\"(min-width: 80px)\"><\/source><img alt=\"SESION 06\/08\/26 - ENVIO 1\" class=\"global-image\" decoding=\"async\" fetchpriority=\"low\" height=\"2000\" loading=\"lazy\" src=\"https:\/\/www.infobae.com\/resizer\/v2\/RPVUPDK5XFETRF3F7CKULM4URI.JPG?auth=b4b1c55f5f557cdd933a54cb46ff79d00d7429ddcec4f52c75a83470363fd6de&amp;smart=true&amp;width=350&amp;height=233&amp;quality=85\" width=\"3000\"><\/picture><\/div>\n<h2 class=\"text-align-left vertical-align-top line-height-100 header headline-class-h2 headline\" id=\"la-formula-para-el-financiamiento\">La f\u00f3rmula para el financiamiento<\/h2>\n<p class=\"paragraph\" data-paragraph-number=\"13\">El art\u00edculo 3\u00b0 del proyecto establece la f\u00f3rmula que sostiene el financiamiento: un piso presupuestario equivalente al 0,0375% del <b>PBI<\/b> para el per\u00edodo 2027-2029, con incrementos progresivos hasta alcanzar el 0,1125% en el tramo 2034-2036. Los fundamentos aclaran que <b>la iniciativa no crea un nuevo impuesto ni una fuente de financiamiento adicional<\/b>, sino que establece, dentro del conjunto de los recursos p\u00fablicos de renta general, una prioridad presupuestaria para la integraci\u00f3n socio-urbana.<\/p>\n<p class=\"paragraph\" data-paragraph-number=\"14\"><b>\u201cEl monto inicial de 0,0375% del PBI es equivalente al nivel de inversi\u00f3n efectiva alcanzado por el FISU durante el a\u00f1o 2021 \u2014a\u00f1o en que la pol\u00edtica dio comienzo a su despliegue territorial e impacto social\u2014 y representa el m\u00ednimo necesario para garantizar la sostenibilidad de las obras en ejecuci\u00f3n, evitar su paralizaci\u00f3n y planificar con horizonte estrat\u00e9gico la integraci\u00f3n de los m\u00e1s de 6.000 barrios populares registrados en el ReNaBap\u201d, seg\u00fan el texto presentado ante la C\u00e1mara de Diputados<\/b>. <\/p>\n<div class=\"ad_5 ad-wrapper dfpAd ad-1-al-6 ad-text ad-component-container\" style=\"--ad-shell-height:250px;--ad-shell-width:300px\" data-ad-wrapper=\"arcad\" data-ad-type=\"ad_5\" data-ad-slot=\"infobae\/politica\/nota\/ad_5\" data-ad-container=\"dfp\" data-ad-slot-name=\"infobae\/politica\/nota\/ad_5\">\n<p class=\"ad-shell-label\">PUBLICIDAD<\/p>\n<div id=\"infobae\/politica\/nota\/ad_5\" class=\"infobae\/politica\/nota\/ad_5 arcad ad-slot-node ad-slot-node--boxed\" data-ad-slot-id=\"infobae\/politica\/nota\/ad_5\"><\/div>\n<\/div>\n<p class=\"paragraph\" data-paragraph-number=\"15\">La iniciativa agrega que los recursos destinados a esta pol\u00edtica no podr\u00e1n ser inferiores a los del a\u00f1o anterior, incluso en caso de una eventual pr\u00f3rroga del <b>Presupuesto Nacional<\/b>, y propone prorrogar por diez a\u00f1os la emergencia socio-urbana, sanitaria y ambiental en los barrios populares.<\/p>\n<p class=\"paragraph\" data-paragraph-number=\"16\"><b>Gisella Gazzotti<\/b>, directora nacional de Incidencia en <b>TECHO-Argentina<\/b>, explic\u00f3 los alcances de la iniciativa. \u201cImpulsamos este proyecto que busca garantizar fondos del Presupuesto para los sectores m\u00e1s pobres de Argentina. Hoy en los barrios populares viven cerca de 1,7 millones de ni\u00f1os y ni\u00f1as que se inundan cuando llueve, que crecen sobre un piso de tierra y que no hay manera de que puedan progresar sin invertir en su futuro. Buscamos que este proyecto de ley permita transformar la vida de todos ellos\u201d, afirm\u00f3.<\/p>\n<div class=\"ad_6 ad-wrapper dfpAd ad-1-al-6 ad-text ad-component-container\" style=\"--ad-shell-height:250px;--ad-shell-width:300px\" data-ad-wrapper=\"arcad\" data-ad-type=\"ad_6\" data-ad-slot=\"infobae\/politica\/nota\/ad_6\" data-ad-container=\"dfp\" data-ad-slot-name=\"infobae\/politica\/nota\/ad_6\">\n<p class=\"ad-shell-label\">PUBLICIDAD<\/p>\n<div id=\"infobae\/politica\/nota\/ad_6\" class=\"infobae\/politica\/nota\/ad_6 arcad ad-slot-node ad-slot-node--boxed\" data-ad-slot-id=\"infobae\/politica\/nota\/ad_6\"><\/div>\n<\/div>\n<div class=\"visual__image\"><picture><source srcset=\"https:\/\/www.infobae.com\/resizer\/v2\/B3CPEYUI4BEHVDMKTWTD3DACXU.jpg?auth=90d500c381af70a4a8adc6bc8b8f517d7d98fb28acf8e3ae77d025c6d91de4bc&amp;smart=true&amp;width=992&amp;height=1241&amp;quality=85\" media=\"(min-width: 1000px)\"><\/source><source srcset=\"https:\/\/www.infobae.com\/resizer\/v2\/B3CPEYUI4BEHVDMKTWTD3DACXU.jpg?auth=90d500c381af70a4a8adc6bc8b8f517d7d98fb28acf8e3ae77d025c6d91de4bc&amp;smart=true&amp;width=768&amp;height=961&amp;quality=85\" media=\"(min-width: 768px)\"><\/source><source srcset=\"https:\/\/www.infobae.com\/resizer\/v2\/B3CPEYUI4BEHVDMKTWTD3DACXU.jpg?auth=90d500c381af70a4a8adc6bc8b8f517d7d98fb28acf8e3ae77d025c6d91de4bc&amp;smart=true&amp;width=577&amp;height=722&amp;quality=85\" media=\"(min-width: 580px)\"><\/source><source srcset=\"https:\/\/www.infobae.com\/resizer\/v2\/B3CPEYUI4BEHVDMKTWTD3DACXU.jpg?auth=90d500c381af70a4a8adc6bc8b8f517d7d98fb28acf8e3ae77d025c6d91de4bc&amp;smart=true&amp;width=420&amp;height=525&amp;quality=85\" media=\"(min-width: 350px)\"><\/source><source srcset=\"https:\/\/www.infobae.com\/resizer\/v2\/B3CPEYUI4BEHVDMKTWTD3DACXU.jpg?auth=90d500c381af70a4a8adc6bc8b8f517d7d98fb28acf8e3ae77d025c6d91de4bc&amp;smart=true&amp;width=350&amp;height=438&amp;quality=85\" media=\"(min-width: 80px)\"><\/source><img alt=\"Una mujer con chaleco azul y gafas de sol, con el pelo recogido, fija una pegatina azul de 'Casa Registrada' en una lona negra; otra mujer sonr\u00ede a su derecha\" class=\"global-image\" decoding=\"async\" fetchpriority=\"low\" height=\"2402\" loading=\"lazy\" src=\"https:\/\/www.infobae.com\/resizer\/v2\/B3CPEYUI4BEHVDMKTWTD3DACXU.jpg?auth=90d500c381af70a4a8adc6bc8b8f517d7d98fb28acf8e3ae77d025c6d91de4bc&amp;smart=true&amp;width=350&amp;height=438&amp;quality=85\" width=\"1920\"><\/picture><\/div>\n<h2 class=\"text-align-left vertical-align-top line-height-100 header headline-class-h2 headline\" id=\"el-ultimo-relevamiento-del-renabap\">El \u00faltimo relevamiento del ReNaBap<\/h2>\n<p class=\"paragraph\" data-paragraph-number=\"17\">La <b>Mesa Nacional de Barrios Populares<\/b> \u2014integrada por <b>C\u00e1ritas<\/b>, <b>TECHO<\/b> y la <b>Uni\u00f3n de Trabajadores y Trabajadoras de la Econom\u00eda Popular (UTEP)<\/b>\u2014 retoma con este proyecto el esp\u00edritu de consenso transversal que en 2018 permiti\u00f3 sancionar la <b>Ley de Barrios Populares<\/b>. <\/p>\n<p class=\"paragraph\" data-paragraph-number=\"18\">Seg\u00fan el <b>ReNaBap<\/b>, con datos actualizados a diciembre de 2025, <b>existen 6.467 barrios populares identificados en todo el pa\u00eds, que ocupan una superficie de 684.201.855 metros cuadrados y donde viven aproximadamente 1.287.942 familias, en 1.170.397 viviendas.<\/b><\/p>\n<p class=\"paragraph\" data-paragraph-number=\"19\">El relevamiento del organismo, dependiente de la <b>Subsecretar\u00eda de Integraci\u00f3n Socio Urbana<\/b>, clasifica al 81,24% de esos barrios como asentamientos, al 17,41% como villas y al 1,35% como conjuntos habitacionales unifamiliares. En cuanto a su antig\u00fcedad, el 26,83% se conform\u00f3 durante la d\u00e9cada de 2010 y el 24,80% durante la de 2000, mientras que un 3,74% de los barrios populares corresponde mayoritariamente a comunidades originarias, entre las que predominan las etnias <b>qom<\/b>, <b>wich\u00ed<\/b> y <b>guaran\u00ed<\/b>.<\/p>\n<p class=\"paragraph\" data-paragraph-number=\"20\">Con financiamiento sostenido, la pol\u00edtica lleg\u00f3 a ejecutar 1.322 obras en 1.164 barrios populares de las 23 provincias, gener\u00f3 23.909 lotes con servicios y alcanz\u00f3 a m\u00e1s de 1.300.000 personas. Casi 859.000 familias cuentan hoy con Certificado de Vivienda Familiar, y el programa <b>Mi Pieza<\/b> redujo el hacinamiento del 43% al 21% en los hogares beneficiados. La pol\u00edtica fue auditada sin observaciones por la <b>Sindicatura General de la Naci\u00f3n (Sigen)<\/b>, el <b>Banco Interamericano de Desarrollo (BID)<\/b>, la <b>Universidad Cat\u00f3lica Argentina (UCA)<\/b> y el <b>Centro de Implementaci\u00f3n de Pol\u00edticas P\u00fablicas para la Equidad y el Crecimiento (Cippec)<\/b>.<\/p>\n<div class=\"visual__image\"><picture><source srcset=\"https:\/\/www.infobae.com\/resizer\/v2\/ML4H4Q6T4VCJZKBMRFPO55FWAE.png?auth=5020f0c3229b1597ba000264bbc650c6d1220c2f19f5d207c73b98ceb1c7acf8&amp;smart=true&amp;width=992&amp;height=1777&amp;quality=85\" media=\"(min-width: 1000px)\"><\/source><source srcset=\"https:\/\/www.infobae.com\/resizer\/v2\/ML4H4Q6T4VCJZKBMRFPO55FWAE.png?auth=5020f0c3229b1597ba000264bbc650c6d1220c2f19f5d207c73b98ceb1c7acf8&amp;smart=true&amp;width=768&amp;height=1376&amp;quality=85\" media=\"(min-width: 768px)\"><\/source><source srcset=\"https:\/\/www.infobae.com\/resizer\/v2\/ML4H4Q6T4VCJZKBMRFPO55FWAE.png?auth=5020f0c3229b1597ba000264bbc650c6d1220c2f19f5d207c73b98ceb1c7acf8&amp;smart=true&amp;width=577&amp;height=1034&amp;quality=85\" media=\"(min-width: 580px)\"><\/source><source srcset=\"https:\/\/www.infobae.com\/resizer\/v2\/ML4H4Q6T4VCJZKBMRFPO55FWAE.png?auth=5020f0c3229b1597ba000264bbc650c6d1220c2f19f5d207c73b98ceb1c7acf8&amp;smart=true&amp;width=420&amp;height=753&amp;quality=85\" media=\"(min-width: 350px)\"><\/source><source srcset=\"https:\/\/www.infobae.com\/resizer\/v2\/ML4H4Q6T4VCJZKBMRFPO55FWAE.png?auth=5020f0c3229b1597ba000264bbc650c6d1220c2f19f5d207c73b98ceb1c7acf8&amp;smart=true&amp;width=350&amp;height=627&amp;quality=85\" media=\"(min-width: 80px)\"><\/source><img alt=\"Infograf\u00eda con un mapa de Argentina e \u00edconos que presentan datos estad\u00edsticos sobre barrios populares, familias y viviendas.\" class=\"global-image\" decoding=\"async\" fetchpriority=\"low\" height=\"2752\" loading=\"lazy\" src=\"https:\/\/www.infobae.com\/resizer\/v2\/ML4H4Q6T4VCJZKBMRFPO55FWAE.png?auth=5020f0c3229b1597ba000264bbc650c6d1220c2f19f5d207c73b98ceb1c7acf8&amp;smart=true&amp;width=350&amp;height=627&amp;quality=85\" width=\"1536\"><\/picture><\/div>\n<h2 class=\"text-align-left vertical-align-top line-height-100 header headline-class-h2 headline\" id=\"el-relevamiento-del-instituto-periferias-exhibe-la-magnitud-de-la-crisis-social\">El relevamiento del Instituto Periferias exhibe la magnitud de la crisis social<\/h2>\n<p class=\"paragraph\" data-paragraph-number=\"21\">Un informe elaborado por el <b>Instituto Periferias<\/b>, que conduce <b>Daniel Men\u00e9ndez<\/b>, coordinador nacional de <b>Barrios de Pie<\/b>, aporta datos sobre la situaci\u00f3n social en las zonas m\u00e1s vulnerables de la provincia de Buenos Aires durante 2026. <b>Seg\u00fan ese relevamiento, el 57,5% de los consultados mencion\u00f3 al hambre y la pobreza como el principal problema del pa\u00eds, con un 32,2% que cit\u00f3 espec\u00edficamente el hambre y un 25,3% la pobreza.<\/b><\/p>\n<p class=\"paragraph\" data-paragraph-number=\"22\">El estudio tambi\u00e9n registr\u00f3 que el 44,1% de los hogares sufri\u00f3 la p\u00e9rdida del trabajo principal, propio o de alg\u00fan integrante de la familia, y que el 74,4% de los hogares no llega a cubrir los gastos m\u00ednimos con sus ingresos; solo el 11,1% respondi\u00f3 que s\u00ed le alcanzan. <b>Un 52,3% de los consultados dijo sentir ansiedad o tristeza por la situaci\u00f3n econ\u00f3mica de manera frecuente o permanente<\/b>.<\/p>\n<p class=\"paragraph\" data-paragraph-number=\"23\">En materia alimentaria, <b>el 68,3% no pudo acceder a alimentos saludables y nutritivos, y el 49,2% se qued\u00f3 sin alimentos en el hogar en alg\u00fan momento<\/b>. El relevamiento detect\u00f3 adem\u00e1s que el 42,3% de los hogares tuvo que pedir dinero prestado o endeudarse para comprar comida, que el 59,8% tiene alg\u00fan tipo de deuda financiera y que el tipo de deuda m\u00e1s mencionado, con el 37,8%, corresponde a la tarjeta de cr\u00e9dito.<\/p>\n<h2 class=\"text-align-left vertical-align-top line-height-100 header headline-class-h2 headline\" id=\"quienes-firmaron-el-proyecto\">\u00bfQui\u00e9nes firmaron el proyecto?<\/h2>\n<p class=\"paragraph\" data-paragraph-number=\"24\">El proyecto lleva la firma de los diputados <b>Maximiliano Ferraro<\/b>, <b>Germ\u00e1n Mart\u00ednez<\/b>, <b>Oscar Herrera Ahuad<\/b>, <b>Nicol\u00e1s Massot<\/b>, <b>Mart\u00edn Lousteau<\/b>, <b>Sebasti\u00e1n N\u00f3blega<\/b>, <b>Fernanda Mi\u00f1o<\/b>, <b>Javier Noguera<\/b>, <b>Natalia De la Sota<\/b>, <b>Di\u00f3genes Ignacio Gonz\u00e1lez<\/b>, <b>Yolanda Vega<\/b>, <b>Esteban Paul\u00f3n<\/b>, <b>Oscar Zago<\/b>, <b>Claudio \u00c1lvarez<\/b> y <b>Marcela Marina Pagano<\/b>. Como cofirmantes figuran <b>Lourdes Arrieta<\/b>, <b>Itai Hagman<\/b>, <b>Sabrina Selva<\/b>, <b>Mar\u00eda In\u00e9s Zigar\u00e1n<\/b>, <b>Pablo Juliano<\/b> y <b>Jorge Fern\u00e1ndez<\/b>.<\/p>\n<p class=\"paragraph\" data-paragraph-number=\"25\">Entre los espacios pol\u00edticos que acompa\u00f1an la iniciativa se encuentran <b>Coalici\u00f3n C\u00edvica<\/b>, <b>Argentina Federal<\/b>, <b>Encuentro Federal<\/b>, <b>Uni\u00f3n por la Patria<\/b>, <b>Provincias Unidas<\/b>, <b>Elijo Catamarca<\/b>, <b>Independencia<\/b>, <b>Defendamos C\u00f3rdoba<\/b>, la <b>Uni\u00f3n C\u00edvica Radical (UCR)<\/b>, el <b>Movimiento de Integraci\u00f3n y Desarrollo (MID)<\/b> y <b>Coherencia<\/b>.<\/p>\n<div class=\"visual__image\"><picture><source srcset=\"https:\/\/www.infobae.com\/resizer\/v2\/GOVOOXX7NFGK3F2RGANJL7YKEA.png?auth=824cf0969f1925a18c91002a4f2dccad5e9c8dcbf6925083a02782575d853405&amp;smart=true&amp;width=992&amp;height=1777&amp;quality=85\" media=\"(min-width: 1000px)\"><\/source><source srcset=\"https:\/\/www.infobae.com\/resizer\/v2\/GOVOOXX7NFGK3F2RGANJL7YKEA.png?auth=824cf0969f1925a18c91002a4f2dccad5e9c8dcbf6925083a02782575d853405&amp;smart=true&amp;width=768&amp;height=1376&amp;quality=85\" media=\"(min-width: 768px)\"><\/source><source srcset=\"https:\/\/www.infobae.com\/resizer\/v2\/GOVOOXX7NFGK3F2RGANJL7YKEA.png?auth=824cf0969f1925a18c91002a4f2dccad5e9c8dcbf6925083a02782575d853405&amp;smart=true&amp;width=577&amp;height=1034&amp;quality=85\" media=\"(min-width: 580px)\"><\/source><source srcset=\"https:\/\/www.infobae.com\/resizer\/v2\/GOVOOXX7NFGK3F2RGANJL7YKEA.png?auth=824cf0969f1925a18c91002a4f2dccad5e9c8dcbf6925083a02782575d853405&amp;smart=true&amp;width=420&amp;height=753&amp;quality=85\" media=\"(min-width: 350px)\"><\/source><source srcset=\"https:\/\/www.infobae.com\/resizer\/v2\/GOVOOXX7NFGK3F2RGANJL7YKEA.png?auth=824cf0969f1925a18c91002a4f2dccad5e9c8dcbf6925083a02782575d853405&amp;smart=true&amp;width=350&amp;height=627&amp;quality=85\" media=\"(min-width: 80px)\"><\/source><img alt=\"Infograf\u00eda con gr\u00e1ficos e \u00edconos que detallan porcentajes de falta de servicios de agua, luz, gas y cloacas en viviendas.\" class=\"global-image\" decoding=\"async\" fetchpriority=\"low\" height=\"2752\" loading=\"lazy\" src=\"https:\/\/www.infobae.com\/resizer\/v2\/GOVOOXX7NFGK3F2RGANJL7YKEA.png?auth=824cf0969f1925a18c91002a4f2dccad5e9c8dcbf6925083a02782575d853405&amp;smart=true&amp;width=350&amp;height=627&amp;quality=85\" width=\"1536\"><\/picture><\/div>\n<h2 class=\"text-align-left vertical-align-top line-height-100 header headline-class-h2 headline\" id=\"falta-de-servicios-basicos\">Falta de servicios b\u00e1sicos<\/h2>\n<p class=\"paragraph\" data-paragraph-number=\"26\">A menos de 15 d\u00edas de que el <b>Gobierno nacional<\/b> presente el <b>Presupuesto 2027<\/b>, los datos del <b>ReNaBap<\/b> dimensionan el problema que busca resolver el proyecto de ley. Seg\u00fan el organismo, el 91,57% de los barrios populares no tiene acceso formal al agua corriente, el 66,18% carece de acceso formal a la energ\u00eda el\u00e9ctrica, el 97,42% no cuenta con conexi\u00f3n formal a la red cloacal, el 98,56% no tiene acceso formal a la red de gas y el 98,89% no dispone de un sistema de calefacci\u00f3n formal. El 100% de los barrios relevados est\u00e1 amparado por la <b>Ley 27.453<\/b>, que otorga seguridad en la tenencia de la tierra, de acuerdo con el mismo registro.<\/p>\n","protected":false},"excerpt":{"rendered":"<p>05 Sep, 2026 01:42 a. m. EST Guardar M\u00e1s de cinco millones de personas viven en los 6.467 barrios populares relevados en la Argentina. Sobre esa base, la Iglesia, la fundaci\u00f3n TECHO y organizaciones sociales agrupadas en la Uni\u00f3n Trabajadores de la Econom\u00eda Popular (UTEP) presentaron un proyecto de ley acompa\u00f1ado por 11 bloques legislativos [&hellip;]<\/p>\n","protected":false},"author":1,"featured_media":25143,"comment_status":"open","ping_status":"open","sticky":false,"template":"","format":"standard","meta":{"footnotes":""},"categories":[1],"tags":[],"class_list":["post-25142","post","type-post","status-publish","format-standard","has-post-thumbnail","hentry","category-uncategorized"],"_links":{"self":[{"href":"https:\/\/cliente1.publisher.highstack.com.ar\/index.php?rest_route=\/wp\/v2\/posts\/25142","targetHints":{"allow":["GET"]}}],"collection":[{"href":"https:\/\/cliente1.publisher.highstack.com.ar\/index.php?rest_route=\/wp\/v2\/posts"}],"about":[{"href":"https:\/\/cliente1.publisher.highstack.com.ar\/index.php?rest_route=\/wp\/v2\/types\/post"}],"author":[{"embeddable":true,"href":"https:\/\/cliente1.publisher.highstack.com.ar\/index.php?rest_route=\/wp\/v2\/users\/1"}],"replies":[{"embeddable":true,"href":"https:\/\/cliente1.publisher.highstack.com.ar\/index.php?rest_route=%2Fwp%2Fv2%2Fcomments&post=25142"}],"version-history":[{"count":0,"href":"https:\/\/cliente1.publisher.highstack.com.ar\/index.php?rest_route=\/wp\/v2\/posts\/25142\/revisions"}],"wp:featuredmedia":[{"embeddable":true,"href":"https:\/\/cliente1.publisher.highstack.com.ar\/index.php?rest_route=\/wp\/v2\/media\/25143"}],"wp:attachment":[{"href":"https:\/\/cliente1.publisher.highstack.com.ar\/index.php?rest_route=%2Fwp%2Fv2%2Fmedia&parent=25142"}],"wp:term":[{"taxonomy":"category","embeddable":true,"href":"https:\/\/cliente1.publisher.highstack.com.ar\/index.php?rest_route=%2Fwp%2Fv2%2Fcategories&post=25142"},{"taxonomy":"post_tag","embeddable":true,"href":"https:\/\/cliente1.publisher.highstack.com.ar\/index.php?rest_route=%2Fwp%2Fv2%2Ftags&post=25142"}],"curies":[{"name":"wp","href":"https:\/\/api.w.org\/{rel}","templated":true}]}}