{"id":25138,"date":"2026-09-05T02:38:36","date_gmt":"2026-09-05T05:38:36","guid":{"rendered":"https:\/\/cliente1.publisher.highstack.com.ar\/?p=25138"},"modified":"2026-09-05T02:38:36","modified_gmt":"2026-09-05T05:38:36","slug":"la-victoria-de-cavalieri-en-comercio-abrio-una-tanda-de-elecciones-en-sindicatos-clave-fuerte-disputa-en-la-uta-y-posible-unidad-en-metrodelegados","status":"publish","type":"post","link":"https:\/\/cliente1.publisher.highstack.com.ar\/?p=25138","title":{"rendered":"La victoria de Cavalieri en Comercio abri\u00f3 una tanda de elecciones en sindicatos clave: fuerte disputa en la UTA y posible unidad en Metrodelegados"},"content":{"rendered":"<div class=\"visual__image image-initial-width\"><picture><source srcset=\"https:\/\/www.infobae.com\/resizer\/v2\/FLK5S2232ZCTLBICF5LYTZRFN4.jpg?auth=ba1104717e10b6e1e07420769f578f36806c4540b4ad8306927f516f99ddc325&amp;smart=true&amp;width=992&amp;height=558&amp;quality=85\" media=\"(min-width: 1000px)\"><\/source><source srcset=\"https:\/\/www.infobae.com\/resizer\/v2\/FLK5S2232ZCTLBICF5LYTZRFN4.jpg?auth=ba1104717e10b6e1e07420769f578f36806c4540b4ad8306927f516f99ddc325&amp;smart=true&amp;width=768&amp;height=432&amp;quality=85\" media=\"(min-width: 768px)\"><\/source><source srcset=\"https:\/\/www.infobae.com\/resizer\/v2\/FLK5S2232ZCTLBICF5LYTZRFN4.jpg?auth=ba1104717e10b6e1e07420769f578f36806c4540b4ad8306927f516f99ddc325&amp;smart=true&amp;width=577&amp;height=325&amp;quality=85\" media=\"(min-width: 580px)\"><\/source><source srcset=\"https:\/\/www.infobae.com\/resizer\/v2\/FLK5S2232ZCTLBICF5LYTZRFN4.jpg?auth=ba1104717e10b6e1e07420769f578f36806c4540b4ad8306927f516f99ddc325&amp;smart=true&amp;width=420&amp;height=236&amp;quality=85\" media=\"(min-width: 350px)\"><\/source><source srcset=\"https:\/\/www.infobae.com\/resizer\/v2\/FLK5S2232ZCTLBICF5LYTZRFN4.jpg?auth=ba1104717e10b6e1e07420769f578f36806c4540b4ad8306927f516f99ddc325&amp;smart=true&amp;width=350&amp;height=197&amp;quality=85\" media=\"(min-width: 80px)\"><\/source><img alt=\"Armando Cavalieri, Roberto Fern\u00e1ndez (UTA), N\u00e9stor Segovia, Jos\u00e9 Luis Lingeri y Abel Furl\u00e1n\" class=\"global-image\" decoding=\"async\" fetchpriority=\"high\" height=\"1080\" loading=\"eager\" src=\"https:\/\/www.infobae.com\/resizer\/v2\/FLK5S2232ZCTLBICF5LYTZRFN4.jpg?auth=ba1104717e10b6e1e07420769f578f36806c4540b4ad8306927f516f99ddc325&amp;smart=true&amp;width=350&amp;height=197&amp;quality=85\" width=\"1920\"><\/picture><\/div>\n<div class=\"sharebar-container display_flex sharebar-new\" style=\"opacity:1\">\n<div class=\"share-bar-article-date-container \"><span class=\"sharebar-article-date\">05 Sep, 2026 01:24 a. m. EST<\/span><\/div>\n<div class=\"sharebar-buttons-container display_flex\">\n<div aria-label=\"Guardar\" class=\"sharebar-buttons button-save\" role=\"button\" tabindex=\"0\"><svg width=\"9\" height=\"12\" viewbox=\"0 0 8 10\" fill=\"none\" xmlns=\"http:\/\/www.w3.org\/2000\/svg\" class=\"saved-icon saved\"><path d=\"M6.64286 0.5V9.31687L4.1116 7.16407L4.11106 7.16361C3.79894 6.89891 3.34392 6.89891 3.03179 7.16361L3.03126 7.16407L0.5 9.31687V0.5H6.64286Z\"><\/path><\/svg><span class=\"buttons-save-text\">Guardar<\/span><\/div>\n<div class=\"sharebar-buttons-separator\"><\/div>\n<p><button class=\"sharemenu-buttons display_flex\" aria-label=\"Compartir en Telegram\"><svg width=\"38\" height=\"38\" viewbox=\"0 0 38 38\" fill=\"none\" xmlns=\"http:\/\/www.w3.org\/2000\/svg\"><rect x=\"0.5\" y=\"0.5\" width=\"37\" height=\"37\" rx=\"18.5\" fill=\"white\"><\/rect><rect x=\"0.5\" y=\"0.5\" width=\"37\" height=\"37\" rx=\"18.5\" stroke=\"#C2C2C2\"><\/rect><path d=\"M24.9696 12.5511L10.3405 18.0494C10.0623 18.151 9.92701 18.4484 10.0398 18.7168C10.0999 18.8619 10.2277 18.9779 10.3856 19.0214L14.1068 20.0805L15.4975 24.3312C15.6028 24.6576 15.9636 24.839 16.2944 24.7374C16.3921 24.7084 16.4823 24.6504 16.5575 24.5778L18.482 22.6846L22.2558 25.354C22.6091 25.6006 23.0977 25.5281 23.3533 25.1872C23.421 25.1001 23.4661 24.9986 23.4887 24.897L25.9845 13.3707C26.0672 12.979 25.8116 12.5946 25.4056 12.5148C25.2628 12.4858 25.1124 12.5003 24.9771 12.5511M23.1429 15.1116L16.347 20.9147C16.2793 20.9727 16.2342 21.0525 16.2267 21.1395L15.9636 23.381C15.9636 23.4172 15.926 23.4462 15.8884 23.439C15.8583 23.439 15.8358 23.4172 15.8283 23.3955L14.7533 20.0442C14.7007 19.8919 14.7683 19.7251 14.9111 19.638L22.9399 14.836C23.0226 14.7852 23.1353 14.8142 23.1804 14.894C23.2255 14.9666 23.2105 15.0536 23.1504 15.1116\" fill=\"#555555\"><\/path><\/svg><\/button><button class=\"sharemenu-buttons display_flex\" aria-label=\"Compartir en Linkedin\"><svg width=\"38\" height=\"38\" viewbox=\"0 0 38 38\" fill=\"none\" xmlns=\"http:\/\/www.w3.org\/2000\/svg\"><rect x=\"0.5\" y=\"0.5\" width=\"37\" height=\"37\" rx=\"18.5\" fill=\"white\"><\/rect><rect x=\"0.5\" y=\"0.5\" width=\"37\" height=\"37\" rx=\"18.5\" stroke=\"#C2C2C2\"><\/rect><path d=\"M16.5556 27V16.2231H19.963V17.6949C20.0185 17.6368 20.0648 17.5787 20.1111 17.5206C20.8611 16.349 22.2037 15.739 23.537 15.981C25.3889 16.1359 26.8426 17.7046 26.9259 19.6411C26.9722 20.0478 27 20.4641 27 20.8708C27 22.817 27 24.7633 27 26.7095V26.9806H23.5741V26.6805C23.5741 24.8892 23.5741 23.0882 23.5741 21.2969C23.5741 20.8805 23.5278 20.4545 23.4259 20.0478C23.1945 19.1279 22.2963 18.5663 21.4074 18.8084C21.2037 18.8665 21 18.9633 20.8333 19.0989C20.3333 19.4281 20.0185 19.9897 19.9907 20.6094C19.9722 21.1419 19.9722 21.6842 19.9722 22.2167V26.9903H16.5648L16.5556 27ZM11.2222 27V16.2037H11.7407C12.6204 16.2037 13.5 16.2037 14.3796 16.2037C14.5833 16.2037 14.6482 16.2328 14.6482 16.4748V26.9903H11.2222V27ZM11.0093 12.8825C11.0093 11.8465 11.8055 11.0041 12.787 11.0041C12.8426 11.0041 12.8982 11.0041 12.9537 11.0041C13.9445 10.9363 14.7963 11.7206 14.8611 12.7567C14.8611 12.7954 14.8611 12.8438 14.8611 12.8825C14.8426 13.9283 14.0278 14.761 13.0278 14.7416C12.9907 14.7416 12.9537 14.7416 12.9259 14.7416H12.9074C11.9259 14.8191 11.0741 14.0445 11 13.0181C11 12.9697 11 12.931 11 12.8825H11.0093Z\" fill=\"#555555\"><\/path><\/svg><\/button><button class=\"sharemenu-buttons display_flex\" aria-label=\"Compartir en Twitter\"><svg width=\"38\" height=\"38\" viewbox=\"0 0 38 38\" fill=\"none\" xmlns=\"http:\/\/www.w3.org\/2000\/svg\"><rect x=\"0.5\" y=\"0.5\" width=\"37\" height=\"37\" rx=\"18.5\" fill=\"white\"><\/rect><rect x=\"0.5\" y=\"0.5\" width=\"37\" height=\"37\" rx=\"18.5\" stroke=\"#C2C2C2\"><\/rect><path d=\"M11.0391 11L17.2165 19.8249L11 27H12.399L17.8415 20.7182L22.2389 27H27L20.475 17.6786L26.2613 11H24.8623L19.85 16.7855L15.8001 11H11.0391ZM13.0965 12.101H15.2838L24.9423 25.8987H22.7551L13.0965 12.101Z\" fill=\"#555555\"><\/path><\/svg><\/button><button class=\"sharemenu-buttons display_flex\" aria-label=\"Compartir en Facebook\"><svg width=\"38\" height=\"38\" viewbox=\"0 0 38 38\" fill=\"none\" xmlns=\"http:\/\/www.w3.org\/2000\/svg\"><rect x=\"0.5\" y=\"0.5\" width=\"37\" height=\"37\" rx=\"18.5\" fill=\"white\"><\/rect><rect x=\"0.5\" y=\"0.5\" width=\"37\" height=\"37\" rx=\"18.5\" stroke=\"#C2C2C2\"><\/rect><path d=\"M17.3544 26.9921V18.9235H15V16.3346H17.3544V16.0805C17.3544 15.3816 17.3291 14.6748 17.3882 13.976C17.3882 12.8642 18.0633 11.8556 19.1266 11.3712C19.5232 11.1965 19.9452 11.0853 20.3755 11.0376C21.2532 10.9741 22.1308 10.99 23 11.0932V13.4201H22.7722C22.2743 13.4201 21.7848 13.4201 21.2869 13.436C20.73 13.4042 20.2489 13.8013 20.2152 14.3254C20.2152 14.373 20.2152 14.4128 20.2152 14.4604C20.1983 15.0481 20.2152 15.6357 20.2152 16.2234C20.2152 16.2552 20.2152 16.2949 20.2321 16.3267H22.9409C22.8228 17.2082 22.7046 18.0579 22.5865 18.9315H20.2236V27H17.3629L17.3544 26.9921Z\" fill=\"#555555\"><\/path><\/svg><\/button><button class=\"sharemenu-buttons display_flex\" aria-label=\"Compartir en Whatsapp\"><svg width=\"38\" height=\"38\" viewbox=\"0 0 38 38\" fill=\"none\" xmlns=\"http:\/\/www.w3.org\/2000\/svg\"><rect x=\"0.5\" y=\"0.5\" width=\"37\" height=\"37\" rx=\"18.5\" fill=\"white\"><\/rect><rect x=\"0.5\" y=\"0.5\" width=\"37\" height=\"37\" rx=\"18.5\" stroke=\"#C2C2C2\"><\/rect><path d=\"M21.2863 19.9439C21.0997 19.8551 20.9664 19.9262 20.8419 20.0861C20.6731 20.3261 20.4687 20.5483 20.2909 20.7794C20.1665 20.9393 20.0243 20.9749 19.8376 20.8949C18.6645 20.4239 17.7757 19.6506 17.1269 18.5841C17.0292 18.4242 17.038 18.2997 17.1536 18.1575C17.3225 17.9531 17.4824 17.7576 17.6157 17.5354C17.678 17.4287 17.7135 17.2599 17.678 17.1532C17.4735 16.6111 17.2425 16.0867 17.0114 15.5535C16.9669 15.4557 16.8781 15.3313 16.7892 15.3224C16.4248 15.2602 16.0426 15.1891 15.7316 15.4912C15.1094 16.0778 14.8784 16.7977 15.0383 17.6243C15.1805 18.3619 15.5983 18.9663 16.0426 19.5618C16.887 20.6638 17.8646 21.6237 19.1622 22.1925C19.7932 22.4769 20.4331 22.7613 21.1441 22.7613C21.2685 22.7613 21.393 22.7613 21.5085 22.7346C22.4506 22.5391 23.1172 22.0058 23.0816 21.0193C23.0816 20.9216 23.0194 20.7794 22.9483 20.7438C22.3973 20.4594 21.8462 20.2017 21.2863 19.9439Z\" fill=\"#555555\"><\/path><path d=\"M26.9482 17.8724C26.3972 13.4642 22.1401 10.3447 17.7229 11.1179C12.6481 11.9977 9.71521 17.2859 11.6883 21.9963C12.1948 22.6629 12.0615 23.3472 11.8216 24.0849C11.5105 25.027 11.2794 26.0046 11.0039 27C11.1194 26.9733 11.1994 26.9644 11.2794 26.9378C12.5059 26.6178 13.7324 26.3068 14.9411 25.9868C15.1544 25.9335 15.3144 25.9602 15.5099 26.0579C17.1719 26.8667 18.9227 27.0978 20.718 26.7067C24.833 25.7913 27.4548 22.0496 26.9305 17.8902L26.9482 17.8724ZM20.0515 25.4624C18.4784 25.7113 17.003 25.3913 15.6166 24.6003C15.5099 24.5381 15.3411 24.5115 15.2077 24.547C14.4612 24.7248 13.7146 24.9292 12.9147 25.1336C13.1192 24.3693 13.3058 23.6672 13.5102 22.9473C13.5635 22.7606 13.5369 22.6273 13.4391 22.4673C11.0039 18.5479 13.1014 13.5442 17.6163 12.5043C21.2868 11.6511 25.0285 14.1841 25.5884 17.908C26.1395 21.5519 23.6954 24.8936 20.0515 25.4624Z\" fill=\"#555555\"><\/path><\/svg><\/button><\/div>\n<\/div>\n<p class=\"paragraph\" data-paragraph-number=\"1\">Luego de la reelecci\u00f3n de <b>Armando Cavalieri <\/b>en el Sindicato de Comercio de Capital, otros l\u00edderes de gremios importantes como <b>Roberto Fern\u00e1ndez, N\u00e9stor Segovia, Jos\u00e9 Luis Lingeri <\/b>y<b> Abel Furl\u00e1n<\/b> pondr\u00e1n en juego su liderazgo en la <b>segunda tanda de elecciones sindicales <\/b>que se extender\u00e1 hasta diciembre pr\u00f3ximo. Aunque se mantiene la tendencia a la <b>continuidad <\/b>de los m\u00e1ximos dirigentes, hay un caso en el que habr\u00e1 una <b>fuerte disputa interna<\/b> y otro donde se perfilan <b>acercamientos entre el oficialismo y la izquierda.<\/b><\/p>\n<div class=\"marfeel-recommender marfeel-recommender-1\"><\/div>\n<p class=\"paragraph\" data-paragraph-number=\"2\">Este jueves, <a rel=\"noopener noreferrer\" href=\"https:\/\/www.infobae.com\/politica\/2026\/07\/15\/cavalieri-ira-por-otra-reeleccion-en-comercio-mientras-negocia-un-aumento-y-logro-frenar-la-reforma-laboral\/\" target=\"_blank\" title=\"https:\/\/www.infobae.com\/politica\/2026\/07\/15\/cavalieri-ira-por-otra-reeleccion-en-comercio-mientras-negocia-un-aumento-y-logro-frenar-la-reforma-laboral\/\">como anticip\u00f3 <b>Infobae, <\/b><\/a><b>Cavalieri <\/b>logr\u00f3 su <b>und\u00e9cima reelecci\u00f3n <\/b>al frente del gremio mercantil porte\u00f1o, en unos comicios en los que la lista que encabez\u00f3, secundado nuevamente por <b>Carlos P\u00e9rez,<\/b>ser\u00e1 fue la <b>\u00fanica <\/b>que se present\u00f3 luego de que la Justicia <b>dej\u00f3 sin efecto <\/b>la <b>oficializaci\u00f3n <\/b>de la n\u00f3mina opositora.<\/p>\n<div class=\"inline ad-wrapper dfpAd ad-inline ad-text ad-component-container\" style=\"--ad-shell-height:250px;--ad-shell-width:300px\" data-ad-wrapper=\"arcad\" data-ad-type=\"inline\" data-ad-slot=\"infobae\/politica\/nota\/inline\" data-ad-container=\"dfp\" data-ad-slot-name=\"infobae\/politica\/nota\/inline\">\n<p class=\"ad-shell-label\">PUBLICIDAD<\/p>\n<div id=\"infobae\/politica\/nota\/inline\" class=\"infobae\/politica\/nota\/inline arcad ad-slot-node ad-slot-node--boxed\" data-ad-slot-id=\"infobae\/politica\/nota\/inline\"><\/div>\n<\/div>\n<p class=\"paragraph\" data-paragraph-number=\"3\">M\u00e1s de <b>16.200<\/b> <b>afiliados <\/b>participaron de la votaci\u00f3n, seg\u00fan inform\u00f3 el sindicato, que permitir\u00e1 que Cavalieri, que asumi\u00f3 como secretario general de Comercio Capital en 1985, <b>permanezca otros cuatro a\u00f1os, hasta 2030. <\/b><\/p>\n<div class=\"marfeel-recommender marfeel-recommender-3\"><\/div>\n<div class=\"visual__image\"><picture><source srcset=\"https:\/\/www.infobae.com\/resizer\/v2\/L7ZLFG7RF5F4NEG5N45QGM6RXE.jpg?auth=2855c9c02b2027fffd1737315d745f6be47437b6bc32d4ea3922320b0e09b874&amp;smart=true&amp;width=992&amp;height=661&amp;quality=85\" media=\"(min-width: 1000px)\"><\/source><source srcset=\"https:\/\/www.infobae.com\/resizer\/v2\/L7ZLFG7RF5F4NEG5N45QGM6RXE.jpg?auth=2855c9c02b2027fffd1737315d745f6be47437b6bc32d4ea3922320b0e09b874&amp;smart=true&amp;width=768&amp;height=512&amp;quality=85\" media=\"(min-width: 768px)\"><\/source><source srcset=\"https:\/\/www.infobae.com\/resizer\/v2\/L7ZLFG7RF5F4NEG5N45QGM6RXE.jpg?auth=2855c9c02b2027fffd1737315d745f6be47437b6bc32d4ea3922320b0e09b874&amp;smart=true&amp;width=577&amp;height=384&amp;quality=85\" media=\"(min-width: 580px)\"><\/source><source srcset=\"https:\/\/www.infobae.com\/resizer\/v2\/L7ZLFG7RF5F4NEG5N45QGM6RXE.jpg?auth=2855c9c02b2027fffd1737315d745f6be47437b6bc32d4ea3922320b0e09b874&amp;smart=true&amp;width=420&amp;height=280&amp;quality=85\" media=\"(min-width: 350px)\"><\/source><source srcset=\"https:\/\/www.infobae.com\/resizer\/v2\/L7ZLFG7RF5F4NEG5N45QGM6RXE.jpg?auth=2855c9c02b2027fffd1737315d745f6be47437b6bc32d4ea3922320b0e09b874&amp;smart=true&amp;width=350&amp;height=233&amp;quality=85\" media=\"(min-width: 80px)\"><\/source><img alt=\"Armando Cavalieri y Carlos P\u00e9rez, del Sindicato de Comercio\" class=\"global-image\" decoding=\"async\" fetchpriority=\"low\" height=\"1066\" loading=\"lazy\" src=\"https:\/\/www.infobae.com\/resizer\/v2\/L7ZLFG7RF5F4NEG5N45QGM6RXE.jpg?auth=2855c9c02b2027fffd1737315d745f6be47437b6bc32d4ea3922320b0e09b874&amp;smart=true&amp;width=350&amp;height=233&amp;quality=85\" width=\"1600\"><\/picture><\/div>\n<p class=\"paragraph\" data-paragraph-number=\"4\">El l\u00edder sindical <b>no tuvo competencia interna<\/b> tras una decisi\u00f3n de la Sala VIII de la C\u00e1mara Nacional de Apelaciones del Trabajo, que revoc\u00f3 la oficializaci\u00f3n de la opositora <b>Lista Celeste-Verde,<\/b> encabezada por <b>Sabrina Paredes, <\/b>a partir de peritajes caligr\u00e1ficos que detectaron irregularidades en <b>1.238<\/b> <b>firmas,<\/b> lo que le impidi\u00f3 cumplir los requisitos reglamentarios de la convocatoria.<\/p>\n<div class=\"inline_2 ad-wrapper dfpAd ad-inline ad-text ad-component-container\" style=\"--ad-shell-height:250px;--ad-shell-width:300px\" data-ad-wrapper=\"arcad\" data-ad-type=\"inline_2\" data-ad-slot=\"infobae\/politica\/nota\/inline_2\" data-ad-container=\"dfp\" data-ad-slot-name=\"infobae\/politica\/nota\/inline_2\">\n<p class=\"ad-shell-label\">PUBLICIDAD<\/p>\n<div id=\"infobae\/politica\/nota\/inline_2\" class=\"infobae\/politica\/nota\/inline_2 arcad ad-slot-node ad-slot-node--boxed\" data-ad-slot-id=\"infobae\/politica\/nota\/inline_2\"><\/div>\n<\/div>\n<p class=\"paragraph\" data-paragraph-number=\"5\">Tras el triunfo, Cavalieri sostuvo: \u201cLa gran participaci\u00f3n de nuestros afiliados es una <b>clara demostraci\u00f3n de la consolidaci\u00f3n y unidad<\/b> del Sindicato de Comercio. En una coyuntura donde las pol\u00edticas del gobierno nacional plantean grandes desaf\u00edos para el mundo laboral, <b>la fortaleza de nuestra organizaci\u00f3n<\/b> es la <b>herramienta principal <\/b>para defender con firmeza la dignidad, el salario y las conquistas de cada trabajador mercantil\u201d.<\/p>\n<div class=\"marfeel-recommender marfeel-recommender-5\"><\/div>\n<p class=\"paragraph\" data-paragraph-number=\"6\">El reelegido dirigente agreg\u00f3: \u201cFrente al escenario nacional actual, un gremio unido y consolidado es indispensable para <b>actuar con representatividad y peso estrat\u00e9gico. <\/b>Iniciamos este nuevo per\u00edodo reafirmando el compromiso inquebrantable de <b>estar al frente de las discusiones nacionales, <\/b>al lado de la familia mercantil y en constante protecci\u00f3n de sus derechos\u201d.<\/p>\n<div class=\"ad_1 ad-wrapper dfpAd ad-1-al-6 ad-text ad-component-container\" style=\"--ad-shell-height:250px;--ad-shell-width:300px\" data-ad-wrapper=\"arcad\" data-ad-type=\"ad_1\" data-ad-slot=\"infobae\/politica\/nota\/ad_1\" data-ad-container=\"dfp\" data-ad-slot-name=\"infobae\/politica\/nota\/ad_1\">\n<p class=\"ad-shell-label\">PUBLICIDAD<\/p>\n<div id=\"infobae\/politica\/nota\/ad_1\" class=\"infobae\/politica\/nota\/ad_1 arcad ad-slot-node ad-slot-node--boxed\" data-ad-slot-id=\"infobae\/politica\/nota\/ad_1\"><\/div>\n<\/div>\n<div class=\"visual__image\"><picture><source srcset=\"https:\/\/www.infobae.com\/resizer\/v2\/CVMB64ECI5HJBI5EBOKJUCOQGY.jpg?auth=4c32482508ae249c914a18dae16faa06640933415b0d575e2c855cc3d657794c&amp;smart=true&amp;width=992&amp;height=681&amp;quality=85\" media=\"(min-width: 1000px)\"><\/source><source srcset=\"https:\/\/www.infobae.com\/resizer\/v2\/CVMB64ECI5HJBI5EBOKJUCOQGY.jpg?auth=4c32482508ae249c914a18dae16faa06640933415b0d575e2c855cc3d657794c&amp;smart=true&amp;width=768&amp;height=527&amp;quality=85\" media=\"(min-width: 768px)\"><\/source><source srcset=\"https:\/\/www.infobae.com\/resizer\/v2\/CVMB64ECI5HJBI5EBOKJUCOQGY.jpg?auth=4c32482508ae249c914a18dae16faa06640933415b0d575e2c855cc3d657794c&amp;smart=true&amp;width=577&amp;height=396&amp;quality=85\" media=\"(min-width: 580px)\"><\/source><source srcset=\"https:\/\/www.infobae.com\/resizer\/v2\/CVMB64ECI5HJBI5EBOKJUCOQGY.jpg?auth=4c32482508ae249c914a18dae16faa06640933415b0d575e2c855cc3d657794c&amp;smart=true&amp;width=420&amp;height=288&amp;quality=85\" media=\"(min-width: 350px)\"><\/source><source srcset=\"https:\/\/www.infobae.com\/resizer\/v2\/CVMB64ECI5HJBI5EBOKJUCOQGY.jpg?auth=4c32482508ae249c914a18dae16faa06640933415b0d575e2c855cc3d657794c&amp;smart=true&amp;width=350&amp;height=240&amp;quality=85\" media=\"(min-width: 80px)\"><\/source><img alt=\"Sonia Alesso y Roberto Baradel, l\u00edderes de CTERA\" class=\"global-image\" decoding=\"async\" fetchpriority=\"low\" height=\"513\" loading=\"lazy\" src=\"https:\/\/www.infobae.com\/resizer\/v2\/CVMB64ECI5HJBI5EBOKJUCOQGY.jpg?auth=4c32482508ae249c914a18dae16faa06640933415b0d575e2c855cc3d657794c&amp;smart=true&amp;width=350&amp;height=240&amp;quality=85\" width=\"747\"><\/picture><\/div>\n<p class=\"paragraph\" data-paragraph-number=\"7\">Aunque Paredes hubiera podido competir contra Cavalieri, se consideraba que ten\u00eda<b> pocas chances <\/b>de ganar los comicios contra la tradicional Lista Azul de Cavalieri. Esta vez no se presentaba un <b>opositor fuerte<\/b> como <b>Ram\u00f3n Muerza,<\/b> quien, pese a haber sido apadrinado por Hugo Moyano, fue <b>derrotado <\/b>en las elecciones en 2022: obtuvo <b>6482 votos contra 14.547 de Cavalieri, <\/b>que se impuso con el <b>70%<\/b> de los sufragios en una elecci\u00f3n con una <b>participaci\u00f3n r\u00e9cord<\/b> del 45,5% del total de afiliados.<\/p>\n<p class=\"paragraph\" data-paragraph-number=\"8\">El oficialismo de Cavalieri profundiz\u00f3 su inserci\u00f3n en las bases y los cuerpos de delegados y le sac\u00f3 aliados a su ex adversario: sum\u00f3 en su lista a <b>Pablo Buffone,<\/b> delegado de Coto, donde Muerza ten\u00eda un importante fuerza propia, como <b>nuevo secretario Gremial<\/b> del sindicato.<\/p>\n<div class=\"ad_2 ad-wrapper dfpAd ad-1-al-6 ad-text ad-component-container\" style=\"--ad-shell-height:250px;--ad-shell-width:300px\" data-ad-wrapper=\"arcad\" data-ad-type=\"ad_2\" data-ad-slot=\"infobae\/politica\/nota\/ad_2\" data-ad-container=\"dfp\" data-ad-slot-name=\"infobae\/politica\/nota\/ad_2\">\n<p class=\"ad-shell-label\">PUBLICIDAD<\/p>\n<div id=\"infobae\/politica\/nota\/ad_2\" class=\"infobae\/politica\/nota\/ad_2 arcad ad-slot-node ad-slot-node--boxed\" data-ad-slot-id=\"infobae\/politica\/nota\/ad_2\"><\/div>\n<\/div>\n<p class=\"paragraph\" data-paragraph-number=\"9\">Un d\u00eda antes de la votaci\u00f3n en Comercio, <b>Sonia Alesso <\/b>y <b>Roberto Baradel <\/b>fueron <b>reelegidos <\/b>como secretaria general y secretario adjunto de la <b>Confederaci\u00f3n de Trabajadores de la Educaci\u00f3n de la Rep\u00fablica Argentina (CTERA) <\/b>en los comicios que se hicieron este mi\u00e9rcoles, donde se impusieron con el 76% de los votos.<\/p>\n<div class=\"visual__image\"><picture><source srcset=\"https:\/\/www.infobae.com\/resizer\/v2\/42XADVCE6BCTVK6GJRAWFEF5YY.jpg?auth=60ca74bed3e85916bf4fd89639cd0e3b031ebb221e34a51231ebecc6f2981e2c&amp;smart=true&amp;width=992&amp;height=558&amp;quality=85\" media=\"(min-width: 1000px)\"><\/source><source srcset=\"https:\/\/www.infobae.com\/resizer\/v2\/42XADVCE6BCTVK6GJRAWFEF5YY.jpg?auth=60ca74bed3e85916bf4fd89639cd0e3b031ebb221e34a51231ebecc6f2981e2c&amp;smart=true&amp;width=768&amp;height=432&amp;quality=85\" media=\"(min-width: 768px)\"><\/source><source srcset=\"https:\/\/www.infobae.com\/resizer\/v2\/42XADVCE6BCTVK6GJRAWFEF5YY.jpg?auth=60ca74bed3e85916bf4fd89639cd0e3b031ebb221e34a51231ebecc6f2981e2c&amp;smart=true&amp;width=577&amp;height=325&amp;quality=85\" media=\"(min-width: 580px)\"><\/source><source srcset=\"https:\/\/www.infobae.com\/resizer\/v2\/42XADVCE6BCTVK6GJRAWFEF5YY.jpg?auth=60ca74bed3e85916bf4fd89639cd0e3b031ebb221e34a51231ebecc6f2981e2c&amp;smart=true&amp;width=420&amp;height=236&amp;quality=85\" media=\"(min-width: 350px)\"><\/source><source srcset=\"https:\/\/www.infobae.com\/resizer\/v2\/42XADVCE6BCTVK6GJRAWFEF5YY.jpg?auth=60ca74bed3e85916bf4fd89639cd0e3b031ebb221e34a51231ebecc6f2981e2c&amp;smart=true&amp;width=350&amp;height=197&amp;quality=85\" media=\"(min-width: 80px)\"><\/source><img alt=\"Roberto Fern\u00e1ndez, de la UTA\" class=\"global-image\" decoding=\"async\" fetchpriority=\"low\" height=\"1080\" loading=\"lazy\" src=\"https:\/\/www.infobae.com\/resizer\/v2\/42XADVCE6BCTVK6GJRAWFEF5YY.jpg?auth=60ca74bed3e85916bf4fd89639cd0e3b031ebb221e34a51231ebecc6f2981e2c&amp;smart=true&amp;width=350&amp;height=197&amp;quality=85\" width=\"1920\"><\/picture><\/div>\n<p class=\"paragraph\" data-paragraph-number=\"10\">Otra elecci\u00f3n clave, pero con probabilidades de recambio, se dar\u00e1 el <b>7 y 8 de octubre<\/b> en la <b>Uni\u00f3n Tranviarios Automotor (UTA),<\/b> donde <b>Roberto Fern\u00e1ndez<\/b> buscar\u00e1 ser reelegido y, en lo que constituye un dato in\u00e9dito, <b>competir\u00e1 contra 3 listas:<\/b> la Marr\u00f3n, que encabeza <b>Alberto Pati\u00f1o,<\/b> actual secretario de Organizaci\u00f3n del gremio; la Negra, que postula a <b>Maximiliano Escriba, <\/b>apadrinado por Miguel Angel Bustinduy, ex opositor a Fern\u00e1ndez, y la Bord\u00f3, que encabeza <b>Claudio G\u00f3mez,<\/b> auspiciada por el trotskista Rub\u00e9n \u201cPollo\u201d Sobrero.<\/p>\n<div class=\"ad_3 ad-wrapper dfpAd ad-1-al-6 ad-text ad-component-container\" style=\"--ad-shell-height:250px;--ad-shell-width:300px\" data-ad-wrapper=\"arcad\" data-ad-type=\"ad_3\" data-ad-slot=\"infobae\/politica\/nota\/ad_3\" data-ad-container=\"dfp\" data-ad-slot-name=\"infobae\/politica\/nota\/ad_3\">\n<p class=\"ad-shell-label\">PUBLICIDAD<\/p>\n<div id=\"infobae\/politica\/nota\/ad_3\" class=\"infobae\/politica\/nota\/ad_3 arcad ad-slot-node ad-slot-node--boxed\" data-ad-slot-id=\"infobae\/politica\/nota\/ad_3\"><\/div>\n<\/div>\n<p class=\"paragraph\" data-paragraph-number=\"11\">La UTA tiene el estatuto m\u00e1s restrictivo del sindicalismo argentino ya que s\u00f3lo puede presentarse como candidato a secretario general quien logre <b>presentar listas en todas las seccionales del gremio del pa\u00eds <\/b>(algo casi imposible y que es una de las claves de la supervivencia de Fern\u00e1ndez desde 2008), pero esta vez un fallo judicial <b>derog\u00f3 <\/b>esa limitaci\u00f3n y permiti\u00f3 que haya n\u00f3minas opositoras aunque s\u00f3lo se presentar\u00e1n en pocas seccionales. Por eso crece la expectativa de que Pati\u00f1o, a quien le adjudican un creciente predicamento en las bases de choferes de colectivos, pueda desplazar al l\u00edder de la UTA. <\/p>\n<p class=\"paragraph\" data-paragraph-number=\"12\">Para colmo, Fern\u00e1ndez tendr\u00e1 varias <b>p\u00e9rdidas <\/b>de dirigentes afines: adem\u00e1s de la ruptura de Pati\u00f1o, <b>Mario Calegari,<\/b> hist\u00f3rico secretario de Prensa del gremio y decisivo en la estructura del oficialismo, decidi\u00f3 <b>retirarse <\/b>del sindicalismo luego de 45 a\u00f1os de actividad.<\/p>\n<div class=\"ad_4 ad-wrapper dfpAd ad-1-al-6 ad-text ad-component-container\" style=\"--ad-shell-height:250px;--ad-shell-width:300px\" data-ad-wrapper=\"arcad\" data-ad-type=\"ad_4\" data-ad-slot=\"infobae\/politica\/nota\/ad_4\" data-ad-container=\"dfp\" data-ad-slot-name=\"infobae\/politica\/nota\/ad_4\">\n<p class=\"ad-shell-label\">PUBLICIDAD<\/p>\n<div id=\"infobae\/politica\/nota\/ad_4\" class=\"infobae\/politica\/nota\/ad_4 arcad ad-slot-node ad-slot-node--boxed\" data-ad-slot-id=\"infobae\/politica\/nota\/ad_4\"><\/div>\n<\/div>\n<div class=\"visual__image\"><picture><source srcset=\"https:\/\/www.infobae.com\/resizer\/v2\/64YTSBTZBNBC5AB6YAV32EP2JM.jpg?auth=fab97563112aa87865d387d15add5f8d9e6a1c8bae1f062b97982c7f98466848&amp;smart=true&amp;width=992&amp;height=558&amp;quality=85\" media=\"(min-width: 1000px)\"><\/source><source srcset=\"https:\/\/www.infobae.com\/resizer\/v2\/64YTSBTZBNBC5AB6YAV32EP2JM.jpg?auth=fab97563112aa87865d387d15add5f8d9e6a1c8bae1f062b97982c7f98466848&amp;smart=true&amp;width=768&amp;height=432&amp;quality=85\" media=\"(min-width: 768px)\"><\/source><source srcset=\"https:\/\/www.infobae.com\/resizer\/v2\/64YTSBTZBNBC5AB6YAV32EP2JM.jpg?auth=fab97563112aa87865d387d15add5f8d9e6a1c8bae1f062b97982c7f98466848&amp;smart=true&amp;width=577&amp;height=325&amp;quality=85\" media=\"(min-width: 580px)\"><\/source><source srcset=\"https:\/\/www.infobae.com\/resizer\/v2\/64YTSBTZBNBC5AB6YAV32EP2JM.jpg?auth=fab97563112aa87865d387d15add5f8d9e6a1c8bae1f062b97982c7f98466848&amp;smart=true&amp;width=420&amp;height=236&amp;quality=85\" media=\"(min-width: 350px)\"><\/source><source srcset=\"https:\/\/www.infobae.com\/resizer\/v2\/64YTSBTZBNBC5AB6YAV32EP2JM.jpg?auth=fab97563112aa87865d387d15add5f8d9e6a1c8bae1f062b97982c7f98466848&amp;smart=true&amp;width=350&amp;height=197&amp;quality=85\" media=\"(min-width: 80px)\"><\/source><img alt=\"Alberto Pati\u00f1o, de la UTA\" class=\"global-image\" decoding=\"async\" fetchpriority=\"low\" height=\"1080\" loading=\"lazy\" src=\"https:\/\/www.infobae.com\/resizer\/v2\/64YTSBTZBNBC5AB6YAV32EP2JM.jpg?auth=fab97563112aa87865d387d15add5f8d9e6a1c8bae1f062b97982c7f98466848&amp;smart=true&amp;width=350&amp;height=197&amp;quality=85\" width=\"1920\"><\/picture><\/div>\n<p class=\"paragraph\" data-paragraph-number=\"13\">Una elecci\u00f3n tambi\u00e9n decisiva se dar\u00e1 el <b>26 de noviembre <\/b>en la <b>Asociaci\u00f3n Gremial de Trabajadores del Subte y Premetro (AGTSyP)<\/b>, conocida como <b>Metrodelegados,<\/b> que ser\u00e1 la primera en realizarse tras el fallecimiento de <b>Roberto \u201cBeto\u201d Pianelli,<\/b> el l\u00edder del gremio que fue creado a partir de una ruptura de trabajadores del subte con la UTA y que desde 2011 conduc\u00eda en sociedad con <b>N\u00e9stor Segovia<\/b> como secretario adjunto.<\/p>\n<p class=\"paragraph\" data-paragraph-number=\"14\">No era un secreto que Pianelli y Segovia ten\u00edan <b>diferencias pol\u00edticas,<\/b> pero nunca afectaron de manera significativa su gesti\u00f3n sindical. Pero la ausencia del primero dej\u00f3 a sus dirigentes m\u00e1s fieles en un estado de <b>debate interno <\/b>sobre si presentarse en las elecciones con <b>un candidato propio o seguir aliados con Segovia.<\/b><\/p>\n<div class=\"ad_5 ad-wrapper dfpAd ad-1-al-6 ad-text ad-component-container\" style=\"--ad-shell-height:250px;--ad-shell-width:300px\" data-ad-wrapper=\"arcad\" data-ad-type=\"ad_5\" data-ad-slot=\"infobae\/politica\/nota\/ad_5\" data-ad-container=\"dfp\" data-ad-slot-name=\"infobae\/politica\/nota\/ad_5\">\n<p class=\"ad-shell-label\">PUBLICIDAD<\/p>\n<div id=\"infobae\/politica\/nota\/ad_5\" class=\"infobae\/politica\/nota\/ad_5 arcad ad-slot-node ad-slot-node--boxed\" data-ad-slot-id=\"infobae\/politica\/nota\/ad_5\"><\/div>\n<\/div>\n<p class=\"paragraph\" data-paragraph-number=\"15\">Si finalmente se divide el oficialismo de los Metrodelegados ser\u00eda un escenario <b>beneficioso para la izquierda, <\/b>que en las elecciones de<b> 2022,<\/b> en una lista que unific\u00f3 al Partido de los Trabajadores Socialistas (PTS) y al Partido Obrero (PO), <b>lleg\u00f3 al 40,9% de los votos contra el 59,1% de la dupla Pianelli-Segovia. <\/b>Se trata de un sector fuerte en las bases de los subtes, con dirigentes como <b>Claudio Dellecarbonara, <\/b>del PTS y fuerte inserci\u00f3n en la L\u00ednea B, o <b>David Carballo,<\/b> de la Agrupaci\u00f3n Trabajadores de Metrov\u00edas (ATM), alineada con el PO.<\/p>\n<div class=\"visual__image\"><picture><source srcset=\"https:\/\/www.infobae.com\/resizer\/v2\/RHXFNRV4PNC63OLR7LUOCUUAQQ.jpg?auth=8935667ff2372bd049855e8e46b75f1bd91dd739a8f756c11a2d54af10949189&amp;smart=true&amp;width=992&amp;height=557&amp;quality=85\" media=\"(min-width: 1000px)\"><\/source><source srcset=\"https:\/\/www.infobae.com\/resizer\/v2\/RHXFNRV4PNC63OLR7LUOCUUAQQ.jpg?auth=8935667ff2372bd049855e8e46b75f1bd91dd739a8f756c11a2d54af10949189&amp;smart=true&amp;width=768&amp;height=432&amp;quality=85\" media=\"(min-width: 768px)\"><\/source><source srcset=\"https:\/\/www.infobae.com\/resizer\/v2\/RHXFNRV4PNC63OLR7LUOCUUAQQ.jpg?auth=8935667ff2372bd049855e8e46b75f1bd91dd739a8f756c11a2d54af10949189&amp;smart=true&amp;width=577&amp;height=324&amp;quality=85\" media=\"(min-width: 580px)\"><\/source><source srcset=\"https:\/\/www.infobae.com\/resizer\/v2\/RHXFNRV4PNC63OLR7LUOCUUAQQ.jpg?auth=8935667ff2372bd049855e8e46b75f1bd91dd739a8f756c11a2d54af10949189&amp;smart=true&amp;width=420&amp;height=236&amp;quality=85\" media=\"(min-width: 350px)\"><\/source><source srcset=\"https:\/\/www.infobae.com\/resizer\/v2\/RHXFNRV4PNC63OLR7LUOCUUAQQ.jpg?auth=8935667ff2372bd049855e8e46b75f1bd91dd739a8f756c11a2d54af10949189&amp;smart=true&amp;width=350&amp;height=197&amp;quality=85\" media=\"(min-width: 80px)\"><\/source><img alt=\"Beto Pianelli y N\u00e9stor Segovia, la dupla que lider\u00f3 los Metrodelegados desde 2011\" class=\"global-image\" decoding=\"async\" fetchpriority=\"low\" height=\"1079\" loading=\"lazy\" src=\"https:\/\/www.infobae.com\/resizer\/v2\/RHXFNRV4PNC63OLR7LUOCUUAQQ.jpg?auth=8935667ff2372bd049855e8e46b75f1bd91dd739a8f756c11a2d54af10949189&amp;smart=true&amp;width=350&amp;height=197&amp;quality=85\" width=\"1920\"><\/picture><\/div>\n<p class=\"paragraph\" data-paragraph-number=\"16\">Una fuente del pianellismo, sin embargo, afirm\u00f3 a <b>Infobae: <\/b>\u201cReci\u00e9n se conoci\u00f3 el cronograma electoral y a\u00fan no mantuvimos todas las conversaciones entre los distintos espacios. Pero frente a la ofensiva del Gobierno, la reforma laboral y la persecuci\u00f3n judicial que pretende criminalizar a las organizaciones gremiales, la respuesta debe ser <b>construir la mayor unidad posible\u201d.<\/b><\/p>\n<div class=\"ad_6 ad-wrapper dfpAd ad-1-al-6 ad-text ad-component-container\" style=\"--ad-shell-height:250px;--ad-shell-width:300px\" data-ad-wrapper=\"arcad\" data-ad-type=\"ad_6\" data-ad-slot=\"infobae\/politica\/nota\/ad_6\" data-ad-container=\"dfp\" data-ad-slot-name=\"infobae\/politica\/nota\/ad_6\">\n<p class=\"ad-shell-label\">PUBLICIDAD<\/p>\n<div id=\"infobae\/politica\/nota\/ad_6\" class=\"infobae\/politica\/nota\/ad_6 arcad ad-slot-node ad-slot-node--boxed\" data-ad-slot-id=\"infobae\/politica\/nota\/ad_6\"><\/div>\n<\/div>\n<p class=\"paragraph\" data-paragraph-number=\"17\">Desde el sector de <b>Segovia <\/b>tambi\u00e9n advirtieron que ser\u00eda \u201cun <b>error <\/b>que se rompa un sector que est\u00e1 desde hace tanto tiempo y con tantos resultados al frente del gremio\u201d, mientras en estos d\u00edas hubo dirigentes de izquierda que plantearon al oficialismo la posibilidad de compartir una <b>lista de unidad<\/b> en los comicios. <\/p>\n<p class=\"paragraph\" data-paragraph-number=\"18\">Algunos referentes del trotskismo en los subtes creen que hay una <b>situaci\u00f3n pol\u00edtica \u201cmuy complicada\u201d, <\/b>con \u201dpersecuci\u00f3n contra las organizaciones sindicales, sobre todo las combativas\u201d, por parte del gobierno de Javier Milei que <b>pone \u201cen riesgo el sindicato\u201d.<\/b><\/p>\n<div class=\"visual__image\"><picture><source srcset=\"https:\/\/www.infobae.com\/resizer\/v2\/XRFTSRMJQRE5TP7WV4N3Y6UV2E.jpg?auth=21f8a9462c06bcf8838347d32f7b8f8f644692decbfe645bd9278b051d2f5b98&amp;smart=true&amp;width=992&amp;height=557&amp;quality=85\" media=\"(min-width: 1000px)\"><\/source><source srcset=\"https:\/\/www.infobae.com\/resizer\/v2\/XRFTSRMJQRE5TP7WV4N3Y6UV2E.jpg?auth=21f8a9462c06bcf8838347d32f7b8f8f644692decbfe645bd9278b051d2f5b98&amp;smart=true&amp;width=768&amp;height=432&amp;quality=85\" media=\"(min-width: 768px)\"><\/source><source srcset=\"https:\/\/www.infobae.com\/resizer\/v2\/XRFTSRMJQRE5TP7WV4N3Y6UV2E.jpg?auth=21f8a9462c06bcf8838347d32f7b8f8f644692decbfe645bd9278b051d2f5b98&amp;smart=true&amp;width=577&amp;height=324&amp;quality=85\" media=\"(min-width: 580px)\"><\/source><source srcset=\"https:\/\/www.infobae.com\/resizer\/v2\/XRFTSRMJQRE5TP7WV4N3Y6UV2E.jpg?auth=21f8a9462c06bcf8838347d32f7b8f8f644692decbfe645bd9278b051d2f5b98&amp;smart=true&amp;width=420&amp;height=236&amp;quality=85\" media=\"(min-width: 350px)\"><\/source><source srcset=\"https:\/\/www.infobae.com\/resizer\/v2\/XRFTSRMJQRE5TP7WV4N3Y6UV2E.jpg?auth=21f8a9462c06bcf8838347d32f7b8f8f644692decbfe645bd9278b051d2f5b98&amp;smart=true&amp;width=350&amp;height=197&amp;quality=85\" media=\"(min-width: 80px)\"><\/source><img alt=\"Claudio Dellecarbonara, referente del PTS en los Metrodelegados(Foto: NA)\n\" class=\"global-image\" decoding=\"async\" fetchpriority=\"low\" height=\"1079\" loading=\"lazy\" src=\"https:\/\/www.infobae.com\/resizer\/v2\/XRFTSRMJQRE5TP7WV4N3Y6UV2E.jpg?auth=21f8a9462c06bcf8838347d32f7b8f8f644692decbfe645bd9278b051d2f5b98&amp;smart=true&amp;width=350&amp;height=197&amp;quality=85\" width=\"1920\"><\/picture><\/div>\n<p class=\"paragraph\" data-paragraph-number=\"19\">Por eso un sector de izquierda de los Metrodelegados, vinculado con el PTS, propone <b>acordar un programa con el oficialismo <\/b>como <b>condici\u00f3n para ir juntos <\/b>a las elecciones del 26 de noviembre en el que se <b>replantee <\/b>\u201cc\u00f3mo viene funcionando el sindicato y c\u00f3mo se toman las decisiones\u201d, adem\u00e1s de incluir <b>la derogaci\u00f3n de la reelecci\u00f3n indefinida de sus l\u00edderes. <\/b><\/p>\n<p class=\"paragraph\" data-paragraph-number=\"20\">Todas las charlas al respecto est\u00e1n en <b>estado embrionario, <\/b>pero se estima que <b>no ser\u00e1 f\u00e1cil<\/b> llegar a un acuerdo integral: de por s\u00ed,<b> <\/b>el PO advirti\u00f3 que <b>no apoyar\u00e1 una n\u00f3mina con Segovia y el pianellismo.<\/b><\/p>\n<p class=\"paragraph\" data-paragraph-number=\"21\">Mientras, antes de fines de a\u00f1o tambi\u00e9n habr\u00e1 elecciones en otros dos importantes sindicatos.<b> <\/b>En diciembre se votar\u00e1 en el <b>Sindicato Gran Buenos Aires de Trabajadores de Obras Sanitarias (SGBATOS),<\/b> donde <b>Jos\u00e9 Luis Lingeri,<\/b> referente del sector dialoguista de la CGT, conseguir\u00e1 una nueva reelecci\u00f3n al frente de una <b>\u00fanica lista <\/b>en medio de los avances del gobierno de Javier Milei para privatizar la empresa estatal AYSA.<\/p>\n<div class=\"visual__image\"><picture><source srcset=\"https:\/\/www.infobae.com\/resizer\/v2\/LMQS5PR4FJG65FWLQQRH5JY4FQ.jpg?auth=cee65931227972168ce3fb9b2270b588f5e26b9100af3c474f908a8b088ae4d9&amp;smart=true&amp;width=992&amp;height=558&amp;quality=85\" media=\"(min-width: 1000px)\"><\/source><source srcset=\"https:\/\/www.infobae.com\/resizer\/v2\/LMQS5PR4FJG65FWLQQRH5JY4FQ.jpg?auth=cee65931227972168ce3fb9b2270b588f5e26b9100af3c474f908a8b088ae4d9&amp;smart=true&amp;width=768&amp;height=432&amp;quality=85\" media=\"(min-width: 768px)\"><\/source><source srcset=\"https:\/\/www.infobae.com\/resizer\/v2\/LMQS5PR4FJG65FWLQQRH5JY4FQ.jpg?auth=cee65931227972168ce3fb9b2270b588f5e26b9100af3c474f908a8b088ae4d9&amp;smart=true&amp;width=577&amp;height=325&amp;quality=85\" media=\"(min-width: 580px)\"><\/source><source srcset=\"https:\/\/www.infobae.com\/resizer\/v2\/LMQS5PR4FJG65FWLQQRH5JY4FQ.jpg?auth=cee65931227972168ce3fb9b2270b588f5e26b9100af3c474f908a8b088ae4d9&amp;smart=true&amp;width=420&amp;height=236&amp;quality=85\" media=\"(min-width: 350px)\"><\/source><source srcset=\"https:\/\/www.infobae.com\/resizer\/v2\/LMQS5PR4FJG65FWLQQRH5JY4FQ.jpg?auth=cee65931227972168ce3fb9b2270b588f5e26b9100af3c474f908a8b088ae4d9&amp;smart=true&amp;width=350&amp;height=197&amp;quality=85\" media=\"(min-width: 80px)\"><\/source><img alt=\"Jos\u00e9 Luis Lingeri\" class=\"global-image\" decoding=\"async\" fetchpriority=\"low\" height=\"1080\" loading=\"lazy\" src=\"https:\/\/www.infobae.com\/resizer\/v2\/LMQS5PR4FJG65FWLQQRH5JY4FQ.jpg?auth=cee65931227972168ce3fb9b2270b588f5e26b9100af3c474f908a8b088ae4d9&amp;smart=true&amp;width=350&amp;height=197&amp;quality=85\" width=\"1920\"><\/picture><\/div>\n<p class=\"paragraph\" data-paragraph-number=\"22\">Adem\u00e1s, en estos d\u00edas deber\u00e1n ponerle fecha a los comicios en la <b>Seccional Z\u00e1rate-Campana de la Uni\u00f3n Obrera Metal\u00fargica (UOM), <\/b>intervenida por la Justicia luego de comprobarse irregularidades en la votaci\u00f3n que se hizo en marzo y en la que se proclam\u00f3 ganador a <b>Abel Furl\u00e1n.<\/b> Ahora, en un proceso controlado por la ONG Transparencia Electoral, el desplazado l\u00edder metal\u00fargico volver\u00e1 a enfrentarse al opositor <b>Angel Derosso. <\/b><\/p>\n<p class=\"paragraph\" data-paragraph-number=\"23\">Una elecci\u00f3n que tambi\u00e9n definir\u00e1 al jefe de la <b>UOM a nivel nacional <\/b>y que se dar\u00e1 en coincidencia con la <b>investigaci\u00f3n judicial <\/b>del pol\u00e9mico acuerdo del sindicato con la empresa USEM, donde figura como una de sus due\u00f1as la militante camporista <b>Mar\u00eda Soledad Calle,<\/b> quien compr\u00f3 el departamento de abajo del de Cristina Kirchner.<\/p>\n","protected":false},"excerpt":{"rendered":"<p>05 Sep, 2026 01:24 a. m. EST Guardar Luego de la reelecci\u00f3n de Armando Cavalieri en el Sindicato de Comercio de Capital, otros l\u00edderes de gremios importantes como Roberto Fern\u00e1ndez, N\u00e9stor Segovia, Jos\u00e9 Luis Lingeri y Abel Furl\u00e1n pondr\u00e1n en juego su liderazgo en la segunda tanda de elecciones sindicales que se extender\u00e1 hasta diciembre [&hellip;]<\/p>\n","protected":false},"author":1,"featured_media":25139,"comment_status":"open","ping_status":"open","sticky":false,"template":"","format":"standard","meta":{"footnotes":""},"categories":[1],"tags":[],"class_list":["post-25138","post","type-post","status-publish","format-standard","has-post-thumbnail","hentry","category-uncategorized"],"_links":{"self":[{"href":"https:\/\/cliente1.publisher.highstack.com.ar\/index.php?rest_route=\/wp\/v2\/posts\/25138","targetHints":{"allow":["GET"]}}],"collection":[{"href":"https:\/\/cliente1.publisher.highstack.com.ar\/index.php?rest_route=\/wp\/v2\/posts"}],"about":[{"href":"https:\/\/cliente1.publisher.highstack.com.ar\/index.php?rest_route=\/wp\/v2\/types\/post"}],"author":[{"embeddable":true,"href":"https:\/\/cliente1.publisher.highstack.com.ar\/index.php?rest_route=\/wp\/v2\/users\/1"}],"replies":[{"embeddable":true,"href":"https:\/\/cliente1.publisher.highstack.com.ar\/index.php?rest_route=%2Fwp%2Fv2%2Fcomments&post=25138"}],"version-history":[{"count":0,"href":"https:\/\/cliente1.publisher.highstack.com.ar\/index.php?rest_route=\/wp\/v2\/posts\/25138\/revisions"}],"wp:featuredmedia":[{"embeddable":true,"href":"https:\/\/cliente1.publisher.highstack.com.ar\/index.php?rest_route=\/wp\/v2\/media\/25139"}],"wp:attachment":[{"href":"https:\/\/cliente1.publisher.highstack.com.ar\/index.php?rest_route=%2Fwp%2Fv2%2Fmedia&parent=25138"}],"wp:term":[{"taxonomy":"category","embeddable":true,"href":"https:\/\/cliente1.publisher.highstack.com.ar\/index.php?rest_route=%2Fwp%2Fv2%2Fcategories&post=25138"},{"taxonomy":"post_tag","embeddable":true,"href":"https:\/\/cliente1.publisher.highstack.com.ar\/index.php?rest_route=%2Fwp%2Fv2%2Ftags&post=25138"}],"curies":[{"name":"wp","href":"https:\/\/api.w.org\/{rel}","templated":true}]}}