{"id":25136,"date":"2026-09-05T01:47:20","date_gmt":"2026-09-05T04:47:20","guid":{"rendered":"https:\/\/cliente1.publisher.highstack.com.ar\/?p=25136"},"modified":"2026-09-05T01:47:20","modified_gmt":"2026-09-05T04:47:20","slug":"en-agosto-volvio-a-profundizarse-el-ajuste-a-las-provincias","status":"publish","type":"post","link":"https:\/\/cliente1.publisher.highstack.com.ar\/?p=25136","title":{"rendered":"En agosto volvi\u00f3 a profundizarse el ajuste a las provincias"},"content":{"rendered":"<div class=\"article__content standard\" id=\"article-content\">\n<p>Los env\u00edos discrecionales de fondos nacionales a las provincias sumaron $68.288 millones en agosto, el peor registro para ese mes desde 2005, con una ca\u00edda de 66,4% en t\u00e9rminos reales. El dato surge de un informe de la consultora<em><strong> Politik\u00f3n Chaco<\/strong><\/em>, que remarc\u00f3 que se trata del<strong> \u201cpeor agosto desde, por lo menos, el a\u00f1o 2005\u201d<\/strong>, en un contexto de recorte sostenido que ya lleva varios meses.<\/p>\n<p>La contracci\u00f3n golpe\u00f3 de lleno a partidas destinadas <strong>a programas educativos, obras de infraestructura y previsi\u00f3n social. <\/strong>Seg\u00fan el desglose, los env\u00edos por Universalizaci\u00f3n de la Jornada Extendida ($30.455 millones) explicaron el 45% del total pagado, mientras que las Transferencias a Cajas Previsionales Provinciales ($15.000 millones) concentraron otro 22%. Entre ambos rubros sumaron el 67% de lo girado en el mes. En agosto, adem\u00e1s, no hubo reparto de<strong> Aportes del Tesoro Nacional (ATN)<\/strong>, la principal herramienta discrecional del Ejecutivo para asistir a las provincias.<\/p>\n<p>El reparto territorial mostr\u00f3 una fuerte concentraci\u00f3n:<strong> Buenos Aires<\/strong> se llev\u00f3 el 23,7% del total ($16.190 millones, aunque con una ca\u00edda interanual real del 72,5%), seguida por<strong> Entre R\u00edos <\/strong>(12,9%) y Santa Fe (10,4%). En el otro extremo, <strong>Tierra del Fuego, R\u00edo Negro, Formosa y Santa Cruz <\/strong>recibieron participaciones inferiores al 0,3%, con esta \u00faltima pr\u00e1cticamente sin fondos: apenas $24 millones y una baja interanual del 99,7%. <\/p>\n<p>El dato de agosto no es un hecho aislado, sino la continuidad de una tendencia que viene marcando la relaci\u00f3n entre la Casa Rosada y los gobernadores desde el inicio de la gesti\u00f3n. En junio, las transferencias no autom\u00e1ticas ya hab\u00edan ca\u00eddo 87,7% interanual real, tocando el piso m\u00e1s bajo para ese mes desde 2005, seg\u00fan el mismo relevamiento de Politik\u00f3n Chaco. En julio, la baja fue del 68,6%, tambi\u00e9n un r\u00e9cord negativo para el mes. Ese estudio ubic\u00f3 a julio de 2026 como el peor registro para ese mes en las \u00faltimas dos d\u00e9cadas. <\/p>\n<p>Los ATN, que a diferencia de la coparticipaci\u00f3n no se distribuyen por una f\u00f3rmula autom\u00e1tica sino por decisi\u00f3n discrecional del Poder Ejecutivo, estuvieron directamente congelados durante varios tramos del a\u00f1o: no hubo giros en mayo ni en junio, y volvieron a interrumpirse en agosto. El Gobierno defiende esta pol\u00edtica como parte de su estrategia de sostenimiento del super\u00e1vit fiscal, mientras que los gobernadores \u2013incluso varios alineados con la Casa Rosada\u2013 vienen reclamando desde hace meses una distribuci\u00f3n m\u00e1s autom\u00e1tica y menos sujeta a la negociaci\u00f3n pol\u00edtica, al punto de impulsar proyectos en el Congreso para modificar el mecanismo de reparto. <\/p>\n<p>La disputa por estos fondos volvi\u00f3 a instalarse como uno de los ejes de tensi\u00f3n entre Naci\u00f3n y las provincias en el marco de la discusi\u00f3n presupuestaria, en momentos en que el oficialismo busca sostener apoyos legislativos clave. <\/p>\n<p>Este esquema de ajuste llega en un momento sensible: con el Presupuesto 2026 todav\u00eda en discusi\u00f3n, el oficialismo necesita votos provinciales para destrabar reformas clave en el Congreso. La discrecionalidad de los ATN, lejos de licuarse, sigue siendo la principal moneda de negociaci\u00f3n de la Casa Rosada con los gobernadores, que reclaman previsibilidad antes que gestos puntuales de fin de a\u00f1o.  Un debate que promete extenderse en las pr\u00f3ximas semanas y que tendr\u00e1 epicentro el pr\u00f3ximo 16 de septiembre.<\/p>\n<\/p><\/div>\n<p><\/p>\n","protected":false},"excerpt":{"rendered":"<p>Los env\u00edos discrecionales de fondos nacionales a las provincias sumaron $68.288 millones en agosto, el peor registro para ese mes desde 2005, con una ca\u00edda de 66,4% en t\u00e9rminos reales. El dato surge de un informe de la consultora Politik\u00f3n Chaco, que remarc\u00f3 que se trata del \u201cpeor agosto desde, por lo menos, el a\u00f1o [&hellip;]<\/p>\n","protected":false},"author":1,"featured_media":25137,"comment_status":"open","ping_status":"open","sticky":false,"template":"","format":"standard","meta":{"footnotes":""},"categories":[1],"tags":[4],"class_list":["post-25136","post","type-post","status-publish","format-standard","has-post-thumbnail","hentry","category-uncategorized","tag-entre-rios"],"_links":{"self":[{"href":"https:\/\/cliente1.publisher.highstack.com.ar\/index.php?rest_route=\/wp\/v2\/posts\/25136","targetHints":{"allow":["GET"]}}],"collection":[{"href":"https:\/\/cliente1.publisher.highstack.com.ar\/index.php?rest_route=\/wp\/v2\/posts"}],"about":[{"href":"https:\/\/cliente1.publisher.highstack.com.ar\/index.php?rest_route=\/wp\/v2\/types\/post"}],"author":[{"embeddable":true,"href":"https:\/\/cliente1.publisher.highstack.com.ar\/index.php?rest_route=\/wp\/v2\/users\/1"}],"replies":[{"embeddable":true,"href":"https:\/\/cliente1.publisher.highstack.com.ar\/index.php?rest_route=%2Fwp%2Fv2%2Fcomments&post=25136"}],"version-history":[{"count":0,"href":"https:\/\/cliente1.publisher.highstack.com.ar\/index.php?rest_route=\/wp\/v2\/posts\/25136\/revisions"}],"wp:featuredmedia":[{"embeddable":true,"href":"https:\/\/cliente1.publisher.highstack.com.ar\/index.php?rest_route=\/wp\/v2\/media\/25137"}],"wp:attachment":[{"href":"https:\/\/cliente1.publisher.highstack.com.ar\/index.php?rest_route=%2Fwp%2Fv2%2Fmedia&parent=25136"}],"wp:term":[{"taxonomy":"category","embeddable":true,"href":"https:\/\/cliente1.publisher.highstack.com.ar\/index.php?rest_route=%2Fwp%2Fv2%2Fcategories&post=25136"},{"taxonomy":"post_tag","embeddable":true,"href":"https:\/\/cliente1.publisher.highstack.com.ar\/index.php?rest_route=%2Fwp%2Fv2%2Ftags&post=25136"}],"curies":[{"name":"wp","href":"https:\/\/api.w.org\/{rel}","templated":true}]}}