{"id":25128,"date":"2026-09-04T23:34:24","date_gmt":"2026-09-05T02:34:24","guid":{"rendered":"https:\/\/cliente1.publisher.highstack.com.ar\/?p=25128"},"modified":"2026-09-04T23:34:24","modified_gmt":"2026-09-05T02:34:24","slug":"la-justicia-de-entre-rios-ordeno-que-el-exgobernador-sergio-urribarri-sea-detenido-esta-noche-y-trasladado-a-la-carcel","status":"publish","type":"post","link":"https:\/\/cliente1.publisher.highstack.com.ar\/?p=25128","title":{"rendered":"La Justicia de Entre R\u00edos orden\u00f3 que el exgobernador Sergio Urribarri sea detenido esta noche y trasladado a la c\u00e1rcel"},"content":{"rendered":"<div>\n<div class=\"visual__image image-initial-width\"><picture><source srcset=\"https:\/\/www.infobae.com\/resizer\/v2\/3SABH3RWSVHSXKJAF7AV3XVYBY.jpg?auth=22acf3e0752a0cdfd04a731a04cab2be4bab180ff80dbc2da678c7670efae5ed&amp;smart=true&amp;width=992&amp;height=558&amp;quality=85\" media=\"(min-width: 1000px)\"\/><source srcset=\"https:\/\/www.infobae.com\/resizer\/v2\/3SABH3RWSVHSXKJAF7AV3XVYBY.jpg?auth=22acf3e0752a0cdfd04a731a04cab2be4bab180ff80dbc2da678c7670efae5ed&amp;smart=true&amp;width=768&amp;height=432&amp;quality=85\" media=\"(min-width: 768px)\"\/><source srcset=\"https:\/\/www.infobae.com\/resizer\/v2\/3SABH3RWSVHSXKJAF7AV3XVYBY.jpg?auth=22acf3e0752a0cdfd04a731a04cab2be4bab180ff80dbc2da678c7670efae5ed&amp;smart=true&amp;width=577&amp;height=325&amp;quality=85\" media=\"(min-width: 580px)\"\/><source srcset=\"https:\/\/www.infobae.com\/resizer\/v2\/3SABH3RWSVHSXKJAF7AV3XVYBY.jpg?auth=22acf3e0752a0cdfd04a731a04cab2be4bab180ff80dbc2da678c7670efae5ed&amp;smart=true&amp;width=420&amp;height=236&amp;quality=85\" media=\"(min-width: 350px)\"\/><source srcset=\"https:\/\/www.infobae.com\/resizer\/v2\/3SABH3RWSVHSXKJAF7AV3XVYBY.jpg?auth=22acf3e0752a0cdfd04a731a04cab2be4bab180ff80dbc2da678c7670efae5ed&amp;smart=true&amp;width=350&amp;height=197&amp;quality=85\" media=\"(min-width: 80px)\"\/><\/picture><\/div>\n<div class=\"sharebar-container display_flex sharebar-new\" style=\"opacity:1\">\n<p><span class=\"sharebar-article-date\">04 Sep, 2026 10:09 p. m. EST<\/span><\/p>\n<\/div>\n<p class=\"paragraph\" data-paragraph-number=\"1\"><b>\u201cLos est\u00e1n yendo a buscar a todos ahora, viernes por la noche\u201d, confirm\u00f3 a Infobae <\/b>una fuente con acceso directo al expediente. Adem\u00e1s de <b>Urribarri<\/b>, la orden de detenci\u00f3n alcanza a su cu\u00f1ado, <b>Juan Pablo Aguilera, y a Pedro B\u00e1ez,<\/b> exministro de Comunicaci\u00f3n de su gobierno. Ambos recibieron una pena de seis a\u00f1os y medio de prisi\u00f3n en la misma causa.<\/p>\n<p class=\"paragraph\" data-paragraph-number=\"2\">El Tribunal de Juicio que los conden\u00f3 en su momento por delitos contra la administraci\u00f3n p\u00fablica tom\u00f3 la decisi\u00f3n de que los tres comiencen a cumplir la pena en la Unidad Penal de Paran\u00e1 (UP1).<\/p>\n<p class=\"paragraph\" data-paragraph-number=\"3\">Esto implica que la Polic\u00eda tendr\u00e1 que ir a buscar a Urribarri a su domicilio en Concordia y trasladarlo a la capital provincial. Entre ambas ciudades hay 280 km. El viaje, por el estado de la Ruta Nacional 18, demora casi 4 horas. Eso implica que<b> el exgobernador ingresar\u00e1 a la UP1 en la madrugada.<\/b><\/p>\n<div class=\"visual__image\"><picture><source srcset=\"https:\/\/www.infobae.com\/resizer\/v2\/JAAC5UWJO5BQZAGLUV4GPZJ37Y.jpg?auth=1faea1e06ce4bf8f729f3253702eab1c0743abad79f4c4878a537e2ea80dc2d7&amp;smart=true&amp;width=992&amp;height=558&amp;quality=85\" media=\"(min-width: 1000px)\"\/><source srcset=\"https:\/\/www.infobae.com\/resizer\/v2\/JAAC5UWJO5BQZAGLUV4GPZJ37Y.jpg?auth=1faea1e06ce4bf8f729f3253702eab1c0743abad79f4c4878a537e2ea80dc2d7&amp;smart=true&amp;width=768&amp;height=432&amp;quality=85\" media=\"(min-width: 768px)\"\/><source srcset=\"https:\/\/www.infobae.com\/resizer\/v2\/JAAC5UWJO5BQZAGLUV4GPZJ37Y.jpg?auth=1faea1e06ce4bf8f729f3253702eab1c0743abad79f4c4878a537e2ea80dc2d7&amp;smart=true&amp;width=577&amp;height=325&amp;quality=85\" media=\"(min-width: 580px)\"\/><source srcset=\"https:\/\/www.infobae.com\/resizer\/v2\/JAAC5UWJO5BQZAGLUV4GPZJ37Y.jpg?auth=1faea1e06ce4bf8f729f3253702eab1c0743abad79f4c4878a537e2ea80dc2d7&amp;smart=true&amp;width=420&amp;height=236&amp;quality=85\" media=\"(min-width: 350px)\"\/><source srcset=\"https:\/\/www.infobae.com\/resizer\/v2\/JAAC5UWJO5BQZAGLUV4GPZJ37Y.jpg?auth=1faea1e06ce4bf8f729f3253702eab1c0743abad79f4c4878a537e2ea80dc2d7&amp;smart=true&amp;width=350&amp;height=197&amp;quality=85\" media=\"(min-width: 80px)\"\/><img alt=\"Vista frontal de la entrada principal de la Unidad Penal N\u00b01 Dr. Juan J. O'Connor, con su arco blanco y grandes portones grises, y una persona a la izquierda\" class=\"global-image\" decoding=\"async\" fetchpriority=\"low\" height=\"608\" loading=\"lazy\" src=\"https:\/\/www.infobae.com\/resizer\/v2\/JAAC5UWJO5BQZAGLUV4GPZJ37Y.jpg?auth=1faea1e06ce4bf8f729f3253702eab1c0743abad79f4c4878a537e2ea80dc2d7&amp;smart=true&amp;width=350&amp;height=197&amp;quality=85\" width=\"1080\"\/><\/picture><\/div>\n<p class=\"paragraph\" data-paragraph-number=\"4\">Urribarri fue <b>condenado a 8 a\u00f1os de prisi\u00f3n por los delitos de negociaciones incompatibles con la funci\u00f3n p\u00fablica<\/b> y peculado en abril de 2022. La c\u00e1rcel de Paran\u00e1 era una de las tres opciones que se barajaban para su alojamiento una vez que la Corte Suprema rechaz\u00f3 el \u00faltimo recurso que le quedaba a fin de revertir la sentencia en su contra. La UP3 de Concordia y la colonia penal de Gualeguaych\u00fa eran las otras tres.<\/p>\n<p class=\"paragraph\" data-paragraph-number=\"5\">Con el fallo firme, la defensa de Urribarri intent\u00f3 una maniobra de \u00faltimo momento para evitar que el exgobernador fuera tras las rejas. Invoc\u00f3 razones de salud a fin de que se suspenda la ejecuci\u00f3n de la condena y se le otorgue la prisi\u00f3n domiciliaria.<\/p>\n<p class=\"paragraph\" data-paragraph-number=\"6\">El planteo, hecho por el abogado Leopoldo Cappa, requiri\u00f3 que se lo deje en su casa con control electr\u00f3nico. El argumento fue el \u201cestado de salud mental del condenado y en la necesidad de preservar su integridad psicof\u00edsica y seguridad personal\u201d. <\/p>\n<p class=\"paragraph\" data-paragraph-number=\"7\">Seg\u00fan la presentaci\u00f3n hecha por su defensa, <b>Urribarri \u201cse encuentra bajo tratamiento psiqui\u00e1trico desde el 18 de diciembre de 2025\u201d.<\/b> Adem\u00e1s, Cappa present\u00f3 una certificaci\u00f3n m\u00e9dica en la que consta que padece \u201cun cuadro de<b> trastorno de estr\u00e9s postraum\u00e1tico <\/b>con s\u00edntomas disociativos de despersonalizaci\u00f3n y expresi\u00f3n retardada\u201d.<\/p>\n<p class=\"paragraph\" data-paragraph-number=\"8\">\u201cDe ah\u00ed que su alojamiento en un establecimiento penitenciario com\u00fan resultar\u00eda incompatible con su cuadro de salud y podr\u00eda generar un agravamiento de su condici\u00f3n, con riesgo para su vida e integridad psicof\u00edsica\u201d, se\u00f1al\u00f3 el letrado en su presentaci\u00f3n ante el Tribunal de Juicio.<\/p>\n<div class=\"visual__image\"><picture><source srcset=\"https:\/\/www.infobae.com\/resizer\/v2\/42EX2V2B4FCDZDYTMPNDI5GQ3A.jpeg?auth=a92ed389f4c6975ebe6601c245c085bd5041cd07e08c779f7df5cb80152527a7&amp;smart=true&amp;width=992&amp;height=782&amp;quality=85\" media=\"(min-width: 1000px)\"\/><source srcset=\"https:\/\/www.infobae.com\/resizer\/v2\/42EX2V2B4FCDZDYTMPNDI5GQ3A.jpeg?auth=a92ed389f4c6975ebe6601c245c085bd5041cd07e08c779f7df5cb80152527a7&amp;smart=true&amp;width=768&amp;height=606&amp;quality=85\" media=\"(min-width: 768px)\"\/><source srcset=\"https:\/\/www.infobae.com\/resizer\/v2\/42EX2V2B4FCDZDYTMPNDI5GQ3A.jpeg?auth=a92ed389f4c6975ebe6601c245c085bd5041cd07e08c779f7df5cb80152527a7&amp;smart=true&amp;width=577&amp;height=455&amp;quality=85\" media=\"(min-width: 580px)\"\/><source srcset=\"https:\/\/www.infobae.com\/resizer\/v2\/42EX2V2B4FCDZDYTMPNDI5GQ3A.jpeg?auth=a92ed389f4c6975ebe6601c245c085bd5041cd07e08c779f7df5cb80152527a7&amp;smart=true&amp;width=420&amp;height=331&amp;quality=85\" media=\"(min-width: 350px)\"\/><source srcset=\"https:\/\/www.infobae.com\/resizer\/v2\/42EX2V2B4FCDZDYTMPNDI5GQ3A.jpeg?auth=a92ed389f4c6975ebe6601c245c085bd5041cd07e08c779f7df5cb80152527a7&amp;smart=true&amp;width=350&amp;height=276&amp;quality=85\" media=\"(min-width: 80px)\"\/><img alt=\"Sergio Urribarri diplom\u00e1tico Israel\" class=\"global-image\" decoding=\"async\" fetchpriority=\"low\" height=\"1514\" loading=\"lazy\" src=\"https:\/\/www.infobae.com\/resizer\/v2\/42EX2V2B4FCDZDYTMPNDI5GQ3A.jpeg?auth=a92ed389f4c6975ebe6601c245c085bd5041cd07e08c779f7df5cb80152527a7&amp;smart=true&amp;width=350&amp;height=276&amp;quality=85\" width=\"1920\"\/><\/picture><\/div>\n<p class=\"paragraph\" data-paragraph-number=\"9\">La Fiscal\u00eda se opuso. Los acusadores p\u00fablicos Patricia Yedro y Gonzalo Badano rebatieron el planteo con razones formales. El primero fue que la suspensi\u00f3n de la ejecuci\u00f3n de la condena es un instituto \u201cinexistente\u201d. El segundo, que con una sentencia firme no es el Tribunal de Juicio sino el Juzgado de Ejecuci\u00f3n de Penas quien debe definir el modo en que se cumple la detenci\u00f3n.<\/p>\n<p class=\"paragraph\" data-paragraph-number=\"10\">El Tribunal de Juicio resolvi\u00f3 que el <b>pedido de la defensa del exgobernador era \u201cimprocedente\u201d<\/b>. Y le dio la raz\u00f3n a la Fiscal\u00eda: quien debe decidir c\u00f3mo se cumple la sentencia es la Justicia de Ejecuci\u00f3n.<\/p>\n<p class=\"paragraph\" data-paragraph-number=\"11\">\u201cAl tratarse de una condena firme, la prisi\u00f3n domiciliaria deja de ser una medida cautelar y pasa a considerarse una modalidad de cumplimiento de la pena, siendo el Juez de Ejecuci\u00f3n, en el \u00e1mbito de su competencia, quien debe evaluar la petici\u00f3n\u201d, sostuvo el Tribunal, integrado por los jueces Carolina Castagno; Elvio Garz\u00f3n y Juli\u00e1n Vergara.<\/p>\n<p class=\"paragraph\" data-paragraph-number=\"12\">La defensa del exministro Baez tambi\u00e9n hizo un planteo similar que corri\u00f3 la misma suerte.<\/p>\n<p class=\"paragraph\" data-paragraph-number=\"13\">Los magistrados dispusieron a su vez que el \u00e1rea de Sanidad del Servicio Penitenciario realice un \u201cexhaustivo examen de los condenados\u201d al momento de su ingreso a la unidad carcelaria. El control es a los fines de que se adopten \u201ctodas las medidas sanitarias necesarias para su adecuado tratamiento intramuros\u201d. El Tribunal plante\u00f3 adem\u00e1s que deber\u00e1 garantizarse \u201cla continuidad de los tratamientos y provisi\u00f3n de la medicaci\u00f3n prescripta y su traslado a centros hospitalarios en caso de ser necesario\u201d.<\/p>\n<\/div>\n<p><script defer>try{!function(f,b,e,v,n,t,s) {if(f.fbq)return;n=f.fbq=function(){n.callMethod? n.callMethod.apply(n,arguments):n.queue.push(arguments)}; if(!f._fbq)f._fbq=n;n.push=n;n.loaded=!0;n.version='2.0'; n.queue=[];t=b.createElement(e);t.async=!0; t.src=v;s=b.getElementsByTagName(e)[0]; s.parentNode.insertBefore(t,s)}(window, document,'script', ' fbq('init', '336383993555320'); fbq('track', 'PageView'); fbq('track', 'ViewContent');}catch(error){console.log(\"Error al inicializar facebookPixelRawCodeScript:\",error);}<\/script><\/p>\n","protected":false},"excerpt":{"rendered":"<p>04 Sep, 2026 10:09 p. m. EST \u201cLos est\u00e1n yendo a buscar a todos ahora, viernes por la noche\u201d, confirm\u00f3 a Infobae una fuente con acceso directo al expediente. Adem\u00e1s de Urribarri, la orden de detenci\u00f3n alcanza a su cu\u00f1ado, Juan Pablo Aguilera, y a Pedro B\u00e1ez, exministro de Comunicaci\u00f3n de su gobierno. Ambos recibieron [&hellip;]<\/p>\n","protected":false},"author":1,"featured_media":25129,"comment_status":"open","ping_status":"open","sticky":false,"template":"","format":"standard","meta":{"footnotes":""},"categories":[1],"tags":[15,99],"class_list":["post-25128","post","type-post","status-publish","format-standard","has-post-thumbnail","hentry","category-uncategorized","tag-gualeguaychu","tag-sergio-urribarri"],"_links":{"self":[{"href":"https:\/\/cliente1.publisher.highstack.com.ar\/index.php?rest_route=\/wp\/v2\/posts\/25128","targetHints":{"allow":["GET"]}}],"collection":[{"href":"https:\/\/cliente1.publisher.highstack.com.ar\/index.php?rest_route=\/wp\/v2\/posts"}],"about":[{"href":"https:\/\/cliente1.publisher.highstack.com.ar\/index.php?rest_route=\/wp\/v2\/types\/post"}],"author":[{"embeddable":true,"href":"https:\/\/cliente1.publisher.highstack.com.ar\/index.php?rest_route=\/wp\/v2\/users\/1"}],"replies":[{"embeddable":true,"href":"https:\/\/cliente1.publisher.highstack.com.ar\/index.php?rest_route=%2Fwp%2Fv2%2Fcomments&post=25128"}],"version-history":[{"count":0,"href":"https:\/\/cliente1.publisher.highstack.com.ar\/index.php?rest_route=\/wp\/v2\/posts\/25128\/revisions"}],"wp:featuredmedia":[{"embeddable":true,"href":"https:\/\/cliente1.publisher.highstack.com.ar\/index.php?rest_route=\/wp\/v2\/media\/25129"}],"wp:attachment":[{"href":"https:\/\/cliente1.publisher.highstack.com.ar\/index.php?rest_route=%2Fwp%2Fv2%2Fmedia&parent=25128"}],"wp:term":[{"taxonomy":"category","embeddable":true,"href":"https:\/\/cliente1.publisher.highstack.com.ar\/index.php?rest_route=%2Fwp%2Fv2%2Fcategories&post=25128"},{"taxonomy":"post_tag","embeddable":true,"href":"https:\/\/cliente1.publisher.highstack.com.ar\/index.php?rest_route=%2Fwp%2Fv2%2Ftags&post=25128"}],"curies":[{"name":"wp","href":"https:\/\/api.w.org\/{rel}","templated":true}]}}