{"id":25125,"date":"2026-09-04T22:56:34","date_gmt":"2026-09-05T01:56:34","guid":{"rendered":"https:\/\/cliente1.publisher.highstack.com.ar\/?p=25125"},"modified":"2026-09-04T22:56:34","modified_gmt":"2026-09-05T01:56:34","slug":"la-fama-de-la-carne-argentina-llevo-a-trump-a-cometer-un-curioso-equivoco","status":"publish","type":"post","link":"https:\/\/cliente1.publisher.highstack.com.ar\/?p=25125","title":{"rendered":"La fama de la carne argentina llev\u00f3 a Trump a cometer un curioso equ\u00edvoco"},"content":{"rendered":"<div class=\"col-12\">\n<div data-tw=\"true\" style=\"display:contents\">\n<div role=\"none\"><\/div>\n<\/div>\n<p class=\"com-paragraph --capital --s text-left\">El presidente de los <strong>Estados Unidos, Donald Trump, <\/strong>tuvo una curiosa menci\u00f3n, que en rigor <strong>reflej\u00f3<\/strong> una confusi\u00f3n, a la <strong>carne argentina<\/strong> cuando fue consultado por la prensa en un acto con productores ganaderos en el <strong>Sal\u00f3n Oval de la Casa Blanca. Dijo que la Argentina era uno de los or\u00edgenes desde los cuales iba a llegar, junto con Brasil y otras naciones que no especific\u00f3, parte de las 300.000 toneladas de carne picada sin aranceles por 90 d\u00edas, <\/strong>una medida pensada para contener la suba de precios en ese pa\u00eds tras una fuerte baja del stock. Estados Unidos es uno de los principales productores, exportadores y, a la vez, importadores de carne. <\/p>\n<div class=\"ln-banner-container --no-app --caja1_mob\">\n<div id=\"caja1_mob\" class=\"ln-banner\" data-slot-group=\"nota\" data-device=\"mobile\" data-subscription=\"false\" data-ad-unit-path=\"\/133919216\/campo_mobile\/Nota\/caja1_mob\" data-targeting='{\"sitio\":\"lanacion\",\"seccion\":\"nota\"}' data-without-hide=\"true\" data-size=\"[[320,100],[300,250],[1,1],[300,450],[320,450]]\" data-sizemap=\"[]\" data-prebid-enabled=\"true\"><\/div>\n<\/div>\n<p class=\"com-paragraph --s text-left\">Hace unas semanas, el gobierno norteamericano anunci\u00f3 la importaci\u00f3n de 300.000 toneladas de carne picada sin aranceles. En un primer momento la expectativa era que ese cupo iba a incluir a la Argentina. Sin embargo, <a href=\"https:\/\/www.lanacion.com.ar\/economia\/campo\/trump-dejo-afuera-a-la-argentina-de-la-nueva-megacuota-para-importar-300000-toneladas-de-carne-sin-nid27082026\/\" target=\"_self\" title=\"https:\/\/www.lanacion.com.ar\/economia\/campo\/trump-dejo-afuera-a-la-argentina-de-la-nueva-megacuota-para-importar-300000-toneladas-de-carne-sin-nid27082026\/\" class=\"com-link break-word\" data-mrf-recirculation=\"n_link_parrafo\">d\u00edas despu\u00e9s se conoci\u00f3 que, por ya tener una cuota, de 100.000 toneladas, el pa\u00eds no iba a poder participar de ese nuevo beneficio<\/a>. Tampoco Australia, Uruguay y Nueva Zelanda, que tambi\u00e9n tiene cuotas. La situaci\u00f3n s\u00ed es una oportunidad para Brasil. <\/p>\n<div class=\"ln-banner-container --no-app --middle_1_dsk\">\n<div id=\"middle_1_dsk\" class=\"ln-banner\" data-slot-group=\"nota\" data-device=\"desktop\" data-subscription=\"true\" data-ad-unit-path=\"\/133919216\/campo_desktop\/Nota\/middle_1_dsk\" data-targeting='{\"sitio\":\"lanacion\",\"seccion\":\"nota\"}' data-without-hide=\"true\" data-size=\"[[1,1],[640,360],[640,480],[728,90]]\" data-sizemap=\"[]\" data-prebid-enabled=\"true\"><\/div>\n<\/div>\n<div id=\"fusion-static-enter:scriptJwVideoNote\" style=\"display:none\" data-fusion-component=\"scriptJwVideoNote\"><\/div>\n<p><script defer src=\"https:\/\/www.lanacion.com.ar\/pf\/resources\/js\/LN\/scriptJwVideoNote.min.js?d=2049\"><\/script><\/p>\n<div id=\"fusion-static-exit:scriptJwVideoNote\" style=\"display:none\" data-fusion-component=\"scriptJwVideoNote\"><\/div>\n<div id=\"fusion-static-enter:oI4TpG7c\" style=\"display:none\" data-fusion-component=\"oI4TpG7c\"><\/div>\n<div class=\"content-media cursor-pointer container-center-100\">\n<section class=\"media-container relative ratio-16-9 mod-media pb-32\">\n<figure class=\"mod-video\">\n<div class=\"video-player bg-black ratio-16-9\" data-has-jwplayer=\"true\" data-video-id-jw=\"oI4TpG7c\" data-config='{\"title\":\"La menci\u00f3n de Trump a la carne argentina\u00a0\",\"mediaId\":\"oI4TpG7c\",\"playerId\":\"ih0086X3\",\"playlist\":[{\"mediaid\":\"oI4TpG7c\",\"sources\":[{\"file\":\"https:\/\/cdn.jwplayer.com\/manifests\/oI4TpG7c.m3u8\",\"type\":\"application\/vnd.apple.mpegurl\"},{\"bitrate\":255388,\"file\":\"https:\/\/cdn.jwplayer.com\/videos\/oI4TpG7c-kTExGaWf.mp4\",\"filesize\":2075033,\"framerate\":60,\"height\":180,\"label\":\"180p\",\"type\":\"video\/mp4\",\"width\":320},{\"bitrate\":359804,\"file\":\"https:\/\/cdn.jwplayer.com\/videos\/oI4TpG7c-K8B0kybS.mp4\",\"filesize\":2923409,\"framerate\":60,\"height\":270,\"label\":\"270p\",\"type\":\"video\/mp4\",\"width\":480},{\"bitrate\":114640,\"file\":\"https:\/\/cdn.jwplayer.com\/videos\/oI4TpG7c-hz5z2Tv4.m4a\",\"filesize\":931455,\"label\":\"AAC Audio\",\"type\":\"audio\/mp4\"},{\"bitrate\":402078,\"file\":\"https:\/\/cdn.jwplayer.com\/videos\/oI4TpG7c-FnZGUVnC.mp4\",\"filesize\":3266889,\"framerate\":60,\"height\":360,\"label\":\"360p\",\"type\":\"video\/mp4\",\"width\":640}]}],\"hasAutoplay\":false,\"autostart\":true,\"tagsUrl\":\"https:\/\/pubads.g.doubleclick.net\/gampad\/ads?slotname=\/133919216\/la_nacion_video\/nota\/preroll&amp;sz=640x480|400x300&amp;ciu_szs=300x250&amp;unviewed_position_start=1&amp;output=vast&amp;impl=s&amp;env=vp&amp;gdfp_req=1&amp;ad_rule=0&amp;vad_type=linear&amp;vpos=preroll&amp;cust_params=tags_nuevos%3Dte_comunidad_de_negocios%2Cte_actualidad%2Cte_donald_trump%2Cte_argentina%2Cte_carnes%2Cca_campo%2Cca_ganaderia%2Cca_economia%2C%2COOFVCAGFWRGTFMENOXZSUVLTSA&amp;pod=3&amp;ppos=1&amp;lip=true&amp;min_ad_duration=0&amp;max_ad_duration=30000&amp;vrid=6256&amp;url=https%3A%2F%2Fwww.lanacion.com.ar%2Feconomia%2Fcampo%2Fla-fama-de-la-carne-argentina-llevo-a-trump-a-cometer-un-curioso-equivoco-nid04092026%2F%3Fvariant%3DA&amp;description_url=https%3A%2F%2Fwww.lanacion.com.ar%2Feconomia%2Fcampo%2Fla-fama-de-la-carne-argentina-llevo-a-trump-a-cometer-un-curioso-equivoco-nid04092026%2F%3Fvariant%3DA&amp;video_doc_id=short_onecue&amp;cmsid=496&amp;kfa=0&amp;tfcd=0&amp;correlator=1788572755390\",\"arcSite\":\"la-nacion-ar\",\"duration\":\"65000\"}'>\n<div id=\"facade-oI4TpG7c\" class=\"content-facade-jw relative bg-black ratio-16-9\">\n<div id=\"button-play\" class=\"absolute flex w-100 h-100 jc-center ai-center z-15\"><svg width=\"64\" height=\"64\" viewbox=\"0 0 64 64\" fill=\"none\" xmlns=\"http:\/\/www.w3.org\/2000\/svg\" class=\"relative z-15\"><g opacity=\"0.65\"><rect width=\"64\" height=\"64\" rx=\"32\" fill=\"#1C1C1F\"><\/rect><path d=\"M41.8347 32.5547L27.7027 41.976C27.6023 42.0428 27.4857 42.0811 27.3652 42.0869C27.2448 42.0927 27.125 42.0656 27.0187 42.0087C26.9124 41.9518 26.8235 41.8671 26.7615 41.7637C26.6995 41.6602 26.6667 41.5419 26.6667 41.4213V22.5787C26.6667 22.4581 26.6995 22.3398 26.7615 22.2363C26.8235 22.1329 26.9124 22.0482 27.0187 21.9913C27.125 21.9344 27.2448 21.9074 27.3652 21.9131C27.4857 21.9189 27.6023 21.9572 27.7027 22.024L41.8347 31.4453C41.926 31.5062 42.0009 31.5887 42.0526 31.6855C42.1044 31.7822 42.1315 31.8903 42.1315 32C42.1315 32.1098 42.1044 32.2178 42.0526 32.3146C42.0009 32.4113 41.926 32.4938 41.8347 32.5547V32.5547Z\" fill=\"#FEFEFE\"><\/path><\/g><\/svg><\/div>\n<picture><source media=\"(max-width: 767px)\" srcset=\"https:\/\/www.lanacion.com.ar\/resizer\/v2\/https%3A%2F%2Fcdn.jwplayer.com%2Fv2%2Fmedia%2FoI4TpG7c%2Fposter.jpg%3Fwidth%3D720?auth=98a2248b27e566db6ba66a8e80d563ce74b5d8368b89ce89c54b4fcd418950b9&amp;width=480&amp;quality=70&amp;smart=false\"><\/source><img class=\"image com-image flex --cover\" decoding=\"async\" fetchpriority=\"low\" loading=\"lazy\" src=\"https:\/\/www.lanacion.com.ar\/resizer\/v2\/https%3A%2F%2Fcdn.jwplayer.com%2Fv2%2Fmedia%2FoI4TpG7c%2Fposter.jpg%3Fwidth%3D720?auth=98a2248b27e566db6ba66a8e80d563ce74b5d8368b89ce89c54b4fcd418950b9&amp;width=720&amp;quality=70&amp;smart=false\" alt=\"La menci\u00f3n de Trump a la carne argentina\u00a0\"><\/picture><\/div>\n<div id=\"oI4TpG7c\"><\/div>\n<\/div><figcaption class=\"border border-1 border-bottom border-light-300 relative px-16 py-8 min-h-36 w-100_md px-0_l mb-8 bg-white\"><span class=\"text ln-text text-16 block\">La menci\u00f3n de Trump a la carne argentina\u00a0<\/span><\/figcaption><\/figure>\n<p><script type=\"application\/ld+json\">{\n  \"@context\": \"https:\/\/schema.org\",\n  \"@type\": \"VideoObject\",\n  \"name\": \"LA NACION - Noticia\",\n  \"description\": \"Video publicado el 04\/09\/2026 por LA NACION\",\n  \"thumbnailUrl\": [\n    \"https:\/\/www.lanacion.com.ar\/resizer\/v2\/https%3A%2F%2Fcdn.jwplayer.com%2Fv2%2Fmedia%2FoI4TpG7c%2Fposter.jpg%3Fwidth%3D720?auth=98a2248b27e566db6ba66a8e80d563ce74b5d8368b89ce89c54b4fcd418950b9&width=720&quality=70&smart=false\"\n  ],\n  \"uploadDate\": \"2026-09-04T22:10:08Z\",\n  \"embedUrl\": \"https:\/\/cdn.jwplayer.com\/videos\/oI4TpG7c-kTExGaWf.mp4\",\n  \"duration\": \"PT1M5S\"\n}<\/script><\/section>\n<\/div>\n<div id=\"fusion-static-exit:oI4TpG7c\" style=\"display:none\" data-fusion-component=\"oI4TpG7c\"><\/div>\n<p class=\"com-paragraph --s text-left\">Este viernes, mientras estaba en el Sal\u00f3n Oval, a Trump lo consultaron por el origen de la carne que iba a ingresar en el marco de las 300.000 toneladas. \u201c\u00bfDe d\u00f3nde viene esa carne?\u201c, lo interrogaron. El jefe de Estado respondi\u00f3: \u201dViene de diferentes lugares&#8221;. Luego, ante una repregunta, agreg\u00f3: \u201cViene de Argentina, viene de Brasil, viene de un par de lugares m\u00e1s\u201d. Acot\u00f3 que la carne de estas naciones \u201cest\u00e1 muy limpia, es muy buena\u201d. <\/p>\n<p class=\"com-paragraph --s text-left\">Trump fustig\u00f3 a su antecesor en el cargo, Joe Biden, a quien le atribuy\u00f3 una importante merma en el stock ganadero de ese pa\u00eds. Ahora, en cambio, los ganaderos norteamericanos estar\u00edan buscando incrementar sus existencias. <\/p>\n<div class=\"ln-banner-container --no-app --caja2_mob\">\n<div id=\"caja2_mob\" class=\"ln-banner\" data-slot-group=\"nota\" data-device=\"mobile\" data-subscription=\"true\" data-ad-unit-path=\"\/133919216\/campo_mobile\/Nota\/caja2_mob\" data-targeting='{\"sitio\":\"lanacion\",\"seccion\":\"nota\"}' data-without-hide=\"true\" data-size=\"[[320,100],[300,250],[300,450],[1,1],[360,270],[320,180]]\" data-sizemap=\"[]\" data-prebid-enabled=\"true\"><\/div>\n<\/div>\n<p class=\"com-paragraph --s text-left\">En otro tramo del intercambio en el Sal\u00f3n Oval, a Trump le recordaron que se hab\u00eda anunciado que la carne picada se vender\u00eda un 25% por debajo de los precios de mercado. En ese momento otra vez lo consultaron sobre si esos pa\u00edses son solo la Argentina y Brasil, o hay otros. <\/p>\n<div class=\"ln-banner-container --no-app --middle_2_dsk\">\n<div id=\"middle_2_dsk\" class=\"ln-banner\" data-slot-group=\"nota\" data-device=\"desktop\" data-subscription=\"true\" data-ad-unit-path=\"\/133919216\/campo_desktop\/Nota\/middle_2_dsk\" data-targeting='{\"sitio\":\"lanacion\",\"seccion\":\"nota\"}' data-without-hide=\"true\" data-size=\"[[1,1],[728,90]]\" data-sizemap=\"[]\" data-prebid-enabled=\"true\"><\/div>\n<\/div>\n<p class=\"com-paragraph --s text-left\"><strong>\u201cPodr\u00eda haber otros pa\u00edses. Pero en este momento es principalmente la Argentina, Brasil, aunque podr\u00eda haber otros pa\u00edses.<\/strong> Y lo estamos haciendo de una manera muy limitada porque nuestros <em>rancheros<\/em> [productores ganaderos] no pueden manejarlo todo. Pero nuestros rancheros realmente necesitaban un poco de ayuda, y nuestros rancheros tambi\u00e9n quieren que los precios bajen. Ellos quieren ver que los precios bajen\u201d, indic\u00f3.<\/p>\n<div class=\"ln-banner-container --no-app --caja3_mob\">\n<div id=\"caja3_mob\" class=\"ln-banner\" data-slot-group=\"nota\" data-device=\"mobile\" data-subscription=\"false\" data-ad-unit-path=\"\/133919216\/campo_mobile\/Nota\/caja3_mob\" data-targeting='{\"sitio\":\"lanacion\",\"seccion\":\"nota\"}' data-without-hide=\"true\" data-size=\"[[320,100],[300,250],[1,1],[300,450],[360,270]]\" data-sizemap=\"[]\" data-prebid-enabled=\"true\"><\/div>\n<\/div>\n<div class=\"ln-banner-container --no-app --middle_2_tab\">\n<div id=\"middle_2_tab\" class=\"ln-banner\" data-slot-group=\"nota\" data-device=\"tablet\" data-subscription=\"false\" data-ad-unit-path=\"\/133919216\/campo_tablet\/Nota\/middle_2_tab\" data-targeting='{\"sitio\":\"lanacion\",\"seccion\":\"nota\"}' data-without-hide=\"true\" data-size=\"[[728,90],[640,480],[468,60],[1,1]]\" data-sizemap=\"[]\" data-prebid-enabled=\"true\"><\/div>\n<\/div>\n<div data-tw=\"true\" style=\"display:contents\">\n<h2 class=\"font-primary font-w-bold text-subheading-lg text-left container-center-100 mb-8\"><span>Sorpresa<\/span><\/h2>\n<\/div>\n<p class=\"com-paragraph --s text-left\">Las palabras de Trump sobre la Argentina generaron una pregunta: \u00bfcambi\u00f3 algo respecto a la medida?, \u00bfEl pa\u00eds ahora s\u00ed puede participar de la cuota de 300.000 toneladas? Ante una consulta de <strong>LA NACION,<\/strong> en \u00e1mbitos privados y gubernamentales explicaron que nada se modific\u00f3. \u201cLas 300.000 toneladas excluyen a pa\u00edses que gozan de contingentes, como es el caso de la Argentina, Australia, Nueva Zelanda\u201d, detallaron. <\/p>\n<p class=\"com-paragraph --s text-left\">Este viernes, Trump anunci\u00f3 diversas medidas adicionales para los ganaderos estadounidenses. Entre otras, orden\u00f3 al Departamento del Interior y el Departamento de Agricultura que actualicen sus normas para compensar a los ganaderos por las p\u00e9rdidas causadas por los depredadores y que faciliten la autorizaci\u00f3n para la eliminaci\u00f3n letal cuando sea necesario. <\/p>\n<p class=\"com-paragraph --s text-left\">Tambi\u00e9n dispuso que el Departamento de Agricultura, en consulta con el Representante Comercial de los Estados Unidos, \u201crevise sus competencias en relaci\u00f3n con el etiquetado obligatorio del pa\u00eds de origen de los productos c\u00e1rnicos mediante nuevas regulaciones y recomendaciones legislativas\u201d.<\/p>\n<div class=\"ln-banner-container --no-app --caja4_mob\">\n<div id=\"caja4_mob\" class=\"ln-banner\" data-slot-group=\"nota\" data-device=\"mobile\" data-subscription=\"false\" data-ad-unit-path=\"\/133919216\/campo_mobile\/Nota\/caja4_mob\" data-targeting='{\"sitio\":\"lanacion\",\"seccion\":\"nota\"}' data-without-hide=\"true\" data-size=\"[[320,100],[300,250],[1,1]]\" data-sizemap=\"[]\" data-prebid-enabled=\"true\"><\/div>\n<\/div>\n<div class=\"com-embed --twitter container-center-100\">\n<blockquote class=\"twitter-tweet\">\n<p lang=\"en\" dir=\"ltr\">\ud83d\udea8\ud83d\udea8 RANCHERS FIRST \ud83d\udea8\ud83d\udea8<br \/>Today, <a href=\"https:\/\/x.com\/POTUS?ref_src=twsrc%5Etfw\">@POTUS<\/a> signed 2 Executive Orders to protect America\u2019s ranchers:<br \/>\ud83c\uddfa\ud83c\uddf8 Advance country-of-origin labeling<br \/>\ud83d\udc3a Combat predator threats<br \/>\ud83d\udc02 Strengthen competition and accountability<br \/>\ud83e\udd69 Expand market access for American meat<br \/>Together with <a href=\"https:\/\/x.com\/USDA?ref_src=twsrc%5Etfw\">@USDA<\/a>\u2019s 5\u2026 <a href=\"https:\/\/t.co\/n78bSo9U1U\">pic.twitter.com\/n78bSo9U1U<\/a><\/p>\n<p>\u2014 Secretary Brooke Rollins (@SecRollins) <a href=\"https:\/\/x.com\/SecRollins\/status\/2095954462921666656?ref_src=twsrc%5Etfw\">September 4, 2026<\/a><\/p><\/blockquote>\n<\/div>\n<p class=\"com-paragraph --s text-left\"><strong>\u201cLa Orden Ejecutiva ordena al Servicio de Inocuidad e Inspecci\u00f3n de Alimentos del USDA que ampl\u00ede los programas de Env\u00edo Interestatal Cooperativo y Talmadge-Aiken para que m\u00e1s carne inspeccionada por el estado pueda cruzar las fronteras estatales\u201d,<\/strong> inform\u00f3 en otro tramo el gobierno norteamericano.<\/p>\n<div class=\"ln-banner-container --no-app --caja6_mob\">\n<div id=\"caja6_mob\" class=\"ln-banner\" data-slot-group=\"nota\" data-device=\"mobile\" data-subscription=\"false\" data-ad-unit-path=\"\/133919216\/campo_mobile\/Nota\/caja6_mob\" data-targeting='{\"sitio\":\"lanacion\",\"seccion\":\"nota\"}' data-without-hide=\"true\" data-size=\"[[300,250],[230,50],[300,450],[1,1],[320,100]]\" data-sizemap=\"[]\" data-prebid-enabled=\"true\"><\/div>\n<\/div>\n<p class=\"com-paragraph --s text-left\">Estos aspectos se suman a otras medidas anteriores, como dar prioridad a la carne estadounidense de producci\u00f3n local en el gasto federal en instalaciones estatales y federales, \u201ctrabajando en colaboraci\u00f3n con otros departamentos, incluidos el Departamento de Guerra de los Estados Unidos, el Departamento de Salud y Servicios Humanos de los Estados Unidos, el Departamento de Justicia de los Estados Unidos y el Departamento de Asuntos de Veteranos de los Estados Unidos\u201d.<\/p>\n<div class=\"ln-banner-container --no-app --caja5_mob\">\n<div id=\"caja5_mob\" class=\"ln-banner\" data-slot-group=\"nota\" data-device=\"mobile\" data-subscription=\"false\" data-ad-unit-path=\"\/133919216\/campo_mobile\/Nota\/caja5_mob\" data-targeting='{\"sitio\":\"lanacion\",\"seccion\":\"nota\"}' data-without-hide=\"true\" data-size='[[320,100],[300,250],[1,1],[\" fluid\"]]' data-sizemap=\"[]\" data-prebid-enabled=\"true\"><\/div>\n<\/div>\n<div data-fusion-lazy-id=\"f0fLHi7Wfcy22C4\"><\/div>\n<div class=\"ln-banner-container --no-app --middle_3_dsk\">\n<div id=\"middle_3_dsk\" class=\"ln-banner\" data-slot-group=\"nota\" data-device=\"desktop\" data-subscription=\"true\" data-ad-unit-path=\"\/133919216\/campo_desktop\/Nota\/middle_3_dsk\" data-targeting='{\"sitio\":\"lanacion\",\"seccion\":\"nota\"}' data-without-hide=\"true\" data-size=\"[[1,1],[728,90],[640,360],[728,360]]\" data-sizemap=\"[]\" data-prebid-enabled=\"true\"><\/div>\n<\/div>\n<\/div>\n<p><script async src=\"https:\/\/platform.twitter.com\/widgets.js\" charset=\"utf-8\"><\/script><\/p>\n","protected":false},"excerpt":{"rendered":"<p>El presidente de los Estados Unidos, Donald Trump, tuvo una curiosa menci\u00f3n, que en rigor reflej\u00f3 una confusi\u00f3n, a la carne argentina cuando fue consultado por la prensa en un acto con productores ganaderos en el Sal\u00f3n Oval de la Casa Blanca. Dijo que la Argentina era uno de los or\u00edgenes desde los cuales iba [&hellip;]<\/p>\n","protected":false},"author":1,"featured_media":25126,"comment_status":"open","ping_status":"open","sticky":false,"template":"","format":"standard","meta":{"footnotes":""},"categories":[1],"tags":[],"class_list":["post-25125","post","type-post","status-publish","format-standard","has-post-thumbnail","hentry","category-uncategorized"],"_links":{"self":[{"href":"https:\/\/cliente1.publisher.highstack.com.ar\/index.php?rest_route=\/wp\/v2\/posts\/25125","targetHints":{"allow":["GET"]}}],"collection":[{"href":"https:\/\/cliente1.publisher.highstack.com.ar\/index.php?rest_route=\/wp\/v2\/posts"}],"about":[{"href":"https:\/\/cliente1.publisher.highstack.com.ar\/index.php?rest_route=\/wp\/v2\/types\/post"}],"author":[{"embeddable":true,"href":"https:\/\/cliente1.publisher.highstack.com.ar\/index.php?rest_route=\/wp\/v2\/users\/1"}],"replies":[{"embeddable":true,"href":"https:\/\/cliente1.publisher.highstack.com.ar\/index.php?rest_route=%2Fwp%2Fv2%2Fcomments&post=25125"}],"version-history":[{"count":0,"href":"https:\/\/cliente1.publisher.highstack.com.ar\/index.php?rest_route=\/wp\/v2\/posts\/25125\/revisions"}],"wp:featuredmedia":[{"embeddable":true,"href":"https:\/\/cliente1.publisher.highstack.com.ar\/index.php?rest_route=\/wp\/v2\/media\/25126"}],"wp:attachment":[{"href":"https:\/\/cliente1.publisher.highstack.com.ar\/index.php?rest_route=%2Fwp%2Fv2%2Fmedia&parent=25125"}],"wp:term":[{"taxonomy":"category","embeddable":true,"href":"https:\/\/cliente1.publisher.highstack.com.ar\/index.php?rest_route=%2Fwp%2Fv2%2Fcategories&post=25125"},{"taxonomy":"post_tag","embeddable":true,"href":"https:\/\/cliente1.publisher.highstack.com.ar\/index.php?rest_route=%2Fwp%2Fv2%2Ftags&post=25125"}],"curies":[{"name":"wp","href":"https:\/\/api.w.org\/{rel}","templated":true}]}}