{"id":25119,"date":"2026-09-04T21:45:59","date_gmt":"2026-09-05T00:45:59","guid":{"rendered":"https:\/\/cliente1.publisher.highstack.com.ar\/?p=25119"},"modified":"2026-09-04T21:45:59","modified_gmt":"2026-09-05T00:45:59","slug":"se-ordeno-la-detencion-de-urribarri-aguilera-y-baez-en-la-up-1-y-pasaran-la-noche-en-la-alcaidia-de-parana","status":"publish","type":"post","link":"https:\/\/cliente1.publisher.highstack.com.ar\/?p=25119","title":{"rendered":"Se orden\u00f3 la detenci\u00f3n de Urribarri, Aguilera y B\u00e1ez en la UP 1 y pasar\u00e1n la noche en la Alcaid\u00eda de Paran\u00e1"},"content":{"rendered":"<p><\/p>\n<div class=\"body-noticia clearfix text-formatted field field--name-body field--type-text-with-summary field--label-hidden field__item\">\n<p>La justicia imparti\u00f3 esta noche la orden a la Polic\u00eda de Entre R\u00edos para proceder a la detenci\u00f3n del ex gobernador Sergio Daniel Urribarri; de su cu\u00f1ado Juan Pablo Aguilera; y de su ex ministro de Cultura y Comunicaci\u00f3n, Pedro \u00c1ngel B\u00e1ez; quienes quedar\u00e1n alojados moment\u00e1neamente en la Alcaid\u00eda de Paran\u00e1 y ma\u00f1ana ser\u00e1n derivados a la Unidad Penal N\u00b0 1 de la capital provincial.<\/p>\n<p>La medida fue ordenada por el Tribunal de Juicios y Apelaciones y est\u00e1 enmarcada luego que la Corte Suprema de Justicia de la Naci\u00f3n desestim\u00f3 -fue el jueves 3 de septiembre- los recursos extraordinarios que hab\u00edan presentado el exgobernador Sergio Urribarri, el exministro de Cultura y Comunicaci\u00f3n Pedro B\u00e1ez y el cu\u00f1ado del exmandatario, Juan Pablo Aguilera, y dej\u00f3 firme la condena que la Justicia entrerriana les impuso en la Megacausa por delitos de corrupci\u00f3n. En la misma resoluci\u00f3n, dictada en el expediente CSJ 2226\/2024, el m\u00e1ximo tribunal rechaz\u00f3 tambi\u00e9n los planteos de Gerardo Caruso, Corina Cargnel, Emiliano Giacopuzzi y Luciana Almada, con lo que la totalidad de las condenas del megajuicio qued\u00f3 firme. Desde el Ministerio P\u00fablico Fiscal solicitaron la \u201cdetenci\u00f3n inmediata\u201d de los tres condenados por \u201cposible peligro de fuga\u201d.<\/p>\n<p>Ahora, los tres retornar\u00e1n a la misma celda en que estaban y luego la jueza de Ejecuci\u00f3n y Medidas de Seguridad, Cecilia B\u00e9rtora, tendr\u00e1 que resolver cada uno de los planteos que hagan los abogados defensores, si es que requieren un beneficio de prisi\u00f3n domiciliaria, como ya han gestionado en otras instancias.<\/p>\n<p>Los abogados defensores de Urribarri -Leopoldo Cappa- y B\u00e1ez -Ignacio D\u00edaz y Jos\u00e9 Vel\u00e1zquez- hab\u00edan pedido al Tribunal de Juicios y Apelaciones de Paran\u00e1 (que preside la vocal Mar\u00eda Carolina Castagno) que sus defendidos no sean enviados a la Unidad Penal y en cambio se les aplique prisi\u00f3n domiciliaria. Por el contrario, los fiscales Patricia Yedro y Gonzalo Badano solicitaron formalmente que se disponga \u201cla inmediata detenci\u00f3n y traslado a la Unidad Penal N\u00b0 1 de la ciudad de Paran\u00e1\u201d.<\/p>\n<p>La defensa de Urribarri hab\u00eda planteado que nunca eludi\u00f3 la acci\u00f3n de la justicia y siempre estuvo a disposici\u00f3n del debido proceso. Adem\u00e1s, aportaron un diagn\u00f3stico m\u00e9dico, donde constatan que \u201cse encuentra cursando un cuadro de trastorno de estr\u00e9s postraum\u00e1tico\u201d y, en consecuencia, piden la morigeraci\u00f3n de la ejecuci\u00f3n penal en su domicilio y \u201cbajo la custodia permanente y atenta de sus familiares y m\u00e9dicos de cabecera\u201d.<\/p>\n<p>En el caso de B\u00e1ez, sus defensores tambi\u00e9n pidieron morigerar la pena porque \u201cpadece un cuadro cr\u00f3nico con dolor abdominal y p\u00e9rdida de peso importante\u201d, y arrastra \u201cmolestias digestivas desde 2008, pero en el \u00faltimo a\u00f1o los s\u00edntomas empeoraron significativamente\u201d. Se\u00f1alaron que la Unidad Penal de Paran\u00e1 no garantiza condiciones de encarcelamiento que permitan tratar su enfermedad. \u201cLas c\u00e1rceles y, en particular la de Paran\u00e1, se caracterizan por el hacinamiento y malas condiciones edilicias. Por lo que, en este caso, entiendo que se aplica la Convenci\u00f3n Interamericana sobre Protecci\u00f3n de los Derechos Humanos de las Personas Mayores, aprobada por la ley 27360 del 2017, que viene a incorporar una perspectiva axiol\u00f3gica condicionante de las decisiones judiciales\u201d, se\u00f1alaron.<\/p>\n<p>De no acceder el tribunal a la domiciliaria, pidieron tambi\u00e9n como alternativa se disponga de un \u201cr\u00e9gimen de semidetenci\u00f3n\u201d para B\u00e1ez. \u201cEsta modalidad -plantearon- permitir\u00eda al Sr. Pedro \u00c1ngel B\u00e1ez permanecer en su domicilio fijado durante las horas del d\u00eda a fin de procurarse el tratamiento m\u00e9dico, la dieta estricta sin contaminaci\u00f3n cruzada, la medicaci\u00f3n adecuada y los controles de salud requeridos para evitar la degradaci\u00f3n irrecuperable de su organismo, pernoctando en el establecimiento penitenciario\u201d.<\/p>\n<p>Urribarri al momento de su detenci\u00f3n estaba domiciliado en la ciudad de Concordia; Juan Pablo Aguilera, en General Campos (Departamento San Salvador); y Pedro \u00c1ngel B\u00e1ez domiciliado en Paran\u00e1. Los tres fueron trasladados primero a la Alcaid\u00eda donde pasar\u00e1n la noche y ma\u00f1ana ingresar\u00e1n a la Unidad Penal N\u00b0 1 de Paran\u00e1.<\/p>\n<p>Urribarri fue condenado el 7 de abril de 2022 a 8 a\u00f1os de c\u00e1rcel. B\u00e1ez y Aguilera, a 6 a\u00f1os y 6 meses de c\u00e1rcel cada uno.<\/p>\n<p>\u00a0<\/p>\n<figure role=\"group\" class=\"caption caption-img\">\n<img decoding=\"async\" alt=\"Celda 1\" data-entity-type=\"file\" data-entity-uuid=\"53eefeec-0351-43be-a3fc-4a37547b0d8f\" height=\"744\" src=\"https:\/\/www.analisisdigital.com.ar\/sites\/default\/files\/imagenes\/inline-images\/celda-1.jpg\" width=\"992\" loading=\"lazy\"><figcaption><strong>En noviembre de 2024 el lugar hab\u00eda sido acondicionado especialmente para alojar a los tres: Urribarri, Aguilera y B\u00e1ez. Ahora se estima que esa ser\u00e1 nuevamente su celda.<\/strong><\/figcaption><\/figure>\n<p>\u00a0<\/p>\n<p><strong>El lugar de detenci\u00f3n<\/strong><\/p>\n<p>La celda destinada a Urribarri, B\u00e1ez y Aguilera en la Unidad Penal N\u00b0 1 de Paran\u00e1 se caracteriza por ser un espacio de 3 por 4 metros que originalmente funcionaba como un dep\u00f3sito y antiguamente se destinaba para los funcionarios del sistema penitenciario que eran de otras localidades de la provincia.<\/p>\n<p>\u00a0<\/p>\n<\/p>\n<div data-entity-type=\"node\" data-entity-uuid=\"7dd53c0d-5ccb-4d87-8cca-be79833130b0\" data-embed-button=\"node\" data-entity-embed-display=\"view_mode:node.imagen_titulo\" data-langcode=\"es\" data-entity-embed-display-settings=\"[]\" class=\"embedded-entity\">\n<article data-history-node-id=\"343003\" class=\"node node--type-noticia node--view-mode-imagen-titulo ds-1col clearfix\">\n<\/article>\n<\/div>\n<p>\u00a0<\/p>\n<p>De acuerdo con los detalles publicados en su momento por <strong>AN\u00c1LISIS,<\/strong> las caracter\u00edsticas y equipamiento del lugar permitir\u00e1n que los\u00a0tres se encuentren en la misma celda, con una cama de una plaza y una cucheta instalada especialmente.<\/p>\n<p>Las autoridades penitenciarias de Entre R\u00edos reacondicionaron ese espacio cuando los tres ingresaron por primera vez -en noviembre de 2024- con el objetivo de brindar condiciones b\u00e1sicas de habitabilidad y, al mismo tiempo, mantenerlos alejados del resto de la poblaci\u00f3n carcelaria por cuestiones de seguridad.<\/p>\n<\/div>\n","protected":false},"excerpt":{"rendered":"<p>La justicia imparti\u00f3 esta noche la orden a la Polic\u00eda de Entre R\u00edos para proceder a la detenci\u00f3n del ex gobernador Sergio Daniel Urribarri; de su cu\u00f1ado Juan Pablo Aguilera; y de su ex ministro de Cultura y Comunicaci\u00f3n, Pedro \u00c1ngel B\u00e1ez; quienes quedar\u00e1n alojados moment\u00e1neamente en la Alcaid\u00eda de Paran\u00e1 y ma\u00f1ana ser\u00e1n derivados [&hellip;]<\/p>\n","protected":false},"author":1,"featured_media":25120,"comment_status":"open","ping_status":"open","sticky":false,"template":"","format":"standard","meta":{"footnotes":""},"categories":[1],"tags":[],"class_list":["post-25119","post","type-post","status-publish","format-standard","has-post-thumbnail","hentry","category-uncategorized"],"_links":{"self":[{"href":"https:\/\/cliente1.publisher.highstack.com.ar\/index.php?rest_route=\/wp\/v2\/posts\/25119","targetHints":{"allow":["GET"]}}],"collection":[{"href":"https:\/\/cliente1.publisher.highstack.com.ar\/index.php?rest_route=\/wp\/v2\/posts"}],"about":[{"href":"https:\/\/cliente1.publisher.highstack.com.ar\/index.php?rest_route=\/wp\/v2\/types\/post"}],"author":[{"embeddable":true,"href":"https:\/\/cliente1.publisher.highstack.com.ar\/index.php?rest_route=\/wp\/v2\/users\/1"}],"replies":[{"embeddable":true,"href":"https:\/\/cliente1.publisher.highstack.com.ar\/index.php?rest_route=%2Fwp%2Fv2%2Fcomments&post=25119"}],"version-history":[{"count":0,"href":"https:\/\/cliente1.publisher.highstack.com.ar\/index.php?rest_route=\/wp\/v2\/posts\/25119\/revisions"}],"wp:featuredmedia":[{"embeddable":true,"href":"https:\/\/cliente1.publisher.highstack.com.ar\/index.php?rest_route=\/wp\/v2\/media\/25120"}],"wp:attachment":[{"href":"https:\/\/cliente1.publisher.highstack.com.ar\/index.php?rest_route=%2Fwp%2Fv2%2Fmedia&parent=25119"}],"wp:term":[{"taxonomy":"category","embeddable":true,"href":"https:\/\/cliente1.publisher.highstack.com.ar\/index.php?rest_route=%2Fwp%2Fv2%2Fcategories&post=25119"},{"taxonomy":"post_tag","embeddable":true,"href":"https:\/\/cliente1.publisher.highstack.com.ar\/index.php?rest_route=%2Fwp%2Fv2%2Ftags&post=25119"}],"curies":[{"name":"wp","href":"https:\/\/api.w.org\/{rel}","templated":true}]}}