{"id":25117,"date":"2026-09-04T21:42:33","date_gmt":"2026-09-05T00:42:33","guid":{"rendered":"https:\/\/cliente1.publisher.highstack.com.ar\/?p=25117"},"modified":"2026-09-04T21:42:33","modified_gmt":"2026-09-05T00:42:33","slug":"un-empresario-invirtio-mas-de-us10-millones-en-una-fabrica-y-sorprendio-a-3000-personas-con-el-sorteo-de-una-camioneta-y-un-viaje-al-caribe","status":"publish","type":"post","link":"https:\/\/cliente1.publisher.highstack.com.ar\/?p=25117","title":{"rendered":"Un empresario invirti\u00f3 m\u00e1s de US$10 millones en una f\u00e1brica y sorprendi\u00f3 a 3000 personas con el sorteo de una camioneta y un viaje al Caribe"},"content":{"rendered":"<div class=\"col-12\">\n<div data-tw=\"true\" style=\"display:contents\">\n<div role=\"none\"><\/div>\n<\/div>\n<p class=\"com-paragraph --capital --s text-left\">El <strong>viernes pasado,<\/strong> <strong>unas 3000 personas llegaron hasta Laguna Larga, C\u00f3rdoba, para participar de una celebraci\u00f3n poco habitual para la inauguraci\u00f3n de una f\u00e1brica<\/strong>. Hubo<strong> asado, m\u00fasica, productores llegados desde distintos puntos del pa\u00eds y tres premios<\/strong> que se fueron sorteando de menor a mayor: primero, <strong>100 litros de un producto para el campo<\/strong>; despu\u00e9s, <strong>un viaje al Caribe para dos personas con todo pago<\/strong> y, finalmente, <strong>una Ford Ranger 0 km<\/strong>. Detr\u00e1s de la fiesta estaba <strong>H\u00e9ctor Laca, fundador y presidente de Facyt<\/strong>, el empresario agropecuario que el a\u00f1o pasado hab\u00eda llamado la atenci\u00f3n por comprar una <strong>Ferrari <\/strong><em><strong>Purosangue<\/strong><\/em><strong> roja<\/strong>, <a href=\"https:\/\/www.lanacion.com.ar\/economia\/campo\/me-fui-con-un-bolso-y-volvi-en-una-ferrari-a-que-se-dedica-el-empresario-que-compro-el-impactante-nid11022025\/\" target=\"_self\" title=\"https:\/\/www.lanacion.com.ar\/economia\/campo\/me-fui-con-un-bolso-y-volvi-en-una-ferrari-a-que-se-dedica-el-empresario-que-compro-el-impactante-nid11022025\/\" class=\"com-link break-word\" data-mrf-recirculation=\"n_link_parrafo\">la primera de ese modelo que lleg\u00f3 a la Argentina<\/a>. El evento en C\u00f3rdoba circul\u00f3 por redes.<\/p>\n<div class=\"ln-banner-container --no-app --caja1_mob\">\n<div id=\"caja1_mob\" class=\"ln-banner\" data-slot-group=\"nota\" data-device=\"mobile\" data-subscription=\"false\" data-ad-unit-path=\"\/133919216\/campo_mobile\/Nota\/caja1_mob\" data-targeting='{\"sitio\":\"lanacion\",\"seccion\":\"nota\"}' data-without-hide=\"true\" data-size=\"[[320,100],[300,250],[1,1],[300,450],[320,450]]\" data-sizemap=\"[]\" data-prebid-enabled=\"true\"><\/div>\n<\/div>\n<p class=\"com-paragraph --s text-left\">Esta vez, sin embargo, <strong>la apuesta no estuvo puesta en un auto de lujo propio, sino en una inversi\u00f3n en tecnolog\u00eda para el agro y un gesto con sus clientes<\/strong>.<strong> La compa\u00f1\u00eda inaugur\u00f3 en su complejo industrial ubicado sobre el kil\u00f3metro 647 de la autopista C\u00f3rdoba-Rosario<\/strong> una <strong>nueva f\u00e1brica de fertilizantes microgranulados<\/strong>, denominada <strong>\u201cArranque Facyt\u201d<\/strong>, que \u201ccomenz\u00f3 con una inversi\u00f3n estimada en <strong>US$8 millones y termin\u00f3 superando los US$10 millones\u201d<\/strong>, cont\u00f3 en entrevista con <strong>LA NACION<\/strong>.<\/p>\n<div class=\"ln-banner-container --no-app --middle_1_dsk\">\n<div id=\"middle_1_dsk\" class=\"ln-banner\" data-slot-group=\"nota\" data-device=\"desktop\" data-subscription=\"true\" data-ad-unit-path=\"\/133919216\/campo_desktop\/Nota\/middle_1_dsk\" data-targeting='{\"sitio\":\"lanacion\",\"seccion\":\"nota\"}' data-without-hide=\"true\" data-size=\"[[1,1],[640,360],[640,480],[728,90]]\" data-sizemap=\"[]\" data-prebid-enabled=\"true\"><\/div>\n<\/div>\n<p class=\"com-paragraph --s text-left\">El incremento respondi\u00f3, entre otros factores,<strong> a la decisi\u00f3n de incorporar equipamiento de mayor sofisticaci\u00f3n<\/strong> que el previsto originalmente. <strong>Uno de ellos es un molino fabricado en Alemania <\/strong>que permitir\u00e1 llevar<strong> los componentes a tama\u00f1os extremadamente peque\u00f1os antes de conformar el microgr\u00e1nulo.<\/strong><\/p>\n<p class=\"com-paragraph --s text-left\">La planta fue<strong> inaugurada<\/strong>, aunque \u201c<strong>todav\u00eda falta un \u00faltimo paso para que comience a producir de manera regular\u201d, destac\u00f3 el empresario<\/strong>. Seg\u00fan explic\u00f3, resta completar \u201cla conexi\u00f3n de gas al establecimiento\u201d. Los ca\u00f1os pasan frente al predio, pero a\u00fan debe realizarse la obra necesaria para abastecer a la f\u00e1brica. <strong>Laca estima que en alrededor de dos meses podr\u00eda estar completamente operativa.<\/strong><\/p>\n<div class=\"ln-banner-container --no-app --caja2_mob\">\n<div id=\"caja2_mob\" class=\"ln-banner\" data-slot-group=\"nota\" data-device=\"mobile\" data-subscription=\"true\" data-ad-unit-path=\"\/133919216\/campo_mobile\/Nota\/caja2_mob\" data-targeting='{\"sitio\":\"lanacion\",\"seccion\":\"nota\"}' data-without-hide=\"true\" data-size=\"[[320,100],[300,250],[300,450],[1,1],[360,270],[320,180]]\" data-sizemap=\"[]\" data-prebid-enabled=\"true\"><\/div>\n<\/div>\n<div class=\"content-media\">\n<section role=\"button\" class=\"mod-media   \">\n<figure role=\"button\" tabindex=\"0\" class=\"mod-figure \">\n<div class=\"placeholder \">\n<div class=\"com-image\"><picture><source media=\"(min-width: 768px)\" srcset=\"https:\/\/www.lanacion.com.ar\/resizer\/v2\/hector-laca-fundador-de-BPMUGRID3FA7RESIRFEAV3PCFA.jpeg?auth=a66a65d9a05fa1d101e28ffda148ee48f4779e65c8c09d952ace69c92fc960aa&amp;width=780&amp;height=1170&amp;quality=70&amp;smart=true\"><\/source><img class=\"image com-image flex --cover\" decoding=\"async\" fetchpriority=\"low\" loading=\"lazy\" src=\"https:\/\/www.lanacion.com.ar\/resizer\/v2\/hector-laca-fundador-de-BPMUGRID3FA7RESIRFEAV3PCFA.jpeg?auth=a66a65d9a05fa1d101e28ffda148ee48f4779e65c8c09d952ace69c92fc960aa&amp;width=420&amp;height=630&amp;quality=70&amp;smart=true\" width=\"2160\" alt=\"H\u00e9ctor Laca, fundador de Facyt\" height=\"3240\"><\/picture><\/div>\n<\/div><figcaption class=\"mod-figcaption\"><span class=\"com-text --caption --twoxs\">H\u00e9ctor Laca, fundador de Facyt<\/span><\/figcaption><\/figure>\n<\/section>\n<\/div>\n<div class=\"ln-banner-container --no-app --middle_2_dsk\">\n<div id=\"middle_2_dsk\" class=\"ln-banner\" data-slot-group=\"nota\" data-device=\"desktop\" data-subscription=\"true\" data-ad-unit-path=\"\/133919216\/campo_desktop\/Nota\/middle_2_dsk\" data-targeting='{\"sitio\":\"lanacion\",\"seccion\":\"nota\"}' data-without-hide=\"true\" data-size=\"[[1,1],[728,90]]\" data-sizemap=\"[]\" data-prebid-enabled=\"true\"><\/div>\n<\/div>\n<p class=\"com-paragraph --s text-left\">Una vez en marcha, agreg\u00f3, tendr\u00e1 capacidad para <strong>\u201celaborar<\/strong> <strong>entre 45 y 50 toneladas por d\u00eda trabajando en un solo turno\u201d<\/strong>, un volumen equivalente, seg\u00fan grafic\u00f3, a aproximadamente dos camiones con acoplado diarios. La instalaci\u00f3n es altamente automatizada, por lo que proyecta incorporar en forma directa <strong>\u201calrededor de diez trabajadores\u201d<\/strong>, aunque el empresario espera que genere adem\u00e1s movimiento para transportistas y otros proveedores de servicios.<\/p>\n<div class=\"ln-banner-container --no-app --caja3_mob\">\n<div id=\"caja3_mob\" class=\"ln-banner\" data-slot-group=\"nota\" data-device=\"mobile\" data-subscription=\"false\" data-ad-unit-path=\"\/133919216\/campo_mobile\/Nota\/caja3_mob\" data-targeting='{\"sitio\":\"lanacion\",\"seccion\":\"nota\"}' data-without-hide=\"true\" data-size=\"[[320,100],[300,250],[1,1],[300,450],[360,270]]\" data-sizemap=\"[]\" data-prebid-enabled=\"true\"><\/div>\n<\/div>\n<div class=\"ln-banner-container --no-app --middle_2_tab\">\n<div id=\"middle_2_tab\" class=\"ln-banner\" data-slot-group=\"nota\" data-device=\"tablet\" data-subscription=\"false\" data-ad-unit-path=\"\/133919216\/campo_tablet\/Nota\/middle_2_tab\" data-targeting='{\"sitio\":\"lanacion\",\"seccion\":\"nota\"}' data-without-hide=\"true\" data-size=\"[[728,90],[640,480],[468,60],[1,1]]\" data-sizemap=\"[]\" data-prebid-enabled=\"true\"><\/div>\n<\/div>\n<p class=\"com-paragraph --s\">La idea comenz\u00f3 bastante antes de levantar la estructura de 22 metros de altura que hoy domina una parte del complejo. Seg\u00fan relat\u00f3, surgi\u00f3 de <strong>conversaciones con productores y profesionales acerca de c\u00f3mo mejorar la disponibilidad de nutrientes para los cultivos y, al mismo tiempo, reducir la cantidad de fertilizante convencional necesaria<\/strong>.<\/p>\n<p class=\"com-paragraph --s\">A partir de all\u00ed empez\u00f3 la b\u00fasqueda de la tecnolog\u00eda. <strong>Analiz\u00f3 alternativas de origen chino, m\u00e1s econ\u00f3micas, <\/strong>pero finalmente <strong>opt\u00f3 por equipos y desarrollos europeos. <\/strong>\u201cParte del equipamiento fue dise\u00f1ado bajo <strong>tecnolog\u00eda alemana y fabricado en Brasil bajo licencia\u201d, <\/strong>acot\u00f3. Mientras que el sistema de secado procede de los <strong>Pa\u00edses Bajos<\/strong>. Algunas de las m\u00e1quinas, en cambio, <strong>fueron construidas directamente en Alemania<\/strong>.<\/p>\n<div class=\"content-media\">\n<section role=\"button\" class=\"mod-media   \">\n<figure role=\"button\" tabindex=\"0\" class=\"mod-figure \">\n<div class=\"placeholder \">\n<div class=\"com-image\"><picture><source media=\"(min-width: 768px)\" srcset=\"https:\/\/www.lanacion.com.ar\/resizer\/v2\/la-empresa-hizo-un-lanzamiento-de-la-planta-con-KD4ULVGXNFGPLKN6Z2DKKE4C4I.jpeg?auth=3cf8aec0ee914d3b77014d8fb5b87df968036149d5735d491bfd67d4ed21be9b&amp;width=780&amp;height=520&amp;quality=70&amp;smart=true\"><\/source><img class=\"image com-image flex --cover\" decoding=\"async\" fetchpriority=\"low\" loading=\"lazy\" src=\"https:\/\/www.lanacion.com.ar\/resizer\/v2\/la-empresa-hizo-un-lanzamiento-de-la-planta-con-KD4ULVGXNFGPLKN6Z2DKKE4C4I.jpeg?auth=3cf8aec0ee914d3b77014d8fb5b87df968036149d5735d491bfd67d4ed21be9b&amp;width=420&amp;height=280&amp;quality=70&amp;smart=true\" width=\"6192\" alt=\"La empresa hizo un lanzamiento de la planta con 3000 productores\" height=\"4128\"><\/picture><\/div>\n<\/div><figcaption class=\"mod-figcaption\"><span class=\"com-text --caption --twoxs\">La empresa hizo un lanzamiento de la planta con 3000 productores<\/span><\/figcaption><\/figure>\n<\/section>\n<\/div>\n<div class=\"ln-banner-container --no-app --caja4_mob\">\n<div id=\"caja4_mob\" class=\"ln-banner\" data-slot-group=\"nota\" data-device=\"mobile\" data-subscription=\"false\" data-ad-unit-path=\"\/133919216\/campo_mobile\/Nota\/caja4_mob\" data-targeting='{\"sitio\":\"lanacion\",\"seccion\":\"nota\"}' data-without-hide=\"true\" data-size=\"[[320,100],[300,250],[1,1]]\" data-sizemap=\"[]\" data-prebid-enabled=\"true\"><\/div>\n<\/div>\n<p class=\"com-paragraph --s\">Se\u00f1al\u00f3 que el resultado que busca obtener es \u201cun <strong>fertilizante en forma de peque\u00f1as esferas\u201d, de un tama\u00f1o inferior al de un grano de soja<\/strong>, que pueda colocarse directamente durante la siembra. En su formulaci\u00f3n inicial re\u00fane nutrientes como <strong>nitr\u00f3geno, f\u00f3sforo, azufre y zinc<\/strong>, aunque la empresa trabaja junto con la <strong>Universidad Nacional de C\u00f3rdoba (UNC)<\/strong> para avanzar en nuevas combinaciones e incorporar tambi\u00e9n componentes biol\u00f3gicos.<\/p>\n<p class=\"com-paragraph --s\">\u201c<strong>Va en la misma sembradora: cae una semilla de soja y caen dos o tres bolitas alrededor<\/strong>\u201d, explic\u00f3 Laca. <strong>La intenci\u00f3n es que los nutrientes queden inmediatamente disponibles <\/strong>para la planta durante sus primeras etapas de desarrollo. \u201c<strong>Eso hace que arranque con mucha m\u00e1s fuerza, m\u00e1s r\u00e1pido; germina con mucha m\u00e1s potencia porque ya tiene los nutrientes al alcance<\/strong>\u201d, se\u00f1al\u00f3.<\/p>\n<div class=\"ln-banner-container --no-app --caja6_mob\">\n<div id=\"caja6_mob\" class=\"ln-banner\" data-slot-group=\"nota\" data-device=\"mobile\" data-subscription=\"false\" data-ad-unit-path=\"\/133919216\/campo_mobile\/Nota\/caja6_mob\" data-targeting='{\"sitio\":\"lanacion\",\"seccion\":\"nota\"}' data-without-hide=\"true\" data-size=\"[[300,250],[230,50],[300,450],[1,1],[320,100]]\" data-sizemap=\"[]\" data-prebid-enabled=\"true\"><\/div>\n<\/div>\n<p class=\"com-paragraph --s\">Pero una de las caracter\u00edsticas que m\u00e1s entusiasma al empresario es <strong>la posibilidad de \u201cformular el fertilizante de acuerdo con las necesidades de cada lote\u201d<\/strong>. Para productores de gran escala, la compa\u00f1\u00eda podr\u00e1 realizar an\u00e1lisis de suelo y modificar la composici\u00f3n de los microgr\u00e1nulos seg\u00fan las deficiencias detectadas. \u201c<strong>De acuerdo con la falencia del suelo, podemos hacerlo personalizado el fertilizante<\/strong>\u201d, afirm\u00f3. Seg\u00fan Laca, <strong>esa flexibilidad fue uno de los motivos principales para elegir la tecnolog\u00eda alemana pese a su mayor costo<\/strong>.<\/p>\n<div class=\"content-media\">\n<section role=\"button\" class=\"mod-media   \">\n<figure role=\"button\" tabindex=\"0\" class=\"mod-figure \">\n<div class=\"placeholder \">\n<div class=\"com-image\"><picture><source media=\"(min-width: 768px)\" srcset=\"https:\/\/www.lanacion.com.ar\/resizer\/v2\/hector-laca-fundador-de-facyt-en-primer-HJWOSTWJJJHK3DX2RZ2GY2IEGM.jpeg?auth=45caa66c45f5253b819395bcf1e4ac77a56f29c373c7b864651dbea872d10364&amp;width=780&amp;height=1387&amp;quality=70&amp;smart=true\"><\/source><img class=\"image com-image flex --cover\" decoding=\"async\" fetchpriority=\"low\" loading=\"lazy\" src=\"https:\/\/www.lanacion.com.ar\/resizer\/v2\/hector-laca-fundador-de-facyt-en-primer-HJWOSTWJJJHK3DX2RZ2GY2IEGM.jpeg?auth=45caa66c45f5253b819395bcf1e4ac77a56f29c373c7b864651dbea872d10364&amp;width=420&amp;height=747&amp;quality=70&amp;smart=true\" width=\"2160\" alt=\"H\u00e9ctor Laca, fundador de Facyt en primer plano\" height=\"3840\"><\/picture><\/div>\n<\/div><figcaption class=\"mod-figcaption\"><span class=\"com-text --caption --twoxs\">H\u00e9ctor Laca, fundador de Facyt en primer plano<\/span><\/figcaption><\/figure>\n<\/section>\n<\/div>\n<div class=\"ln-banner-container --no-app --caja7_mob\">\n<div id=\"caja7_mob\" class=\"ln-banner\" data-slot-group=\"nota\" data-device=\"mobile\" data-subscription=\"true\" data-ad-unit-path=\"\/133919216\/campo_mobile\/Nota\/caja7_mob\" data-targeting='{\"sitio\":\"lanacion\",\"seccion\":\"nota\"}' data-without-hide=\"true\" data-size=\"[[300,250],[320,50],[300,450],[1,1],[320,100]]\" data-sizemap=\"[]\" data-prebid-enabled=\"true\"><\/div>\n<\/div>\n<p class=\"com-paragraph --s\">La inauguraci\u00f3n de Arranque Facyt fue el reflejo de su faceta extrovertida y el cuidado del v\u00ednculo personal con sus clientes. <strong>Hubo productores que viajaron cientos de kil\u00f3metros para llegar a Laguna Larga<\/strong>, un almuerzo multitudinario y hasta una presentaci\u00f3n musical del propio <strong>Laca, que interpret\u00f3 \u201cSoy cosechero\u201d, una canci\u00f3n escrita por \u00e9l<\/strong>.<\/p>\n<div data-tw=\"true\" style=\"display:contents\">\n<h2 class=\"font-primary font-w-bold text-subheading-lg text-left container-center-100 mb-8\"><span>El sorteo<\/span><\/h2>\n<\/div>\n<p class=\"com-paragraph --s\">En rigor, el sorteo hab\u00eda comenzado meses atr\u00e1s mediante un mecanismo riguroso. \u201c<strong>Cada determinada cantidad de productos comprados daba derecho a recibir cupones a los productores\u201d<\/strong>, mientras que durante la propia inauguraci\u00f3n hubo una promoci\u00f3n especial. <strong>Los ganadores deb\u00edan estar presentes al momento del sorteo y todo el procedimiento se realiz\u00f3 ante escribana<\/strong>.<\/p>\n<div class=\"ln-banner-container --no-app --caja8_mob\">\n<div id=\"caja8_mob\" class=\"ln-banner\" data-slot-group=\"nota\" data-device=\"mobile\" data-subscription=\"true\" data-ad-unit-path=\"\/133919216\/campo_mobile\/Nota\/caja8_mob\" data-targeting='{\"sitio\":\"lanacion\",\"seccion\":\"nota\"}' data-without-hide=\"true\" data-size=\"[[300,250],[320,50],[300,450],[1,1],[320,100]]\" data-sizemap=\"[]\" data-prebid-enabled=\"true\"><\/div>\n<\/div>\n<div class=\"content-media\">\n<section role=\"button\" class=\"mod-media   \">\n<figure role=\"button\" tabindex=\"0\" class=\"mod-figure \">\n<div class=\"placeholder \">\n<div class=\"com-image\"><picture><source media=\"(min-width: 768px)\" srcset=\"https:\/\/www.lanacion.com.ar\/resizer\/v2\/hector-laca-fundador-de-facyt-con-claudio-krenz-PGSSIZN3CBH2JHTGTCEKLUY4TU.jpeg?auth=ce177e8ad03f0722369f3ec896524362101a12bc260bcba6a74cf54df3b958a4&amp;width=780&amp;height=1387&amp;quality=70&amp;smart=true\"><\/source><img class=\"image com-image flex --cover\" decoding=\"async\" fetchpriority=\"low\" loading=\"lazy\" src=\"https:\/\/www.lanacion.com.ar\/resizer\/v2\/hector-laca-fundador-de-facyt-con-claudio-krenz-PGSSIZN3CBH2JHTGTCEKLUY4TU.jpeg?auth=ce177e8ad03f0722369f3ec896524362101a12bc260bcba6a74cf54df3b958a4&amp;width=420&amp;height=747&amp;quality=70&amp;smart=true\" width=\"1980\" alt=\"H\u00e9ctor Laca, fundador de Facyt con Claudio Krenz, el ganador del viaje al caribe\" height=\"3520\"><\/picture><\/div>\n<\/div><figcaption class=\"mod-figcaption\"><span class=\"com-text --caption --twoxs\">H\u00e9ctor Laca, fundador de Facyt con Claudio Krenz, el ganador del viaje al caribe<\/span><\/figcaption><\/figure>\n<\/section>\n<\/div>\n<p class=\"com-paragraph --s\">Primero aparecieron los <strong>100 litros de producto<\/strong>, que quedaron en manos de un <strong>peque\u00f1o productor santafesino<\/strong>. Despu\u00e9s lleg\u00f3 el turno del <strong>viaje al Caribe para dos personas<\/strong>. Ese resultado fue el que m\u00e1s sorprendi\u00f3 a Laca. El ganador proven\u00eda de la zona rural cercana a <strong>Nogoy\u00e1, a unos 20 kil\u00f3metros del lugar donde hab\u00eda nacido el propio empresario<\/strong>. Las lluvias en Entre R\u00edos lo hab\u00edan llevado a trasladarse hasta la ciudad un d\u00eda antes para poder emprender el viaje a C\u00f3rdoba y asistir a la fiesta. \u201c<strong>Nunca hab\u00eda ido al Caribe<\/strong>\u201d, cont\u00f3 Laca. Seg\u00fan relat\u00f3, los pasajes ya fueron gestionados.<\/p>\n<div class=\"ln-banner-container --no-app --caja9_mob\">\n<div id=\"caja9_mob\" class=\"ln-banner\" data-slot-group=\"nota\" data-device=\"mobile\" data-subscription=\"true\" data-ad-unit-path=\"\/133919216\/campo_mobile\/Nota\/caja9_mob\" data-targeting='{\"sitio\":\"lanacion\",\"seccion\":\"nota\"}' data-without-hide=\"true\" data-size=\"[[300,250],[320,50],[300,450],[1,1],[320,100]]\" data-sizemap=\"[]\" data-prebid-enabled=\"true\"><\/div>\n<\/div>\n<div id=\"fusion-static-enter:scriptJwVideoNote\" style=\"display:none\" data-fusion-component=\"scriptJwVideoNote\"><\/div>\n<p><script defer src=\"https:\/\/www.lanacion.com.ar\/pf\/resources\/js\/LN\/scriptJwVideoNote.min.js?d=2049\"><\/script><\/p>\n<div id=\"fusion-static-exit:scriptJwVideoNote\" style=\"display:none\" data-fusion-component=\"scriptJwVideoNote\"><\/div>\n<div id=\"fusion-static-enter:pRCN9qWt\" style=\"display:none\" data-fusion-component=\"pRCN9qWt\"><\/div>\n<div class=\"content-media cursor-pointer container-center-100\">\n<section class=\"media-container relative ratio-16-9 mod-media pb-32\">\n<figure class=\"mod-video\">\n<div class=\"video-player bg-black ratio-16-9\" data-has-jwplayer=\"true\" data-video-id-jw=\"pRCN9qWt\" data-config='{\"title\":\"Video Sorteo Camioneta (1)\",\"mediaId\":\"pRCN9qWt\",\"playerId\":\"ih0086X3\",\"playlist\":[{\"mediaid\":\"pRCN9qWt\",\"sources\":[{\"file\":\"https:\/\/cdn.jwplayer.com\/manifests\/pRCN9qWt.m3u8\",\"type\":\"application\/vnd.apple.mpegurl\"},{\"bitrate\":380623,\"file\":\"https:\/\/cdn.jwplayer.com\/videos\/pRCN9qWt-kTExGaWf.mp4\",\"filesize\":5185998,\"framerate\":30,\"height\":320,\"label\":\"180p\",\"type\":\"video\/mp4\",\"width\":180},{\"bitrate\":580313,\"file\":\"https:\/\/cdn.jwplayer.com\/videos\/pRCN9qWt-K8B0kybS.mp4\",\"filesize\":7906773,\"framerate\":30,\"height\":480,\"label\":\"270p\",\"type\":\"video\/mp4\",\"width\":270},{\"bitrate\":2041828,\"file\":\"https:\/\/cdn.jwplayer.com\/videos\/pRCN9qWt-46NIuRKO.mp4\",\"filesize\":27819915,\"framerate\":30,\"height\":1280,\"label\":\"720p\",\"type\":\"video\/mp4\",\"width\":720},{\"bitrate\":114098,\"file\":\"https:\/\/cdn.jwplayer.com\/videos\/pRCN9qWt-hz5z2Tv4.m4a\",\"filesize\":1554595,\"label\":\"AAC Audio\",\"type\":\"audio\/mp4\"},{\"bitrate\":3955404,\"file\":\"https:\/\/cdn.jwplayer.com\/videos\/pRCN9qWt-SomplJdm.mp4\",\"filesize\":53892391,\"framerate\":30,\"height\":1920,\"label\":\"1080p\",\"type\":\"video\/mp4\",\"width\":1080},{\"bitrate\":806664,\"file\":\"https:\/\/cdn.jwplayer.com\/videos\/pRCN9qWt-FnZGUVnC.mp4\",\"filesize\":10990801,\"framerate\":30,\"height\":640,\"label\":\"360p\",\"type\":\"video\/mp4\",\"width\":360},{\"bitrate\":1426329,\"file\":\"https:\/\/cdn.jwplayer.com\/videos\/pRCN9qWt-0G6Pwvlw.mp4\",\"filesize\":19433746,\"framerate\":30,\"height\":960,\"label\":\"540p\",\"type\":\"video\/mp4\",\"width\":540}]}],\"hasAutoplay\":false,\"autostart\":true,\"tagsUrl\":\"https:\/\/pubads.g.doubleclick.net\/gampad\/ads?slotname=\/133919216\/la_nacion_video\/nota\/preroll&amp;sz=640x480|400x300&amp;ciu_szs=300x250&amp;unviewed_position_start=1&amp;output=vast&amp;impl=s&amp;env=vp&amp;gdfp_req=1&amp;ad_rule=0&amp;vad_type=linear&amp;vpos=preroll&amp;cust_params=tags_nuevos%3Dte_actualidad_economica%2Cte_actualidad%2Cte_comunidad_de_negocios%2Cte_inversiones%2Cte_fertilizantes%2Cca_campo%2Cca_economia%2Cau_belkis_martinez%2CUZDDZP2O2ZAKHHGUP2B5TGPT34&amp;pod=3&amp;ppos=1&amp;lip=true&amp;min_ad_duration=0&amp;max_ad_duration=30000&amp;vrid=6256&amp;url=https%3A%2F%2Fwww.lanacion.com.ar%2Feconomia%2Fcampo%2Fun-empresario-invirtio-mas-de-us10-millones-en-una-fabrica-y-sorprendio-a-3000-personas-con-una-nid04092026%2F%3Fvariant%3DA&amp;description_url=https%3A%2F%2Fwww.lanacion.com.ar%2Feconomia%2Fcampo%2Fun-empresario-invirtio-mas-de-us10-millones-en-una-fabrica-y-sorprendio-a-3000-personas-con-una-nid04092026%2F%3Fvariant%3DA&amp;video_doc_id=short_onecue&amp;cmsid=496&amp;kfa=0&amp;tfcd=0&amp;correlator=1788568127667\",\"arcSite\":\"la-nacion-ar\",\"duration\":\"109000\"}'>\n<div id=\"facade-pRCN9qWt\" class=\"content-facade-jw relative bg-black ratio-16-9\">\n<div id=\"button-play\" class=\"absolute flex w-100 h-100 jc-center ai-center z-15\"><svg width=\"64\" height=\"64\" viewbox=\"0 0 64 64\" fill=\"none\" xmlns=\"http:\/\/www.w3.org\/2000\/svg\" class=\"relative z-15\"><g opacity=\"0.65\"><rect width=\"64\" height=\"64\" rx=\"32\" fill=\"#1C1C1F\"><\/rect><path d=\"M41.8347 32.5547L27.7027 41.976C27.6023 42.0428 27.4857 42.0811 27.3652 42.0869C27.2448 42.0927 27.125 42.0656 27.0187 42.0087C26.9124 41.9518 26.8235 41.8671 26.7615 41.7637C26.6995 41.6602 26.6667 41.5419 26.6667 41.4213V22.5787C26.6667 22.4581 26.6995 22.3398 26.7615 22.2363C26.8235 22.1329 26.9124 22.0482 27.0187 21.9913C27.125 21.9344 27.2448 21.9074 27.3652 21.9131C27.4857 21.9189 27.6023 21.9572 27.7027 22.024L41.8347 31.4453C41.926 31.5062 42.0009 31.5887 42.0526 31.6855C42.1044 31.7822 42.1315 31.8903 42.1315 32C42.1315 32.1098 42.1044 32.2178 42.0526 32.3146C42.0009 32.4113 41.926 32.4938 41.8347 32.5547V32.5547Z\" fill=\"#FEFEFE\"><\/path><\/g><\/svg><\/div>\n<picture><source media=\"(max-width: 767px)\" srcset=\"https:\/\/www.lanacion.com.ar\/resizer\/v2\/https%3A%2F%2Fcdn.jwplayer.com%2Fv2%2Fmedia%2FpRCN9qWt%2Fposter.jpg%3Fwidth%3D720?auth=8ff89474ca2bf3aacedb2d960942eb1f505490b327d2acbecb85200251e067c8&amp;width=480&amp;quality=70&amp;smart=false\"><\/source><img class=\"image com-image flex --cover\" decoding=\"async\" fetchpriority=\"low\" loading=\"lazy\" src=\"https:\/\/www.lanacion.com.ar\/resizer\/v2\/https%3A%2F%2Fcdn.jwplayer.com%2Fv2%2Fmedia%2FpRCN9qWt%2Fposter.jpg%3Fwidth%3D720?auth=8ff89474ca2bf3aacedb2d960942eb1f505490b327d2acbecb85200251e067c8&amp;width=720&amp;quality=70&amp;smart=false\" alt=\"Video Sorteo Camioneta (1)\"><\/picture><\/div>\n<div id=\"pRCN9qWt\"><\/div>\n<\/div><figcaption class=\"border border-1 border-bottom border-light-300 relative px-16 py-8 min-h-36 w-100_md px-0_l mb-8 bg-white\"><span class=\"text ln-text text-16 block\">Video Sorteo Camioneta (1)<\/span><\/figcaption><\/figure>\n<p><script type=\"application\/ld+json\">{\n  \"@context\": \"https:\/\/schema.org\",\n  \"@type\": \"VideoObject\",\n  \"name\": \"LA NACION - Noticia\",\n  \"description\": \"Video publicado el 04\/09\/2026 por LA NACION\",\n  \"thumbnailUrl\": [\n    \"https:\/\/www.lanacion.com.ar\/resizer\/v2\/https%3A%2F%2Fcdn.jwplayer.com%2Fv2%2Fmedia%2FpRCN9qWt%2Fposter.jpg%3Fwidth%3D720?auth=8ff89474ca2bf3aacedb2d960942eb1f505490b327d2acbecb85200251e067c8&width=720&quality=70&smart=false\"\n  ],\n  \"uploadDate\": \"2026-09-04T21:45:21Z\",\n  \"embedUrl\": \"https:\/\/cdn.jwplayer.com\/videos\/pRCN9qWt-kTExGaWf.mp4\",\n  \"duration\": \"PT1M49S\"\n}<\/script><\/section>\n<\/div>\n<div id=\"fusion-static-exit:pRCN9qWt\" style=\"display:none\" data-fusion-component=\"pRCN9qWt\"><\/div>\n<p class=\"com-paragraph --s\"><strong>La Ford Ranger 0 km qued\u00f3 para Leoncio Alvarez, un productor de Am\u00e9rica, provincia de Buenos Aires<\/strong>, cliente de<strong> Facyt desde hace a\u00f1os<\/strong>. La empresa hab\u00eda anunciado p\u00fablicamente meses antes que <strong>la camioneta ser\u00eda el primer premio de la promoci\u00f3n y que el segundo ser\u00eda el viaje para dos personas al Caribe<\/strong>.<\/p>\n<p class=\"com-paragraph --s\">\u201c<strong>Poder hoy ayudar a sacarle una sonrisa a la gente me produce una alegr\u00eda<\/strong>\u201d, se\u00f1al\u00f3. A sus ojos, la fiesta y los premios fueron tambi\u00e9n una forma de agradecer a una cartera de m\u00e1s de <strong>3000 clientes <\/strong>que acompa\u00f1\u00f3 el crecimiento de la compa\u00f1\u00eda. \u201c<strong>Cuando dicen que hay crisis, yo invierto; cuando todos se guardan, yo salgo. <\/strong>Tengo m\u00e1s de 100 Ferrari en tecnolog\u00eda\u201d, sintetiz\u00f3. <strong>La<\/strong><em><strong> Purosangue <\/strong><\/em><strong>cont\u00f3 lo \u201cexpuso en el buen sentido\u201d.<\/strong><\/p>\n<div id=\"fusion-static-enter:scriptJwVideoNote\" style=\"display:none\" data-fusion-component=\"scriptJwVideoNote\"><\/div>\n<p><script defer src=\"https:\/\/www.lanacion.com.ar\/pf\/resources\/js\/LN\/scriptJwVideoNote.min.js?d=2049\"><\/script><\/p>\n<div id=\"fusion-static-exit:scriptJwVideoNote\" style=\"display:none\" data-fusion-component=\"scriptJwVideoNote\"><\/div>\n<div id=\"fusion-static-enter:d045544W\" style=\"display:none\" data-fusion-component=\"d045544W\"><\/div>\n<div class=\"content-media cursor-pointer container-center-100\">\n<section class=\"media-container relative ratio-16-9 mod-media pb-32\">\n<figure class=\"mod-video\">\n<div class=\"video-player bg-black ratio-16-9\" data-has-jwplayer=\"true\" data-video-id-jw=\"d045544W\" data-config='{\"title\":\"El sorteo del viaje al caribe\",\"mediaId\":\"d045544W\",\"playerId\":\"ih0086X3\",\"playlist\":[{\"mediaid\":\"d045544W\",\"sources\":[{\"file\":\"https:\/\/cdn.jwplayer.com\/manifests\/d045544W.m3u8\",\"type\":\"application\/vnd.apple.mpegurl\"},{\"bitrate\":376492,\"file\":\"https:\/\/cdn.jwplayer.com\/videos\/d045544W-kTExGaWf.mp4\",\"filesize\":1929523,\"framerate\":30,\"height\":320,\"label\":\"180p\",\"type\":\"video\/mp4\",\"width\":180},{\"bitrate\":586729,\"file\":\"https:\/\/cdn.jwplayer.com\/videos\/d045544W-K8B0kybS.mp4\",\"filesize\":3006987,\"framerate\":30,\"height\":480,\"label\":\"270p\",\"type\":\"video\/mp4\",\"width\":270},{\"bitrate\":2155784,\"file\":\"https:\/\/cdn.jwplayer.com\/videos\/d045544W-46NIuRKO.mp4\",\"filesize\":11048396,\"framerate\":30,\"height\":1280,\"label\":\"720p\",\"type\":\"video\/mp4\",\"width\":720},{\"bitrate\":116085,\"file\":\"https:\/\/cdn.jwplayer.com\/videos\/d045544W-hz5z2Tv4.m4a\",\"filesize\":594937,\"label\":\"AAC Audio\",\"type\":\"audio\/mp4\"},{\"bitrate\":4120580,\"file\":\"https:\/\/cdn.jwplayer.com\/videos\/d045544W-SomplJdm.mp4\",\"filesize\":21117976,\"framerate\":30,\"height\":1920,\"label\":\"1080p\",\"type\":\"video\/mp4\",\"width\":1080},{\"bitrate\":828068,\"file\":\"https:\/\/cdn.jwplayer.com\/videos\/d045544W-FnZGUVnC.mp4\",\"filesize\":4243849,\"framerate\":30,\"height\":640,\"label\":\"360p\",\"type\":\"video\/mp4\",\"width\":360},{\"bitrate\":1483316,\"file\":\"https:\/\/cdn.jwplayer.com\/videos\/d045544W-0G6Pwvlw.mp4\",\"filesize\":7601996,\"framerate\":30,\"height\":960,\"label\":\"540p\",\"type\":\"video\/mp4\",\"width\":540}]}],\"hasAutoplay\":false,\"autostart\":true,\"tagsUrl\":\"https:\/\/pubads.g.doubleclick.net\/gampad\/ads?slotname=\/133919216\/la_nacion_video\/nota\/preroll&amp;sz=640x480|400x300&amp;ciu_szs=300x250&amp;unviewed_position_start=1&amp;output=vast&amp;impl=s&amp;env=vp&amp;gdfp_req=1&amp;ad_rule=0&amp;vad_type=linear&amp;vpos=preroll&amp;cust_params=tags_nuevos%3Dte_actualidad_economica%2Cte_actualidad%2Cte_comunidad_de_negocios%2Cte_inversiones%2Cte_fertilizantes%2Cca_campo%2Cca_economia%2Cau_belkis_martinez%2CUZDDZP2O2ZAKHHGUP2B5TGPT34&amp;pod=3&amp;ppos=1&amp;lip=true&amp;min_ad_duration=0&amp;max_ad_duration=30000&amp;vrid=6256&amp;url=https%3A%2F%2Fwww.lanacion.com.ar%2Feconomia%2Fcampo%2Fun-empresario-invirtio-mas-de-us10-millones-en-una-fabrica-y-sorprendio-a-3000-personas-con-una-nid04092026%2F%3Fvariant%3DA&amp;description_url=https%3A%2F%2Fwww.lanacion.com.ar%2Feconomia%2Fcampo%2Fun-empresario-invirtio-mas-de-us10-millones-en-una-fabrica-y-sorprendio-a-3000-personas-con-una-nid04092026%2F%3Fvariant%3DA&amp;video_doc_id=short_onecue&amp;cmsid=496&amp;kfa=0&amp;tfcd=0&amp;correlator=1788568127667\",\"arcSite\":\"la-nacion-ar\",\"duration\":\"41000\"}'>\n<div id=\"facade-d045544W\" class=\"content-facade-jw relative bg-black ratio-16-9\">\n<div id=\"button-play\" class=\"absolute flex w-100 h-100 jc-center ai-center z-15\"><svg width=\"64\" height=\"64\" viewbox=\"0 0 64 64\" fill=\"none\" xmlns=\"http:\/\/www.w3.org\/2000\/svg\" class=\"relative z-15\"><g opacity=\"0.65\"><rect width=\"64\" height=\"64\" rx=\"32\" fill=\"#1C1C1F\"><\/rect><path d=\"M41.8347 32.5547L27.7027 41.976C27.6023 42.0428 27.4857 42.0811 27.3652 42.0869C27.2448 42.0927 27.125 42.0656 27.0187 42.0087C26.9124 41.9518 26.8235 41.8671 26.7615 41.7637C26.6995 41.6602 26.6667 41.5419 26.6667 41.4213V22.5787C26.6667 22.4581 26.6995 22.3398 26.7615 22.2363C26.8235 22.1329 26.9124 22.0482 27.0187 21.9913C27.125 21.9344 27.2448 21.9074 27.3652 21.9131C27.4857 21.9189 27.6023 21.9572 27.7027 22.024L41.8347 31.4453C41.926 31.5062 42.0009 31.5887 42.0526 31.6855C42.1044 31.7822 42.1315 31.8903 42.1315 32C42.1315 32.1098 42.1044 32.2178 42.0526 32.3146C42.0009 32.4113 41.926 32.4938 41.8347 32.5547V32.5547Z\" fill=\"#FEFEFE\"><\/path><\/g><\/svg><\/div>\n<picture><source media=\"(max-width: 767px)\" srcset=\"https:\/\/www.lanacion.com.ar\/resizer\/v2\/https%3A%2F%2Fcdn.jwplayer.com%2Fv2%2Fmedia%2Fd045544W%2Fposter.jpg%3Fwidth%3D720?auth=e20f4408827f6b0d31171bbdc5807a0973c6ee0ef96bd9ff471f40bb3001ddbe&amp;width=480&amp;quality=70&amp;smart=false\"><\/source><img class=\"image com-image flex --cover\" decoding=\"async\" fetchpriority=\"low\" loading=\"lazy\" src=\"https:\/\/www.lanacion.com.ar\/resizer\/v2\/https%3A%2F%2Fcdn.jwplayer.com%2Fv2%2Fmedia%2Fd045544W%2Fposter.jpg%3Fwidth%3D720?auth=e20f4408827f6b0d31171bbdc5807a0973c6ee0ef96bd9ff471f40bb3001ddbe&amp;width=720&amp;quality=70&amp;smart=false\" alt=\"El sorteo del viaje al caribe\"><\/picture><\/div>\n<div id=\"d045544W\"><\/div>\n<\/div><figcaption class=\"border border-1 border-bottom border-light-300 relative px-16 py-8 min-h-36 w-100_md px-0_l mb-8 bg-white\"><span class=\"text ln-text text-16 block\">El sorteo del viaje al caribe<\/span><\/figcaption><\/figure>\n<p><script type=\"application\/ld+json\">{\n  \"@context\": \"https:\/\/schema.org\",\n  \"@type\": \"VideoObject\",\n  \"name\": \"LA NACION - Noticia\",\n  \"description\": \"Video publicado el 04\/09\/2026 por LA NACION\",\n  \"thumbnailUrl\": [\n    \"https:\/\/www.lanacion.com.ar\/resizer\/v2\/https%3A%2F%2Fcdn.jwplayer.com%2Fv2%2Fmedia%2Fd045544W%2Fposter.jpg%3Fwidth%3D720?auth=e20f4408827f6b0d31171bbdc5807a0973c6ee0ef96bd9ff471f40bb3001ddbe&width=720&quality=70&smart=false\"\n  ],\n  \"uploadDate\": \"2026-09-04T21:45:53Z\",\n  \"embedUrl\": \"https:\/\/cdn.jwplayer.com\/videos\/d045544W-kTExGaWf.mp4\",\n  \"duration\": \"PT0M41S\"\n}<\/script><\/section>\n<\/div>\n<div id=\"fusion-static-exit:d045544W\" style=\"display:none\" data-fusion-component=\"d045544W\"><\/div>\n<div class=\"ln-banner-container --no-app --caja5_mob\">\n<div id=\"caja5_mob\" class=\"ln-banner\" data-slot-group=\"nota\" data-device=\"mobile\" data-subscription=\"false\" data-ad-unit-path=\"\/133919216\/campo_mobile\/Nota\/caja5_mob\" data-targeting='{\"sitio\":\"lanacion\",\"seccion\":\"nota\"}' data-without-hide=\"true\" data-size='[[320,100],[300,250],[1,1],[\" fluid\"]]' data-sizemap=\"[]\" data-prebid-enabled=\"true\"><\/div>\n<\/div>\n<div data-fusion-lazy-id=\"f0fLHi7Wfcy22C4\"><\/div>\n<div class=\"ln-banner-container --no-app --middle_3_dsk\">\n<div id=\"middle_3_dsk\" class=\"ln-banner\" data-slot-group=\"nota\" data-device=\"desktop\" data-subscription=\"true\" data-ad-unit-path=\"\/133919216\/campo_desktop\/Nota\/middle_3_dsk\" data-targeting='{\"sitio\":\"lanacion\",\"seccion\":\"nota\"}' data-without-hide=\"true\" data-size=\"[[1,1],[728,90],[640,360],[728,360]]\" data-sizemap=\"[]\" data-prebid-enabled=\"true\"><\/div>\n<\/div>\n<\/div>\n","protected":false},"excerpt":{"rendered":"<p>El viernes pasado, unas 3000 personas llegaron hasta Laguna Larga, C\u00f3rdoba, para participar de una celebraci\u00f3n poco habitual para la inauguraci\u00f3n de una f\u00e1brica. Hubo asado, m\u00fasica, productores llegados desde distintos puntos del pa\u00eds y tres premios que se fueron sorteando de menor a mayor: primero, 100 litros de un producto para el campo; despu\u00e9s, [&hellip;]<\/p>\n","protected":false},"author":1,"featured_media":25118,"comment_status":"open","ping_status":"open","sticky":false,"template":"","format":"standard","meta":{"footnotes":""},"categories":[1],"tags":[],"class_list":["post-25117","post","type-post","status-publish","format-standard","has-post-thumbnail","hentry","category-uncategorized"],"_links":{"self":[{"href":"https:\/\/cliente1.publisher.highstack.com.ar\/index.php?rest_route=\/wp\/v2\/posts\/25117","targetHints":{"allow":["GET"]}}],"collection":[{"href":"https:\/\/cliente1.publisher.highstack.com.ar\/index.php?rest_route=\/wp\/v2\/posts"}],"about":[{"href":"https:\/\/cliente1.publisher.highstack.com.ar\/index.php?rest_route=\/wp\/v2\/types\/post"}],"author":[{"embeddable":true,"href":"https:\/\/cliente1.publisher.highstack.com.ar\/index.php?rest_route=\/wp\/v2\/users\/1"}],"replies":[{"embeddable":true,"href":"https:\/\/cliente1.publisher.highstack.com.ar\/index.php?rest_route=%2Fwp%2Fv2%2Fcomments&post=25117"}],"version-history":[{"count":0,"href":"https:\/\/cliente1.publisher.highstack.com.ar\/index.php?rest_route=\/wp\/v2\/posts\/25117\/revisions"}],"wp:featuredmedia":[{"embeddable":true,"href":"https:\/\/cliente1.publisher.highstack.com.ar\/index.php?rest_route=\/wp\/v2\/media\/25118"}],"wp:attachment":[{"href":"https:\/\/cliente1.publisher.highstack.com.ar\/index.php?rest_route=%2Fwp%2Fv2%2Fmedia&parent=25117"}],"wp:term":[{"taxonomy":"category","embeddable":true,"href":"https:\/\/cliente1.publisher.highstack.com.ar\/index.php?rest_route=%2Fwp%2Fv2%2Fcategories&post=25117"},{"taxonomy":"post_tag","embeddable":true,"href":"https:\/\/cliente1.publisher.highstack.com.ar\/index.php?rest_route=%2Fwp%2Fv2%2Ftags&post=25117"}],"curies":[{"name":"wp","href":"https:\/\/api.w.org\/{rel}","templated":true}]}}