{"id":25112,"date":"2026-09-04T20:58:44","date_gmt":"2026-09-04T23:58:44","guid":{"rendered":"https:\/\/cliente1.publisher.highstack.com.ar\/?p=25112"},"modified":"2026-09-04T20:58:44","modified_gmt":"2026-09-04T23:58:44","slug":"la-visita-de-leon-xiv-el-intendente-de-lujan-da-por-hecho-que-habra-feriado-nacional-para-facilitar-la-participacion-de-la-gente","status":"publish","type":"post","link":"https:\/\/cliente1.publisher.highstack.com.ar\/?p=25112","title":{"rendered":"La visita de Le\u00f3n XIV. El intendente de Luj\u00e1n da por hecho que habr\u00e1 feriado nacional para facilitar la participaci\u00f3n de la gente"},"content":{"rendered":"<section id=\"cuerpo__nota\" class=\"cuerpo__nota\">\n<div class=\"row\">\n<div class=\"col-12 col-desksm-1\">\n<div class=\"mod-share-container --no-app py-12 mb-16 mb-0_l sticky float-l_l z-101 transition transition-all transition-duration-250 top-73_min1024\">\n<div class=\"mod-share flex flex-column mb-0 p-0_l gap-24\"><\/div>\n<\/div>\n<\/div>\n<div class=\"col-deskxl-10 offset-deskxl-1 col-desksm-11\">\n<div class=\"row\">\n<div class=\"col-12\">\n<p class=\"com-paragraph --capital --s text-left\">LA PLATA.- La visita de <strong>Le\u00f3n XIV<\/strong> a la Bas\u00edlica de<strong> Luj\u00e1n, <\/strong>el mi\u00e9rcoles 11 de noviembre, supone<strong> una movilizaci\u00f3n de un mill\u00f3n a dos millones de personas, 10.000 agentes de seguridad <\/strong>y acampes desde los d\u00edas previos en las inmediaciones del principal santuario del pa\u00eds. <\/p>\n<p class=\"com-paragraph --s text-left\">\u201cDescontamos que <strong>habr\u00e1 feriado nacional<\/strong> para que se pueda movilizar gente de todo el pa\u00eds\u201d, anticip\u00f3 el intendente de Luj\u00e1n,<strong> Leonardo Boto, <\/strong>quien trabaja en forma coordinada con autoridades nacionales, de la provincia de Buenos Aires y de la Iglesia para <strong>cerrar detalles log\u00edsticos del operativo de seguridad.<\/strong><\/p>\n<p class=\"com-paragraph --s text-left\">En la misma l\u00ednea, la secretaria general de la Presidencia, <strong>Karina Milei<\/strong>, se reuni\u00f3 con el ministro de Gobierno bonaerense, <strong>Carlos Bianco<\/strong>. En tanto una avanzada del Vaticano lleg\u00f3 a Luj\u00e1n la semana que termina para recorrer las instalaciones junto a autoridades de la Conferencia Episcopal Argentina. <\/p>\n<p class=\"com-paragraph --s text-left\">Tras las reuniones y recorridas por los sitios que visitar\u00eda el pont\u00edfice, el intendente de Luj\u00e1n dijo a <strong>LA NACION <\/strong>que la seguridad y la circulaci\u00f3n son los mayores desaf\u00edos: \u201c<strong>Luj\u00e1n es un embudo, un nudo entre autopistas y rutas. Hay que tomar muchas precauciones para que la circulaci\u00f3n no colapse<\/strong>\u201d, adelant\u00f3 el alcalde.<\/p>\n<p class=\"com-paragraph --s text-left\">El escenario principal donde se levantar\u00e1 el alyat para que Le\u00f3n XIV celebre la misa se instalar\u00e1<strong> frente a la Bas\u00edlica de Luj\u00e1n,<\/strong> que estar\u00e1 cerrada a los visitantes desde el d\u00eda anterior. <\/p>\n<div class=\"content-media\">\n<section role=\"button\" class=\"mod-media   \">\n<figure role=\"button\" tabindex=\"0\" class=\"mod-figure \">\n<div class=\"placeholder \">\n<div class=\"com-image\"><picture><source media=\"(min-width: 768px)\" srcset=\"https:\/\/www.lanacion.com.ar\/resizer\/v2\/basilica-de-lujan-previa-a-la-llegada-del-papa-K6GQW3P6UFEWFJLAEU2YXFUW64.JPG?auth=e378fd0ce7bd96cdf2ad13552f7c59cc9e8f00aa68c19dc4d6cf47511b7a01a5&amp;width=780&amp;height=520&amp;quality=70&amp;smart=true\"><\/source><img class=\"image com-image flex --cover\" decoding=\"async\" fetchpriority=\"low\" loading=\"lazy\" src=\"https:\/\/www.lanacion.com.ar\/resizer\/v2\/basilica-de-lujan-previa-a-la-llegada-del-papa-K6GQW3P6UFEWFJLAEU2YXFUW64.JPG?auth=e378fd0ce7bd96cdf2ad13552f7c59cc9e8f00aa68c19dc4d6cf47511b7a01a5&amp;width=420&amp;height=280&amp;quality=70&amp;smart=true\" width=\"6000\" alt=\"Basilica de lujan , previa a la llegada del Papa Leon XIV\" height=\"4000\"><\/picture><\/div>\n<\/div><figcaption class=\"mod-figcaption\"><span class=\"com-text --caption --twoxs\">Basilica de lujan , previa a la llegada del Papa Leon XIV<\/span><span class=\"com-text --credit --twoxs\">Ricardo Pristupluk <\/span><\/figcaption><\/figure>\n<\/section>\n<\/div>\n<p class=\"com-paragraph --s text-left\">Desde all\u00ed se proyectar\u00e1 un corredor de dos kil\u00f3metros sobre la avenida Belgrano hasta la autopista, donde se congregar\u00e1 la multitud.<\/p>\n<p class=\"com-paragraph --s text-left\">Se espera que los j\u00f3venes acampen al aire libre desde la jornada anterior, por lo que las autoridades prev\u00e9n una <strong>vigilia al aire libre<\/strong>, al menos, desde 24 horas antes. <\/p>\n<p class=\"com-paragraph --s text-left\">\u201cEst\u00e1 llamando gente desde Bariloche, Mendoza, Entre R\u00edos, Neuqu\u00e9n. <a href=\"https:\/\/www.instagram.com\/reels\/Dc3TvVsR32o\/\" target=\"_blank\" title=\"https:\/\/www.instagram.com\/reels\/Dc3TvVsR32o\/\" class=\"com-link break-word\" data-mrf-recirculation=\"n_link_parrafo\" rel=\"nofollow\">Descontamos que el gobierno nacional decretar\u00e1 feriado, para poder facilitar el movimiento de personas que buscan acercarse<\/a>\u201d, dijo Boto, un alcalde aliado a M\u00e1ximo Kirchner.<\/p>\n<p class=\"com-paragraph --s text-left\">\u201cSer\u00e1 una de las convocatorias m\u00e1s importantes de la historia de Luj\u00e1n. Empezamos a trabajar sobre el territorio, sobre la log\u00edstica\u201d, dijo Boto. Y precis\u00f3 que en el operativo de Seguridad trabajan la Guardia Suiza del Vaticano, la Polic\u00eda Federal, la Gendarmer\u00eda, la Polic\u00eda bonaerense y Defensa Civil, para coordinar los anillos de seguridad y la circulaci\u00f3n.<\/p>\n<p class=\"com-paragraph --s text-left\">La \u00faltima visita de un Papa a Luj\u00e1n tuvo lugar hace 44 a\u00f1os. Juan Pablo II celebr\u00f3 misa en este santuario en junio de 1982, durante los \u00faltimos d\u00edas de la Guerra de Malvinas. <\/p>\n<div class=\"content-media\">\n<section role=\"button\" class=\"mod-media   \">\n<figure role=\"button\" tabindex=\"0\" class=\"mod-figure \">\n<div class=\"placeholder \">\n<div class=\"com-image\"><picture><source media=\"(min-width: 768px)\" srcset=\"https:\/\/www.lanacion.com.ar\/resizer\/v2\/basilica-de-lujan-previa-a-la-llegada-del-papa-C4HDUTZKFNAVHINOFYIWKF6CZE.JPG?auth=a80559a8bc1054c5b117f8beeda833d17e74ead34e048dfc81f36b8637c3bda3&amp;width=780&amp;height=520&amp;quality=70&amp;smart=true\"><\/source><img class=\"image com-image flex --cover\" decoding=\"async\" fetchpriority=\"low\" loading=\"lazy\" src=\"https:\/\/www.lanacion.com.ar\/resizer\/v2\/basilica-de-lujan-previa-a-la-llegada-del-papa-C4HDUTZKFNAVHINOFYIWKF6CZE.JPG?auth=a80559a8bc1054c5b117f8beeda833d17e74ead34e048dfc81f36b8637c3bda3&amp;width=420&amp;height=280&amp;quality=70&amp;smart=true\" width=\"6000\" alt=\"Basilica de lujan , previa a la llegada del Papa Leon XIV\" height=\"4000\"><\/picture><\/div>\n<\/div><figcaption class=\"mod-figcaption\"><span class=\"com-text --caption --twoxs\">Basilica de lujan , previa a la llegada del Papa Leon XIV<\/span><span class=\"com-text --credit --twoxs\">Ricardo Pristupluk <\/span><\/figcaption><\/figure>\n<\/section>\n<\/div>\n<p class=\"com-paragraph --s text-left\">El arzobispo de Mercedes-Luj\u00e1n, monse\u00f1or <strong>Jorge Eduardo Scheining<\/strong> viaj\u00f3 recientemente al Vaticano y se reuni\u00f3 con Le\u00f3n XIV para coordinar detalles de la celebraci\u00f3n y llevar el saludo de la arquidi\u00f3cesis.<\/p>\n<p class=\"com-paragraph --s text-left\">El gobernador <strong>Axel Kicillof<\/strong> recibir\u00e1 al Papa, seg\u00fan marca el protocolo, afirm\u00f3 Boto. En la gobernaci\u00f3n se confirm\u00f3 que el mandatario provincial estar\u00e1 en Luj\u00e1n, pero no se inform\u00f3 sobre un encuentro privado a solas con Le\u00f3n XIV.<\/p>\n<div class=\"content-media\">\n<section role=\"button\" class=\"mod-media   \">\n<figure role=\"button\" tabindex=\"0\" class=\"mod-figure \">\n<div class=\"placeholder \">\n<div class=\"com-image\"><picture><source media=\"(min-width: 768px)\" srcset=\"https:\/\/www.lanacion.com.ar\/resizer\/v2\/el-intendente-de-lujan-leonardo-boto-y-el-CINRG7TKW5EWJMDCBX2E4LZICA.jpg?auth=26ff8aa08595f22d979d94d5fa412220145bad8c903de14695e4b99f442d3f6b&amp;width=780&amp;height=585&amp;quality=70&amp;smart=true\"><\/source><img class=\"image com-image flex --cover\" decoding=\"async\" fetchpriority=\"low\" loading=\"lazy\" src=\"https:\/\/www.lanacion.com.ar\/resizer\/v2\/el-intendente-de-lujan-leonardo-boto-y-el-CINRG7TKW5EWJMDCBX2E4LZICA.jpg?auth=26ff8aa08595f22d979d94d5fa412220145bad8c903de14695e4b99f442d3f6b&amp;width=420&amp;height=315&amp;quality=70&amp;smart=true\" width=\"5712\" alt=\"El intendente de Luj\u00e1n, Leonardo Boto y el Arzobispo de Mercedes Luj\u00e1n, Jorge Scheining\" height=\"4284\"><\/picture><\/div>\n<\/div><figcaption class=\"mod-figcaption\"><span class=\"com-text --caption --twoxs\">El intendente de Luj\u00e1n, Leonardo Boto y el Arzobispo de Mercedes Luj\u00e1n, Jorge Scheining<\/span><\/figcaption><\/figure>\n<\/section>\n<\/div>\n<p class=\"com-paragraph --s text-left\">El gobernador convoc\u00f3 esta semana a una reuni\u00f3n de trabajo, junto a la jefa de asesores, <strong>Cristina \u00c1lvarez Rodr\u00edguez; el ministro de Seguridad, Javier Alonso,<\/strong> intendentes, ministros y representantes de la iglesia; para coordinar las tareas de apoyo.<\/p>\n<p class=\"com-paragraph --s text-left\">Tras ese encuentro comenz\u00f3 a tomar volumen el pedido para que <strong>el gobierno nacional decrete un feriado<\/strong>, por razones operativas. \u201cLo ideal es que sea feriado, pero es una decisi\u00f3n del gobierno nacional\u201d, dijo el ministro de Seguridad al t\u00e9rmino del encuentro.<\/p>\n<div class=\"content-media\">\n<section role=\"button\" class=\"mod-media   \">\n<figure role=\"button\" tabindex=\"0\" class=\"mod-figure \">\n<div class=\"placeholder \">\n<div class=\"com-image\"><picture><source media=\"(min-width: 768px)\" srcset=\"https:\/\/www.lanacion.com.ar\/resizer\/v2\/kicillof-reunio-a-los-sectores-involucrados-en-ALRQLJMMCRAAHA3T2TPXPW4EYI.jpg?auth=299a458cda7abf321ce3aea72e1debd15e643441f1565f5473a38440ad150692&amp;width=780&amp;height=520&amp;quality=70&amp;smart=true\"><\/source><img class=\"image com-image flex --cover\" decoding=\"async\" fetchpriority=\"low\" loading=\"lazy\" src=\"https:\/\/www.lanacion.com.ar\/resizer\/v2\/kicillof-reunio-a-los-sectores-involucrados-en-ALRQLJMMCRAAHA3T2TPXPW4EYI.jpg?auth=299a458cda7abf321ce3aea72e1debd15e643441f1565f5473a38440ad150692&amp;width=420&amp;height=280&amp;quality=70&amp;smart=true\" width=\"6000\" alt=\"Kicillof reuni\u00f3 a los sectores involucrados en recibir a Le\u00f3n XIV en la provincia de Buenos Aires.\" height=\"4000\"><\/picture><\/div>\n<\/div><figcaption class=\"mod-figcaption\"><span class=\"com-text --caption --twoxs\">Kicillof reuni\u00f3 a los sectores involucrados en recibir a Le\u00f3n XIV en la provincia de Buenos Aires.<\/span><\/figcaption><\/figure>\n<\/section>\n<\/div>\n<p class=\"com-paragraph --s text-left\">\u201cAsumimos esta tarea con <strong>un compromiso y una responsabilidad gigantesca, <\/strong>poniendo a disposici\u00f3n para la organizaci\u00f3n todas las \u00e1reas del Gobierno bonaerense\u201d, sostuvo Kicillof. <\/p>\n<p class=\"com-paragraph --s text-left\">Los organizadores prev\u00e9n que se corte la circulaci\u00f3n vehicular en Luj\u00e1n desde 24 horas antes, para evitar colapsos en el tr\u00e1nsito.<\/p>\n<div data-fusion-lazy-id=\"f0fLHi7Wfcy22C4\"><\/div>\n<\/div>\n<\/div>\n<\/div>\n<\/div>\n<\/section>\n<p><script async src=\"\/\/www.instagram.com\/embed.js\"><\/script><br \/><\/p>\n","protected":false},"excerpt":{"rendered":"<p>LA PLATA.- La visita de Le\u00f3n XIV a la Bas\u00edlica de Luj\u00e1n, el mi\u00e9rcoles 11 de noviembre, supone una movilizaci\u00f3n de un mill\u00f3n a dos millones de personas, 10.000 agentes de seguridad y acampes desde los d\u00edas previos en las inmediaciones del principal santuario del pa\u00eds. \u201cDescontamos que habr\u00e1 feriado nacional para que se pueda [&hellip;]<\/p>\n","protected":false},"author":1,"featured_media":25113,"comment_status":"open","ping_status":"open","sticky":false,"template":"","format":"standard","meta":{"footnotes":""},"categories":[1],"tags":[4],"class_list":["post-25112","post","type-post","status-publish","format-standard","has-post-thumbnail","hentry","category-uncategorized","tag-entre-rios"],"_links":{"self":[{"href":"https:\/\/cliente1.publisher.highstack.com.ar\/index.php?rest_route=\/wp\/v2\/posts\/25112","targetHints":{"allow":["GET"]}}],"collection":[{"href":"https:\/\/cliente1.publisher.highstack.com.ar\/index.php?rest_route=\/wp\/v2\/posts"}],"about":[{"href":"https:\/\/cliente1.publisher.highstack.com.ar\/index.php?rest_route=\/wp\/v2\/types\/post"}],"author":[{"embeddable":true,"href":"https:\/\/cliente1.publisher.highstack.com.ar\/index.php?rest_route=\/wp\/v2\/users\/1"}],"replies":[{"embeddable":true,"href":"https:\/\/cliente1.publisher.highstack.com.ar\/index.php?rest_route=%2Fwp%2Fv2%2Fcomments&post=25112"}],"version-history":[{"count":0,"href":"https:\/\/cliente1.publisher.highstack.com.ar\/index.php?rest_route=\/wp\/v2\/posts\/25112\/revisions"}],"wp:featuredmedia":[{"embeddable":true,"href":"https:\/\/cliente1.publisher.highstack.com.ar\/index.php?rest_route=\/wp\/v2\/media\/25113"}],"wp:attachment":[{"href":"https:\/\/cliente1.publisher.highstack.com.ar\/index.php?rest_route=%2Fwp%2Fv2%2Fmedia&parent=25112"}],"wp:term":[{"taxonomy":"category","embeddable":true,"href":"https:\/\/cliente1.publisher.highstack.com.ar\/index.php?rest_route=%2Fwp%2Fv2%2Fcategories&post=25112"},{"taxonomy":"post_tag","embeddable":true,"href":"https:\/\/cliente1.publisher.highstack.com.ar\/index.php?rest_route=%2Fwp%2Fv2%2Ftags&post=25112"}],"curies":[{"name":"wp","href":"https:\/\/api.w.org\/{rel}","templated":true}]}}