{"id":25106,"date":"2026-09-04T20:13:59","date_gmt":"2026-09-04T23:13:59","guid":{"rendered":"https:\/\/cliente1.publisher.highstack.com.ar\/?p=25106"},"modified":"2026-09-04T20:13:59","modified_gmt":"2026-09-04T23:13:59","slug":"milei-profundizo-el-ajuste-en-las-provincias-en-agosto-es-el-peor-registro-desde-el-2005","status":"publish","type":"post","link":"https:\/\/cliente1.publisher.highstack.com.ar\/?p=25106","title":{"rendered":"Milei profundiz\u00f3 el ajuste en las provincias en agosto: es el peor registro desde el 2005"},"content":{"rendered":"<div class=\"art-column-w-lpadding pl-lg-5\">\n<p>Los env\u00edos discrecionales de fondos nacionales a las provincias sumaron $ 68.288 millones en agosto, el peor registro para este mes desde el a\u00f1o 2005 con una reducci\u00f3n de 66,4% en t\u00e9rminos reales.<\/p>\n<p>Este volumen se contrajo de manera significativa frente a los registros del a\u00f1o previo y afect\u00f3 las partidas destinadas a programas educativos, obras de infraestructura y previsi\u00f3n social.<\/p>\n<div class=\"widget-text wp_widget_plugin_box ad-120\"><script>\n            window.googletag = window.googletag || {cmd: []};\n            googletag.cmd.push(function() {\n              googletag.defineSlot('\/213885654\/\/NS_Passback_inRead', [1,1], 'div-gpt-ad-614887525704b-0').addService(googletag.pubads());\n              googletag.pubads().enableSingleRequest();\n              googletag.pubads().collapseEmptyDivs();\n              googletag.enableServices();\n            });\n          <\/script><!-- \/213885654\/\/NS_Passback_inRead --><\/p>\n<div id=\"div-gpt-ad-614887525704b-0\">\n              <script>\n                googletag.cmd.push(function() { googletag.display('div-gpt-ad-614887525704b-0'); });\n              <\/script>\n            <\/div>\n<\/div>\n<div class=\"widget_text col-7 entre-1 d-none d-sm-none d-md-block d-lg-block\" style=\"height:0\">\n<div class=\"textwidget custom-html-widget\"><script async src=\"https:\/\/securepubads.g.doubleclick.net\/tag\/js\/gpt.js\"><\/script><br \/>\n<script>\n  window.googletag = window.googletag || {cmd: []};\n  googletag.cmd.push(function() {\n    googletag.defineSlot('\/213885654\/nota_generico_desktop\/inArticle_desktop', [1, 1], 'div-gpt-ad-1665785398492-0').addService(googletag.pubads());\n    googletag.pubads().enableSingleRequest();\n    googletag.enableServices();\n  });\n<\/script><br \/>\n<!-- \/213885654\/nota_generico_desktop\/inArticle_desktop --><\/p>\n<div id=\"div-gpt-ad-1665785398492-0\">\n  <script>\n    googletag.cmd.push(function() { googletag.display('div-gpt-ad-1665785398492-0'); });\n  <\/script>\n<\/div>\n<\/div>\n<\/div>\n<p>Seg\u00fan un informe de la consultora Politik\u00f3n Chaco, a ra\u00edz de esta contracci\u00f3n, el flujo financiero \u201cse convierte en el peor agosto desde, por lo menos, el a\u00f1o 2005\u201d. El trabajo remarc\u00f3 que \u201clos env\u00edos por Universalizaci\u00f3n de la Jornada Extendida ($ 30.455 millones) explicaron el 45% del total pagado\u201d.<\/p>\n<p>En un segundo escal\u00f3n de prioridades se posicionaron los fondos de asistencia jubilatoria, con \u201cTransferencias a Cajas Previsionales Provinciales ($ 15.000 millones) concentrando el 22% del total provincial\u201d. De este modo, esas dos actividades en conjunto explicaron el 67% del total del mes.<\/p>\n<div class=\"img-container mt-3\">\n<figure class=\"wp-block-image size-large\"><img decoding=\"async\" loading=\"lazy\" width=\"1024\" height=\"683\" src=\"https:\/\/www.tiempoar.com.ar\/wp-content\/uploads\/2026\/07\/JavierMilei-Gobernadores-08JulTucuman-1024x683.jpg\" alt=\"Milei profundiz\u00f3 el ajuste en las provincias en agosto: es el peor registro desde el 2005\" class=\"wp-image-1124863\" srcset=\"https:\/\/www.tiempoar.com.ar\/wp-content\/uploads\/2026\/07\/JavierMilei-Gobernadores-08JulTucuman-1024x683.jpg 1024w, https:\/\/www.tiempoar.com.ar\/wp-content\/uploads\/2026\/07\/JavierMilei-Gobernadores-08JulTucuman-400x267.jpg 400w, https:\/\/www.tiempoar.com.ar\/wp-content\/uploads\/2026\/07\/JavierMilei-Gobernadores-08JulTucuman-768x512.jpg 768w, https:\/\/www.tiempoar.com.ar\/wp-content\/uploads\/2026\/07\/JavierMilei-Gobernadores-08JulTucuman-500x333.jpg 500w, https:\/\/www.tiempoar.com.ar\/wp-content\/uploads\/2026\/07\/JavierMilei-Gobernadores-08JulTucuman-767x511.jpg 767w, https:\/\/www.tiempoar.com.ar\/wp-content\/uploads\/2026\/07\/JavierMilei-Gobernadores-08JulTucuman.jpg 1200w\" sizes=\"auto, (max-width: 1024px) 100vw, 1024px\" title=\"Milei profundiz\u00f3 el ajuste en las provincias en agosto: es el peor registro desde el 2005 1\"><figcaption>Milei junto a gobernadores en la vigilia por el D\u00eda de la Independencia. <\/figcaption><\/figure>\n<\/div>\n<p>La distribuci\u00f3n territorial de las partidas del mes evidenci\u00f3 una marcada concentraci\u00f3n en un n\u00famero reducido de distritos provinciales. De acuerdo con el desglose de los env\u00edos, las jurisdicciones m\u00e1s favorecidas en el reparto fueron: Buenos Aires con el 23,7% del total, Entre R\u00edos con el 12,9%, y Santa Fe con el 10,4%.<\/p>\n<p>En contraposici\u00f3n, el reporte t\u00e9cnico evidenci\u00f3 que <strong>en el fondo de la tabla quedaron Tierra del Fuego, R\u00edo Negro, Formosa y Santa Cruz,<\/strong> cuyos niveles de participaci\u00f3n fueron inferiores al 0,3% del mes.<\/p>\n<p>Asimismo, el informe destac\u00f3 que en agosto no hubo reparto de Adelanto Transitorios Nacionales (ATN). Las estad\u00edsticas oficiales de los primeros ocho meses reflejan que los recursos discrecionales \u201ctotalizaron $ 806.489 millones\u201d, registrando de este modo \u201cuna baja real interanual del 63,1% contra igual per\u00edodo del 2025\u201d.<\/p>\n<\/p>\n<figure class=\"wp-block-table\">\n<table>\n<thead>\n<tr>\n<th>Jurisdicci\u00f3n<\/th>\n<th>Env\u00edos (MM de $)<\/th>\n<th>Var. Real i.a. (%)<\/th>\n<th>Participaci\u00f3n (%)<\/th>\n<\/tr>\n<\/thead>\n<tbody>\n<tr>\n<td><strong>Buenos Aires<\/strong><\/td>\n<td>$ 16.190<\/td>\n<td>-72,5%<\/td>\n<td>23,7%<\/td>\n<\/tr>\n<tr>\n<td><strong>Entre R\u00edos<\/strong><\/td>\n<td>$ 8.778<\/td>\n<td>22,3%<\/td>\n<td>12,9%<\/td>\n<\/tr>\n<tr>\n<td><strong>Santa Fe<\/strong><\/td>\n<td>$ 7.124<\/td>\n<td>96,2%<\/td>\n<td>10,4%<\/td>\n<\/tr>\n<tr>\n<td><strong>La Pampa<\/strong><\/td>\n<td>$ 5.232<\/td>\n<td>3308,6%<\/td>\n<td>7,7%<\/td>\n<\/tr>\n<tr>\n<td><strong>Misiones<\/strong><\/td>\n<td>$ 4.582<\/td>\n<td>388,5%<\/td>\n<td>6,7%<\/td>\n<\/tr>\n<tr>\n<td><strong>San Luis<\/strong><\/td>\n<td>$ 4.261<\/td>\n<td>4638,1%<\/td>\n<td>6,2%<\/td>\n<\/tr>\n<tr>\n<td><strong>Neuqu\u00e9n<\/strong><\/td>\n<td>$ 4.244<\/td>\n<td>-1,8%<\/td>\n<td>6,2%<\/td>\n<\/tr>\n<tr>\n<td><strong>Chaco<\/strong><\/td>\n<td>$ 3.745<\/td>\n<td>-39,3%<\/td>\n<td>5,5%<\/td>\n<\/tr>\n<tr>\n<td><strong>Corrientes<\/strong><\/td>\n<td>$ 3.458<\/td>\n<td>21,6%<\/td>\n<td>5,1%<\/td>\n<\/tr>\n<tr>\n<td><strong>C\u00f3rdoba<\/strong><\/td>\n<td>$ 2.370<\/td>\n<td>-71,4%<\/td>\n<td>3,5%<\/td>\n<\/tr>\n<tr>\n<td><strong>Salta<\/strong><\/td>\n<td>$ 1.725<\/td>\n<td>54,1%<\/td>\n<td>2,5%<\/td>\n<\/tr>\n<tr>\n<td><strong>Mendoza<\/strong><\/td>\n<td>$ 1.298<\/td>\n<td>27,5%<\/td>\n<td>1,9%<\/td>\n<\/tr>\n<tr>\n<td><strong>Catamarca<\/strong><\/td>\n<td>$ 1.159<\/td>\n<td>-10,7%<\/td>\n<td>1,7%<\/td>\n<\/tr>\n<tr>\n<td><strong>Tucum\u00e1n<\/strong><\/td>\n<td>$ 963<\/td>\n<td>s\/d<\/td>\n<td>1,4%<\/td>\n<\/tr>\n<tr>\n<td><strong>CABA<\/strong><\/td>\n<td>$ 804<\/td>\n<td>-99,1%<\/td>\n<td>1,2%<\/td>\n<\/tr>\n<tr>\n<td><strong>San Juan<\/strong><\/td>\n<td>$ 711<\/td>\n<td>660,2%<\/td>\n<td>1,0%<\/td>\n<\/tr>\n<tr>\n<td><strong>Santiago del Estero<\/strong><\/td>\n<td>$ 673<\/td>\n<td>-80,7%<\/td>\n<td>1,0%<\/td>\n<\/tr>\n<tr>\n<td><strong>Jujuy<\/strong><\/td>\n<td>$ 393<\/td>\n<td>-59,4%<\/td>\n<td>0,6%<\/td>\n<\/tr>\n<tr>\n<td><strong>La Rioja<\/strong><\/td>\n<td>$ 178<\/td>\n<td>1,3%<\/td>\n<td>0,3%<\/td>\n<\/tr>\n<tr>\n<td><strong>Chubut<\/strong><\/td>\n<td>$ 177<\/td>\n<td>-50,2%<\/td>\n<td>0,3%<\/td>\n<\/tr>\n<tr>\n<td><strong>Tierra del Fuego<\/strong><\/td>\n<td>$ 94<\/td>\n<td>-81,6%<\/td>\n<td>0,1%<\/td>\n<\/tr>\n<tr>\n<td><strong>R\u00edo Negro<\/strong><\/td>\n<td>$ 63<\/td>\n<td>-77,1%<\/td>\n<td>0,1%<\/td>\n<\/tr>\n<tr>\n<td><strong>Formosa<\/strong><\/td>\n<td>$ 40<\/td>\n<td>22,3%<\/td>\n<td>0,1%<\/td>\n<\/tr>\n<tr>\n<td><strong>Santa Cruz<\/strong><\/td>\n<td>$ 24<\/td>\n<td>-99,7%<\/td>\n<td>0,0%<\/td>\n<\/tr>\n<tr>\n<td><strong>TOTAL<\/strong><\/td>\n<td><strong>$ 68.288<\/strong><\/td>\n<td><strong>-66,4%<\/strong><\/td>\n<td><strong>100,0%<\/strong><\/td>\n<\/tr>\n<\/tbody>\n<\/table><figcaption>Fuente: Agencia Noticias Argentinas<\/figcaption><\/figure>\n<div class=\"img-container mt-3\">\n<figure class=\"wp-block-image\"><img alt=\"\"><\/figure>\n<\/div>\n<div class=\"img-container mt-3\">\n<figure class=\"wp-block-image\"><img alt=\"\"><\/figure>\n<\/div><\/div>\n<p><img fetchpriority=\"high\" src=\"https:\/\/www.tiempoar.com.ar\/wp-content\/uploads\/2025\/12\/milei-con-la-motosierra-en-la-plata-foto-Marcos-GOMEZ-AG-La-Plata-Archivo-AFP-500x333.jpg\" alt=\"Milei profundiz\u00f3 el ajuste en las provincias en agosto: es el peor registro desde el 2005\" width=\"767\" height=\"511\" loading=\"eager\" decoding=\"sync\" class=\"img-fluid w-100\" srcset=\"\n                                                https:\/\/www.tiempoar.com.ar\/wp-content\/uploads\/2025\/12\/milei-con-la-motosierra-en-la-plata-foto-Marcos-GOMEZ-AG-La-Plata-Archivo-AFP-400x267.jpg 500w,\n                                                https:\/\/www.tiempoar.com.ar\/wp-content\/uploads\/2025\/12\/milei-con-la-motosierra-en-la-plata-foto-Marcos-GOMEZ-AG-La-Plata-Archivo-AFP-767x511.jpg 767w,\n                                                https:\/\/www.tiempoar.com.ar\/wp-content\/uploads\/2025\/12\/milei-con-la-motosierra-en-la-plata-foto-Marcos-GOMEZ-AG-La-Plata-Archivo-AFP.jpg 1200w\n                                            \" sizes=\"\n                                                (max-width: 650px) 500px,\n                                                (max-width: 1000px) 767px,\n                                                1200px\n                                            \"><br \/><\/p>\n","protected":false},"excerpt":{"rendered":"<p>Los env\u00edos discrecionales de fondos nacionales a las provincias sumaron $ 68.288 millones en agosto, el peor registro para este mes desde el a\u00f1o 2005 con una reducci\u00f3n de 66,4% en t\u00e9rminos reales. Este volumen se contrajo de manera significativa frente a los registros del a\u00f1o previo y afect\u00f3 las partidas destinadas a programas educativos, [&hellip;]<\/p>\n","protected":false},"author":1,"featured_media":25107,"comment_status":"open","ping_status":"open","sticky":false,"template":"","format":"standard","meta":{"footnotes":""},"categories":[1],"tags":[4],"class_list":["post-25106","post","type-post","status-publish","format-standard","has-post-thumbnail","hentry","category-uncategorized","tag-entre-rios"],"_links":{"self":[{"href":"https:\/\/cliente1.publisher.highstack.com.ar\/index.php?rest_route=\/wp\/v2\/posts\/25106","targetHints":{"allow":["GET"]}}],"collection":[{"href":"https:\/\/cliente1.publisher.highstack.com.ar\/index.php?rest_route=\/wp\/v2\/posts"}],"about":[{"href":"https:\/\/cliente1.publisher.highstack.com.ar\/index.php?rest_route=\/wp\/v2\/types\/post"}],"author":[{"embeddable":true,"href":"https:\/\/cliente1.publisher.highstack.com.ar\/index.php?rest_route=\/wp\/v2\/users\/1"}],"replies":[{"embeddable":true,"href":"https:\/\/cliente1.publisher.highstack.com.ar\/index.php?rest_route=%2Fwp%2Fv2%2Fcomments&post=25106"}],"version-history":[{"count":0,"href":"https:\/\/cliente1.publisher.highstack.com.ar\/index.php?rest_route=\/wp\/v2\/posts\/25106\/revisions"}],"wp:featuredmedia":[{"embeddable":true,"href":"https:\/\/cliente1.publisher.highstack.com.ar\/index.php?rest_route=\/wp\/v2\/media\/25107"}],"wp:attachment":[{"href":"https:\/\/cliente1.publisher.highstack.com.ar\/index.php?rest_route=%2Fwp%2Fv2%2Fmedia&parent=25106"}],"wp:term":[{"taxonomy":"category","embeddable":true,"href":"https:\/\/cliente1.publisher.highstack.com.ar\/index.php?rest_route=%2Fwp%2Fv2%2Fcategories&post=25106"},{"taxonomy":"post_tag","embeddable":true,"href":"https:\/\/cliente1.publisher.highstack.com.ar\/index.php?rest_route=%2Fwp%2Fv2%2Ftags&post=25106"}],"curies":[{"name":"wp","href":"https:\/\/api.w.org\/{rel}","templated":true}]}}