{"id":25100,"date":"2026-09-04T19:22:43","date_gmt":"2026-09-04T22:22:43","guid":{"rendered":"https:\/\/cliente1.publisher.highstack.com.ar\/?p=25100"},"modified":"2026-09-04T19:22:43","modified_gmt":"2026-09-04T22:22:43","slug":"murio-una-nena-de-2-anos-tras-ser-atacada-por-dos-dogos-en-una-vivienda-de-cordoba","status":"publish","type":"post","link":"https:\/\/cliente1.publisher.highstack.com.ar\/?p=25100","title":{"rendered":"Muri\u00f3 una nena de 2 a\u00f1os tras ser atacada por dos dogos en una vivienda de C\u00f3rdoba"},"content":{"rendered":"<p><\/p>\n<div>\n<p>Una <b>nena de 2 a\u00f1os atacada por dos dogos<\/b> muri\u00f3 este viernes como consecuencia de las graves lesiones sufridas dentro de una vivienda del barrio Cabildo, en la ciudad de C\u00f3rdoba. Los animales pertenecer\u00edan a un t\u00edo de la peque\u00f1a. <\/p>\n<p><!-- is a <br \/>--><\/p>\n<p><!-- is a object --><br \/>\n<!-- embed start --><!-- embed end --><br \/>\n<!-- end object --><\/p>\n<p>El ataque ocurri\u00f3 durante la ma\u00f1ana, cuando la v\u00edctima se encontraba en la casa de un familiar. Por circunstancias que todav\u00eda eran investigadas, los perros se abalanzaron sobre la menor y le provocaron heridas de extrema gravedad. <\/p>\n<p><!-- is a <br \/>--><\/p>\n<p><!-- is a object --><br \/>\n<!-- embed start --><!-- embed end --><br \/>\n<!-- end object --><\/p>\n<p>Tras el episodio, la ni\u00f1a fue trasladada de urgencia al Hospital Pr\u00edncipe de Asturias. Ingres\u00f3 en estado cr\u00edtico y, mientras era atendida, sufri\u00f3 un<b> paro cardiorrespiratorio<\/b>. <\/p>\n<p><!-- is a <br \/>--><\/p>\n<p>\u00a0<\/p>\n<p><!-- is a <br \/>--><\/p>\n<p><!-- is a object --><\/p>\n<h2>La trasladaron en estado cr\u00edtico<\/h2>\n<p><!-- end object --><\/p>\n<p>\u00a0<\/p>\n<p><!-- is a <br \/>--><\/p>\n<p>Los profesionales consiguieron reanimarla y estabilizarla en primera instancia. Debido a la complejidad de su cuadro, resolvieron derivarla al Hospital de Ni\u00f1os para que recibiera atenci\u00f3n especializada. <\/p>\n<p><!-- is a <br \/>--><\/p>\n<p><!-- is a object --><br \/>\n<!-- embed start --><!-- embed end --><br \/>\n<!-- end object --><\/p>\n<p>La peque\u00f1a ingres\u00f3 al segundo establecimiento con una hemorragia masiva y lesiones de extrema gravedad. Ante esa situaci\u00f3n, fue sometida a una intervenci\u00f3n quir\u00fargica de urgencia. <\/p>\n<p><!-- is a <br \/>--><\/p>\n<p><!-- is a object --><br \/>\n<!-- embed start --><!-- embed end --><br \/>\n<!-- end object --><\/p>\n<p>El equipo m\u00e9dico realiz\u00f3 maniobras de reanimaci\u00f3n durante m\u00e1s de una hora. Pese a los esfuerzos desplegados para salvarla, la nena finalmente muri\u00f3 por las heridas provocadas durante el ataque. <\/p>\n<p><!-- is a <br \/>--><\/p>\n<p>\u00a0<\/p>\n<p><!-- is a <br \/>--><\/p>\n<p><!-- is a object --><\/p>\n<h2>El impacto entre los polic\u00edas<\/h2>\n<p><!-- end object --><\/p>\n<p>\u00a0<\/p>\n<p><!-- is a <br \/>--><\/p>\n<p>El procedimiento tambi\u00e9n gener\u00f3 un fuerte impacto emocional entre los efectivos policiales que acudieron a la vivienda y participaron del traslado de la v\u00edctima, seg\u00fan public\u00f3 <i>Cadena3<\/i>.  <\/p>\n<p><!-- is a <br \/>--><\/p>\n<p><!-- is a object --><br \/>\n<!-- embed start --><!-- embed end --><br \/>\n<!-- end object --><\/p>\n<p>Debido a las caracter\u00edsticas de la escena y a la edad de la peque\u00f1a, los agentes que intervinieron en el operativo debieron recibir asistencia psicol\u00f3gica. <\/p>\n<p><!-- is a <br \/>--><\/p>\n<p><!-- is a object --><br \/>\n<!-- embed start --><!-- embed end --><br \/>\n<!-- end object --><\/p>\n<p>La investigaci\u00f3n buscar\u00e1 establecer en qu\u00e9 circunstancias se produjo el ataque, d\u00f3nde se encontraban los responsables de la menor y qu\u00e9 medidas de seguridad exist\u00edan dentro del inmueble. <\/p>\n<p><!-- is a <br \/>--><\/p>\n<p>\u00a0<\/p>\n<p><!-- is a <br \/>--><\/p>\n<p><!-- is a object --><\/p>\n<h2>Los perros pertenec\u00edan a un familiar<\/h2>\n<p><!-- end object --><\/p>\n<p>\u00a0<\/p>\n<p><!-- is a <br \/>--><\/p>\n<p>De acuerdo con la informaci\u00f3n conocida inicialmente, los dos dogos pertenec\u00edan al t\u00edo de la v\u00edctima. Las autoridades deber\u00e1n determinar c\u00f3mo los animales lograron acercarse a la ni\u00f1a y si estaban bajo la supervisi\u00f3n de alguna persona. <\/p>\n<p><!-- is a <br \/>--><\/p>\n<p><!-- is a object --><br \/>\n<!-- embed start --><!-- embed end --><br \/>\n<!-- end object --><\/p>\n<p>Las actuaciones quedaron orientadas a determinar las responsabilidades correspondientes.  <\/p>\n<p><!-- is a <br \/>--><\/p>\n<p>\u00a0<\/p>\n<p><!-- is a <br \/>--><\/p>\n<p><!-- is a object --><\/p>\n<h2>Otros ataques fatales<\/h2>\n<p><!-- end object --><\/p>\n<p>\u00a0<\/p>\n<p><!-- is a <br \/>--><\/p>\n<p>La muerte ocurri\u00f3 menos de un mes despu\u00e9s del caso de Salvador, un <b>ni\u00f1o de 3 a\u00f1os que falleci\u00f3<\/b> tras ser atacado por perros pitbull en C\u00f3rdoba. <\/p>\n<p><!-- is a <br \/>--><\/p>\n<p>\u00a0<\/p>\n<p><!-- is a <br \/>--><\/p>\n<p>El nuevo episodio tambi\u00e9n se conoci\u00f3 mientras avanzaba el juicio por la muerte de <b>Trinidad Ballesteros<\/b>, una joven que fue atacada por dos dogos en la misma provincia. <\/p>\n<p><!-- is a <br \/>--><\/p>\n<p>\u00a0<\/p>\n<p><!-- is a <br \/>--><\/p>\n<p>Por ese hecho era juzgado Jos\u00e9 Nieto, se\u00f1alado como responsable de los animales. Los casos volvieron a poner en discusi\u00f3n las condiciones de tenencia, cuidado y control de perros de gran porte.<\/p>\n<\/p><\/div>\n","protected":false},"excerpt":{"rendered":"<p>Una nena de 2 a\u00f1os atacada por dos dogos muri\u00f3 este viernes como consecuencia de las graves lesiones sufridas dentro de una vivienda del barrio Cabildo, en la ciudad de C\u00f3rdoba. Los animales pertenecer\u00edan a un t\u00edo de la peque\u00f1a. El ataque ocurri\u00f3 durante la ma\u00f1ana, cuando la v\u00edctima se encontraba en la casa de [&hellip;]<\/p>\n","protected":false},"author":1,"featured_media":25101,"comment_status":"open","ping_status":"open","sticky":false,"template":"","format":"standard","meta":{"footnotes":""},"categories":[1],"tags":[],"class_list":["post-25100","post","type-post","status-publish","format-standard","has-post-thumbnail","hentry","category-uncategorized"],"_links":{"self":[{"href":"https:\/\/cliente1.publisher.highstack.com.ar\/index.php?rest_route=\/wp\/v2\/posts\/25100","targetHints":{"allow":["GET"]}}],"collection":[{"href":"https:\/\/cliente1.publisher.highstack.com.ar\/index.php?rest_route=\/wp\/v2\/posts"}],"about":[{"href":"https:\/\/cliente1.publisher.highstack.com.ar\/index.php?rest_route=\/wp\/v2\/types\/post"}],"author":[{"embeddable":true,"href":"https:\/\/cliente1.publisher.highstack.com.ar\/index.php?rest_route=\/wp\/v2\/users\/1"}],"replies":[{"embeddable":true,"href":"https:\/\/cliente1.publisher.highstack.com.ar\/index.php?rest_route=%2Fwp%2Fv2%2Fcomments&post=25100"}],"version-history":[{"count":0,"href":"https:\/\/cliente1.publisher.highstack.com.ar\/index.php?rest_route=\/wp\/v2\/posts\/25100\/revisions"}],"wp:featuredmedia":[{"embeddable":true,"href":"https:\/\/cliente1.publisher.highstack.com.ar\/index.php?rest_route=\/wp\/v2\/media\/25101"}],"wp:attachment":[{"href":"https:\/\/cliente1.publisher.highstack.com.ar\/index.php?rest_route=%2Fwp%2Fv2%2Fmedia&parent=25100"}],"wp:term":[{"taxonomy":"category","embeddable":true,"href":"https:\/\/cliente1.publisher.highstack.com.ar\/index.php?rest_route=%2Fwp%2Fv2%2Fcategories&post=25100"},{"taxonomy":"post_tag","embeddable":true,"href":"https:\/\/cliente1.publisher.highstack.com.ar\/index.php?rest_route=%2Fwp%2Fv2%2Ftags&post=25100"}],"curies":[{"name":"wp","href":"https:\/\/api.w.org\/{rel}","templated":true}]}}