{"id":25098,"date":"2026-09-04T19:09:13","date_gmt":"2026-09-04T22:09:13","guid":{"rendered":"https:\/\/cliente1.publisher.highstack.com.ar\/?p=25098"},"modified":"2026-09-04T19:09:13","modified_gmt":"2026-09-04T22:09:13","slug":"como-sera-el-consejo-de-seguridad-la-replica-de-un-organismo-de-ee-uu-en-un-contexto-de-crisis-y-escasos-recursos","status":"publish","type":"post","link":"https:\/\/cliente1.publisher.highstack.com.ar\/?p=25098","title":{"rendered":"C\u00f3mo ser\u00e1 el Consejo de Seguridad. La r\u00e9plica de un organismo de EE.UU. en un contexto de crisis y escasos recursos"},"content":{"rendered":"<section id=\"cuerpo__nota\" class=\"cuerpo__nota\">\n<div class=\"row\">\n<div class=\"col-12 col-desksm-1\">\n<div class=\"mod-share-container --no-app py-12 mb-16 mb-0_l sticky float-l_l z-101 transition transition-all transition-duration-250 top-73_min1024\">\n<div class=\"mod-share flex flex-column mb-0 p-0_l gap-24\"><\/div>\n<\/div>\n<\/div>\n<div class=\"col-deskxl-10 offset-deskxl-1 col-desksm-11\">\n<div class=\"row\">\n<div class=\"col-12\">\n<p class=\"com-paragraph --s\">\u201cLos sistemas de defensa y seguridad en Estados Unidos y la Argentina son muy similares<strong>. La diferencia es que all\u00e1 la defensa es prioritaria\u201d,<\/strong> resumi\u00f3 a <strong>LA NACION<\/strong> un oficial de las Fuerzas Armadas, luego del mensaje por cadena del <strong>presidente Javier Milei<\/strong>, en el que anunci\u00f3 <strong>la creaci\u00f3n del Consejo de Seguridad Nacional <\/strong>y endureci\u00f3 la posici\u00f3n frente a la cuesti\u00f3n Malvinas.<\/p>\n<p class=\"com-paragraph --s\">En un fuerte alineamiento con el gobierno de <strong>Donald Trump,<\/strong> Milei tom\u00f3 la figura <strong>del Consejo de Seguridad Nacional (NSC, por sus siglas en ingl\u00e9s), <\/strong>que funciona en Estados Unidos desde 1947, luego de la Segunda Guerra Mundial. Su inspiraci\u00f3n corresponde al presidente Harry S. Truman, quien llev\u00f3 adelante una reformulaci\u00f3n del esquema de defensa, seguridad e inteligencia de ese pa\u00eds. En ese momento <strong>tambi\u00e9n se crearon el Departamento de Defensa y la Agencia Central de Inteligencia (CIA), entre otros organismos.<\/strong><\/p>\n<div class=\"content-media\">\n<section role=\"button\" class=\"mod-media   \">\n<figure role=\"button\" tabindex=\"0\" class=\"mod-figure \">\n<div class=\"placeholder \">\n<div class=\"com-image\"><picture><source media=\"(min-width: 768px)\" srcset=\"https:\/\/www.lanacion.com.ar\/resizer\/v2\/el-ministro-de-defensa-carlos-presti-y-el-7LL4CKZPJNDBNNQ5XIBCA7CQL4.jpg?auth=161de381b6f6d1df18b7c62a654902b1bd3e347a25bd5bf8a511de68315e2498&amp;width=780&amp;height=520&amp;quality=70&amp;smart=true\"><\/source><img class=\"image com-image flex --cover\" decoding=\"async\" fetchpriority=\"low\" loading=\"lazy\" src=\"https:\/\/www.lanacion.com.ar\/resizer\/v2\/el-ministro-de-defensa-carlos-presti-y-el-7LL4CKZPJNDBNNQ5XIBCA7CQL4.jpg?auth=161de381b6f6d1df18b7c62a654902b1bd3e347a25bd5bf8a511de68315e2498&amp;width=420&amp;height=280&amp;quality=70&amp;smart=true\" width=\"2000\" alt=\"El ministro de Defensa, Carlos Presti, y el embajador de EEUU, Peter Lamelas\" height=\"1333\"><\/picture><\/div>\n<\/div><figcaption class=\"mod-figcaption\"><span class=\"com-text --caption --twoxs\">El ministro de Defensa, Carlos Presti, y el embajador de EEUU, Peter Lamelas<\/span><span class=\"com-text --credit --twoxs\">Ministerio de Defensa<\/span><\/figcaption><\/figure>\n<\/section>\n<\/div>\n<p class=\"com-paragraph --s\">En el Ministerio de Defensa, en tanto, esperan conocer m\u00e1s precisiones sobre la conformaci\u00f3n del Consejo de Seguridad Nacional que se propondr\u00e1 al Congreso. Seg\u00fan pudo saber <strong>LA NACION,<\/strong> el ministro del \u00e1rea, <strong>el teniente general Carlos Alberto Presti<\/strong>, hizo aportes sobre la construcci\u00f3n de la Base Naval Integrada en Ushuaia \u2013un anuncio que se viene repitiendo desde hace cuatro a\u00f1os- y no tuvo una participaci\u00f3n directa en el resto del mensaje. <\/p>\n<p class=\"com-paragraph --s\">Por lo pronto, el Gobierno oficializ\u00f3 este viernes un refuerzo de casi <strong>$218.000 millones para el Ministerio de Defensa<\/strong>, de los cuales m\u00e1s de $200.000 millones ser\u00e1n utilizados para avanzar con la construcci\u00f3n de una<strong> base naval integrada en Tierra del Fuego<\/strong><strong> <\/strong>y terminar la <strong>Base Petrel<\/strong>, en la Ant\u00e1rtida. Tambi\u00e9n otorg\u00f3 <strong>$30.519 millones adicionales a la Secretar\u00eda de Inteligencia de Estado (SIDE)<\/strong>, lo que representa un incremento del 20,85% sobre los recursos que ten\u00eda disponibles hasta ahora.<\/p>\n<p class=\"com-paragraph --s\">El NSC es el principal \u00f3rgano de asesoramiento del presidente de Estados Unidos, a quien<strong> reporta directamente en temas de seguridad nacional, pol\u00edtica exterior y defensa,<\/strong> con el fin de coordinar las acciones del gobierno en estas \u00e1reas. All\u00ed se sientan representantes de los distintos estamentos del Estado vinculados con esas \u00e1reas y, a lo largo del tiempo, el organismo tuvo participaci\u00f3n en decisiones estrat\u00e9gicas, como la Guerra de Corea, la crisis de los misiles en Cuba, las incursiones en Irak y Afganist\u00e1n y la operaci\u00f3n que culmin\u00f3 con la muerte de Osama bin Laden, en 2011.<\/p>\n<p class=\"com-paragraph --s\">Incluso, durante la guerra de Malvinas, el aparato de seguridad coordinado por el NSC asesor\u00f3 al <strong>presidente Ronald Reagan<\/strong> sobre la posici\u00f3n de Estados Unidos en el conflicto. Tras un intento inicial de mediaci\u00f3n, en la que propuso izar \u201clas tres banderas\u201d en las islas -incluida la propia-, Washington le dio <strong>un decidido apoyo pol\u00edtico, diplom\u00e1tico y log\u00edstico al Reino Unido.<\/strong><\/p>\n<div data-tw=\"true\" style=\"display:contents\">\n<h2 class=\"font-primary font-w-bold text-subheading-lg text-left container-center-100 mb-8\"><span>Un organismo que ya existe<\/span><\/h2>\n<\/div>\n<p class=\"com-paragraph --s\">Desde 1988, seis a\u00f1os despu\u00e9s del conflicto de Malvinas, la ley de defensa sancionada durante el gobierno de Ra\u00fal Alfons\u00edn contempla el funcionamiento del <strong>Consejo de Defensa Nacional,<\/strong> para \u201casesorar y asistir\u201d al Presidente en \u201cla conducci\u00f3n integral de la guerra\u201d. Se trata de un organismo que podr\u00eda ser convocado en la coyuntura actual.<\/p>\n<p class=\"com-paragraph --s\">\u201cLos organismos en la Argentina frente a situaciones que ponen en riesgo la seguridad nacional ya est\u00e1n conformados. <strong>Pero muy pocas veces se re\u00fanen\u201d<\/strong>, evalu\u00f3 una fuente militar.<\/p>\n<p class=\"com-paragraph --s\">Al respecto, tambi\u00e9n existe el <strong>Consejo de Seguridad Interior,<\/strong> constituido en la ley 24.059, que prev\u00e9 la <strong>actuaci\u00f3n de las Fuerzas Armadas<\/strong> en apoyo de las fuerzas de seguridad, ante el requerimiento d un comit\u00e9 de crisis. <\/p>\n<div class=\"content-media\">\n<section role=\"button\" class=\"mod-media   \">\n<figure role=\"button\" tabindex=\"0\" class=\"mod-figure \">\n<div class=\"placeholder \">\n<div class=\"com-image\"><picture><source media=\"(min-width: 768px)\" srcset=\"https:\/\/www.lanacion.com.ar\/resizer\/v2\/en-las-ultimas-semanas-la-armada-anuncio-la-43N5TACIOJD63HGVZYQKRGFE2A.jpg?auth=0d9b58e7da64ee57acbf5886abb0959fa4de550ab321dd3b5a026c9b53d66713&amp;width=780&amp;height=459&amp;quality=70&amp;smart=true\"><\/source><img class=\"image com-image flex --cover\" decoding=\"async\" fetchpriority=\"low\" loading=\"lazy\" src=\"https:\/\/www.lanacion.com.ar\/resizer\/v2\/en-las-ultimas-semanas-la-armada-anuncio-la-43N5TACIOJD63HGVZYQKRGFE2A.jpg?auth=0d9b58e7da64ee57acbf5886abb0959fa4de550ab321dd3b5a026c9b53d66713&amp;width=420&amp;height=247&amp;quality=70&amp;smart=true\" width=\"1920\" alt=\"En las \u00faltimas semanas, la Armada anunci\u00f3 la desactivaci\u00f3n de la Base Aeronaval de Punta Indio\" height=\"1130\"><\/picture><\/div>\n<\/div><figcaption class=\"mod-figcaption\"><span class=\"com-text --caption --twoxs\">En las \u00faltimas semanas, la Armada anunci\u00f3 la desactivaci\u00f3n de la Base Aeronaval de Punta Indio<\/span><span class=\"com-text --credit --twoxs\">Gaceta Marinera<\/span><\/figcaption><\/figure>\n<\/section>\n<\/div>\n<p class=\"com-paragraph --s\">Ante una consulta de <strong>LA NACION,<\/strong> el exjefe militar <strong>Juan Mart\u00edn Paleo,<\/strong> quien condujo las Fuerzas Armadas entre 2020 y 2024, transmiti\u00f3 su optimismo frente al mensaje del Presidente. Pero tambi\u00e9n expres\u00f3 dudas por los antecedentes de la pol\u00edtica de defensa de la gesti\u00f3n libertaria. Record\u00f3 que Milei a\u00fan tiene pendiente la aprobaci\u00f3n de la <strong>Directiva de Pol\u00edtica de Defensa Nacional<\/strong>, el instrumento estrat\u00e9gico que fija los lineamientos pol\u00edticos y militares de una gesti\u00f3n.<\/p>\n<p class=\"com-paragraph --s\">\u201c\u00bfPor qu\u00e9 si en los \u00faltimos tres a\u00f1os no hubo fondos, ahora llegar\u00e1n? <strong>La conducci\u00f3n estrat\u00e9gica nacional se ejerce con recursos, <\/strong>que es lo que materializa las prioridades. En ese sentido, los antecedentes no son buenos\u201d, advirti\u00f3 Paleo.<\/p>\n<p class=\"com-paragraph --s\">Distintas voces recordaron a <strong>LA NACION<\/strong> que semanas antes del duro mensaje del Presidente la Armada anunci\u00f3 la <strong>desprogramaci\u00f3n de los aviones Super-Etendard,<\/strong> que tuvieron una destacada actuaci\u00f3n en Malvinas, as\u00ed como la <strong>desactivaci\u00f3n de la Base Aeronaval de Punta Indio <\/strong>y el traslado de la Escuela de Aviaci\u00f3n Militar, lo que podr\u00eda tener <strong>un impacto en el control estrat\u00e9gico del R\u00edo de la Plata y la Hidrov\u00eda.<\/strong><\/p>\n<p class=\"com-paragraph --s\">En las Fuerzas Armadas hay voces que acompa\u00f1an los reclamos al Reino Unido por la explotaci\u00f3n petrolera <em>offshore <\/em>en la zona de Malvinas, Al respecto, el teniente general Paleo se pregunt\u00f3 por qu\u00e9 el Presidente no tom\u00f3 la misma actitud frente a otros casos, como <strong>el radar brit\u00e1nico en Tolhuin<\/strong> y los buques que navegan en el Atl\u00e1ntico Sur con bandera de las islas.<\/p>\n<p class=\"com-paragraph --s\">\u201cCon la misma l\u00f3gica, el Gobierno tendr\u00eda que perseguir jur\u00eddicamente <strong>a las empresas de Espa\u00f1a, Corea del Sur y Noruega<\/strong> que tienen licencias brit\u00e1nicas y explotan recursos pesqueros en nuestro litoral mar\u00edtimo.<strong> En lugar de petr\u00f3leo sacan pescado, que tambi\u00e9n son recursos\u201d,<\/strong> se\u00f1al\u00f3.<\/p>\n<p class=\"com-paragraph --s\">El mensaje del Presidente entusiasm\u00f3, en tanto, al <strong>Foro Argentino de Defensa (FAD), <\/strong>que re\u00fane a militares retirados, acad\u00e9micos y especialistas en an\u00e1lisis pol\u00edticos y estrat\u00e9gicos. <\/p>\n<p class=\"com-paragraph --s\">\u201cLa Argentina necesita comprender que estamos frente a <strong>un cambio de \u00e9poca.<\/strong> Malvinas no puede seguir siendo pensada con las categor\u00edas de 1982, ni como una fotograf\u00eda congelada durante los \u00faltimos cuarenta a\u00f1os\u201d, dijo su presidente, <strong>Santiago Lucero Torres. <\/strong>Destac\u00f3 el <strong>valor estrat\u00e9gico del Atl\u00e1ntico<\/strong> Sur y consider\u00f3 indispensable \u201cincorporar la seguridad hemisf\u00e9rica como uno de los ejes de la pol\u00edtica exterior y de la defensa argentina para las pr\u00f3ximas d\u00e9cadas\u201d.<\/p>\n<div data-fusion-lazy-id=\"f0fLHi7Wfcy22C4\"><\/div>\n<\/div>\n<\/div>\n<\/div>\n<\/div>\n<\/section>\n<p><\/p>\n","protected":false},"excerpt":{"rendered":"<p>\u201cLos sistemas de defensa y seguridad en Estados Unidos y la Argentina son muy similares. La diferencia es que all\u00e1 la defensa es prioritaria\u201d, resumi\u00f3 a LA NACION un oficial de las Fuerzas Armadas, luego del mensaje por cadena del presidente Javier Milei, en el que anunci\u00f3 la creaci\u00f3n del Consejo de Seguridad Nacional y [&hellip;]<\/p>\n","protected":false},"author":1,"featured_media":25099,"comment_status":"open","ping_status":"open","sticky":false,"template":"","format":"standard","meta":{"footnotes":""},"categories":[1],"tags":[14],"class_list":["post-25098","post","type-post","status-publish","format-standard","has-post-thumbnail","hentry","category-uncategorized","tag-hidrovia"],"_links":{"self":[{"href":"https:\/\/cliente1.publisher.highstack.com.ar\/index.php?rest_route=\/wp\/v2\/posts\/25098","targetHints":{"allow":["GET"]}}],"collection":[{"href":"https:\/\/cliente1.publisher.highstack.com.ar\/index.php?rest_route=\/wp\/v2\/posts"}],"about":[{"href":"https:\/\/cliente1.publisher.highstack.com.ar\/index.php?rest_route=\/wp\/v2\/types\/post"}],"author":[{"embeddable":true,"href":"https:\/\/cliente1.publisher.highstack.com.ar\/index.php?rest_route=\/wp\/v2\/users\/1"}],"replies":[{"embeddable":true,"href":"https:\/\/cliente1.publisher.highstack.com.ar\/index.php?rest_route=%2Fwp%2Fv2%2Fcomments&post=25098"}],"version-history":[{"count":0,"href":"https:\/\/cliente1.publisher.highstack.com.ar\/index.php?rest_route=\/wp\/v2\/posts\/25098\/revisions"}],"wp:featuredmedia":[{"embeddable":true,"href":"https:\/\/cliente1.publisher.highstack.com.ar\/index.php?rest_route=\/wp\/v2\/media\/25099"}],"wp:attachment":[{"href":"https:\/\/cliente1.publisher.highstack.com.ar\/index.php?rest_route=%2Fwp%2Fv2%2Fmedia&parent=25098"}],"wp:term":[{"taxonomy":"category","embeddable":true,"href":"https:\/\/cliente1.publisher.highstack.com.ar\/index.php?rest_route=%2Fwp%2Fv2%2Fcategories&post=25098"},{"taxonomy":"post_tag","embeddable":true,"href":"https:\/\/cliente1.publisher.highstack.com.ar\/index.php?rest_route=%2Fwp%2Fv2%2Ftags&post=25098"}],"curies":[{"name":"wp","href":"https:\/\/api.w.org\/{rel}","templated":true}]}}