{"id":25089,"date":"2026-09-04T18:11:42","date_gmt":"2026-09-04T21:11:42","guid":{"rendered":"https:\/\/cliente1.publisher.highstack.com.ar\/?p=25089"},"modified":"2026-09-04T18:11:42","modified_gmt":"2026-09-04T21:11:42","slug":"denunciaron-a-julian-christe-por-presunto-abuso-sexual-de-un-menor-durante-su-arresto-domiciliario","status":"publish","type":"post","link":"https:\/\/cliente1.publisher.highstack.com.ar\/?p=25089","title":{"rendered":"Denunciaron a Juli\u00e1n Christe por presunto abuso sexual de un menor durante su arresto domiciliario"},"content":{"rendered":"<p><\/p>\n<div>\n<p>La <b>denuncia contra Juli\u00e1n Christe por presunto abuso sexual de un menor<\/b> fue presentada <b>hace &#8220;aproximadamente dos semanas&#8221; y dio origen a una nueva investigaci\u00f3n judicial, seg\u00fan confirmaron fuentes judiciales a Elonce<\/b>. El acusado por el femicidio de Mar\u00eda Julieta Riera actualmente, cumple arresto domiciliario en una vivienda de calle Blas Parera. <\/p>\n<p><!-- is a <br \/>--><\/p>\n<p>\u00a0<\/p>\n<p><!-- is a <br \/>--><\/p>\n<p>Las fuentes consultadas prefirieron no precisar <b>cu\u00e1ndo habr\u00edan ocurrido los hechos denunciados, debido a que la causa se encontraba en plena etapa investigativ<\/b>a. Sin embargo, se\u00f1alaron que, en principio, se estimaba que <b>el presunto abuso habr\u00eda sucedido en el interior de la vivienda donde Christe, permanec\u00eda bajo la modalidad de arresto domiciliario.<\/b> <\/p>\n<p><!-- is a <br \/>--><\/p>\n<p><!-- is a object --><br \/>\n<!-- embed start --><\/p>\n<figure class=\"embed\">\n<p>    <img decoding=\"async\" src=\"https:\/\/elonce-media.elonce.com\/fotos\/2025\/04\/21\/e_1745281457_38914.webp\" loading=\"lazy\" width=\"600\" height=\"400\" alt=\"\"\/><\/p>\n<\/figure>\n<p><!-- embed end --><br \/>\n<!-- end object --><\/p>\n<p>La investigaci\u00f3n qued\u00f3 en manos de la Unidad Fiscal de Violencia de G\u00e9nero y Abuso Sexual. <b>\u201cEn esta instancia se est\u00e1 trabajando en los informes de los profesionales que atendieron al menor\u201d<\/b>, explicaron fuentes judiciales a Elonce. Adem\u00e1s, indicaron que <b>\u201cen principio, no habr\u00eda otras personas involucradas en la denuncia\u201d<\/b>. <\/p>\n<p><!-- is a <br \/>--><\/p>\n<p>\u00a0<\/p>\n<p><!-- is a <br \/>--><\/p>\n<p><!-- is a object --><\/p>\n<h2>C\u00e1mara Gesell y nuevas pericias<\/h2>\n<p><!-- end object --><\/p>\n<p>\u00a0<\/p>\n<p><!-- is a <br \/>--><\/p>\n<p>En el marco de las medidas previstas para avanzar con la causa, desde la Fiscal\u00eda precisaron a Elonce que la v\u00edctima <b>\u201cser\u00e1 sometida a C\u00e1mara Gesell y se avanzar\u00e1 con otras pericias en la investigaci\u00f3n\u201d<\/b>. Esa instancia permitir\u00e1 incorporar el testimonio del menor mediante el procedimiento especial establecido para este tipo de casos. <\/p>\n<p><!-- is a <br \/>--><\/p>\n<p><!-- is a object --><br \/>\n<!-- embed start --><\/p>\n<figure class=\"embed\">\n<p>    <img decoding=\"async\" src=\"https:\/\/elonce-media.elonce.com\/fotos\/2025\/08\/27\/e_1756314677_54080.webp\" loading=\"lazy\" width=\"600\" height=\"400\" alt=\"\"\/><\/p>\n<\/figure>\n<p><!-- embed end --><br \/>\n<!-- end object --><\/p>\n<p>Respecto de la situaci\u00f3n procesal de Christe y un eventual cambio en las condiciones de detenci\u00f3n, las fuentes se\u00f1alaron que la nueva denuncia, <b>&#8220;por el momento&#8221;, no modificar\u00eda inicialmente el arresto domiciliario<\/b> que cumple por la causa Riera. <\/p>\n<p><!-- is a <br \/>--><\/p>\n<p>\u00a0<\/p>\n<p><!-- is a <br \/>--><\/p>\n<p><b>\u201cEl nuevo hecho no impactar\u00eda, en principio, sobre la domiciliaria, ya que no existir\u00eda el riesgo de fuga y tampoco de entorpecer la investigaci\u00f3n\u201d<\/b>, afirmaron. De todos modos, la pesquisa por el presunto abuso continuaba abierta y su evoluci\u00f3n depender\u00e1 de las medidas de prueba dispuestas por la Fiscal\u00eda. <\/p>\n<p><!-- is a <br \/>--><\/p>\n<p>\u00a0<\/p>\n<p><!-- is a <br \/>--><\/p>\n<p><!-- is a object --><\/p>\n<h2>La causa por el femicidio de Julieta Riera<\/h2>\n<p><!-- end object --><\/p>\n<p>\u00a0<\/p>\n<p><!-- is a <br \/>--><\/p>\n<p>Cabe recordar, que Christe tambi\u00e9n <b>se encuentra bajo proceso por la muerte de Mar\u00eda Julieta Riera, ocurrida el 30 de abril de 202<\/b>0. La joven, de 24 a\u00f1os, cay\u00f3 desde un departamento ubicado en el octavo piso de un edificio situado frente a Plaza 1\u00ba de Mayo y muri\u00f3 tras precipitarse hacia un patio interno. <\/p>\n<p><!-- is a <br \/>--><\/p>\n<p><!-- is a object --><br \/>\n<!-- embed start --><\/p>\n<figure class=\"embed\">\n<p>    <img decoding=\"async\" src=\"https:\/\/elonce-media.elonce.com\/fotos-nuevo\/2023\/04\/03\/o_1680547751.jpg\" loading=\"lazy\" width=\"600\" height=\"400\" alt=\"\"\/><\/p>\n<\/figure>\n<p><!-- embed end --><br \/>\n<!-- end object --><\/p>\n<p>\u00a0<\/p>\n<p><!-- is a <br \/>--><\/p>\n<p>En 2021, un jurado popular declar\u00f3 culpable a Christe y fue condenado a prisi\u00f3n perpetua por homicidio triplemente agravado por el v\u00ednculo, alevos\u00eda y femicidio. Sin embargo, en junio de 2023, la Sala Penal del Superior Tribunal de Justicia de <b>Entre R\u00edos anul\u00f3 el proceso al advertir irregularidades y orden\u00f3 realizar un nuevo juicio.<\/b> <\/p>\n<p><!-- is a <br \/>--><\/p>\n<p>\u00a0<\/p>\n<p><!-- is a <br \/>--><\/p>\n<p>Posteriormente, tanto la Fiscal\u00eda como la defensa acudieron a la Corte Suprema de Justicia de la Naci\u00f3n. M\u00e1s recientemente, la Sala Penal del STJ rechaz\u00f3 un recurso de queja presentado por la defensa, encabezada por Mariana Barbitta, que<b> pretend\u00eda impedir un segundo debate bajo el argumento de una supuesta \u201cdoble persecuci\u00f3n penal\u201d.<\/b> <\/p>\n<p><!-- is a <br \/>--><\/p>\n<p>\u00a0<\/p>\n<p><!-- is a <br \/>--><\/p>\n<p><!-- is a object --><\/p>\n<h2>El nuevo juicio por la muerte de Riera<\/h2>\n<p><!-- end object --><\/p>\n<p>\u00a0<\/p>\n<p><!-- is a <br \/>--><\/p>\n<p>Tras ese rev\u00e9s judicial, el expediente qued\u00f3 <b>encaminado hacia la realizaci\u00f3n de un nuevo juicio por la muerte de Riera. Mientras tanto, Christe continu\u00f3 cumpliend<\/b>o arresto domiciliario y su defensa mantuvo el pedido de libertad. <\/p>\n<p><!-- is a <br \/>--><\/p>\n<p><!-- is a object --><br \/>\n<!-- embed start --><\/p>\n<figure class=\"embed\">\n<p>    <img decoding=\"async\" src=\"https:\/\/elonce-media.elonce.com\/fotos\/2025\/04\/22\/e_1745359490_78846.webp\" loading=\"lazy\" width=\"600\" height=\"400\" alt=\"Julieta Riera.\"\/><figcaption>\n            <span>Julieta Riera.<\/span><br \/>\n        <\/figcaption><\/figure>\n<p><!-- embed end --><br \/>\n<!-- end object --><\/p>\n<p>La defensa de Christe sostuvo que la ca\u00edda de la joven hab\u00eda sido accidental y plante\u00f3 que no exist\u00eda peligro de fuga que justificara mantener una medida restrictiva de la libertad. <\/p>\n<p><!-- is a <br \/>--><\/p>\n<p>\u00a0<\/p>\n<p><!-- is a <br \/>--><\/p>\n<p>En ese escenario <b>judicial se conoci\u00f3 ahora la nueva denuncia por presunto abuso sexual de un menor.<\/b> La Fiscal\u00eda avanzaba con los informes profesionales, <b>la C\u00e1mara Gesell y otras pericias destinadas a determinar las circunstancias del hecho<\/b> y establecer eventuales responsabilidades.<\/p>\n<\/p><\/div>\n","protected":false},"excerpt":{"rendered":"<p>La denuncia contra Juli\u00e1n Christe por presunto abuso sexual de un menor fue presentada hace &#8220;aproximadamente dos semanas&#8221; y dio origen a una nueva investigaci\u00f3n judicial, seg\u00fan confirmaron fuentes judiciales a Elonce. El acusado por el femicidio de Mar\u00eda Julieta Riera actualmente, cumple arresto domiciliario en una vivienda de calle Blas Parera. \u00a0 Las fuentes [&hellip;]<\/p>\n","protected":false},"author":1,"featured_media":25090,"comment_status":"open","ping_status":"open","sticky":false,"template":"","format":"standard","meta":{"footnotes":""},"categories":[1],"tags":[],"class_list":["post-25089","post","type-post","status-publish","format-standard","has-post-thumbnail","hentry","category-uncategorized"],"_links":{"self":[{"href":"https:\/\/cliente1.publisher.highstack.com.ar\/index.php?rest_route=\/wp\/v2\/posts\/25089","targetHints":{"allow":["GET"]}}],"collection":[{"href":"https:\/\/cliente1.publisher.highstack.com.ar\/index.php?rest_route=\/wp\/v2\/posts"}],"about":[{"href":"https:\/\/cliente1.publisher.highstack.com.ar\/index.php?rest_route=\/wp\/v2\/types\/post"}],"author":[{"embeddable":true,"href":"https:\/\/cliente1.publisher.highstack.com.ar\/index.php?rest_route=\/wp\/v2\/users\/1"}],"replies":[{"embeddable":true,"href":"https:\/\/cliente1.publisher.highstack.com.ar\/index.php?rest_route=%2Fwp%2Fv2%2Fcomments&post=25089"}],"version-history":[{"count":0,"href":"https:\/\/cliente1.publisher.highstack.com.ar\/index.php?rest_route=\/wp\/v2\/posts\/25089\/revisions"}],"wp:featuredmedia":[{"embeddable":true,"href":"https:\/\/cliente1.publisher.highstack.com.ar\/index.php?rest_route=\/wp\/v2\/media\/25090"}],"wp:attachment":[{"href":"https:\/\/cliente1.publisher.highstack.com.ar\/index.php?rest_route=%2Fwp%2Fv2%2Fmedia&parent=25089"}],"wp:term":[{"taxonomy":"category","embeddable":true,"href":"https:\/\/cliente1.publisher.highstack.com.ar\/index.php?rest_route=%2Fwp%2Fv2%2Fcategories&post=25089"},{"taxonomy":"post_tag","embeddable":true,"href":"https:\/\/cliente1.publisher.highstack.com.ar\/index.php?rest_route=%2Fwp%2Fv2%2Ftags&post=25089"}],"curies":[{"name":"wp","href":"https:\/\/api.w.org\/{rel}","templated":true}]}}