{"id":25087,"date":"2026-09-04T17:55:17","date_gmt":"2026-09-04T20:55:17","guid":{"rendered":"https:\/\/cliente1.publisher.highstack.com.ar\/?p=25087"},"modified":"2026-09-04T17:55:17","modified_gmt":"2026-09-04T20:55:17","slug":"para-evitar-ir-a-prision-el-exgobernador-urribarri-dice-que-tiene-estres-postraumatico-y-depresion","status":"publish","type":"post","link":"https:\/\/cliente1.publisher.highstack.com.ar\/?p=25087","title":{"rendered":"Para evitar ir a prisi\u00f3n. El exgobernador Urribarri dice que tiene \u201cestr\u00e9s postraum\u00e1tico\u201d y depresi\u00f3n"},"content":{"rendered":"<section id=\"cuerpo__nota\" class=\"cuerpo__nota\">\n<div class=\"row\">\n<div class=\"col-12 col-desksm-1\">\n<div class=\"mod-share-container --no-app py-12 mb-16 mb-0_l sticky float-l_l z-101 transition transition-all transition-duration-250 top-73_min1024\">\n<div class=\"mod-share flex flex-column mb-0 p-0_l gap-24\"><\/div>\n<\/div>\n<\/div>\n<div class=\"col-deskxl-10 offset-deskxl-1 col-desksm-11\">\n<div class=\"row\">\n<div class=\"col-12\">\n<p class=\"com-paragraph --capital --s\">Antes de que la justicia active su detenci\u00f3n y lo lleve a la c\u00e1rcel para cumplir una condena a ocho a\u00f1os de prisi\u00f3n por corrupci\u00f3n, el exgobernador de Entre R\u00edos <strong>Sergio Urribarri <\/strong>pidi\u00f3 que le concedan la posibilidad de cumplir su pena en prisi\u00f3n domiciliaria.<\/p>\n<p class=\"com-paragraph --s\">Aleg\u00f3 que padece de <strong>estr\u00e9s postraum\u00e1tico<\/strong> con s\u00edntomas disociativos de despersonalizaci\u00f3n. <\/p>\n<p class=\"com-paragraph --s\">Seg\u00fan su escrito, que fue reproducido por la revista An\u00e1lisis, la primera consulta m\u00e9dica fue el 18 de diciembre de 2025 y est\u00e1 en tratamiento con el psiquiatra <strong>Julio Horacio Curotto<\/strong>, matr\u00edcula 8999, a base de <strong>sertralina, clonazepam y armodafinilo.<\/strong><\/p>\n<p class=\"com-paragraph --s\">Urribarri tiene 68 a\u00f1os, no llega a los 70 que exige el c\u00f3digo para pedir el beneficio del arresto domiciliario, por lo que argumenta razones de salud para conseguirlo.<\/p>\n<div class=\"content-media\">\n<section role=\"button\" class=\"mod-media   \">\n<figure role=\"button\" tabindex=\"0\" class=\"mod-figure \">\n<div class=\"placeholder \">\n<div class=\"com-image\"><picture><source media=\"(min-width: 768px)\" srcset=\"https:\/\/www.lanacion.com.ar\/resizer\/v2\/cristina-kirchner-y-sergio-R3VPNIBMZRH2TOQCIXVEHEXU6Q.jpg?auth=e7369b5a129f77ba86d6b43030400bb85be0ff84d2bcab5a302bc2699dec93b2&amp;width=780&amp;height=520&amp;quality=70&amp;smart=true\"><\/source><img class=\"image com-image flex --cover\" decoding=\"async\" fetchpriority=\"low\" loading=\"lazy\" src=\"https:\/\/www.lanacion.com.ar\/resizer\/v2\/cristina-kirchner-y-sergio-R3VPNIBMZRH2TOQCIXVEHEXU6Q.jpg?auth=e7369b5a129f77ba86d6b43030400bb85be0ff84d2bcab5a302bc2699dec93b2&amp;width=420&amp;height=280&amp;quality=70&amp;smart=true\" width=\"2000\" alt=\"Cristina Kirchner y Sergio Urribarri\" height=\"1333\"><\/picture><\/div>\n<\/div><figcaption class=\"mod-figcaption\"><span class=\"com-text --caption --twoxs\">Cristina Kirchner y Sergio Urribarri<\/span><\/figcaption><\/figure>\n<\/section>\n<\/div>\n<p class=\"com-paragraph --s\">Su abogado, Leopoldo Cappa, mencion\u00f3 que el d\u00eda que la Corte Suprema dej\u00f3 firme su condena, Urribarri fue atendido de urgencia por<strong> un episodio depresivo mayor<\/strong> grave y se le reforz\u00f3 la medicaci\u00f3n antipsic\u00f3tica y antidepresiva. <strong>Este diagn\u00f3stico no figura en ninguna presentaci\u00f3n anterior de la defensa.<\/strong><\/p>\n<p class=\"com-paragraph --s\">Adem\u00e1s, su defensa asegura que, por haber sido dos veces gobernador, su permanencia en una prisi\u00f3n superpoblada implica un riesgo de vida. <\/p>\n<p class=\"com-paragraph --s\">Por eso pidi\u00f3 que el Servicio Penitenciario informe si puede garantizar su integridad <strong>sin aislarlo.<\/strong><\/p>\n<p class=\"com-paragraph --s\">Urribarri ofreci\u00f3 como lugar de cumplimiento de la prisi\u00f3n su casa de la calle N\u00e9stor Garat 291 de Concordia, donde vive con su esposa,<strong> Ana L\u00eda Aguilera. <\/strong><\/p>\n<p class=\"com-paragraph --s\">El mismo beneficio pidi\u00f3 otro de los condenados, el exministro<strong> Pedro B\u00e1ez<\/strong>, que aleg\u00f3 padecer un cuadro digestivo severo. <\/p>\n<p class=\"com-paragraph --s\">B\u00e1ez quiere pasar el tiempo de condena <strong>en su casaquinta<\/strong> con una tobillera, o con un r\u00e9gimen de prisi\u00f3n nocturna y que de d\u00eda pueda estar en su casa con <strong>una dieta sin gluten.<\/strong><\/p>\n<p class=\"com-paragraph --s\">Dice su abogado que padece de una diarrea cr\u00f3nica que le hizo perder 6 kilos de peso en 2 meses, deshidrataci\u00f3n, taquicardia y una \u00falcera perianal, sumadas a diabetes e hipotiroidismo.<\/p>\n<p class=\"com-paragraph --s\">El Tribunal de Juicio y Apelaciones de Paran\u00e1 ya fue notificado por la Corte Suprema de Justicia de su decisi\u00f3n, por lo que puede disponer la detenci\u00f3n del exgobernador mientras analiza sus pedidos de prisi\u00f3n domiciliaria. <\/p>\n<p class=\"com-paragraph --s\">La <strong>Corte Suprema de Justicia <\/strong>dej\u00f3 firme el jueves pasado la condena a 8 a\u00f1os de prisi\u00f3n por los delitos de negociaci\u00f3n incompatible con la funci\u00f3n p\u00fablica y peculado en 5 causas que tramitaron los tribunales provinciales.<\/p>\n<p class=\"com-paragraph --s\">La condena lleva aparejada adem\u00e1s la inhabilitaci\u00f3n para ejercer cargos p\u00fablicos.<\/p>\n<p class=\"com-paragraph --s\">Los jueces <strong>Horacio Rosatti, Carlos Rosenkrantz y Ricardo Lorenzetti <\/strong>rechazaron el recurso extraordinario de la defensa del exgobernador por considerarlo inadmisible.<\/p>\n<p class=\"com-paragraph --s\">La misma suerte corrieron los planteos de los otros condenados en el expediente.<\/p>\n<p class=\"com-paragraph --s\">Urribarri, que ya hab\u00eda estado preso, hab\u00eda sido liberado en enero de 2025 tras un fallo de la Corte provincial. <\/p>\n<p class=\"com-paragraph --s\">Tras el fallo, los fiscales anticorrupci\u00f3n Patricia Yedro y Gonzalo Badano pidieron la detenci\u00f3n inmediata de Urribarri, <strong>Pedro B\u00e1ez<\/strong>, su exministro de Cultura, y <strong>Juan Pablo Aguilera<\/strong>, cu\u00f1ado del exgobernador, para que cumplan la condena efectiva en prisi\u00f3n.<\/p>\n<p class=\"com-paragraph --s\">El exgobernador \u2013aliado del kirchnerismo y que durante el gobierno de Alberto Fern\u00e1ndez fue embajador en Israel\u2013 fue condenado el 7 de abril de 2022 y esa sentencia fue confirmada por la Casaci\u00f3n de Entre R\u00edos en 2023.<\/p>\n<p class=\"com-paragraph --s\">El exmandatario qued\u00f3 preso en noviembre de 2024 por orden de la C\u00e1mara de Casaci\u00f3n provincial, que dispuso su prisi\u00f3n preventiva para evitar que se fugue, pero la decisi\u00f3n fue revocada en enero de 2025 por la Sala de feria del Tribunal Superior de Justicia de Entre R\u00edos. Estuvo preso 50 d\u00edas.<\/p>\n<p class=\"com-paragraph --s\">Seg\u00fan la investigaci\u00f3n a cargo de la fiscal provincial anticorrupci\u00f3n <strong>Cecilia Goyeneche<\/strong>, Urribarri direccion\u00f3 contrataciones de publicidad del Estado provincial para fines particulares.<\/p>\n<div data-fusion-lazy-id=\"f0fLHi7Wfcy22C4\"><\/div>\n<\/div>\n<\/div>\n<\/div>\n<\/div>\n<\/section>\n<p><\/p>\n","protected":false},"excerpt":{"rendered":"<p>Antes de que la justicia active su detenci\u00f3n y lo lleve a la c\u00e1rcel para cumplir una condena a ocho a\u00f1os de prisi\u00f3n por corrupci\u00f3n, el exgobernador de Entre R\u00edos Sergio Urribarri pidi\u00f3 que le concedan la posibilidad de cumplir su pena en prisi\u00f3n domiciliaria. Aleg\u00f3 que padece de estr\u00e9s postraum\u00e1tico con s\u00edntomas disociativos de [&hellip;]<\/p>\n","protected":false},"author":1,"featured_media":25088,"comment_status":"open","ping_status":"open","sticky":false,"template":"","format":"standard","meta":{"footnotes":""},"categories":[1],"tags":[4,99],"class_list":["post-25087","post","type-post","status-publish","format-standard","has-post-thumbnail","hentry","category-uncategorized","tag-entre-rios","tag-sergio-urribarri"],"_links":{"self":[{"href":"https:\/\/cliente1.publisher.highstack.com.ar\/index.php?rest_route=\/wp\/v2\/posts\/25087","targetHints":{"allow":["GET"]}}],"collection":[{"href":"https:\/\/cliente1.publisher.highstack.com.ar\/index.php?rest_route=\/wp\/v2\/posts"}],"about":[{"href":"https:\/\/cliente1.publisher.highstack.com.ar\/index.php?rest_route=\/wp\/v2\/types\/post"}],"author":[{"embeddable":true,"href":"https:\/\/cliente1.publisher.highstack.com.ar\/index.php?rest_route=\/wp\/v2\/users\/1"}],"replies":[{"embeddable":true,"href":"https:\/\/cliente1.publisher.highstack.com.ar\/index.php?rest_route=%2Fwp%2Fv2%2Fcomments&post=25087"}],"version-history":[{"count":0,"href":"https:\/\/cliente1.publisher.highstack.com.ar\/index.php?rest_route=\/wp\/v2\/posts\/25087\/revisions"}],"wp:featuredmedia":[{"embeddable":true,"href":"https:\/\/cliente1.publisher.highstack.com.ar\/index.php?rest_route=\/wp\/v2\/media\/25088"}],"wp:attachment":[{"href":"https:\/\/cliente1.publisher.highstack.com.ar\/index.php?rest_route=%2Fwp%2Fv2%2Fmedia&parent=25087"}],"wp:term":[{"taxonomy":"category","embeddable":true,"href":"https:\/\/cliente1.publisher.highstack.com.ar\/index.php?rest_route=%2Fwp%2Fv2%2Fcategories&post=25087"},{"taxonomy":"post_tag","embeddable":true,"href":"https:\/\/cliente1.publisher.highstack.com.ar\/index.php?rest_route=%2Fwp%2Fv2%2Ftags&post=25087"}],"curies":[{"name":"wp","href":"https:\/\/api.w.org\/{rel}","templated":true}]}}