{"id":25083,"date":"2026-09-04T16:54:41","date_gmt":"2026-09-04T19:54:41","guid":{"rendered":"https:\/\/cliente1.publisher.highstack.com.ar\/?p=25083"},"modified":"2026-09-04T16:54:41","modified_gmt":"2026-09-04T19:54:41","slug":"historica-ley-una-provincia-permitira-la-venta-de-carne-de-jabali","status":"publish","type":"post","link":"https:\/\/cliente1.publisher.highstack.com.ar\/?p=25083","title":{"rendered":"Hist\u00f3rica ley: una provincia permitir\u00e1 la venta de carne de jabal\u00ed"},"content":{"rendered":"<div class=\"col-12\">\n<div data-tw=\"true\" style=\"display:contents\">\n<div role=\"none\"><\/div>\n<\/div>\n<p class=\"com-paragraph --capital --s\">Finalmente, la <strong>Legislatura<\/strong> de la provincia de <strong>R\u00edo Negro<\/strong> <strong>aprob\u00f3<\/strong> una nueva <strong>Ley Provincial de Carnes<\/strong> que actualiza el <strong>r\u00e9gimen para la faena, elaboraci\u00f3n, traslado y comercializaci\u00f3n de productos de origen animal <\/strong>y, entre sus principales novedades, incorpora a la normativa el <strong>procesamiento de productos provenientes de la fauna silvestre, lo que le abre la puerta a la carne de jabal\u00ed, especie que para los productores genera serios da\u00f1os en sus explotaciones<\/strong>. La autoridad de aplicaci\u00f3n deber\u00e1 definir las especies alcanzadas, pero se descuenta la inclusi\u00f3n del jabal\u00ed y el guanaco. La iniciativa, impulsada por el gobierno provincial, fue avalada por <strong>mayor\u00eda luego de un debate que incluy\u00f3 diferencias sobre algunos de sus art\u00edculos. <\/strong>La nueva norma busca establecer un marco para distintas escalas de producci\u00f3n y comercializaci\u00f3n, desde peque\u00f1os establecimientos hasta plantas industriales, y contempla tambi\u00e9n<strong> situaciones habituales<\/strong> de los productores que hasta ahora no ten\u00edan una regulaci\u00f3n espec\u00edfica. Entre ellas aparece el <strong>autoconsumo familiar<\/strong>, adem\u00e1s de nuevas categor\u00edas para las salas de faena artesanal.<\/p>\n<div class=\"ln-banner-container --no-app --caja1_mob\">\n<div id=\"caja1_mob\" class=\"ln-banner\" data-slot-group=\"nota\" data-device=\"mobile\" data-subscription=\"false\" data-ad-unit-path=\"\/133919216\/campo_mobile\/Nota\/caja1_mob\" data-targeting='{\"sitio\":\"lanacion\",\"seccion\":\"nota\"}' data-without-hide=\"true\" data-size=\"[[320,100],[300,250],[1,1],[300,450],[320,450]]\" data-sizemap=\"[]\" data-prebid-enabled=\"true\"><\/div>\n<\/div>\n<p class=\"com-paragraph --s\">La <strong>Federaci\u00f3n de Sociedades Rurales de R\u00edo Negro<\/strong> celebr\u00f3 la aprobaci\u00f3n. Su presidente, <strong>Leandro Ballerini,<\/strong> sostuvo que se trata de \u201cuna normativa que incorpora varios de los planteos impulsados por la entidad para actualizar el marco regulatorio, <strong>facilitar la actividad de los productores y fortalecer la sanidad e inocuidad alimentaria\u201d.<\/strong><\/p>\n<div class=\"ln-banner-container --no-app --middle_1_dsk\">\n<div id=\"middle_1_dsk\" class=\"ln-banner\" data-slot-group=\"nota\" data-device=\"desktop\" data-subscription=\"true\" data-ad-unit-path=\"\/133919216\/campo_desktop\/Nota\/middle_1_dsk\" data-targeting='{\"sitio\":\"lanacion\",\"seccion\":\"nota\"}' data-without-hide=\"true\" data-size=\"[[1,1],[640,360],[640,480],[728,90]]\" data-sizemap=\"[]\" data-prebid-enabled=\"true\"><\/div>\n<\/div>\n<div class=\"content-media\">\n<section role=\"button\" class=\"mod-media   \">\n<figure role=\"button\" tabindex=\"0\" class=\"mod-figure \">\n<div class=\"placeholder \">\n<div class=\"com-image\"><picture><source media=\"(min-width: 768px)\" srcset=\"https:\/\/www.lanacion.com.ar\/resizer\/v2\/el-nuevo-regimen-adquiere-especial-relevancia-XEZSMRGTIVFC5JLRLXQPYR7D5M.png?auth=8c19b84e0bfe0133f71848fed658e4f3e23d85dad25f89f211f4de3a63b55b85&amp;width=780&amp;height=520&amp;quality=70&amp;smart=true\"><\/source><img class=\"image com-image flex --cover\" decoding=\"async\" fetchpriority=\"low\" loading=\"lazy\" src=\"https:\/\/www.lanacion.com.ar\/resizer\/v2\/el-nuevo-regimen-adquiere-especial-relevancia-XEZSMRGTIVFC5JLRLXQPYR7D5M.png?auth=8c19b84e0bfe0133f71848fed658e4f3e23d85dad25f89f211f4de3a63b55b85&amp;width=420&amp;height=280&amp;quality=70&amp;smart=true\" width=\"2000\" alt=\"El nuevo r\u00e9gimen adquiere especial relevancia para el jabal\u00ed, una especie ex\u00f3tica invasora que, seg\u00fan plantearon las entidades rurales, genera problemas ambientales y productivos en R\u00edo Negro y en otras zonas de la Patagonia\" height=\"1333\"><\/picture><\/div>\n<\/div><figcaption class=\"mod-figcaption\"><span class=\"com-text --caption --twoxs\">El nuevo r\u00e9gimen adquiere especial relevancia para el jabal\u00ed, una especie ex\u00f3tica invasora que, seg\u00fan plantearon las entidades rurales, genera problemas ambientales y productivos en R\u00edo Negro y en otras zonas de la Patagonia<\/span><\/figcaption><\/figure>\n<\/section>\n<\/div>\n<p class=\"com-paragraph --s\"><strong>\u201cEs el resultado de un trabajo de mucho tiempo junto a la Secretar\u00eda de Ganader\u00eda y otros organismos provinciales.<\/strong> La ley <strong>moderniza<\/strong> normas que ya hab\u00edan quedado desactualizadas y reconoce realidades productivas que hasta ahora no estaban contempladas\u201d, se\u00f1al\u00f3 Ballerini.<\/p>\n<div class=\"ln-banner-container --no-app --caja2_mob\">\n<div id=\"caja2_mob\" class=\"ln-banner\" data-slot-group=\"nota\" data-device=\"mobile\" data-subscription=\"true\" data-ad-unit-path=\"\/133919216\/campo_mobile\/Nota\/caja2_mob\" data-targeting='{\"sitio\":\"lanacion\",\"seccion\":\"nota\"}' data-without-hide=\"true\" data-size=\"[[320,100],[300,250],[300,450],[1,1],[360,270],[320,180]]\" data-sizemap=\"[]\" data-prebid-enabled=\"true\"><\/div>\n<\/div>\n<p class=\"com-paragraph --s\">Uno de los cambios destacados es la incorporaci\u00f3n de la figura del <strong>autoconsumo del productor<\/strong>. La norma permite reglamentar el traslado de carne destinada al consumo familiar desde los establecimientos rurales hacia las localidades, bajo determinadas condiciones y mediante una <strong>Gu\u00eda de Tr\u00e1nsito No Comercial<\/strong>.<\/p>\n<div class=\"ln-banner-container --no-app --middle_2_dsk\">\n<div id=\"middle_2_dsk\" class=\"ln-banner\" data-slot-group=\"nota\" data-device=\"desktop\" data-subscription=\"true\" data-ad-unit-path=\"\/133919216\/campo_desktop\/Nota\/middle_2_dsk\" data-targeting='{\"sitio\":\"lanacion\",\"seccion\":\"nota\"}' data-without-hide=\"true\" data-size=\"[[1,1],[728,90]]\" data-sizemap=\"[]\" data-prebid-enabled=\"true\"><\/div>\n<\/div>\n<p class=\"com-paragraph --s\">Para acceder a ese mecanismo, el productor deber\u00e1 estar formalmente registrado y contar con la correspondiente marca o se\u00f1al, seg\u00fan se trate de ganado mayor o menor. Adem\u00e1s, los productos deber\u00e1n transportarse con <strong>precinto sanitario y en un medio herm\u00e9tico<\/strong>, sin compartir el espacio de carga con sustancias que puedan generar contaminaci\u00f3n.<\/p>\n<div class=\"ln-banner-container --no-app --caja3_mob\">\n<div id=\"caja3_mob\" class=\"ln-banner\" data-slot-group=\"nota\" data-device=\"mobile\" data-subscription=\"false\" data-ad-unit-path=\"\/133919216\/campo_mobile\/Nota\/caja3_mob\" data-targeting='{\"sitio\":\"lanacion\",\"seccion\":\"nota\"}' data-without-hide=\"true\" data-size=\"[[320,100],[300,250],[1,1],[300,450],[360,270]]\" data-sizemap=\"[]\" data-prebid-enabled=\"true\"><\/div>\n<\/div>\n<div class=\"ln-banner-container --no-app --middle_2_tab\">\n<div id=\"middle_2_tab\" class=\"ln-banner\" data-slot-group=\"nota\" data-device=\"tablet\" data-subscription=\"false\" data-ad-unit-path=\"\/133919216\/campo_tablet\/Nota\/middle_2_tab\" data-targeting='{\"sitio\":\"lanacion\",\"seccion\":\"nota\"}' data-without-hide=\"true\" data-size=\"[[728,90],[640,480],[468,60],[1,1]]\" data-sizemap=\"[]\" data-prebid-enabled=\"true\"><\/div>\n<\/div>\n<p class=\"com-paragraph --s\">La gu\u00eda deber\u00e1 consignar, entre otros datos, el establecimiento de origen y destino, la especie, el tipo y cantidad de producto, la fecha de emisi\u00f3n y el veh\u00edculo utilizado. El traslado no podr\u00e1 superar las <strong>48 horas<\/strong> desde la emisi\u00f3n del documento y la gu\u00eda deber\u00e1 ser validada en el primer puesto caminero policial o sanitario del recorrido.<\/p>\n<p class=\"com-paragraph --s\">La norma tambi\u00e9n establece una nueva <strong>categorizaci\u00f3n de los establecimientos de faena<\/strong> de acuerdo con su escala. Para las actividades artesanales se contempla una capacidad diaria de hasta dos bovinos, cinco porcinos y\/o diez ovinos o caprinos. Tambi\u00e9n se fijan categor\u00edas para mataderos rurales y frigor\u00edficos de clase B y C.<\/p>\n<div class=\"content-media\">\n<section role=\"button\" class=\"mod-media   \">\n<figure role=\"button\" tabindex=\"0\" class=\"mod-figure \">\n<div class=\"placeholder \">\n<div class=\"com-image\"><picture><source media=\"(min-width: 768px)\" srcset=\"https:\/\/www.lanacion.com.ar\/resizer\/v2\/a-pesar-de-las-dificultades-que-enfrentan-las-B6ZKMQUYCFHJBOOMRE7WADKXSE.jpg?auth=62c36310f95e183385ac211e06f4d99f32de32cc03d2d957650e3d2281cfd228&amp;width=780&amp;height=348&amp;quality=70&amp;smart=true\"><\/source><img class=\"image com-image flex --cover\" decoding=\"async\" fetchpriority=\"low\" loading=\"lazy\" src=\"https:\/\/www.lanacion.com.ar\/resizer\/v2\/a-pesar-de-las-dificultades-que-enfrentan-las-B6ZKMQUYCFHJBOOMRE7WADKXSE.jpg?auth=62c36310f95e183385ac211e06f4d99f32de32cc03d2d957650e3d2281cfd228&amp;width=420&amp;height=187&amp;quality=70&amp;smart=true\" width=\"596\" alt=\"Ballerini destac\u00f3 precisamente el objetivo de desburocratizar y formalizar actividades que, seg\u00fan la entidad ruralista, hasta ahora no contaban con un marco adecuado\" height=\"266\"><\/picture><\/div>\n<\/div><figcaption class=\"mod-figcaption\"><span class=\"com-text --caption --twoxs\">Ballerini destac\u00f3 precisamente el objetivo de desburocratizar y formalizar actividades que, seg\u00fan la entidad ruralista, hasta ahora no contaban con un marco adecuado<\/span><\/figcaption><\/figure>\n<\/section>\n<\/div>\n<div class=\"ln-banner-container --no-app --caja4_mob\">\n<div id=\"caja4_mob\" class=\"ln-banner\" data-slot-group=\"nota\" data-device=\"mobile\" data-subscription=\"false\" data-ad-unit-path=\"\/133919216\/campo_mobile\/Nota\/caja4_mob\" data-targeting='{\"sitio\":\"lanacion\",\"seccion\":\"nota\"}' data-without-hide=\"true\" data-size=\"[[320,100],[300,250],[1,1]]\" data-sizemap=\"[]\" data-prebid-enabled=\"true\"><\/div>\n<\/div>\n<p class=\"com-paragraph --s\">La regulaci\u00f3n alcanza adem\u00e1s a establecimientos que elaboren <strong>chacinados, salazones, conservas y productos afines<\/strong>, as\u00ed como a plantas procesadoras de huevos y l\u00e1cteos. En todos los casos se establecen par\u00e1metros para diferenciar las producciones artesanales de las industriales.<\/p>\n<p class=\"com-paragraph --s\">Ballerini destac\u00f3 precisamente el objetivo de <strong>desburocratizar y formalizar<\/strong> <strong>actividades <\/strong>que, seg\u00fan la entidad ruralista, hasta ahora no contaban con un marco adecuado. La participaci\u00f3n del Ministerio de Salud en los controles, se\u00f1al\u00f3, <strong>permitir\u00e1 reforzar las condiciones de inocuidad de los alimentos.<\/strong><\/p>\n<div class=\"ln-banner-container --no-app --caja6_mob\">\n<div id=\"caja6_mob\" class=\"ln-banner\" data-slot-group=\"nota\" data-device=\"mobile\" data-subscription=\"false\" data-ad-unit-path=\"\/133919216\/campo_mobile\/Nota\/caja6_mob\" data-targeting='{\"sitio\":\"lanacion\",\"seccion\":\"nota\"}' data-without-hide=\"true\" data-size=\"[[300,250],[230,50],[300,450],[1,1],[320,100]]\" data-sizemap=\"[]\" data-prebid-enabled=\"true\"><\/div>\n<\/div>\n<p class=\"com-paragraph --s\"><strong>Daniel Lavayen,<\/strong> integrante por R\u00edo Negro de la Mesa Ejecutiva de <strong>Confederaciones Rurales Argentinas (CRA)<\/strong>, explic\u00f3 a<strong> LA NACION<\/strong> que el proyecto hab\u00eda sido planteado por la Federaci\u00f3n de Sociedades Rurales y trabajado con las autoridades provinciales. \u201c<strong>Es algo nuevo e interesante, porque en R\u00edo Negro existen distintas realidades<\/strong>, donde hay municipios como la Regi\u00f3n Sur donde est\u00e1n peque\u00f1os productores, productores ovinos\u201d, dijo.<\/p>\n<p class=\"com-paragraph --s\">Seg\u00fan Lavayen, esos municipios que cuenten con bromatolog\u00eda podr\u00e1n intervenir en las salas de faena, mientras que la circulaci\u00f3n dentro de la provincia quedar\u00e1 alcanzada por controles vinculados con <strong>Transporte, Salud y Polic\u00eda<\/strong>. \u201cEn R\u00edo Negro, tenemos <strong>la polic\u00eda rural para que fiscalicen en rutas y caminos\u201d,<\/strong> agreg\u00f3.<\/p>\n<div class=\"ln-banner-container --no-app --caja7_mob\">\n<div id=\"caja7_mob\" class=\"ln-banner\" data-slot-group=\"nota\" data-device=\"mobile\" data-subscription=\"true\" data-ad-unit-path=\"\/133919216\/campo_mobile\/Nota\/caja7_mob\" data-targeting='{\"sitio\":\"lanacion\",\"seccion\":\"nota\"}' data-without-hide=\"true\" data-size=\"[[300,250],[320,50],[300,450],[1,1],[320,100]]\" data-sizemap=\"[]\" data-prebid-enabled=\"true\"><\/div>\n<\/div>\n<div data-tw=\"true\" style=\"display:contents\">\n<h2 class=\"font-primary font-w-bold text-subheading-lg text-left container-center-100 mb-8\"><span>Fauna silvestre<\/span><\/h2>\n<\/div>\n<p class=\"com-paragraph --s\">Uno de los puntos que genera mayor inter\u00e9s para el sector es el tratamiento de la <strong>fauna silvestre<\/strong>. La nueva ley establece que los productos alimenticios derivados de especies silvestres destinados al comercio deber\u00e1n procesarse obligatoriamente en <strong>plantas de faena industriales o artesanales habilitadas<\/strong>. La norma dispone, adem\u00e1s, que ser\u00e1 el \u00e1rea de <strong>Fauna de la provincia<\/strong> la encargada de determinar <strong>cu\u00e1les son las especies autorizadas y los cupos correspondientes.<\/strong> El traslado y procesamiento deber\u00e1n realizarse bajo las condiciones sanitarias y de documentaci\u00f3n establecidas por la legislaci\u00f3n vigente.<\/p>\n<p class=\"com-paragraph --s\">El articulado actual proh\u00edbe expresamente la comercializaci\u00f3n de carne de animales silvestres capturados mediante <strong>perros o m\u00e9todos cruentos<\/strong> que provoquen deterioro, estr\u00e9s excesivo o contaminaci\u00f3n biol\u00f3gica de las piezas. Cuando los animales no sean trasladados vivos, deber\u00e1n realizarse tareas espec\u00edficas de desangrado y evisceraci\u00f3n antes de su llegada a la planta procesadora.<\/p>\n<div class=\"ln-banner-container --no-app --caja8_mob\">\n<div id=\"caja8_mob\" class=\"ln-banner\" data-slot-group=\"nota\" data-device=\"mobile\" data-subscription=\"true\" data-ad-unit-path=\"\/133919216\/campo_mobile\/Nota\/caja8_mob\" data-targeting='{\"sitio\":\"lanacion\",\"seccion\":\"nota\"}' data-without-hide=\"true\" data-size=\"[[300,250],[320,50],[300,450],[1,1],[320,100]]\" data-sizemap=\"[]\" data-prebid-enabled=\"true\"><\/div>\n<\/div>\n<p class=\"com-paragraph --s\">El nuevo r\u00e9gimen adquiere especial relevancia para el <strong>jabal\u00ed<\/strong>, una especie ex\u00f3tica invasora que, seg\u00fan plantearon las entidades rurales, genera problemas ambientales y productivos en R\u00edo Negro y en otras zonas de la Patagonia. Lavayen destac\u00f3 este punto: <strong>\u201cOtra cosa nueva, que nos parece interesante, es todo lo que es el control de la fauna, principalmente lo que es el jabal\u00ed\u201d. <\/strong>En las plantas de destino se deber\u00e1n realizar las tareas de cuereado, higienizaci\u00f3n, enfriamiento y verificaci\u00f3n sanitaria antes del procesamiento. El objetivo es que la incorporaci\u00f3n de la fauna silvestre a los canales formales de comercializaci\u00f3n se realice con <strong>trazabilidad, controles sanitarios y documentaci\u00f3n<\/strong>.<\/p>\n<p class=\"com-paragraph --s\">La ley tambi\u00e9n establece un esquema de <strong>controles, sanciones y multas.<\/strong> Los inspectores podr\u00e1n ingresar a establecimientos, dep\u00f3sitos y transportes, verificar documentaci\u00f3n y condiciones sanitarias, inspeccionar veh\u00edculos en tr\u00e1nsito e incluso controlar establecimientos agropecuarios. Para ingresar a viviendas o dependencias de uso estrictamente residencial deber\u00e1n contar con una orden judicial.<\/p>\n<div class=\"ln-banner-container --no-app --caja9_mob\">\n<div id=\"caja9_mob\" class=\"ln-banner\" data-slot-group=\"nota\" data-device=\"mobile\" data-subscription=\"true\" data-ad-unit-path=\"\/133919216\/campo_mobile\/Nota\/caja9_mob\" data-targeting='{\"sitio\":\"lanacion\",\"seccion\":\"nota\"}' data-without-hide=\"true\" data-size=\"[[300,250],[320,50],[300,450],[1,1],[320,100]]\" data-sizemap=\"[]\" data-prebid-enabled=\"true\"><\/div>\n<\/div>\n<p class=\"com-paragraph --s\">Para Lavayen, uno de los aspectos centrales de la reforma es que reemplaza una legislaci\u00f3n que llevaba d\u00e9cadas de vigencia. <strong>\u201cEs una ley que reemplaza a la que estaba que llevaba 35 a\u00f1os\u201d,<\/strong> se\u00f1al\u00f3 Lavayen. Y destac\u00f3 que la intenci\u00f3n es que peque\u00f1os productores y elaboradores <strong>puedan acceder a un esquema de habilitaci\u00f3n acorde con su escala, siempre bajo controles bromatol\u00f3gicos.<\/strong><\/p>\n<p class=\"com-paragraph --s\">El dirigente mencion\u00f3 que el nuevo marco tambi\u00e9n alcanza a productos elaborados como <strong>chacinados, conservas y quesos<\/strong>, adem\u00e1s de la producci\u00f3n de <strong>leche y huevos. <\/strong>\u201cEn el com\u00fan de la gente hay mucha aceptaci\u00f3n de la nueva ley\u201d, afirm\u00f3.<\/p>\n<p class=\"com-paragraph --s\">Ballerini, en tanto, ubic\u00f3 la reforma dentro de un proceso m\u00e1s amplio de actualizaci\u00f3n normativa impulsado por la entidad ruralista. <strong>\u201cVenimos trabajando desde hace varios a\u00f1os para modernizar leyes que impactan directamente en la producci\u00f3n\u201d,<\/strong> dijo, y mencion\u00f3 los cambios vinculados con marcas y se\u00f1ales y la participaci\u00f3n en el debate de la nueva Ley de Fauna.<\/p>\n<p class=\"com-paragraph --s\">\u201cCuando las instituciones trabajan junto al Estado y los distintos actores de la cadena, es posible construir normas m\u00e1s eficientes, que simplifican la producci\u00f3n sin resignar los controles sanitarios y generan nuevas oportunidades para el desarrollo ganadero de la provincia\u201d, concluy\u00f3 el dirigente.<\/p>\n<div class=\"ln-banner-container --no-app --caja5_mob\">\n<div id=\"caja5_mob\" class=\"ln-banner\" data-slot-group=\"nota\" data-device=\"mobile\" data-subscription=\"false\" data-ad-unit-path=\"\/133919216\/campo_mobile\/Nota\/caja5_mob\" data-targeting='{\"sitio\":\"lanacion\",\"seccion\":\"nota\"}' data-without-hide=\"true\" data-size='[[320,100],[300,250],[1,1],[\" fluid\"]]' data-sizemap=\"[]\" data-prebid-enabled=\"true\"><\/div>\n<\/div>\n<div data-fusion-lazy-id=\"f0fLHi7Wfcy22C4\"><\/div>\n<div class=\"ln-banner-container --no-app --middle_3_dsk\">\n<div id=\"middle_3_dsk\" class=\"ln-banner\" data-slot-group=\"nota\" data-device=\"desktop\" data-subscription=\"true\" data-ad-unit-path=\"\/133919216\/campo_desktop\/Nota\/middle_3_dsk\" data-targeting='{\"sitio\":\"lanacion\",\"seccion\":\"nota\"}' data-without-hide=\"true\" data-size=\"[[1,1],[728,90],[640,360],[728,360]]\" data-sizemap=\"[]\" data-prebid-enabled=\"true\"><\/div>\n<\/div>\n<\/div>\n","protected":false},"excerpt":{"rendered":"<p>Finalmente, la Legislatura de la provincia de R\u00edo Negro aprob\u00f3 una nueva Ley Provincial de Carnes que actualiza el r\u00e9gimen para la faena, elaboraci\u00f3n, traslado y comercializaci\u00f3n de productos de origen animal y, entre sus principales novedades, incorpora a la normativa el procesamiento de productos provenientes de la fauna silvestre, lo que le abre la [&hellip;]<\/p>\n","protected":false},"author":1,"featured_media":25084,"comment_status":"open","ping_status":"open","sticky":false,"template":"","format":"standard","meta":{"footnotes":""},"categories":[1],"tags":[],"class_list":["post-25083","post","type-post","status-publish","format-standard","has-post-thumbnail","hentry","category-uncategorized"],"_links":{"self":[{"href":"https:\/\/cliente1.publisher.highstack.com.ar\/index.php?rest_route=\/wp\/v2\/posts\/25083","targetHints":{"allow":["GET"]}}],"collection":[{"href":"https:\/\/cliente1.publisher.highstack.com.ar\/index.php?rest_route=\/wp\/v2\/posts"}],"about":[{"href":"https:\/\/cliente1.publisher.highstack.com.ar\/index.php?rest_route=\/wp\/v2\/types\/post"}],"author":[{"embeddable":true,"href":"https:\/\/cliente1.publisher.highstack.com.ar\/index.php?rest_route=\/wp\/v2\/users\/1"}],"replies":[{"embeddable":true,"href":"https:\/\/cliente1.publisher.highstack.com.ar\/index.php?rest_route=%2Fwp%2Fv2%2Fcomments&post=25083"}],"version-history":[{"count":0,"href":"https:\/\/cliente1.publisher.highstack.com.ar\/index.php?rest_route=\/wp\/v2\/posts\/25083\/revisions"}],"wp:featuredmedia":[{"embeddable":true,"href":"https:\/\/cliente1.publisher.highstack.com.ar\/index.php?rest_route=\/wp\/v2\/media\/25084"}],"wp:attachment":[{"href":"https:\/\/cliente1.publisher.highstack.com.ar\/index.php?rest_route=%2Fwp%2Fv2%2Fmedia&parent=25083"}],"wp:term":[{"taxonomy":"category","embeddable":true,"href":"https:\/\/cliente1.publisher.highstack.com.ar\/index.php?rest_route=%2Fwp%2Fv2%2Fcategories&post=25083"},{"taxonomy":"post_tag","embeddable":true,"href":"https:\/\/cliente1.publisher.highstack.com.ar\/index.php?rest_route=%2Fwp%2Fv2%2Ftags&post=25083"}],"curies":[{"name":"wp","href":"https:\/\/api.w.org\/{rel}","templated":true}]}}