{"id":25077,"date":"2026-09-04T16:00:08","date_gmt":"2026-09-04T19:00:08","guid":{"rendered":"https:\/\/cliente1.publisher.highstack.com.ar\/?p=25077"},"modified":"2026-09-04T16:00:08","modified_gmt":"2026-09-04T19:00:08","slug":"invitan-a-la-fiesta-del-mate-cocido-y-la-torta-frita-en-villa-clara","status":"publish","type":"post","link":"https:\/\/cliente1.publisher.highstack.com.ar\/?p=25077","title":{"rendered":"Invitan a la Fiesta del Mate Cocido y la Torta Frita en Villa Clara"},"content":{"rendered":"<p>La jornada ser\u00e1 con entrada libre y gratuita y contar\u00e1 con propuestas gastron\u00f3micas, espect\u00e1culos musicales, emprendimientos locales y una exposici\u00f3n de autos antiguos. La presentaci\u00f3n del evento se realiz\u00f3 este viernes, con el acompa\u00f1amiento de la Secretar\u00eda de Cultura de Entre R\u00edos.<\/p>\n<p>El secretario de Cultura de Entre R\u00edos, Juli\u00e1n Stoppello, destac\u00f3 el acompa\u00f1amiento del Gobierno provincial a las celebraciones que se desarrollan en distintas localidades. En ese sentido, valor\u00f3 &#8220;seguir acompa\u00f1ando desde el Gobierno provincial a las fiestas populares entrerrianas, donde se expresa nuestra identidad cultural y adem\u00e1s se promueve el trabajo local&#8221;.<\/p>\n<p>Por su parte, el intendente de Villa Clara, Luis Guy, anticip\u00f3 una importante convocatoria para esta nueva edici\u00f3n. &#8220;Las estimaciones indican que podr\u00edan participar m\u00e1s de 3 mil personas&#8221;, afirm\u00f3. Adem\u00e1s, destac\u00f3 que el evento reunir\u00e1 a m\u00e1s de 50 emprendedores de distintos rubros.<\/p>\n<p>El secretario de Gobierno municipal, Mat\u00edas Cattaneo, agradeci\u00f3 el acompa\u00f1amiento de la Provincia y resalt\u00f3 el esfuerzo realizado por el municipio para sostener la celebraci\u00f3n. &#8220;Es un esfuerzo enorme que hace el municipio para poder brindar este evento&#8221;, sostuvo.<\/p>\n<p>Las actividades comenzar\u00e1n a las 12 con la exposici\u00f3n y el desfile de m\u00e1s de 120 autos antiguos. A partir de las 14, se desarrollar\u00e1n espect\u00e1culos musicales y talleres con artistas locales. La programaci\u00f3n incluir\u00e1 las presentaciones de El Pato Viganoni, La Don C\u00e9sar, La Nueva Tati y Los Raiceritos, mientras que el cierre estar\u00e1 a cargo de Los Charros.<\/p>\n<p>La propuesta gastron\u00f3mica ser\u00e1 uno de los principales atractivos de la jornada. Adem\u00e1s del tradicional mate cocido y la cl\u00e1sica torta frita, se podr\u00e1n degustar ocho variedades, entre ellas elaboradas con harina de ma\u00edz y de arroz, rellenas con jam\u00f3n y queso o salame, con dulce de leche, ajo y glaseadas. Tambi\u00e9n estar\u00e1 presente la denominada &#8220;torta frita de la abuela&#8221;.<\/p>\n<p>La celebraci\u00f3n busca poner en valor las tradiciones y la identidad de Villa Clara, al tiempo que genera un espacio para el encuentro de la comunidad, la promoci\u00f3n de los emprendimientos locales y el disfrute de una jornada abierta a vecinos y visitantes.<\/p>\n","protected":false},"excerpt":{"rendered":"<p>La sexta edici\u00f3n de la Fiesta del Mate Cocido y la Torta Frita se realizar\u00e1 este domingo 6 de septiembre, desde las 12, en el Paseo de la Estaci\u00f3n de Villa Clara, departamento Villaguay.<\/p>\n","protected":false},"author":0,"featured_media":25078,"comment_status":"open","ping_status":"open","sticky":false,"template":"","format":"standard","meta":{"footnotes":""},"categories":[2225,2328],"tags":[1665],"class_list":["post-25077","post","type-post","status-publish","format-standard","has-post-thumbnail","hentry","category-locales","category-villa-clara","tag-cultura"],"_links":{"self":[{"href":"https:\/\/cliente1.publisher.highstack.com.ar\/index.php?rest_route=\/wp\/v2\/posts\/25077","targetHints":{"allow":["GET"]}}],"collection":[{"href":"https:\/\/cliente1.publisher.highstack.com.ar\/index.php?rest_route=\/wp\/v2\/posts"}],"about":[{"href":"https:\/\/cliente1.publisher.highstack.com.ar\/index.php?rest_route=\/wp\/v2\/types\/post"}],"replies":[{"embeddable":true,"href":"https:\/\/cliente1.publisher.highstack.com.ar\/index.php?rest_route=%2Fwp%2Fv2%2Fcomments&post=25077"}],"version-history":[{"count":0,"href":"https:\/\/cliente1.publisher.highstack.com.ar\/index.php?rest_route=\/wp\/v2\/posts\/25077\/revisions"}],"wp:featuredmedia":[{"embeddable":true,"href":"https:\/\/cliente1.publisher.highstack.com.ar\/index.php?rest_route=\/wp\/v2\/media\/25078"}],"wp:attachment":[{"href":"https:\/\/cliente1.publisher.highstack.com.ar\/index.php?rest_route=%2Fwp%2Fv2%2Fmedia&parent=25077"}],"wp:term":[{"taxonomy":"category","embeddable":true,"href":"https:\/\/cliente1.publisher.highstack.com.ar\/index.php?rest_route=%2Fwp%2Fv2%2Fcategories&post=25077"},{"taxonomy":"post_tag","embeddable":true,"href":"https:\/\/cliente1.publisher.highstack.com.ar\/index.php?rest_route=%2Fwp%2Fv2%2Ftags&post=25077"}],"curies":[{"name":"wp","href":"https:\/\/api.w.org\/{rel}","templated":true}]}}