{"id":25074,"date":"2026-09-04T15:50:41","date_gmt":"2026-09-04T18:50:41","guid":{"rendered":"https:\/\/cliente1.publisher.highstack.com.ar\/?p=25074"},"modified":"2026-09-04T15:50:41","modified_gmt":"2026-09-04T18:50:41","slug":"una-base-antartica-satelites-y-un-nuevo-proyecto-de-ley-el-otro-lado-de-los-anuncios-de-javier-milei-sobre-las-islas-malvinas","status":"publish","type":"post","link":"https:\/\/cliente1.publisher.highstack.com.ar\/?p=25074","title":{"rendered":"Una base ant\u00e1rtica, sat\u00e9lites y un nuevo proyecto de ley: el otro lado de los anuncios de Javier Milei sobre las Islas Malvinas"},"content":{"rendered":"<div class=\"visual__image image-initial-width\"><picture><source srcset=\"https:\/\/www.infobae.com\/resizer\/v2\/X4HXLAB4VZAOBBOOD2MHSEVTJI.jpg?auth=55c2656f334e6612ab89456a5f7a5607bf7201e2a4d1dbc2272f43724908954d&amp;smart=true&amp;width=992&amp;height=558&amp;quality=85\" media=\"(min-width: 1000px)\"><\/source><source srcset=\"https:\/\/www.infobae.com\/resizer\/v2\/X4HXLAB4VZAOBBOOD2MHSEVTJI.jpg?auth=55c2656f334e6612ab89456a5f7a5607bf7201e2a4d1dbc2272f43724908954d&amp;smart=true&amp;width=768&amp;height=432&amp;quality=85\" media=\"(min-width: 768px)\"><\/source><source srcset=\"https:\/\/www.infobae.com\/resizer\/v2\/X4HXLAB4VZAOBBOOD2MHSEVTJI.jpg?auth=55c2656f334e6612ab89456a5f7a5607bf7201e2a4d1dbc2272f43724908954d&amp;smart=true&amp;width=577&amp;height=325&amp;quality=85\" media=\"(min-width: 580px)\"><\/source><source srcset=\"https:\/\/www.infobae.com\/resizer\/v2\/X4HXLAB4VZAOBBOOD2MHSEVTJI.jpg?auth=55c2656f334e6612ab89456a5f7a5607bf7201e2a4d1dbc2272f43724908954d&amp;smart=true&amp;width=420&amp;height=236&amp;quality=85\" media=\"(min-width: 350px)\"><\/source><source srcset=\"https:\/\/www.infobae.com\/resizer\/v2\/X4HXLAB4VZAOBBOOD2MHSEVTJI.jpg?auth=55c2656f334e6612ab89456a5f7a5607bf7201e2a4d1dbc2272f43724908954d&amp;smart=true&amp;width=350&amp;height=197&amp;quality=85\" media=\"(min-width: 80px)\"><\/source><img alt=\"Javier Milei habla en cadena nacional por la causa Malvinas\" class=\"global-image\" decoding=\"async\" fetchpriority=\"high\" height=\"720\" loading=\"eager\" src=\"https:\/\/www.infobae.com\/resizer\/v2\/X4HXLAB4VZAOBBOOD2MHSEVTJI.jpg?auth=55c2656f334e6612ab89456a5f7a5607bf7201e2a4d1dbc2272f43724908954d&amp;smart=true&amp;width=350&amp;height=197&amp;quality=85\" width=\"1280\"><\/picture><\/div>\n<div class=\"sharebar-container display_flex sharebar-new\" style=\"opacity:1\">\n<div class=\"share-bar-article-date-container \"><span class=\"sharebar-article-date\">04 Sep, 2026 01:58 p. m. EST<\/span><\/div>\n<div class=\"sharebar-buttons-container display_flex\">\n<div aria-label=\"Guardar\" class=\"sharebar-buttons button-save\" role=\"button\" tabindex=\"0\"><svg width=\"9\" height=\"12\" viewbox=\"0 0 8 10\" fill=\"none\" xmlns=\"http:\/\/www.w3.org\/2000\/svg\" class=\"saved-icon saved\"><path d=\"M6.64286 0.5V9.31687L4.1116 7.16407L4.11106 7.16361C3.79894 6.89891 3.34392 6.89891 3.03179 7.16361L3.03126 7.16407L0.5 9.31687V0.5H6.64286Z\"><\/path><\/svg><span class=\"buttons-save-text\">Guardar<\/span><\/div>\n<div class=\"sharebar-buttons-separator\"><\/div>\n<p><button class=\"sharemenu-buttons display_flex\" aria-label=\"Compartir en Telegram\"><svg width=\"38\" height=\"38\" viewbox=\"0 0 38 38\" fill=\"none\" xmlns=\"http:\/\/www.w3.org\/2000\/svg\"><rect x=\"0.5\" y=\"0.5\" width=\"37\" height=\"37\" rx=\"18.5\" fill=\"white\"><\/rect><rect x=\"0.5\" y=\"0.5\" width=\"37\" height=\"37\" rx=\"18.5\" stroke=\"#C2C2C2\"><\/rect><path d=\"M24.9696 12.5511L10.3405 18.0494C10.0623 18.151 9.92701 18.4484 10.0398 18.7168C10.0999 18.8619 10.2277 18.9779 10.3856 19.0214L14.1068 20.0805L15.4975 24.3312C15.6028 24.6576 15.9636 24.839 16.2944 24.7374C16.3921 24.7084 16.4823 24.6504 16.5575 24.5778L18.482 22.6846L22.2558 25.354C22.6091 25.6006 23.0977 25.5281 23.3533 25.1872C23.421 25.1001 23.4661 24.9986 23.4887 24.897L25.9845 13.3707C26.0672 12.979 25.8116 12.5946 25.4056 12.5148C25.2628 12.4858 25.1124 12.5003 24.9771 12.5511M23.1429 15.1116L16.347 20.9147C16.2793 20.9727 16.2342 21.0525 16.2267 21.1395L15.9636 23.381C15.9636 23.4172 15.926 23.4462 15.8884 23.439C15.8583 23.439 15.8358 23.4172 15.8283 23.3955L14.7533 20.0442C14.7007 19.8919 14.7683 19.7251 14.9111 19.638L22.9399 14.836C23.0226 14.7852 23.1353 14.8142 23.1804 14.894C23.2255 14.9666 23.2105 15.0536 23.1504 15.1116\" fill=\"#555555\"><\/path><\/svg><\/button><button class=\"sharemenu-buttons display_flex\" aria-label=\"Compartir en Linkedin\"><svg width=\"38\" height=\"38\" viewbox=\"0 0 38 38\" fill=\"none\" xmlns=\"http:\/\/www.w3.org\/2000\/svg\"><rect x=\"0.5\" y=\"0.5\" width=\"37\" height=\"37\" rx=\"18.5\" fill=\"white\"><\/rect><rect x=\"0.5\" y=\"0.5\" width=\"37\" height=\"37\" rx=\"18.5\" stroke=\"#C2C2C2\"><\/rect><path d=\"M16.5556 27V16.2231H19.963V17.6949C20.0185 17.6368 20.0648 17.5787 20.1111 17.5206C20.8611 16.349 22.2037 15.739 23.537 15.981C25.3889 16.1359 26.8426 17.7046 26.9259 19.6411C26.9722 20.0478 27 20.4641 27 20.8708C27 22.817 27 24.7633 27 26.7095V26.9806H23.5741V26.6805C23.5741 24.8892 23.5741 23.0882 23.5741 21.2969C23.5741 20.8805 23.5278 20.4545 23.4259 20.0478C23.1945 19.1279 22.2963 18.5663 21.4074 18.8084C21.2037 18.8665 21 18.9633 20.8333 19.0989C20.3333 19.4281 20.0185 19.9897 19.9907 20.6094C19.9722 21.1419 19.9722 21.6842 19.9722 22.2167V26.9903H16.5648L16.5556 27ZM11.2222 27V16.2037H11.7407C12.6204 16.2037 13.5 16.2037 14.3796 16.2037C14.5833 16.2037 14.6482 16.2328 14.6482 16.4748V26.9903H11.2222V27ZM11.0093 12.8825C11.0093 11.8465 11.8055 11.0041 12.787 11.0041C12.8426 11.0041 12.8982 11.0041 12.9537 11.0041C13.9445 10.9363 14.7963 11.7206 14.8611 12.7567C14.8611 12.7954 14.8611 12.8438 14.8611 12.8825C14.8426 13.9283 14.0278 14.761 13.0278 14.7416C12.9907 14.7416 12.9537 14.7416 12.9259 14.7416H12.9074C11.9259 14.8191 11.0741 14.0445 11 13.0181C11 12.9697 11 12.931 11 12.8825H11.0093Z\" fill=\"#555555\"><\/path><\/svg><\/button><button class=\"sharemenu-buttons display_flex\" aria-label=\"Compartir en Twitter\"><svg width=\"38\" height=\"38\" viewbox=\"0 0 38 38\" fill=\"none\" xmlns=\"http:\/\/www.w3.org\/2000\/svg\"><rect x=\"0.5\" y=\"0.5\" width=\"37\" height=\"37\" rx=\"18.5\" fill=\"white\"><\/rect><rect x=\"0.5\" y=\"0.5\" width=\"37\" height=\"37\" rx=\"18.5\" stroke=\"#C2C2C2\"><\/rect><path d=\"M11.0391 11L17.2165 19.8249L11 27H12.399L17.8415 20.7182L22.2389 27H27L20.475 17.6786L26.2613 11H24.8623L19.85 16.7855L15.8001 11H11.0391ZM13.0965 12.101H15.2838L24.9423 25.8987H22.7551L13.0965 12.101Z\" fill=\"#555555\"><\/path><\/svg><\/button><button class=\"sharemenu-buttons display_flex\" aria-label=\"Compartir en Facebook\"><svg width=\"38\" height=\"38\" viewbox=\"0 0 38 38\" fill=\"none\" xmlns=\"http:\/\/www.w3.org\/2000\/svg\"><rect x=\"0.5\" y=\"0.5\" width=\"37\" height=\"37\" rx=\"18.5\" fill=\"white\"><\/rect><rect x=\"0.5\" y=\"0.5\" width=\"37\" height=\"37\" rx=\"18.5\" stroke=\"#C2C2C2\"><\/rect><path d=\"M17.3544 26.9921V18.9235H15V16.3346H17.3544V16.0805C17.3544 15.3816 17.3291 14.6748 17.3882 13.976C17.3882 12.8642 18.0633 11.8556 19.1266 11.3712C19.5232 11.1965 19.9452 11.0853 20.3755 11.0376C21.2532 10.9741 22.1308 10.99 23 11.0932V13.4201H22.7722C22.2743 13.4201 21.7848 13.4201 21.2869 13.436C20.73 13.4042 20.2489 13.8013 20.2152 14.3254C20.2152 14.373 20.2152 14.4128 20.2152 14.4604C20.1983 15.0481 20.2152 15.6357 20.2152 16.2234C20.2152 16.2552 20.2152 16.2949 20.2321 16.3267H22.9409C22.8228 17.2082 22.7046 18.0579 22.5865 18.9315H20.2236V27H17.3629L17.3544 26.9921Z\" fill=\"#555555\"><\/path><\/svg><\/button><button class=\"sharemenu-buttons display_flex\" aria-label=\"Compartir en Whatsapp\"><svg width=\"38\" height=\"38\" viewbox=\"0 0 38 38\" fill=\"none\" xmlns=\"http:\/\/www.w3.org\/2000\/svg\"><rect x=\"0.5\" y=\"0.5\" width=\"37\" height=\"37\" rx=\"18.5\" fill=\"white\"><\/rect><rect x=\"0.5\" y=\"0.5\" width=\"37\" height=\"37\" rx=\"18.5\" stroke=\"#C2C2C2\"><\/rect><path d=\"M21.2863 19.9439C21.0997 19.8551 20.9664 19.9262 20.8419 20.0861C20.6731 20.3261 20.4687 20.5483 20.2909 20.7794C20.1665 20.9393 20.0243 20.9749 19.8376 20.8949C18.6645 20.4239 17.7757 19.6506 17.1269 18.5841C17.0292 18.4242 17.038 18.2997 17.1536 18.1575C17.3225 17.9531 17.4824 17.7576 17.6157 17.5354C17.678 17.4287 17.7135 17.2599 17.678 17.1532C17.4735 16.6111 17.2425 16.0867 17.0114 15.5535C16.9669 15.4557 16.8781 15.3313 16.7892 15.3224C16.4248 15.2602 16.0426 15.1891 15.7316 15.4912C15.1094 16.0778 14.8784 16.7977 15.0383 17.6243C15.1805 18.3619 15.5983 18.9663 16.0426 19.5618C16.887 20.6638 17.8646 21.6237 19.1622 22.1925C19.7932 22.4769 20.4331 22.7613 21.1441 22.7613C21.2685 22.7613 21.393 22.7613 21.5085 22.7346C22.4506 22.5391 23.1172 22.0058 23.0816 21.0193C23.0816 20.9216 23.0194 20.7794 22.9483 20.7438C22.3973 20.4594 21.8462 20.2017 21.2863 19.9439Z\" fill=\"#555555\"><\/path><path d=\"M26.9482 17.8724C26.3972 13.4642 22.1401 10.3447 17.7229 11.1179C12.6481 11.9977 9.71521 17.2859 11.6883 21.9963C12.1948 22.6629 12.0615 23.3472 11.8216 24.0849C11.5105 25.027 11.2794 26.0046 11.0039 27C11.1194 26.9733 11.1994 26.9644 11.2794 26.9378C12.5059 26.6178 13.7324 26.3068 14.9411 25.9868C15.1544 25.9335 15.3144 25.9602 15.5099 26.0579C17.1719 26.8667 18.9227 27.0978 20.718 26.7067C24.833 25.7913 27.4548 22.0496 26.9305 17.8902L26.9482 17.8724ZM20.0515 25.4624C18.4784 25.7113 17.003 25.3913 15.6166 24.6003C15.5099 24.5381 15.3411 24.5115 15.2077 24.547C14.4612 24.7248 13.7146 24.9292 12.9147 25.1336C13.1192 24.3693 13.3058 23.6672 13.5102 22.9473C13.5635 22.7606 13.5369 22.6273 13.4391 22.4673C11.0039 18.5479 13.1014 13.5442 17.6163 12.5043C21.2868 11.6511 25.0285 14.1841 25.5884 17.908C26.1395 21.5519 23.6954 24.8936 20.0515 25.4624Z\" fill=\"#555555\"><\/path><\/svg><\/button><\/div>\n<\/div>\n<p class=\"paragraph\" data-paragraph-number=\"1\">El presidente J<a href=\"https:\/\/www.infobae.com\/politica\/2026\/09\/04\/milei-enviara-al-congreso-un-paquete-de-proyectos-para-resguardar-la-soberania-de-la-argentina-en-las-islas-malvinas\/\" target=\"_blank\" rel=\"noreferrer\" title=\"https:\/\/www.infobae.com\/politica\/2026\/09\/04\/milei-enviara-al-congreso-un-paquete-de-proyectos-para-resguardar-la-soberania-de-la-argentina-en-las-islas-malvinas\/\">avier <b>Milei brind\u00f3 ayer una cadena nacional <\/b>en la que volvi\u00f3 a reclamar la soberan\u00eda argentina sobre las Islas Malvinas y anunci\u00f3 una serie de medidas vinculadas a ese tema<\/a>, las cuales se traducen en un proyecto a enviarse en los pr\u00f3ximos d\u00edas al Congreso de la Naci\u00f3n y una serie de acciones del propio Poder Ejecutivo para incrementar capacidades militares.<\/p>\n<div class=\"marfeel-recommender marfeel-recommender-1\"><\/div>\n<p class=\"paragraph\" data-paragraph-number=\"2\">En el mensaje transmitido este jueves, <b>Milei firm\u00f3 un decreto para agilizar los procedimientos sancionatorios de la Ley 26.659<\/b> contra empresas que participen en extracciones de petr\u00f3leo en el archipi\u00e9lago bajo ocupaci\u00f3n brit\u00e1nica, lo que dejar\u00e1 a esas compa\u00f1\u00edas inhabilitadas para operar en Argentina. A mediano plazo, el mandatario anunci\u00f3 el env\u00edo urgente al Congreso de un proyecto de Ley de Defensa de la Soberan\u00eda Nacional, que endurecer\u00eda las penas contra operaciones no autorizadas y crear\u00eda el Consejo de Seguridad Nacional, un organismo de aplicaci\u00f3n transversal que articular\u00eda Canciller\u00eda, Defensa, Inteligencia y Econom\u00eda. Adem\u00e1s, el Gobierno destinar\u00e1 fondos adicionales al Ministerio de Defensa para construir una base naval integrada en Tierra del Fuego, con el objetivo de convertir a la zona en el principal polo log\u00edstico del Atl\u00e1ntico Sur.<\/p>\n<div class=\"inline ad-wrapper dfpAd ad-inline ad-text ad-component-container\" style=\"--ad-shell-height:250px;--ad-shell-width:300px\" data-ad-wrapper=\"arcad\" data-ad-type=\"inline\" data-ad-slot=\"infobae\/politica\/nota\/inline\" data-ad-container=\"dfp\" data-ad-slot-name=\"infobae\/politica\/nota\/inline\">\n<p class=\"ad-shell-label\">PUBLICIDAD<\/p>\n<div id=\"infobae\/politica\/nota\/inline\" class=\"infobae\/politica\/nota\/inline arcad ad-slot-node ad-slot-node--boxed\" data-ad-slot-id=\"infobae\/politica\/nota\/inline\"><\/div>\n<\/div>\n<h2 class=\"text-align-left vertical-align-top line-height-100 header headline-class-h2 headline\" id=\"las-bases-a-las-que-apunta-el-gobierno\">Las bases a las que apunta el Gobierno<\/h2>\n<p class=\"paragraph\" data-paragraph-number=\"3\">Hay avances que ya se conocieron esta misma jornada con la publicaci\u00f3n del Bolet\u00edn Oficial a trav\u00e9s de <b>tres medidas<\/b>. Uno de los decretos reglament\u00f3 sanciones y excluir\u00e1 del RIGI a empresas vinculadas con explotaciones hidrocarbur\u00edferas no autorizadas como las que implementan las compa\u00f1\u00edas brit\u00e1nica Rockhopper e israel\u00ed Navitas a trav\u00e9s del proyecto Sea Lion. En paralelo, Milei firm\u00f3 un DNU que modifica ciertas partidas presupuestarias, que tambi\u00e9n se materializaron a trav\u00e9s de una Decisi\u00f3n Administrativa rubricada por el jefe de Gabinete Diego Santilli.<\/p>\n<div class=\"marfeel-recommender marfeel-recommender-3\"><\/div>\n<p class=\"paragraph\" data-paragraph-number=\"4\">Esta \u00faltima decisi\u00f3n hab\u00eda sido adelantada ayer por la noche en A24 por <a href=\"https:\/\/www.infobae.com\/politica\/2026\/09\/04\/malvinas-el-canciller-quirno-brindo-detalles-sobre-las-medidas-impulsadas-por-javier-milei\/\" target=\"_blank\" rel=\"noreferrer\" title=\"https:\/\/www.infobae.com\/politica\/2026\/09\/04\/malvinas-el-canciller-quirno-brindo-detalles-sobre-las-medidas-impulsadas-por-javier-milei\/\"><b>Pablo Quirno<\/b>, quien afirm\u00f3 que uno de los segmentos \u201cotorga partidas para el comienzo de la construcci\u00f3n de la Base Naval Integrada\u201d<\/a>. A trav\u00e9s de una modificaci\u00f3n de los cr\u00e9ditos que tiene el Ministerio de Defensa, la c\u00fapula de la Casa Rosada dispuso de \u201cadelantos a proveedores y contratistas a largo plazo\u201d de $ 114.732 millones que se destinar\u00e1n mayoritariamente para las obras que ratific\u00f3 ayer el canciller.<\/p>\n<div class=\"inline_2 ad-wrapper dfpAd ad-inline ad-text ad-component-container\" style=\"--ad-shell-height:250px;--ad-shell-width:300px\" data-ad-wrapper=\"arcad\" data-ad-type=\"inline_2\" data-ad-slot=\"infobae\/politica\/nota\/inline_2\" data-ad-container=\"dfp\" data-ad-slot-name=\"infobae\/politica\/nota\/inline_2\">\n<p class=\"ad-shell-label\">PUBLICIDAD<\/p>\n<div id=\"infobae\/politica\/nota\/inline_2\" class=\"infobae\/politica\/nota\/inline_2 arcad ad-slot-node ad-slot-node--boxed\" data-ad-slot-id=\"infobae\/politica\/nota\/inline_2\"><\/div>\n<\/div>\n<div class=\"visual__image\"><picture><source srcset=\"https:\/\/www.infobae.com\/resizer\/v2\/4EXFYDFU4JDZ3OUFROHVIBFHEM.jpeg?auth=6fd239be242af6ccbc34904764b2588aff04c1f9ae9bb88d2f2600c38eb84588&amp;smart=true&amp;width=992&amp;height=558&amp;quality=85\" media=\"(min-width: 1000px)\"><\/source><source srcset=\"https:\/\/www.infobae.com\/resizer\/v2\/4EXFYDFU4JDZ3OUFROHVIBFHEM.jpeg?auth=6fd239be242af6ccbc34904764b2588aff04c1f9ae9bb88d2f2600c38eb84588&amp;smart=true&amp;width=768&amp;height=432&amp;quality=85\" media=\"(min-width: 768px)\"><\/source><source srcset=\"https:\/\/www.infobae.com\/resizer\/v2\/4EXFYDFU4JDZ3OUFROHVIBFHEM.jpeg?auth=6fd239be242af6ccbc34904764b2588aff04c1f9ae9bb88d2f2600c38eb84588&amp;smart=true&amp;width=577&amp;height=325&amp;quality=85\" media=\"(min-width: 580px)\"><\/source><source srcset=\"https:\/\/www.infobae.com\/resizer\/v2\/4EXFYDFU4JDZ3OUFROHVIBFHEM.jpeg?auth=6fd239be242af6ccbc34904764b2588aff04c1f9ae9bb88d2f2600c38eb84588&amp;smart=true&amp;width=420&amp;height=236&amp;quality=85\" media=\"(min-width: 350px)\"><\/source><source srcset=\"https:\/\/www.infobae.com\/resizer\/v2\/4EXFYDFU4JDZ3OUFROHVIBFHEM.jpeg?auth=6fd239be242af6ccbc34904764b2588aff04c1f9ae9bb88d2f2600c38eb84588&amp;smart=true&amp;width=350&amp;height=197&amp;quality=85\" media=\"(min-width: 80px)\"><\/source><img alt=\"Los trabajos de Tandanor en la Base Ant\u00e1rtica Conjunta Petrel\" class=\"global-image\" decoding=\"async\" fetchpriority=\"low\" height=\"716\" loading=\"lazy\" src=\"https:\/\/www.infobae.com\/resizer\/v2\/4EXFYDFU4JDZ3OUFROHVIBFHEM.jpeg?auth=6fd239be242af6ccbc34904764b2588aff04c1f9ae9bb88d2f2600c38eb84588&amp;smart=true&amp;width=350&amp;height=197&amp;quality=85\" width=\"1273\"><\/picture><\/div>\n<p class=\"paragraph\" data-paragraph-number=\"5\">Fue la misma administraci\u00f3n libertaria la que decidi\u00f3 recortar el env\u00edo de fondos destinados para la construcci\u00f3n de esa base, que se trata de una iniciativa comenzada en marzo de 2022 durante el gobierno de Alberto Fern\u00e1ndez y la gesti\u00f3n de Jorge Taiana como ministro de Defensa.<\/p>\n<div class=\"marfeel-recommender marfeel-recommender-5\"><\/div>\n<p class=\"paragraph\" data-paragraph-number=\"6\">Aun as\u00ed, fuentes gubernamentales ya dec\u00edan a <b>Infobae <\/b>a comienzos de a\u00f1o que estaba la intenci\u00f3n de volver a retomar esas obras. En las altas esferas de la Casa Rosada se evalu\u00f3 apelar a un fondeo por parte de Estados Unidos, debido a que la inversi\u00f3n aproximada para su construcci\u00f3n exced\u00eda las pretensiones propias del gobierno argentino: alt\u00edsimas fuentes del Ministerio de Defensa estimaban que <b>terminar la base naval podr\u00eda implicar entre 400 y 500 millones de d\u00f3lares<\/b>.<\/p>\n<div class=\"ad_1 ad-wrapper dfpAd ad-1-al-6 ad-text ad-component-container\" style=\"--ad-shell-height:250px;--ad-shell-width:300px\" data-ad-wrapper=\"arcad\" data-ad-type=\"ad_1\" data-ad-slot=\"infobae\/politica\/nota\/ad_1\" data-ad-container=\"dfp\" data-ad-slot-name=\"infobae\/politica\/nota\/ad_1\">\n<p class=\"ad-shell-label\">PUBLICIDAD<\/p>\n<div id=\"infobae\/politica\/nota\/ad_1\" class=\"infobae\/politica\/nota\/ad_1 arcad ad-slot-node ad-slot-node--boxed\" data-ad-slot-id=\"infobae\/politica\/nota\/ad_1\"><\/div>\n<\/div>\n<p class=\"paragraph\" data-paragraph-number=\"7\">Hoy esa posibilidad est\u00e1 desestimada. Al menos por ahora. \u201cEn un momento tuvimos un peque\u00f1o y austero ofrecimiento de Estados Unidos con algunos de estos fondos que manejan, pero era muy chico\u201d, afirma una inobjetable fuente del gobierno argentino.<\/p>\n<p class=\"paragraph\" data-paragraph-number=\"8\">Al ser consultado esta ma\u00f1ana por <i>Radio Mitre <\/i>acerca de si habr\u00e1 una presencia concreta de Estados Unidos en la Base Naval Integrada, Quirno neg\u00f3 esa posibilidad y marc\u00f3: \u201cNosotros tomamos las decisiones por nuestro propio inter\u00e9s y defendiendo los intereses argentinos\u201d. \u201cNosotros consideramos que Tierra del Fuego es el punto neur\u00e1lgico del Atl\u00e1ntico Sur y, en ese sentido, tiene much\u00edsimas funciones como ser el acceso m\u00e1s corto y accesible a la Ant\u00e1rtida. Ah\u00ed hay una cuesti\u00f3n de servicios pol\u00edticos&#8230; Servicios log\u00edsticos, perd\u00f3n, que se pueden dar a los pa\u00edses que tambi\u00e9n est\u00e1n actuando en Ant\u00e1rtida. Tambi\u00e9n nos sirve para el monitoreo de nuestro propio Mar Argentino que es muy muy extenso\u201d, agreg\u00f3.<\/p>\n<div class=\"ad_2 ad-wrapper dfpAd ad-1-al-6 ad-text ad-component-container\" style=\"--ad-shell-height:250px;--ad-shell-width:300px\" data-ad-wrapper=\"arcad\" data-ad-type=\"ad_2\" data-ad-slot=\"infobae\/politica\/nota\/ad_2\" data-ad-container=\"dfp\" data-ad-slot-name=\"infobae\/politica\/nota\/ad_2\">\n<p class=\"ad-shell-label\">PUBLICIDAD<\/p>\n<div id=\"infobae\/politica\/nota\/ad_2\" class=\"infobae\/politica\/nota\/ad_2 arcad ad-slot-node ad-slot-node--boxed\" data-ad-slot-id=\"infobae\/politica\/nota\/ad_2\"><\/div>\n<\/div>\n<p class=\"paragraph\" data-paragraph-number=\"9\">La prioridad de los fondos que se desembolsar\u00e1n en los pr\u00f3ximos a\u00f1os es para la construcci\u00f3n de la Base Naval Integral, pero tambi\u00e9n est\u00e1 previsto que se aumenten fondos para la Base Ant\u00e1rtica Conjunta Petrel.<\/p>\n<div class=\"visual__image\"><picture><source srcset=\"https:\/\/www.infobae.com\/resizer\/v2\/NQ53HPPAAJEO3BKE6CPZAXKJRI.jpg?auth=181fdcf496c1ff3f0d85ec7f548da58fc5b9631fb1a88b875a554f15bc1c686a&amp;smart=true&amp;width=992&amp;height=661&amp;quality=85\" media=\"(min-width: 1000px)\"><\/source><source srcset=\"https:\/\/www.infobae.com\/resizer\/v2\/NQ53HPPAAJEO3BKE6CPZAXKJRI.jpg?auth=181fdcf496c1ff3f0d85ec7f548da58fc5b9631fb1a88b875a554f15bc1c686a&amp;smart=true&amp;width=768&amp;height=512&amp;quality=85\" media=\"(min-width: 768px)\"><\/source><source srcset=\"https:\/\/www.infobae.com\/resizer\/v2\/NQ53HPPAAJEO3BKE6CPZAXKJRI.jpg?auth=181fdcf496c1ff3f0d85ec7f548da58fc5b9631fb1a88b875a554f15bc1c686a&amp;smart=true&amp;width=577&amp;height=385&amp;quality=85\" media=\"(min-width: 580px)\"><\/source><source srcset=\"https:\/\/www.infobae.com\/resizer\/v2\/NQ53HPPAAJEO3BKE6CPZAXKJRI.jpg?auth=181fdcf496c1ff3f0d85ec7f548da58fc5b9631fb1a88b875a554f15bc1c686a&amp;smart=true&amp;width=420&amp;height=280&amp;quality=85\" media=\"(min-width: 350px)\"><\/source><source srcset=\"https:\/\/www.infobae.com\/resizer\/v2\/NQ53HPPAAJEO3BKE6CPZAXKJRI.jpg?auth=181fdcf496c1ff3f0d85ec7f548da58fc5b9631fb1a88b875a554f15bc1c686a&amp;smart=true&amp;width=350&amp;height=233&amp;quality=85\" media=\"(min-width: 80px)\"><\/source><img alt=\"Jura Diputados Nacionales electos en el Congreso 3 de diciembre 2025 - Martin Menem\" class=\"global-image\" decoding=\"async\" fetchpriority=\"low\" height=\"2000\" loading=\"lazy\" src=\"https:\/\/www.infobae.com\/resizer\/v2\/NQ53HPPAAJEO3BKE6CPZAXKJRI.jpg?auth=181fdcf496c1ff3f0d85ec7f548da58fc5b9631fb1a88b875a554f15bc1c686a&amp;smart=true&amp;width=350&amp;height=233&amp;quality=85\" width=\"3000\"><\/picture><\/div>\n<p class=\"paragraph\" data-paragraph-number=\"10\">\u201cLos dos est\u00e1n previstos como m\u00e1xima prioridad dentro de lo que es el Plan ARMA, que es aquel dinero que nos va a estar viniendo por la venta del 70% de inmuebles del \u00e1mbito de la defensa o el 10% de la venta o el alquiler de inmuebles. El binomio es la Base Naval Integrada y Petrel. Vemos un crecimiento de ambas en paralelo con diferentes etapas\u201d, agregan. A los funcionarios del \u00e1mbito de la Defensa les interesa la <b>idea de conectar la Base Naval con la Base Petrel<\/b>, la \u00fanica que tiene entradas tanto para embarcaciones como para aeronaves.<\/p>\n<div class=\"ad_3 ad-wrapper dfpAd ad-1-al-6 ad-text ad-component-container\" style=\"--ad-shell-height:250px;--ad-shell-width:300px\" data-ad-wrapper=\"arcad\" data-ad-type=\"ad_3\" data-ad-slot=\"infobae\/politica\/nota\/ad_3\" data-ad-container=\"dfp\" data-ad-slot-name=\"infobae\/politica\/nota\/ad_3\">\n<p class=\"ad-shell-label\">PUBLICIDAD<\/p>\n<div id=\"infobae\/politica\/nota\/ad_3\" class=\"infobae\/politica\/nota\/ad_3 arcad ad-slot-node ad-slot-node--boxed\" data-ad-slot-id=\"infobae\/politica\/nota\/ad_3\"><\/div>\n<\/div>\n<p class=\"paragraph\" data-paragraph-number=\"11\">En abril de este a\u00f1o, el astillero TANDANOR complet\u00f3 la estructura del M\u00f3dulo I para avanzar en la construcci\u00f3n del M\u00f3dulo II. Si quieren incrementar capacidades, el Gobierno deber\u00e1 mejorar los env\u00edos de fondos para esa empresa p\u00fablica, ya que la variaci\u00f3n interanual real de fondos enviados por la Administraci\u00f3n Nacional fue de -63,24%, seg\u00fan informa el Monitor de la Oficina de Presupuesto del Congreso.<\/p>\n<p class=\"paragraph\" data-paragraph-number=\"12\">En la hoja de ruta de los funcionarios libertarios se habla de <b>un proceso de cuatro a\u00f1os como m\u00ednimo<\/b>. Se habla de una inversi\u00f3n de entre 100 y 150 millones de d\u00f3lares por a\u00f1o. \u201cCreo que entre el Plan ARMA, el FONDEF [El Fondo Nacional de Defensa] y otras partidas que le escuch\u00e9 al Presidente ayer en cadena nacional, lo podremos hacer\u201d, concluyen. Cabe aclarar que ese fondo presupuestario se vaci\u00f3 por completo en el dise\u00f1o de la Ley de Presupuesto 2026, por lo que esa declaraci\u00f3n sugerir\u00eda que puede llegar a contemplarse una restituci\u00f3n para el proyecto para el per\u00edodo 2027.<\/p>\n<div class=\"ad_4 ad-wrapper dfpAd ad-1-al-6 ad-text ad-component-container\" style=\"--ad-shell-height:250px;--ad-shell-width:300px\" data-ad-wrapper=\"arcad\" data-ad-type=\"ad_4\" data-ad-slot=\"infobae\/politica\/nota\/ad_4\" data-ad-container=\"dfp\" data-ad-slot-name=\"infobae\/politica\/nota\/ad_4\">\n<p class=\"ad-shell-label\">PUBLICIDAD<\/p>\n<div id=\"infobae\/politica\/nota\/ad_4\" class=\"infobae\/politica\/nota\/ad_4 arcad ad-slot-node ad-slot-node--boxed\" data-ad-slot-id=\"infobae\/politica\/nota\/ad_4\"><\/div>\n<\/div>\n<h2 class=\"text-align-left vertical-align-top line-height-100 header headline-class-h2 headline\" id=\"incremento-de-fondos-para-desarrollo-satelital\">Incremento de fondos para desarrollo satelital<\/h2>\n<p class=\"paragraph\" data-paragraph-number=\"13\">En las modificaciones presupuestarias que se dieron a conocer a trav\u00e9s del DNU 867\/2026 tambi\u00e9n figuran un <b>incremento de los gastos figurativos de la Comisi\u00f3n Nacional de Actividades Espaciales (CONAE) por $ 117.000 millones<\/b>. Fuentes de la Casa Rosada aseguraron a <b>Infobae <\/b>que una buena parte de estos fondos buscan estar direccionados para el desarrollo de sat\u00e9lites.<\/p>\n<p class=\"paragraph\" data-paragraph-number=\"14\">Como \u00faltima novedad, el Gobierno anunci\u00f3 que la pr\u00f3xima misi\u00f3n satelital de la CONAE se encuentra en etapa final de integraci\u00f3n y ensayos en las instalaciones de INVAP. Se trata del <b>SABIA-Mar<\/b>,<b> <\/b>que incorpor\u00f3 una actualizaci\u00f3n tecnol\u00f3gica que ampli\u00f3 sus capacidades para generar informaci\u00f3n estrat\u00e9gica destinada a la producci\u00f3n, la seguridad, la investigaci\u00f3n cient\u00edfica y la gesti\u00f3n ambiental; la puesta en \u00f3rbita est\u00e1 prevista para el primer semestre de 2027.<\/p>\n<div class=\"ad_5 ad-wrapper dfpAd ad-1-al-6 ad-text ad-component-container\" style=\"--ad-shell-height:250px;--ad-shell-width:300px\" data-ad-wrapper=\"arcad\" data-ad-type=\"ad_5\" data-ad-slot=\"infobae\/politica\/nota\/ad_5\" data-ad-container=\"dfp\" data-ad-slot-name=\"infobae\/politica\/nota\/ad_5\">\n<p class=\"ad-shell-label\">PUBLICIDAD<\/p>\n<div id=\"infobae\/politica\/nota\/ad_5\" class=\"infobae\/politica\/nota\/ad_5 arcad ad-slot-node ad-slot-node--boxed\" data-ad-slot-id=\"infobae\/politica\/nota\/ad_5\"><\/div>\n<\/div>\n<h2 class=\"text-align-left vertical-align-top line-height-100 header headline-class-h2 headline\" id=\"el-proximo-proyecto-libertario\">El pr\u00f3ximo proyecto libertario<\/h2>\n<p class=\"paragraph\" data-paragraph-number=\"15\">El eje legislativo del anuncio es el env\u00edo urgente al <b>Congreso<\/b> de un proyecto de <b>Ley de Defensa de la Soberan\u00eda Nacional<\/b> con dos componentes centrales. El primero endurecer\u00eda la Ley 26.659: las empresas vinculadas a operaciones no autorizadas en las islas quedar\u00edan inhabilitadas para contratar en el territorio argentino, tanto con el sector p\u00fablico como con el privado, y quedar\u00eda habilitada, cuando corresponda, la figura del juicio en ausencia para los infractores.<\/p>\n<p class=\"paragraph\" data-paragraph-number=\"16\">El segundo componente crear\u00eda el <b>Consejo de Seguridad Nacional<\/b>, un organismo de aplicaci\u00f3n transversal y obligatoria para todo el Estado, con el mandato de articular las \u00e1reas de Canciller\u00eda, Defensa, Inteligencia y Econom\u00eda. <b>\u201cLe pediremos al Congreso que le otorgue al Consejo las facultades necesarias para que el Estado pueda responder con herramientas econ\u00f3micas y diplom\u00e1ticas frente a actores estatales o no estatales que amenacen nuestra seguridad nacional\u201d<\/b>, sostuvo Milei. Se trata de un isomorfismo del National Security Council de Estados Unidos. Alt\u00edsimas fuentes de la C\u00e1mara de Diputados de la Naci\u00f3n confirmaron a Infobae que aquel proyecto \u201cest\u00e1 al caer\u201d. Seguramente entrar\u00e1 formalmente la semana pr\u00f3xima, aunque todav\u00eda no est\u00e1 decidido c\u00f3mo ser\u00e1 la urgencia para su tratamiento. El oficialismo que lidera desde la Presidencia del recinto Mart\u00edn Menem no tiene mayores proyectos para tratar en el recinto, ya que la mayor\u00eda se encuentran en el Senado. Dado el desgaste que el Gobierno sufri\u00f3 con los bloques aliados en el \u00faltimo a\u00f1o, el oficialismo podr\u00eda aprovechar el proyecto vinculado a Malvinas para conseguir insertar otros temas en sesi\u00f3n.<\/p>\n<div class=\"ad_6 ad-wrapper dfpAd ad-1-al-6 ad-text ad-component-container\" style=\"--ad-shell-height:250px;--ad-shell-width:300px\" data-ad-wrapper=\"arcad\" data-ad-type=\"ad_6\" data-ad-slot=\"infobae\/politica\/nota\/ad_6\" data-ad-container=\"dfp\" data-ad-slot-name=\"infobae\/politica\/nota\/ad_6\">\n<p class=\"ad-shell-label\">PUBLICIDAD<\/p>\n<div id=\"infobae\/politica\/nota\/ad_6\" class=\"infobae\/politica\/nota\/ad_6 arcad ad-slot-node ad-slot-node--boxed\" data-ad-slot-id=\"infobae\/politica\/nota\/ad_6\"><\/div>\n<\/div>\n<p class=\"paragraph\" data-paragraph-number=\"17\">Aun as\u00ed, Menem estar\u00eda particularmente interesado en tratar el proyecto con cierta celeridad. Su padre Eduardo Menem fue uno de los ide\u00f3logos de que en 1994 se incorporara una cl\u00e1usula constitucional que estableciera que la recuperaci\u00f3n de Malvinas es un objetivo permanente e irrenunciable; asimismo, en 1998 impuls\u00f3 en el Senado un proyecto para sancionar e inhabilitar a las empresas que explotaran recursos en las islas, pero sin autorizaci\u00f3n argentina. Ese proyecto no lleg\u00f3 a convertirse en ley, pero anticip\u00f3 parte de la l\u00f3gica que despu\u00e9s qued\u00f3 plasmada en la Ley 26.659, impulsada y sancionada durante la primera administraci\u00f3n de Cristina Fern\u00e1ndez de Kirchner.<\/p>\n","protected":false},"excerpt":{"rendered":"<p>04 Sep, 2026 01:58 p. m. EST Guardar El presidente Javier Milei brind\u00f3 ayer una cadena nacional en la que volvi\u00f3 a reclamar la soberan\u00eda argentina sobre las Islas Malvinas y anunci\u00f3 una serie de medidas vinculadas a ese tema, las cuales se traducen en un proyecto a enviarse en los pr\u00f3ximos d\u00edas al Congreso [&hellip;]<\/p>\n","protected":false},"author":1,"featured_media":25043,"comment_status":"open","ping_status":"open","sticky":false,"template":"","format":"standard","meta":{"footnotes":""},"categories":[1],"tags":[],"class_list":["post-25074","post","type-post","status-publish","format-standard","has-post-thumbnail","hentry","category-uncategorized"],"_links":{"self":[{"href":"https:\/\/cliente1.publisher.highstack.com.ar\/index.php?rest_route=\/wp\/v2\/posts\/25074","targetHints":{"allow":["GET"]}}],"collection":[{"href":"https:\/\/cliente1.publisher.highstack.com.ar\/index.php?rest_route=\/wp\/v2\/posts"}],"about":[{"href":"https:\/\/cliente1.publisher.highstack.com.ar\/index.php?rest_route=\/wp\/v2\/types\/post"}],"author":[{"embeddable":true,"href":"https:\/\/cliente1.publisher.highstack.com.ar\/index.php?rest_route=\/wp\/v2\/users\/1"}],"replies":[{"embeddable":true,"href":"https:\/\/cliente1.publisher.highstack.com.ar\/index.php?rest_route=%2Fwp%2Fv2%2Fcomments&post=25074"}],"version-history":[{"count":0,"href":"https:\/\/cliente1.publisher.highstack.com.ar\/index.php?rest_route=\/wp\/v2\/posts\/25074\/revisions"}],"wp:featuredmedia":[{"embeddable":true,"href":"https:\/\/cliente1.publisher.highstack.com.ar\/index.php?rest_route=\/wp\/v2\/media\/25043"}],"wp:attachment":[{"href":"https:\/\/cliente1.publisher.highstack.com.ar\/index.php?rest_route=%2Fwp%2Fv2%2Fmedia&parent=25074"}],"wp:term":[{"taxonomy":"category","embeddable":true,"href":"https:\/\/cliente1.publisher.highstack.com.ar\/index.php?rest_route=%2Fwp%2Fv2%2Fcategories&post=25074"},{"taxonomy":"post_tag","embeddable":true,"href":"https:\/\/cliente1.publisher.highstack.com.ar\/index.php?rest_route=%2Fwp%2Fv2%2Ftags&post=25074"}],"curies":[{"name":"wp","href":"https:\/\/api.w.org\/{rel}","templated":true}]}}