{"id":25073,"date":"2026-09-04T15:43:43","date_gmt":"2026-09-04T18:43:43","guid":{"rendered":"https:\/\/cliente1.publisher.highstack.com.ar\/?p=25073"},"modified":"2026-09-04T15:43:43","modified_gmt":"2026-09-04T18:43:43","slug":"hubo-1730-despidos-granja-tres-arroyos-ya-desvinculo-a-mas-del-25-de-su-personal","status":"publish","type":"post","link":"https:\/\/cliente1.publisher.highstack.com.ar\/?p=25073","title":{"rendered":"Hubo 1730 despidos: Granja Tres Arroyos ya desvincul\u00f3 a m\u00e1s del 25% de su personal"},"content":{"rendered":"<div class=\"col-12\">\n<p class=\"com-paragraph --capital --s text-left\">En medio de la <strong>crisis financiera<\/strong> que atraviesa <strong>Granja Tres Arroyos (GTA), <\/strong>se conoci\u00f3 que el grupo ya <strong>realiz\u00f3 alrededor de 1730 despidos entre las plantas de la compa\u00f1\u00eda en Entre R\u00edos y Buenos Aires.<\/strong> La cifra se conoce mientras <strong>varios establecimientos del grupo permanecen paralizados<\/strong> y se profundiza una <strong>delicada situaci\u00f3n financiera y operativa<\/strong>, con <strong>salarios atrasados, deudas millonarias y reclamos judiciales de acreedores<\/strong>. La empresa <strong>no respondi\u00f3 un pedido del Sindicato de Trabajadores de la Industria de la Alimentaci\u00f3n (STIA) para que entregue la n\u00f3mina completa de las personas desvinculadas<\/strong>, seg\u00fan indic\u00f3 el gremio. <strong>El grupo emplea 6500 trabajadores en relaci\u00f3n de dependencia en tres provincias<\/strong>. <\/p>\n<div class=\"ln-banner-container --no-app --caja1_mob\">\n<div id=\"caja1_mob\" class=\"ln-banner\" data-slot-group=\"nota\" data-device=\"mobile\" data-subscription=\"false\" data-ad-unit-path=\"\/133919216\/campo_mobile\/Nota\/caja1_mob\" data-targeting='{\"sitio\":\"lanacion\",\"seccion\":\"nota\"}' data-without-hide=\"true\" data-size=\"[[320,100],[300,250],[1,1],[300,450],[320,450]]\" data-sizemap=\"[]\" data-prebid-enabled=\"true\"><\/div>\n<\/div>\n<p class=\"com-paragraph --s text-left\">De acuerdo con los datos reunidos hasta el momento, <strong>en la planta La China, de Concepci\u00f3n del Uruguay, Entre R\u00edos, los despidos ascienden a unos 480 sobre una plantilla que el sindicato ubica en alrededor de 930 trabajadores<\/strong>. En la provincia de Buenos Aires, donde se est\u00e1 llevando una audiencia entre el gremio y representantes de la firma, en tanto, <strong>se estiman unas 1250 desvinculaciones: alrededor de 750 en Capit\u00e1n Sarmiento, 450 en Wade 2 (Esteban Echeverr\u00eda) y otras 50 en Pilar<\/strong>. <\/p>\n<div class=\"ln-banner-container --no-app --middle_1_dsk\">\n<div id=\"middle_1_dsk\" class=\"ln-banner\" data-slot-group=\"nota\" data-device=\"desktop\" data-subscription=\"true\" data-ad-unit-path=\"\/133919216\/campo_desktop\/Nota\/middle_1_dsk\" data-targeting='{\"sitio\":\"lanacion\",\"seccion\":\"nota\"}' data-without-hide=\"true\" data-size=\"[[1,1],[640,360],[640,480],[728,90]]\" data-sizemap=\"[]\" data-prebid-enabled=\"true\"><\/div>\n<\/div>\n<p class=\"com-paragraph --s text-left\">A fines de mayo, <strong>GTA paraliz\u00f3 la planta La China<\/strong>, en<a href=\"https:\/\/www.lanacion.com.ar\/economia\/campo\/granja-tres-arroyos-cerro-una-historica-planta-avicola-por-conflictos-gremiales-nid27052026\/\" target=\"_self\" title=\"https:\/\/www.lanacion.com.ar\/economia\/campo\/granja-tres-arroyos-cerro-una-historica-planta-avicola-por-conflictos-gremiales-nid27052026\/\" class=\"com-link break-word\" data-mrf-recirculation=\"n_link_parrafo\"> Concepci\u00f3n del Uruguay,<\/a> Entre R\u00edos, y posteriormente avanz\u00f3 con los primeros despidos. En total el gremio asegura que se despidieron <strong>480 trabajadores all\u00ed<\/strong>. Seg\u00fan explic\u00f3 a<strong> LA NACION<\/strong> <strong>Julio Chamorro, secretario general del STIA<\/strong>, la compa\u00f1\u00eda encuadr\u00f3 las desvinculaciones de La China en el <strong>art\u00edculo 247 de la Ley de Contrato de Trabajo<\/strong>, al sostener que existen razones de fuerza mayor o una disminuci\u00f3n del trabajo no imputable al empleador. La norma establece que, cuando exista <strong>fuerza mayor o falta o disminuci\u00f3n de trabajo no imputable al empleador y fehacientemente justificada<\/strong>, el trabajador tiene derecho a una indemnizaci\u00f3n equivalente a <strong>la mitad de la prevista para un despido sin causa<\/strong>. Tambi\u00e9n fija criterios vinculados con la antig\u00fcedad y las cargas de familia para determinar el orden de las desvinculaciones.<\/p>\n<div class=\"content-media\">\n<section role=\"button\" class=\"mod-media   \">\n<figure role=\"button\" tabindex=\"0\" class=\"mod-figure \">\n<div class=\"placeholder \">\n<div class=\"com-image\"><picture><source media=\"(min-width: 768px)\" srcset=\"https:\/\/www.lanacion.com.ar\/resizer\/v2\/granja-tres-arroyos-tine-una-dotacion-de-6500-RYJLJ236CNE2TBPL2USUCCLZNY.png?auth=08af83f64793e4c5604907ec2afc5baa59f67117d7330da08de31720505bf5db&amp;width=780&amp;height=520&amp;quality=70&amp;smart=true\"><\/source><img class=\"image com-image flex --cover\" decoding=\"async\" fetchpriority=\"low\" loading=\"lazy\" src=\"https:\/\/www.lanacion.com.ar\/resizer\/v2\/granja-tres-arroyos-tine-una-dotacion-de-6500-RYJLJ236CNE2TBPL2USUCCLZNY.png?auth=08af83f64793e4c5604907ec2afc5baa59f67117d7330da08de31720505bf5db&amp;width=420&amp;height=280&amp;quality=70&amp;smart=true\" width=\"2000\" alt=\"Granja Tres Arroyos tine una dotaci\u00f3n de 6500 trabajadores \" height=\"1333\"><\/picture><\/div>\n<\/div><figcaption class=\"mod-figcaption\"><span class=\"com-text --caption --twoxs\">Granja Tres Arroyos tine una dotaci\u00f3n de 6500 trabajadores <\/span><\/figcaption><\/figure>\n<\/section>\n<\/div>\n<div class=\"ln-banner-container --no-app --caja2_mob\">\n<div id=\"caja2_mob\" class=\"ln-banner\" data-slot-group=\"nota\" data-device=\"mobile\" data-subscription=\"true\" data-ad-unit-path=\"\/133919216\/campo_mobile\/Nota\/caja2_mob\" data-targeting='{\"sitio\":\"lanacion\",\"seccion\":\"nota\"}' data-without-hide=\"true\" data-size=\"[[320,100],[300,250],[300,450],[1,1],[360,270],[320,180]]\" data-sizemap=\"[]\" data-prebid-enabled=\"true\"><\/div>\n<\/div>\n<p class=\"com-paragraph --s text-left\">A fines de agosto,<strong> la compa\u00f1\u00eda confirm\u00f3 adem\u00e1s la<\/strong> <strong>paralizaci\u00f3n \u201ctransitoria\u201d de las plantas de <\/strong><a href=\"https:\/\/www.lanacion.com.ar\/economia\/campo\/transitoriamente-granja-tres-arroyos-paralizo-tres-plantas-de-faena-de-pollos-y-se-profundiza-su-nid31082026\/\" target=\"_self\" title=\"https:\/\/www.lanacion.com.ar\/economia\/campo\/transitoriamente-granja-tres-arroyos-paralizo-tres-plantas-de-faena-de-pollos-y-se-profundiza-su-nid31082026\/\" class=\"com-link break-word\" data-mrf-recirculation=\"n_link_parrafo\"><strong>Pilar, Capit\u00e1n Sarmiento y Esteban Echeverr\u00eda<\/strong><\/a>. \u201cEl despido es improcedente e ilegal, porque<strong> la empresa se apoya en el art\u00edculo 247 de la Ley de Contrato de Trabajo invocando fuerza mayor.<\/strong> El argumento de esa fuerza mayor es inv\u00e1lido: todo es riesgo empresarial lo que invocan\u201d, sostuvo Chamorro.<\/p>\n<div class=\"ln-banner-container --no-app --middle_2_dsk\">\n<div id=\"middle_2_dsk\" class=\"ln-banner\" data-slot-group=\"nota\" data-device=\"desktop\" data-subscription=\"true\" data-ad-unit-path=\"\/133919216\/campo_desktop\/Nota\/middle_2_dsk\" data-targeting='{\"sitio\":\"lanacion\",\"seccion\":\"nota\"}' data-without-hide=\"true\" data-size=\"[[1,1],[728,90]]\" data-sizemap=\"[]\" data-prebid-enabled=\"true\"><\/div>\n<\/div>\n<p class=\"com-paragraph --s text-left\">Seg\u00fan detall\u00f3, la compa\u00f1\u00eda mencion\u00f3 entre sus argumentos <strong>la disminuci\u00f3n de las exportaciones, las consecuencias de la gripe aviar y una supuesta sobreoferta de pollo en el mercado interno<\/strong>. El dirigente rechaz\u00f3 esos fundamentos. \u201c<strong>Ellos dicen que hubo una disminuci\u00f3n en las ventas de exportaci\u00f3n, eso es riesgo empresarial<\/strong>\u201d, se\u00f1al\u00f3. Destac\u00f3 que otros actores del sector tambi\u00e9n debieron atravesar las consecuencias sanitarias de la gripe aviar. Chamorro cuestion\u00f3 adem\u00e1s el argumento de una sobreoferta dom\u00e9stica. \u201c<strong>No es real, el consumo de pollo sigue creciendo<\/strong>\u201d, afirm\u00f3. Seg\u00fan su interpretaci\u00f3n, el producto incluso se vio favorecido por la p\u00e9rdida de poder adquisitivo y el menor consumo de carne vacuna. \u201c<strong>Lo hacen solamente para intentar pagar la mitad de las indemnizaciones<\/strong>\u201d, sostuvo sobre la decisi\u00f3n de recurrir al art\u00edculo 247.<\/p>\n<div class=\"ln-banner-container --no-app --caja3_mob\">\n<div id=\"caja3_mob\" class=\"ln-banner\" data-slot-group=\"nota\" data-device=\"mobile\" data-subscription=\"false\" data-ad-unit-path=\"\/133919216\/campo_mobile\/Nota\/caja3_mob\" data-targeting='{\"sitio\":\"lanacion\",\"seccion\":\"nota\"}' data-without-hide=\"true\" data-size=\"[[320,100],[300,250],[1,1],[300,450],[360,270]]\" data-sizemap=\"[]\" data-prebid-enabled=\"true\"><\/div>\n<\/div>\n<div class=\"ln-banner-container --no-app --middle_2_tab\">\n<div id=\"middle_2_tab\" class=\"ln-banner\" data-slot-group=\"nota\" data-device=\"tablet\" data-subscription=\"false\" data-ad-unit-path=\"\/133919216\/campo_tablet\/Nota\/middle_2_tab\" data-targeting='{\"sitio\":\"lanacion\",\"seccion\":\"nota\"}' data-without-hide=\"true\" data-size=\"[[728,90],[640,480],[468,60],[1,1]]\" data-sizemap=\"[]\" data-prebid-enabled=\"true\"><\/div>\n<\/div>\n<div class=\"content-media\">\n<section role=\"button\" class=\"mod-media   \">\n<figure role=\"button\" tabindex=\"0\" class=\"mod-figure \">\n<div class=\"placeholder \">\n<div class=\"com-image\"><picture><source media=\"(min-width: 768px)\" srcset=\"https:\/\/www.lanacion.com.ar\/resizer\/v2\/granja-tres-arroyos-suma-1730-62YW4N4RWVD7NPGNNDC3EAVICU.png?auth=7d1b0dffc5ab919afaa01fe12beadbe5078b762210b88ff60406f67bc2d73478&amp;width=780&amp;height=508&amp;quality=70&amp;smart=true\"><\/source><img class=\"image com-image flex --cover\" decoding=\"async\" fetchpriority=\"low\" loading=\"lazy\" src=\"https:\/\/www.lanacion.com.ar\/resizer\/v2\/granja-tres-arroyos-suma-1730-62YW4N4RWVD7NPGNNDC3EAVICU.png?auth=7d1b0dffc5ab919afaa01fe12beadbe5078b762210b88ff60406f67bc2d73478&amp;width=420&amp;height=274&amp;quality=70&amp;smart=true\" width=\"1218\" alt=\"Granja Tres Arroyos suma 1730 despidos \" height=\"794\"><\/picture><\/div>\n<\/div><figcaption class=\"mod-figcaption\"><span class=\"com-text --caption --twoxs\">Granja Tres Arroyos suma 1730 despidos <\/span><\/figcaption><\/figure>\n<\/section>\n<\/div>\n<p class=\"com-paragraph --s\">El conflicto se agrava porque, de acuerdo con el sindicato, <strong>los trabajadores acumulan varios meses de haberes pendientes<\/strong>. Chamorro asegur\u00f3 que existen deudas correspondientes a <strong>una parte de abril y a los salarios de mayo, junio, julio y agosto, adem\u00e1s del aguinaldo<\/strong>. \u201cEl que se supone que sigue trabajando o<strong> sigue en relaci\u00f3n de dependencia con una planta cerrada y sin cobrar<\/strong>, y el que est\u00e1 despedido, est\u00e1n en las mismas condiciones: <strong>despedidos sin cobrar indemnizaci\u00f3n, sin cobrar salario, sin cobrar nada\u201d,<\/strong> describi\u00f3.<\/p>\n<p class=\"com-paragraph --s\">Para el dirigente, <strong>detr\u00e1s de las desvinculaciones podr\u00eda existir un intento de reducir las obligaciones laborales de la compa\u00f1\u00eda ante una eventual reestructuraci\u00f3n m\u00e1s profunda de sus pasivos<\/strong>. \u201cLo \u00fanico que podemos entender es un intento, una maniobra absolutamente ilegal y artera de alivianar un posible concurso de acreedores\u201d, afirm\u00f3. <strong>Hasta el momento no existe informaci\u00f3n oficial de la empresa sobre una presentaci\u00f3n concursal.<\/strong><\/p>\n<div class=\"ln-banner-container --no-app --caja4_mob\">\n<div id=\"caja4_mob\" class=\"ln-banner\" data-slot-group=\"nota\" data-device=\"mobile\" data-subscription=\"false\" data-ad-unit-path=\"\/133919216\/campo_mobile\/Nota\/caja4_mob\" data-targeting='{\"sitio\":\"lanacion\",\"seccion\":\"nota\"}' data-without-hide=\"true\" data-size=\"[[320,100],[300,250],[1,1]]\" data-sizemap=\"[]\" data-prebid-enabled=\"true\"><\/div>\n<\/div>\n<p class=\"com-paragraph --s\">Pese al enfrentamiento, desde el sindicato <strong>aseguraron que est\u00e1n dispuestos a analizar alternativas que permitan preservar la actividad si apareciera un inversor o un esquema viable para reabrir las plantas<\/strong>. Chamorro explic\u00f3 que incluso propusieron \u201c<strong>turnos rotativos y una reducci\u00f3n transitoria de la actividad antes que nuevos despidos<\/strong>\u201d. <\/p>\n<p class=\"com-paragraph --s\">\u201c<strong>La solidaridad entre trabajadores est\u00e1 absolutamente fuerte<\/strong>\u201d, se\u00f1al\u00f3. Seg\u00fan explic\u00f3, <strong>el sindicato estar\u00eda dispuesto a discutir un esquema temporal de funcionamiento con menos jornadas o turnos alternados<\/strong> durante algunos meses hasta que la planta pudiera recuperar actividad. En caso de resultar inevitables determinadas desvinculaciones, reclam\u00f3 que se respeten <strong>las indemnizaciones y los criterios legales de antig\u00fcedad y cargas familiares<\/strong>.<\/p>\n<div class=\"ln-banner-container --no-app --caja6_mob\">\n<div id=\"caja6_mob\" class=\"ln-banner\" data-slot-group=\"nota\" data-device=\"mobile\" data-subscription=\"false\" data-ad-unit-path=\"\/133919216\/campo_mobile\/Nota\/caja6_mob\" data-targeting='{\"sitio\":\"lanacion\",\"seccion\":\"nota\"}' data-without-hide=\"true\" data-size=\"[[300,250],[230,50],[300,450],[1,1],[320,100]]\" data-sizemap=\"[]\" data-prebid-enabled=\"true\"><\/div>\n<\/div>\n<div class=\"content-media\">\n<section role=\"button\" class=\"mod-media   \">\n<figure role=\"button\" tabindex=\"0\" class=\"mod-figure \">\n<div class=\"placeholder \">\n<div class=\"com-image\"><picture><source media=\"(min-width: 768px)\" srcset=\"https:\/\/www.lanacion.com.ar\/resizer\/v2\/el-numero-surge-del-relevamiento-gremial-ante-la-AP3GP5T7C5GT7FHV6QPLWCHWHQ.png?auth=52730de0075dfa2440aacfb480206300f61b0eac78bdb59979b5fdcabbfef8a9&amp;width=780&amp;height=493&amp;quality=70&amp;smart=true\"><\/source><img class=\"image com-image flex --cover\" decoding=\"async\" fetchpriority=\"low\" loading=\"lazy\" src=\"https:\/\/www.lanacion.com.ar\/resizer\/v2\/el-numero-surge-del-relevamiento-gremial-ante-la-AP3GP5T7C5GT7FHV6QPLWCHWHQ.png?auth=52730de0075dfa2440aacfb480206300f61b0eac78bdb59979b5fdcabbfef8a9&amp;width=420&amp;height=266&amp;quality=70&amp;smart=true\" width=\"1252\" alt=\"El n\u00famero surge del relevamiento gremial ante la falta de una n\u00f3mina oficial de la empresa\" height=\"792\"><\/picture><\/div>\n<\/div><figcaption class=\"mod-figcaption\"><span class=\"com-text --caption --twoxs\">El n\u00famero surge del relevamiento gremial ante la falta de una n\u00f3mina oficial de la empresa<\/span><\/figcaption><\/figure>\n<\/section>\n<\/div>\n<p class=\"com-paragraph --s\">Seg\u00fan Chamorro, desde el <strong>procedimiento preventivo de crisis iniciado el a\u00f1o pasado<\/strong> los trabajadores ya atravesaron reducciones de ingresos, p\u00e9rdida de componentes salariales y un plan de retiros voluntarios. De acuerdo con el gremialista, tampoco todos aquellos acuerdos pudieron ser cancelados en los t\u00e9rminos previstos. \u201c<strong>Les dieron cheques que algunos rebotaron; no se pudieron pagar<\/strong>\u201d, afirm\u00f3.<\/p>\n<div class=\"ln-banner-container --no-app --caja7_mob\">\n<div id=\"caja7_mob\" class=\"ln-banner\" data-slot-group=\"nota\" data-device=\"mobile\" data-subscription=\"true\" data-ad-unit-path=\"\/133919216\/campo_mobile\/Nota\/caja7_mob\" data-targeting='{\"sitio\":\"lanacion\",\"seccion\":\"nota\"}' data-without-hide=\"true\" data-size=\"[[300,250],[320,50],[300,450],[1,1],[320,100]]\" data-sizemap=\"[]\" data-prebid-enabled=\"true\"><\/div>\n<\/div>\n<p class=\"com-paragraph --s\">La compa\u00f1\u00eda mantiene actividad en otras unidades del grupo, pero el deterioro ya alcanz\u00f3 a buena parte de sus principales plantas de faena. <strong>El pasivo total cuantificado del Grupo GTA asciende a US$350,9 millones<\/strong>. La semana pasada confirmaron que a\u00fan conservaban unos <strong>2500 trabajadores operativos en plantas de incubaci\u00f3n, alimento balanceado, granjas, prefritos, subproductos y fiambres.<\/strong><\/p>\n<div class=\"ln-banner-container --no-app --caja5_mob\">\n<div id=\"caja5_mob\" class=\"ln-banner\" data-slot-group=\"nota\" data-device=\"mobile\" data-subscription=\"false\" data-ad-unit-path=\"\/133919216\/campo_mobile\/Nota\/caja5_mob\" data-targeting='{\"sitio\":\"lanacion\",\"seccion\":\"nota\"}' data-without-hide=\"true\" data-size='[[320,100],[300,250],[1,1],[\" fluid\"]]' data-sizemap=\"[]\" data-prebid-enabled=\"true\"><\/div>\n<\/div>\n<div data-fusion-lazy-id=\"f0fLHi7Wfcy22C4\"><\/div>\n<div class=\"ln-banner-container --no-app --middle_3_dsk\">\n<div id=\"middle_3_dsk\" class=\"ln-banner\" data-slot-group=\"nota\" data-device=\"desktop\" data-subscription=\"true\" data-ad-unit-path=\"\/133919216\/campo_desktop\/Nota\/middle_3_dsk\" data-targeting='{\"sitio\":\"lanacion\",\"seccion\":\"nota\"}' data-without-hide=\"true\" data-size=\"[[1,1],[728,90],[640,360],[728,360]]\" data-sizemap=\"[]\" data-prebid-enabled=\"true\"><\/div>\n<\/div>\n<\/div>\n","protected":false},"excerpt":{"rendered":"<p>En medio de la crisis financiera que atraviesa Granja Tres Arroyos (GTA), se conoci\u00f3 que el grupo ya realiz\u00f3 alrededor de 1730 despidos entre las plantas de la compa\u00f1\u00eda en Entre R\u00edos y Buenos Aires. La cifra se conoce mientras varios establecimientos del grupo permanecen paralizados y se profundiza una delicada situaci\u00f3n financiera y operativa, [&hellip;]<\/p>\n","protected":false},"author":1,"featured_media":21582,"comment_status":"open","ping_status":"open","sticky":false,"template":"","format":"standard","meta":{"footnotes":""},"categories":[1],"tags":[],"class_list":["post-25073","post","type-post","status-publish","format-standard","has-post-thumbnail","hentry","category-uncategorized"],"_links":{"self":[{"href":"https:\/\/cliente1.publisher.highstack.com.ar\/index.php?rest_route=\/wp\/v2\/posts\/25073","targetHints":{"allow":["GET"]}}],"collection":[{"href":"https:\/\/cliente1.publisher.highstack.com.ar\/index.php?rest_route=\/wp\/v2\/posts"}],"about":[{"href":"https:\/\/cliente1.publisher.highstack.com.ar\/index.php?rest_route=\/wp\/v2\/types\/post"}],"author":[{"embeddable":true,"href":"https:\/\/cliente1.publisher.highstack.com.ar\/index.php?rest_route=\/wp\/v2\/users\/1"}],"replies":[{"embeddable":true,"href":"https:\/\/cliente1.publisher.highstack.com.ar\/index.php?rest_route=%2Fwp%2Fv2%2Fcomments&post=25073"}],"version-history":[{"count":0,"href":"https:\/\/cliente1.publisher.highstack.com.ar\/index.php?rest_route=\/wp\/v2\/posts\/25073\/revisions"}],"wp:featuredmedia":[{"embeddable":true,"href":"https:\/\/cliente1.publisher.highstack.com.ar\/index.php?rest_route=\/wp\/v2\/media\/21582"}],"wp:attachment":[{"href":"https:\/\/cliente1.publisher.highstack.com.ar\/index.php?rest_route=%2Fwp%2Fv2%2Fmedia&parent=25073"}],"wp:term":[{"taxonomy":"category","embeddable":true,"href":"https:\/\/cliente1.publisher.highstack.com.ar\/index.php?rest_route=%2Fwp%2Fv2%2Fcategories&post=25073"},{"taxonomy":"post_tag","embeddable":true,"href":"https:\/\/cliente1.publisher.highstack.com.ar\/index.php?rest_route=%2Fwp%2Fv2%2Ftags&post=25073"}],"curies":[{"name":"wp","href":"https:\/\/api.w.org\/{rel}","templated":true}]}}