{"id":25069,"date":"2026-09-04T15:12:03","date_gmt":"2026-09-04T18:12:03","guid":{"rendered":"https:\/\/cliente1.publisher.highstack.com.ar\/?p=25069"},"modified":"2026-09-04T15:12:03","modified_gmt":"2026-09-04T18:12:03","slug":"despisto-en-el-acceso-a-piedras-blancas-choco-contra-una-vivienda-y-resulto-herido","status":"publish","type":"post","link":"https:\/\/cliente1.publisher.highstack.com.ar\/?p=25069","title":{"rendered":"Despist\u00f3 en el acceso a Piedras Blancas, choc\u00f3 contra una vivienda y result\u00f3 herido"},"content":{"rendered":"<p><\/p>\n<div>\n<p>Un <b>despiste en el acceso a Piedras Blancas<\/b> se registr\u00f3 durante la madrugada de este viernes sobre la Ruta L, a la altura de la curva del Cementerio Municipal. Un Volkswagen Vento sali\u00f3 de la calzada y termin\u00f3 impactando contra el ingreso de una vivienda. <\/p>\n<p><!-- is a <br \/>--><\/p>\n<p>\u00a0<\/p>\n<p><!-- is a <br \/>--><\/p>\n<p>Personal de la Comisar\u00eda de Piedras Blancas, dependiente de la Jefatura Departamental La Paz, acudi\u00f3 al lugar tras recibir el aviso sobre el siniestro. Al arribar, los efectivos constataron que el autom\u00f3vil hab\u00eda colisionado contra una columna ubicada en el acceso a la propiedad. <\/p>\n<p><!-- is a <br \/>--><\/p>\n<p><!-- is a object --><br \/>\n<!-- embed start --><\/p>\n<figure class=\"embed\">\n<p>    <img decoding=\"async\" src=\"https:\/\/elonce-media.elonce.com\/fotos\/2026\/09\/04\/e_1788544686_27977.webp\" loading=\"lazy\" width=\"600\" height=\"400\" alt=\"\"\/><\/p>\n<\/figure>\n<p><!-- embed end --><br \/>\n<!-- end object --><\/p>\n<p>\u00a0<\/p>\n<p><!-- is a <br \/>--><\/p>\n<p>El veh\u00edculo era conducido por un joven de 22 a\u00f1os, quien recibi\u00f3 asistencia en el lugar y posteriormente fue trasladado en ambulancia al Hospital San Mart\u00edn de Hernandarias para una evaluaci\u00f3n m\u00e9dica. <\/p>\n<p><!-- is a <br \/>--><\/p>\n<p>\u00a0<\/p>\n<p><!-- is a <br \/>--><\/p>\n<p><!-- is a object --><\/p>\n<h2>Confirmaron que sufri\u00f3 lesiones leves<\/h2>\n<p><!-- end object --><\/p>\n<p>\u00a0<\/p>\n<p><!-- is a <br \/>--><\/p>\n<p>Fuentes vinculadas al procedimiento confirmaron a Elonce que, pese a la violencia del impacto, el conductor solamente sufri\u00f3 lesiones de car\u00e1cter leve. <\/p>\n<p><!-- is a <br \/>--><\/p>\n<p><!-- is a object --><br \/>\n<!-- embed start --><\/p>\n<figure class=\"embed\">\n<p>    <img decoding=\"async\" src=\"https:\/\/elonce-media.elonce.com\/fotos\/2026\/09\/04\/e_1788544686_72218.webp\" loading=\"lazy\" width=\"600\" height=\"400\" alt=\"\"\/><\/p>\n<\/figure>\n<p><!-- embed end --><br \/>\n<!-- end object --><\/p>\n<p>Tras el accidente, se solicit\u00f3 la intervenci\u00f3n de personal de la Divisi\u00f3n Polic\u00eda Cient\u00edfica para realizar las pericias correspondientes y establecer las circunstancias en las que se produjo el despiste. <\/p>\n<p><!-- is a <br \/>--><\/p>\n<p>\u00a0<\/p>\n<p><!-- is a <br \/>--><\/p>\n<p>Las actuaciones quedaron a cargo de la Comisar\u00eda de Piedras Blancas. Hasta el momento no se informaron las causas que provocaron que el Volkswagen Vento saliera de la calzada.<\/p>\n<\/p><\/div>\n","protected":false},"excerpt":{"rendered":"<p>Un despiste en el acceso a Piedras Blancas se registr\u00f3 durante la madrugada de este viernes sobre la Ruta L, a la altura de la curva del Cementerio Municipal. Un Volkswagen Vento sali\u00f3 de la calzada y termin\u00f3 impactando contra el ingreso de una vivienda. \u00a0 Personal de la Comisar\u00eda de Piedras Blancas, dependiente de [&hellip;]<\/p>\n","protected":false},"author":1,"featured_media":25070,"comment_status":"open","ping_status":"open","sticky":false,"template":"","format":"standard","meta":{"footnotes":""},"categories":[1],"tags":[],"class_list":["post-25069","post","type-post","status-publish","format-standard","has-post-thumbnail","hentry","category-uncategorized"],"_links":{"self":[{"href":"https:\/\/cliente1.publisher.highstack.com.ar\/index.php?rest_route=\/wp\/v2\/posts\/25069","targetHints":{"allow":["GET"]}}],"collection":[{"href":"https:\/\/cliente1.publisher.highstack.com.ar\/index.php?rest_route=\/wp\/v2\/posts"}],"about":[{"href":"https:\/\/cliente1.publisher.highstack.com.ar\/index.php?rest_route=\/wp\/v2\/types\/post"}],"author":[{"embeddable":true,"href":"https:\/\/cliente1.publisher.highstack.com.ar\/index.php?rest_route=\/wp\/v2\/users\/1"}],"replies":[{"embeddable":true,"href":"https:\/\/cliente1.publisher.highstack.com.ar\/index.php?rest_route=%2Fwp%2Fv2%2Fcomments&post=25069"}],"version-history":[{"count":0,"href":"https:\/\/cliente1.publisher.highstack.com.ar\/index.php?rest_route=\/wp\/v2\/posts\/25069\/revisions"}],"wp:featuredmedia":[{"embeddable":true,"href":"https:\/\/cliente1.publisher.highstack.com.ar\/index.php?rest_route=\/wp\/v2\/media\/25070"}],"wp:attachment":[{"href":"https:\/\/cliente1.publisher.highstack.com.ar\/index.php?rest_route=%2Fwp%2Fv2%2Fmedia&parent=25069"}],"wp:term":[{"taxonomy":"category","embeddable":true,"href":"https:\/\/cliente1.publisher.highstack.com.ar\/index.php?rest_route=%2Fwp%2Fv2%2Fcategories&post=25069"},{"taxonomy":"post_tag","embeddable":true,"href":"https:\/\/cliente1.publisher.highstack.com.ar\/index.php?rest_route=%2Fwp%2Fv2%2Ftags&post=25069"}],"curies":[{"name":"wp","href":"https:\/\/api.w.org\/{rel}","templated":true}]}}