{"id":25065,"date":"2026-09-04T14:35:12","date_gmt":"2026-09-04T17:35:12","guid":{"rendered":"https:\/\/cliente1.publisher.highstack.com.ar\/?p=25065"},"modified":"2026-09-04T14:35:12","modified_gmt":"2026-09-04T17:35:12","slug":"crimen-de-bassi-el-fiscal-hablo-de-un-plan-entre-los-acusados-y-revelo-las-pruebas-que-los-comprometerian","status":"publish","type":"post","link":"https:\/\/cliente1.publisher.highstack.com.ar\/?p=25065","title":{"rendered":"Crimen de Bassi: el fiscal habl\u00f3 de un \u201cplan\u201d entre los acusados y revel\u00f3 las pruebas que los comprometer\u00edan"},"content":{"rendered":"<p><\/p>\n<div>\n<p>El <b>crimen de Rodolfo Augusto Bassi<\/b>, el arquitecto de 61 a\u00f1os encontrado sin vida en uno de sus departamentos de barrio Paran\u00e1 XIV, tiene a dos hombres imputados y con prisi\u00f3n preventiva. Tras la audiencia realizada este viernes, el fiscal Juan Manuel Pereyra brind\u00f3 detalles a <i>Elonce<\/i> sobre la hip\u00f3tesis de la acusaci\u00f3n y sostuvo que los sospechosos habr\u00edan actuado de manera conjunta, distribuy\u00e9ndose tareas para robarle y posteriormente matarlo. <\/p>\n<p><!-- is a <br \/>--><\/p>\n<p>\u00a0<\/p>\n<p><!-- is a <br \/>--><\/p>\n<p>Los imputados son <b>Carlos Gast\u00f3n Aguilar, de 48 a\u00f1os, y Claudio Ram\u00f3n Inofre, de 52, alias \u201cToco\u201d<\/b>. El juez de Garant\u00edas Jorge Sueldo dispuso que permanezcan durante <b>60 d\u00edas con prisi\u00f3n preventiva en la Unidad Penal N\u00ba1 de Paran\u00e1<\/b>. Fiscal\u00eda hab\u00eda solicitado que la medida se extendiera por 90 d\u00edas. <\/p>\n<p><!-- is a <br \/>--><\/p>\n<p>\u00a0<\/p>\n<p><!-- is a <br \/>--><\/p>\n<p>La acusaci\u00f3n provisoria es por <b>homicidio doblemente agravado por alevos\u00eda y criminis causa<\/b>, adem\u00e1s del delito contra la propiedad atribuido. De sostenerse la calificaci\u00f3n y producirse una eventual condena, <b>el homicidio agravado contempla la pena de prisi\u00f3n perpetua.<\/b> <\/p>\n<p><!-- is a <br \/>--><\/p>\n<p><!-- is a object --><br \/>\n<!-- embed start --><!-- embed end --><br \/>\n<!-- end object --><\/p>\n<p><!-- is a object --><\/p>\n<h3>\u201cEs uno de los hechos m\u00e1s graves que tiene el C\u00f3digo Penal\u201d<\/h3>\n<p><!-- end object --><\/p>\n<p>\u00a0<\/p>\n<p><!-- is a <br \/>--><\/p>\n<p>Despu\u00e9s de la audiencia, Pereyra explic\u00f3 a <i>Elonce<\/i> los fundamentos de la imputaci\u00f3n y remarc\u00f3 la gravedad que Fiscal\u00eda atribuye al hecho. <b>&#8220;Se trata de un homicidio calificado, es decir, de los hechos m\u00e1s graves que tiene el C\u00f3digo Penal\u201d<\/b>, manifest\u00f3. <\/p>\n<p><!-- is a <br \/>--><\/p>\n<p>\u00a0<\/p>\n<p><!-- is a <br \/>--><\/p>\n<p>Sobre las agravantes, explic\u00f3: <b>\u201cHubo un accionar por parte de los acusados con alevos\u00eda, es decir, con una situaci\u00f3n de indefensi\u00f3n por parte de la v\u00edctima, y tambi\u00e9n la calificante de criminis causa, que es aquella que se comete el delito para cometer otro, para ocultarlo\u201d<\/b>. <\/p>\n<p><!-- is a <br \/>--><\/p>\n<p>\u00a0<\/p>\n<p><!-- is a <br \/>--><\/p>\n<p>Para el Ministerio P\u00fablico Fiscal, ambas circunstancias habr\u00edan estado presentes durante el ataque contra el arquitecto. <b>\u201cEste muy grave hecho encuadrar\u00eda dentro de esas calificaciones legales que hemos referido, es decir, dentro de dos de las agravantes que tiene el C\u00f3digo Penal, que establece la pena m\u00e1xima dentro de lo que tenemos en nuestro sistema legal\u201d<\/b>, agreg\u00f3. <\/p>\n<p><!-- is a <br \/>--><\/p>\n<p><!-- is a object --><br \/>\n<!-- embed start --><\/p>\n<figure class=\"embed\">\n<p>    <img decoding=\"async\" src=\"https:\/\/elonce-media.elonce.com\/fotos\/2026\/09\/04\/e_1788535778_30790.webp\" loading=\"lazy\" width=\"600\" height=\"400\" alt=\"Imputaron a los acusados del homicidio de Rodolfo Bassi (foto Elonce)\"\/><figcaption>\n            <span>Imputaron a los acusados del homicidio de Rodolfo Bassi (foto Elonce)<\/span><br \/>\n        <\/figcaption><\/figure>\n<p><!-- embed end --><br \/>\n<!-- end object --><\/p>\n<p><!-- is a object --><\/p>\n<h3>C\u00f3mo habr\u00eda sido el ataque contra Bassi<\/h3>\n<p><!-- end object --><\/p>\n<p>\u00a0<\/p>\n<p><!-- is a <br \/>--><\/p>\n<p>La reconstrucci\u00f3n presentada por Fiscal\u00eda sostiene que el hecho ocurri\u00f3 el martes 1 de septiembre, aproximadamente entre las 17.31 y las 20, dentro del departamento que Bassi estaba acondicionando en barrio Paran\u00e1 XIV. <\/p>\n<p><!-- is a <br \/>--><\/p>\n<p>\u00a0<\/p>\n<p><!-- is a <br \/>--><\/p>\n<p>De acuerdo con la hip\u00f3tesis de la acusaci\u00f3n, Aguilar e Inofre habr\u00edan aprovechado una <b>relaci\u00f3n previa de confianza<\/b> con la v\u00edctima para ingresar y sorprenderla. All\u00ed, el arquitecto habr\u00eda sido <b>golpeado, reducido y maniatado con alambre<\/b>, quedando en un estado de indefensi\u00f3n. <\/p>\n<p><!-- is a <br \/>--><\/p>\n<p>\u00a0<\/p>\n<p><!-- is a <br \/>--><\/p>\n<p>La Fiscal\u00eda sostiene adem\u00e1s que Bassi sufri\u00f3 cortes superficiales en diferentes partes del cuerpo mientras los atacantes le exig\u00edan la entrega de elementos de valor. La acusaci\u00f3n considera que la violencia habr\u00eda sido utilizada en el contexto del robo. <\/p>\n<p><!-- is a <br \/>--><\/p>\n<p>\u00a0<\/p>\n<p><!-- is a <br \/>--><\/p>\n<p>En la oportunidad, Pereyra evit\u00f3 brindar p\u00fablicamente algunos detalles por respeto a los familiares del arquitecto, pero fue contundente respecto de la violencia observada. <b>\u201cHay muchas cuestiones que tenemos materia de investigaci\u00f3n y tambi\u00e9n hay algunas cuestiones que por ah\u00ed queremos reservar, sobre todo por los familiares de la v\u00edctima, pero s\u00ed podemos decir que fue un hecho de extrema violencia\u201d<\/b>, expres\u00f3. <\/p>\n<p><!-- is a <br \/>--><\/p>\n<p><!-- is a object --><br \/>\n<!-- embed start --><!-- embed end --><br \/>\n<!-- end object --><\/p>\n<p><!-- is a object --><\/p>\n<h3>\u201cEjercieron una violencia f\u00edsica realmente tremenda\u201d<\/h3>\n<p><!-- end object --><\/p>\n<p>\u00a0<\/p>\n<p><!-- is a <br \/>--><\/p>\n<p>El fiscal se\u00f1al\u00f3 que todav\u00eda no cuentan con el informe definitivo de la autopsia, aunque ya recibieron informaci\u00f3n preliminar sobre las lesiones. <b>\u201cRespecto de las lesiones de la v\u00edctima, s\u00ed podemos decir, m\u00e1s all\u00e1 de que no tenemos el informe aut\u00f3psico sino un preliminar, que da cuenta de que ejercieron una violencia f\u00edsica realmente tremenda\u201d<\/b>, manifest\u00f3 Pereyra. <\/p>\n<p><!-- is a <br \/>--><\/p>\n<p>\u00a0<\/p>\n<p><!-- is a <br \/>--><\/p>\n<p>La reconstrucci\u00f3n expuesta durante la audiencia sostiene que Bassi recibi\u00f3 finalmente <b>tres golpes mortales en la cabeza con una maza<\/b>, que le habr\u00edan provocado las lesiones que ocasionaron su muerte. La herramienta fue localizada durante las primeras pericias realizadas en el departamento y pas\u00f3 a formar parte de los elementos analizados cient\u00edficamente. <\/p>\n<p><!-- is a <br \/>--><\/p>\n<p><!-- is a object --><br \/>\n<!-- embed start --><\/p>\n<figure class=\"embed\">\n<p>    <img decoding=\"async\" src=\"https:\/\/elonce-media.elonce.com\/fotos\/2026\/09\/04\/e_1788528395_87399.webp\" loading=\"lazy\" width=\"600\" height=\"400\" alt=\"Arquitecto Rodolfo Bassi, v\u00edctima de homicidio.-\"\/><figcaption>\n            <span>Arquitecto Rodolfo Bassi, v\u00edctima de homicidio.-<\/span><br \/>\n        <\/figcaption><\/figure>\n<p><!-- embed end --><br \/>\n<!-- end object --><\/p>\n<p><!-- is a object --><\/p>\n<h3>Fiscal\u00eda sostiene que los dos participaron del crimen<\/h3>\n<p><!-- end object --><\/p>\n<p>\u00a0<\/p>\n<p><!-- is a <br \/>--><\/p>\n<p>Otro aspecto que Pereyra dej\u00f3 expresamente establecido es que, al menos en esta instancia, <b>Fiscal\u00eda atribuye el mismo nivel de responsabilidad a Aguilar e Inofre<\/b>.  <\/p>\n<p><!-- is a <br \/>--><\/p>\n<p>\u00a0<\/p>\n<p><!-- is a <br \/>--><\/p>\n<p><b>\u201cLa postura de la Fiscal\u00eda es que participaron las dos personas que fueron imputadas y ac\u00e1 no hubo un accionar de una sola persona, sino que entendemos que fue el accionar de dos personas\u201d<\/b>, afirm\u00f3. <\/p>\n<p><!-- is a <br \/>--><\/p>\n<p>\u00a0<\/p>\n<p><!-- is a <br \/>--><\/p>\n<p>Seg\u00fan explic\u00f3, uno de los sospechosos ten\u00eda una relaci\u00f3n previa de confianza con Bassi, circunstancia que habr\u00eda colocado al arquitecto en una situaci\u00f3n de mayor vulnerabilidad frente a una eventual agresi\u00f3n. <\/p>\n<p><!-- is a <br \/>--><\/p>\n<p>\u00a0<\/p>\n<p><!-- is a <br \/>--><\/p>\n<p>Consultado espec\u00edficamente sobre el grado de participaci\u00f3n, Pereyra respondi\u00f3: <b>\u201cPor ahora la postura de la Fiscal\u00eda es que el nivel de participaci\u00f3n es el mismo en los dos\u201d<\/b>. <\/p>\n<p><!-- is a <br \/>--><\/p>\n<p>\u00a0<\/p>\n<p><!-- is a <br \/>--><\/p>\n<p>Y agreg\u00f3: <b>\u201cEntendemos que las dos personas actuaron de manera conjunta, obviamente distribuyendo las tareas de cada uno, que algunas de ellas se se\u00f1alaron en la audiencia. Fue un plan perge\u00f1ado por parte de los dos\u201d<\/b>. <\/p>\n<p><!-- is a <br \/>--><\/p>\n<p><!-- is a object --><br \/>\n<!-- embed start --><!-- embed end --><br \/>\n<!-- end object --><\/p>\n<p><!-- is a object --><\/p>\n<h3>El robo como posible m\u00f3vil<\/h3>\n<p><!-- end object --><\/p>\n<p>\u00a0<\/p>\n<p><!-- is a <br \/>--><\/p>\n<p>La principal hip\u00f3tesis respecto del m\u00f3vil apunta hasta el momento a un <b>robo<\/b>. \u201c<b>Fue justamente para poder sustraer distintos elementos de valor de la v\u00edctima. Entendemos que ese habr\u00eda sido el m\u00f3vil principal, m\u00e1s all\u00e1 de que despu\u00e9s, con el devenir de la investigaci\u00f3n, puede variar o se puede ampliar<\/b>\u201d, se\u00f1al\u00f3 el fiscal. <\/p>\n<p><!-- is a <br \/>--><\/p>\n<p>\u00a0<\/p>\n<p><!-- is a <br \/>--><\/p>\n<p>La acusaci\u00f3n sostiene que durante el ataque se apoderaron de documentaci\u00f3n, dinero y el tel\u00e9fono celular del arquitecto. <\/p>\n<p><!-- is a <br \/>--><\/p>\n<p>\u00a0<\/p>\n<p><!-- is a <br \/>--><\/p>\n<p>Adem\u00e1s, uno de los imputados habr\u00eda utilizado la <b>motocicleta Yamaha XTZ 125E de Bassi<\/b> para trasladarse hasta la vivienda particular de la v\u00edctima, ubicada en calle Dupuy. <\/p>\n<p><!-- is a <br \/>--><\/p>\n<p>\u00a0<\/p>\n<p><!-- is a <br \/>--><\/p>\n<p>Seg\u00fan la reconstrucci\u00f3n presentada judicialmente, all\u00ed habr\u00eda sustra\u00eddo una tablet, dinero en pesos y d\u00f3lares y otros elementos, para posteriormente regresar al departamento de Paran\u00e1 XIV. <\/p>\n<p><!-- is a <br \/>--><\/p>\n<p><!-- is a object --><br \/>\n<!-- embed start --><!-- embed end --><br \/>\n<!-- end object --><\/p>\n<p><!-- is a object --><\/p>\n<h3>El extra\u00f1o mensaje enviado desde el celular de Bassi<\/h3>\n<p><!-- end object --><\/p>\n<p>\u00a0<\/p>\n<p><!-- is a <br \/>--><\/p>\n<p>Otro dato incorporado a la reconstrucci\u00f3n est\u00e1 relacionado con el tel\u00e9fono celular de la v\u00edctima. <\/p>\n<p><!-- is a <br \/>--><\/p>\n<p>\u00a0<\/p>\n<p><!-- is a <br \/>--><\/p>\n<p>Bassi hab\u00eda mantenido contacto por WhatsApp con su pareja durante el martes, pero desde horas de la tarde dej\u00f3 de responder. Sin embargo, durante la ma\u00f1ana siguiente, desde su tel\u00e9fono se habr\u00eda enviado un mensaje que llam\u00f3 especialmente la atenci\u00f3n de la mujer. <\/p>\n<p><!-- is a <br \/>--><\/p>\n<p>\u00a0<\/p>\n<p><!-- is a <br \/>--><\/p>\n<p><b>\u201cHola, estoy volviendo de Rosario, despu\u00e9s hablamos\u201d<\/b>, dec\u00eda el texto. <\/p>\n<p><!-- is a <br \/>--><\/p>\n<p>\u00a0<\/p>\n<p><!-- is a <br \/>--><\/p>\n<p>Un detalle despert\u00f3 a\u00fan m\u00e1s sus sospechas: <b>la palabra \u201cvolviendo\u201d habr\u00eda sido escrita incorrectamente con \u201cb\u201d<\/b>, un error que no reconoci\u00f3 como habitual en Bassi. <\/p>\n<p><!-- is a <br \/>--><\/p>\n<p>\u00a0<\/p>\n<p><!-- is a <br \/>--><\/p>\n<p>Ese mensaje profundiz\u00f3 la preocupaci\u00f3n por el arquitecto y se incorpor\u00f3 a los elementos considerados durante la reconstrucci\u00f3n de sus \u00faltimas horas y de la actividad registrada por su tel\u00e9fono. <\/p>\n<p><!-- is a <br \/>--><\/p>\n<p><!-- is a object --><br \/>\n<!-- embed start --><\/p>\n<div class=\"embed embed-video\">\n<p>\n            <iframe loading=\"lazy\" title=\"IMPUTARON A LOS ACUSADOS DEL HOMICIDIO DE RODOLFO BASSI\" width=\"500\" height=\"281\" src=\"https:\/\/www.youtube.com\/embed\/_v5QfR7pOY0?feature=oembed\" frameborder=\"0\" allow=\"accelerometer; autoplay; clipboard-write; encrypted-media; gyroscope; picture-in-picture; web-share\" referrerpolicy=\"strict-origin-when-cross-origin\" allowfullscreen><\/iframe>\n        <\/p>\n<p>\n                <span>Crimen de Bassi: el fiscal habl\u00f3 de un \u201cplan\u201d entre los acusados y revel\u00f3 las pruebas que los comprometer\u00edan<\/span>\n            <\/p>\n<\/p><\/div>\n<p><!-- embed end --><br \/>\n<!-- end object --><\/p>\n<p><!-- is a object --><\/p>\n<h3>Huellas, c\u00e1maras y testimonios<\/h3>\n<p><!-- end object --><\/p>\n<p>\u00a0<\/p>\n<p><!-- is a <br \/>--><\/p>\n<p>La investigaci\u00f3n avanz\u00f3 r\u00e1pidamente desde el hallazgo del cuerpo y, seg\u00fan Pereyra, existen diferentes tipos de evidencias que respaldan actualmente la hip\u00f3tesis de Fiscal\u00eda. <b>\u201cHay elementos probatorios diversos. Algunos tienen que ver justamente con la labor cient\u00edfica que se hizo en el lugar de los hechos\u201d<\/b>, indic\u00f3. <\/p>\n<p><!-- is a <br \/>--><\/p>\n<p>\u00a0<\/p>\n<p><!-- is a <br \/>--><\/p>\n<p>El fiscal mencion\u00f3 adem\u00e1s testimonios que consider\u00f3 importantes, filmaciones de c\u00e1maras de seguridad, huellas y elementos recuperados durante los procedimientos posteriores. \u201cTenemos tambi\u00e9n filmaciones que corroboran esto. Hay elementos que se han secuestrado y otros en poder de terceros que se\u00f1alan como transmisores a los imputados\u201d, explic\u00f3. <\/p>\n<p><!-- is a <br \/>--><\/p>\n<p>\u00a0<\/p>\n<p><!-- is a <br \/>--><\/p>\n<p>Pereyra destac\u00f3 especialmente que no se trata de un \u00fanico indicio, sino de diferentes evidencias que, seg\u00fan la acusaci\u00f3n, se complementan. \u201cHay elementos diversos y algunos obviamente con fuerte valor probatorio, como tiene que ver con huellas y c\u00e1maras, que ayudan mucho, pero que son respaldados por otro tipo de elementos probatorios que nos permiten, al menos, reconstruir la acusaci\u00f3n que hoy hicimos y la hip\u00f3tesis de la Fiscal\u00eda\u201d, afirm\u00f3. <\/p>\n<p><!-- is a <br \/>--><\/p>\n<p><!-- is a object --><br \/>\n<!-- embed start --><!-- embed end --><br \/>\n<!-- end object --><\/p>\n<p><!-- is a object --><\/p>\n<h3>Inofre fue detenido cuando viajaba hacia Misiones<\/h3>\n<p><!-- end object --><\/p>\n<p>\u00a0<\/p>\n<p><!-- is a <br \/>--><\/p>\n<p>La conducta posterior de los imputados tambi\u00e9n fue analizada al momento de resolver la prisi\u00f3n preventiva. <\/p>\n<p><!-- is a <br \/>--><\/p>\n<p>\u00a0<\/p>\n<p><!-- is a <br \/>--><\/p>\n<p>Inofre fue localizado cuando viajaba en un colectivo de larga distancia hacia <b>Misiones<\/b>. El micro fue interceptado sobre la Ruta Nacional 127 y el acusado termin\u00f3 detenido en Federal. <\/p>\n<p><!-- is a <br \/>--><\/p>\n<p><!-- is a object --><br \/>\n<!-- embed start --><\/p>\n<figure class=\"embed\">\n<p>    <img decoding=\"async\" src=\"https:\/\/elonce-media.elonce.com\/fotos\/2026\/09\/04\/e_1788533254_81678.webp\" loading=\"lazy\" width=\"600\" height=\"400\" alt=\"Claudio Infofre (foto Elonce)\"\/><figcaption>\n            <span>Claudio Infofre (foto Elonce)<\/span><br \/>\n        <\/figcaption><\/figure>\n<p><!-- embed end --><br \/>\n<!-- end object --><\/p>\n<p>Seg\u00fan la investigaci\u00f3n, ten\u00eda en su poder pertenencias vinculadas con Bassi. Adem\u00e1s, se investiga la presunta venta de la motocicleta del arquitecto, veh\u00edculo que posteriormente pudo ser recuperado. <\/p>\n<p><!-- is a <br \/>--><\/p>\n<p>\u00a0<\/p>\n<p><!-- is a <br \/>--><\/p>\n<p>En el caso de Aguilar, durante la audiencia se mencion\u00f3 que <b>se habr\u00eda cortado el cabello despu\u00e9s del crimen<\/b>, modificando parcialmente su apariencia. <\/p>\n<p><!-- is a <br \/>--><\/p>\n<p>\u00a0<\/p>\n<p><!-- is a <br \/>--><\/p>\n<p>Esas circunstancias fueron consideradas como indicadores de posibles riesgos procesales. <\/p>\n<p><!-- is a <br \/>--><\/p>\n<p><!-- is a object --><br \/>\n<!-- embed start --><!-- embed end --><br \/>\n<!-- end object --><\/p>\n<p><!-- is a object --><\/p>\n<h3>Por qu\u00e9 permanecer\u00e1n 60 d\u00edas detenidos<\/h3>\n<p><!-- end object --><\/p>\n<p>\u00a0<\/p>\n<p><!-- is a <br \/>--><\/p>\n<p>Pereyra sostuvo que las conductas posteriores fueron evaluadas tanto desde la posibilidad de fuga como desde un eventual entorpecimiento de la investigaci\u00f3n. <\/p>\n<p><!-- is a <br \/>--><\/p>\n<p>\u00a0<\/p>\n<p><!-- is a <br \/>--><\/p>\n<p><b>\u201cNo solamente peligro de fuga, sino entorpecimiento: uno variando un poco las caracter\u00edsticas fison\u00f3micas, esto de haberse cortado el cabello, y el otro haciendo un viaje a una provincia que se encuentra lim\u00edtrofe con otro pa\u00eds. Entendemos que son contundentes respecto de los riesgos procesales que nuestro c\u00f3digo tiene establecidos\u201d<\/b>, expres\u00f3. <\/p>\n<p><!-- is a <br \/>--><\/p>\n<p><!-- is a object --><br \/>\n<!-- embed start --><\/p>\n<figure class=\"embed\">\n<p>    <img decoding=\"async\" src=\"https:\/\/elonce-media.elonce.com\/fotos\/2026\/09\/04\/e_1788533254_34131.webp\" loading=\"lazy\" width=\"600\" height=\"400\" alt=\"Carlos Aguilar (foto Elonce)\"\/><figcaption>\n            <span>Carlos Aguilar (foto Elonce)<\/span><br \/>\n        <\/figcaption><\/figure>\n<p><!-- embed end --><br \/>\n<!-- end object --><\/p>\n<p>Fiscal\u00eda hab\u00eda solicitado <b>90 d\u00edas de prisi\u00f3n preventiva<\/b>, aunque finalmente el juez Sueldo fij\u00f3 la medida en <b>60 d\u00edas<\/b> al considerar excesivo el plazo requerido, teniendo especialmente en cuenta el avance alcanzado por la investigaci\u00f3n en pocos d\u00edas. <\/p>\n<p><!-- is a <br \/>--><\/p>\n<p>\u00a0<\/p>\n<p><!-- is a <br \/>--><\/p>\n<p>Los dos imputados permanecer\u00e1n durante ese per\u00edodo en la <b>Unidad Penal N\u00ba1 de Paran\u00e1<\/b>. La medida no implica una declaraci\u00f3n de culpabilidad: la responsabilidad de Aguilar e Inofre deber\u00e1 determinarse durante el proceso judicial. <\/p>\n<p><!-- is a <br \/>--><\/p>\n<p>\u00a0<\/p>\n<p><!-- is a <br \/>--><\/p>\n<p>Mientras tanto, la Fiscal\u00eda continuar\u00e1 incorporando pruebas para sostener o eventualmente modificar su hip\u00f3tesis. Por ahora, la acusaci\u00f3n considera que <b>los dos hombres actuaron conjuntamente, se distribuyeron las tareas y desplegaron un plan para robarle a Bassi que termin\u00f3 con el arquitecto sometido a una violencia extrema y asesinado dentro de su departamento de Paran\u00e1 XIV<\/b>.<\/p>\n<\/p><\/div>\n","protected":false},"excerpt":{"rendered":"<p>El crimen de Rodolfo Augusto Bassi, el arquitecto de 61 a\u00f1os encontrado sin vida en uno de sus departamentos de barrio Paran\u00e1 XIV, tiene a dos hombres imputados y con prisi\u00f3n preventiva. Tras la audiencia realizada este viernes, el fiscal Juan Manuel Pereyra brind\u00f3 detalles a Elonce sobre la hip\u00f3tesis de la acusaci\u00f3n y sostuvo [&hellip;]<\/p>\n","protected":false},"author":1,"featured_media":25066,"comment_status":"open","ping_status":"open","sticky":false,"template":"","format":"standard","meta":{"footnotes":""},"categories":[1],"tags":[],"class_list":["post-25065","post","type-post","status-publish","format-standard","has-post-thumbnail","hentry","category-uncategorized"],"_links":{"self":[{"href":"https:\/\/cliente1.publisher.highstack.com.ar\/index.php?rest_route=\/wp\/v2\/posts\/25065","targetHints":{"allow":["GET"]}}],"collection":[{"href":"https:\/\/cliente1.publisher.highstack.com.ar\/index.php?rest_route=\/wp\/v2\/posts"}],"about":[{"href":"https:\/\/cliente1.publisher.highstack.com.ar\/index.php?rest_route=\/wp\/v2\/types\/post"}],"author":[{"embeddable":true,"href":"https:\/\/cliente1.publisher.highstack.com.ar\/index.php?rest_route=\/wp\/v2\/users\/1"}],"replies":[{"embeddable":true,"href":"https:\/\/cliente1.publisher.highstack.com.ar\/index.php?rest_route=%2Fwp%2Fv2%2Fcomments&post=25065"}],"version-history":[{"count":0,"href":"https:\/\/cliente1.publisher.highstack.com.ar\/index.php?rest_route=\/wp\/v2\/posts\/25065\/revisions"}],"wp:featuredmedia":[{"embeddable":true,"href":"https:\/\/cliente1.publisher.highstack.com.ar\/index.php?rest_route=\/wp\/v2\/media\/25066"}],"wp:attachment":[{"href":"https:\/\/cliente1.publisher.highstack.com.ar\/index.php?rest_route=%2Fwp%2Fv2%2Fmedia&parent=25065"}],"wp:term":[{"taxonomy":"category","embeddable":true,"href":"https:\/\/cliente1.publisher.highstack.com.ar\/index.php?rest_route=%2Fwp%2Fv2%2Fcategories&post=25065"},{"taxonomy":"post_tag","embeddable":true,"href":"https:\/\/cliente1.publisher.highstack.com.ar\/index.php?rest_route=%2Fwp%2Fv2%2Ftags&post=25065"}],"curies":[{"name":"wp","href":"https:\/\/api.w.org\/{rel}","templated":true}]}}