{"id":25059,"date":"2026-09-04T14:03:50","date_gmt":"2026-09-04T17:03:50","guid":{"rendered":"https:\/\/cliente1.publisher.highstack.com.ar\/?p=25059"},"modified":"2026-09-04T14:03:50","modified_gmt":"2026-09-04T17:03:50","slug":"lula-da-silva-pidio-investigar-sin-blindajes-el-escandalo-que-sacude-al-supremo-tribunal-federal","status":"publish","type":"post","link":"https:\/\/cliente1.publisher.highstack.com.ar\/?p=25059","title":{"rendered":"Lula da Silva pidi\u00f3 investigar sin blindajes el esc\u00e1ndalo que sacude al Supremo Tribunal Federal"},"content":{"rendered":"<div>\t\t<!-- { REGION4 --> <\/p>\n<article class=\"article-body article-body--first-paragraph\" data-td-script-src=\"https:\/\/www.ambito.com\/td\/modulos\/encuestas\/js\/function-embeds-min-version-1788408512.js\">\n<p id=\"p-1788538109494-27386\" class=\"\"><strong> El presidente de Brasil, Luiz In\u00e1cio Lula da Silva<\/strong>, reclam\u00f3 una investigaci\u00f3n a fondo sobre las sospechas que involucran a dos magistrados del Supremo Tribunal Federal (STF)  en el marco del caso Banco Master, un esc\u00e1ndalo que profundiz\u00f3 la tensi\u00f3n dentro de la Corte y repercuti\u00f3 en el clima pol\u00edtico del pa\u00eds: &#8220;<strong>Todas las sospechas deben ser investigadas con rigor, sin blindaje de nadie, duela a quien le duela<\/strong>&#8220;.<\/p>\n<\/article>\n<article class=\"article-body article-body--second-paragraph\">\n<p id=\"p-1788538146793-28611\" class=\"\">El mandatario evit\u00f3 mencionar por sus nombres a <strong>Alexandre de Moraes y Andr\u00e9 Mendon\u00e7a, los dos jueces enfrentados a ra\u00edz del caso que involucra a Daniel Vorcaro<\/strong>, due\u00f1o del Banco Master, quien se encuentra preso por una estafa millonaria. En este escenario, el presidente brasile\u00f1o sostuvo que la crisis que atraviesa el m\u00e1ximo tribunal brasile\u00f1o <strong>excede el caso puntual y plante\u00f3 la necesidad de cambios en las instituciones: <\/strong>&#8220;Est\u00e1 claro que nuestros sistemas pol\u00edtico y judicial necesitan reformas profundas&#8221;.<\/p>\n<\/article>\n<article class=\"article-body article-body--third-paragraph\">\n<p id=\"p-1788538109494-68057\" class=\"\"> En ese contexto, el presidente brasile\u00f1o se\u00f1al\u00f3 que el titular del Supremo, Edson Fachin, debe encabezar una investigaci\u00f3n para recuperar la confianza en las actuaciones judiciales y garantizar la transparencia del proceso. Seg\u00fan plante\u00f3 Lula, el mencionado magistrado deber\u00e1 liderar las pesquisas para restablecer <strong>&#8220;la integridad y la confianza en las investigaciones&#8221;.<\/strong><\/p>\n<\/article>\n<article class=\"article-body article-body--fourth-paragraph\">\n<h2 id=\"p-1788538109494-2030\"> C\u00f3mo comenz\u00f3 el conflicto en la Corte<\/h2>\n<p id=\"p-1788538109494-97742\" class=\"\">La disputa entre los magistrados se profundiz\u00f3 esta semana, en un momento de particular tensi\u00f3n pol\u00edtica en Brasil,<strong> a un mes de las elecciones en las que Lula buscar\u00e1 su reelecci\u00f3n frente al candidato conservador Fl\u00e1vio Bolsonaro.<\/strong><\/p>\n<\/article>\n<article class=\"article-body article-body--fifth-paragraph\">\n<div contenteditable=\"false\" class=\"embed_cont type_imagen\" id=\"8272600-Libre-105882762_wrap\">\n<div id=\"8272600-Libre-105882762_content\" class=\"embed_content\"><img src=\"https:\/\/media.ambito.com\/p\/0554564d5c2d0fb5e7c8f93a6162a7cf\/adjuntos\/239\/imagenes\/043\/616\/0043616895\/730x0\/smart\/brasil-llega-las-urnas-lula-al-frente-pero-una-segunda-vuelta-abierta-y-el-mercado-atento-al-frente-fiscal.png\" decoding=\"async\" fetchpriority=\"low\" loading=\"lazy\" alt=\"El esc\u00e1ndalo en Brasil sacude a la Corte a tan solo un mes de las elecciones.\" title=\"El esc\u00e1ndalo en Brasil sacude a la Corte a tan solo un mes de las elecciones.\" width=\"730\" height=\"undefined\" id=\"8272600-Libre-105882762_embed\"\/><\/div>\n<div class=\"embed_wrapper-cont\" id=\"p-1788538749675-7656\">\n<div id=\"8272600-Libre-105882762_epigrafe\" class=\"embed_epigrafe\">\n<p id=\"p-1788538749675-79686\">El esc\u00e1ndalo en Brasil sacude a la Corte a tan solo un mes de las elecciones.<\/p>\n<\/div><\/div>\n<\/p><\/div>\n<p id=\"p-1788538109494-41161\" class=\"\">El origen del esc\u00e1ndalo se remonta al lunes, cuando fue levantado el secreto del sumario de la causa Banco Master. <strong>La decisi\u00f3n permiti\u00f3 conocer relaciones entre Vorcaro y Moraes, considerado un magistrado cercano a Lula. <\/strong>El levantamiento del secreto hab\u00eda sido ordenado por Mendon\u00e7a, tambi\u00e9n integrante del Supremo y encargado de instruir el expediente.<\/p>\n<\/article>\n<article class=\"article-body article-body--remaining-paragraph\">\n<p id=\"p-1788538208987-75842\" class=\"\">El caso tom\u00f3 una nueva dimensi\u00f3n d\u00edas despu\u00e9s, con la difusi\u00f3n de informaciones sobre una reuni\u00f3n entre <strong>Mendon\u00e7a y Vorcaro, adem\u00e1s de audios que indicar\u00edan una relaci\u00f3n entre el financista y el magistrado.<\/strong><\/p>\n<p id=\"p-1788538109494-2659\" class=\"\">Las revelaciones incrementaron la presi\u00f3n sobre Mendon\u00e7a y derivaron en un pedido para que tambi\u00e9n sea investigado. As\u00ed, las sospechas alcanzaron a los dos jueces del Supremo involucrados en la disputa por el caso Master, mientras Lula reclam\u00f3 que las investigaciones avancen sin excepciones y con el objetivo de recuperar la confianza en el sistema judicial.<\/p>\n<\/article>\n<p>\t\t<!-- REGION4 } --><\/div>\n<p><script>\n!function(f,b,e,v,n,t,s)\n{if(f.fbq)return;n=f.fbq=function(){n.callMethod?\nn.callMethod.apply(n,arguments):n.queue.push(arguments)};\nif(!f._fbq)f._fbq=n;n.push=n;n.loaded=!0;n.version='2.0';\nn.queue=[];t=b.createElement(e);t.async=!0;\nt.src=v;s=b.getElementsByTagName(e)[0];\ns.parentNode.insertBefore(t,s)}(window,document,'script',\n'\nfbq('init', '2047048335588113');\nfbq('track', 'PageView');\n<\/script><\/p>\n","protected":false},"excerpt":{"rendered":"<p>El presidente de Brasil, Luiz In\u00e1cio Lula da Silva, reclam\u00f3 una investigaci\u00f3n a fondo sobre las sospechas que involucran a dos magistrados del Supremo Tribunal Federal (STF) en el marco del caso Banco Master, un esc\u00e1ndalo que profundiz\u00f3 la tensi\u00f3n dentro de la Corte y repercuti\u00f3 en el clima pol\u00edtico del pa\u00eds: &#8220;Todas las sospechas [&hellip;]<\/p>\n","protected":false},"author":1,"featured_media":25060,"comment_status":"open","ping_status":"open","sticky":false,"template":"","format":"standard","meta":{"footnotes":""},"categories":[1],"tags":[],"class_list":["post-25059","post","type-post","status-publish","format-standard","has-post-thumbnail","hentry","category-uncategorized"],"_links":{"self":[{"href":"https:\/\/cliente1.publisher.highstack.com.ar\/index.php?rest_route=\/wp\/v2\/posts\/25059","targetHints":{"allow":["GET"]}}],"collection":[{"href":"https:\/\/cliente1.publisher.highstack.com.ar\/index.php?rest_route=\/wp\/v2\/posts"}],"about":[{"href":"https:\/\/cliente1.publisher.highstack.com.ar\/index.php?rest_route=\/wp\/v2\/types\/post"}],"author":[{"embeddable":true,"href":"https:\/\/cliente1.publisher.highstack.com.ar\/index.php?rest_route=\/wp\/v2\/users\/1"}],"replies":[{"embeddable":true,"href":"https:\/\/cliente1.publisher.highstack.com.ar\/index.php?rest_route=%2Fwp%2Fv2%2Fcomments&post=25059"}],"version-history":[{"count":0,"href":"https:\/\/cliente1.publisher.highstack.com.ar\/index.php?rest_route=\/wp\/v2\/posts\/25059\/revisions"}],"wp:featuredmedia":[{"embeddable":true,"href":"https:\/\/cliente1.publisher.highstack.com.ar\/index.php?rest_route=\/wp\/v2\/media\/25060"}],"wp:attachment":[{"href":"https:\/\/cliente1.publisher.highstack.com.ar\/index.php?rest_route=%2Fwp%2Fv2%2Fmedia&parent=25059"}],"wp:term":[{"taxonomy":"category","embeddable":true,"href":"https:\/\/cliente1.publisher.highstack.com.ar\/index.php?rest_route=%2Fwp%2Fv2%2Fcategories&post=25059"},{"taxonomy":"post_tag","embeddable":true,"href":"https:\/\/cliente1.publisher.highstack.com.ar\/index.php?rest_route=%2Fwp%2Fv2%2Ftags&post=25059"}],"curies":[{"name":"wp","href":"https:\/\/api.w.org\/{rel}","templated":true}]}}