{"id":25057,"date":"2026-09-04T13:54:04","date_gmt":"2026-09-04T16:54:04","guid":{"rendered":"https:\/\/cliente1.publisher.highstack.com.ar\/?p=25057"},"modified":"2026-09-04T13:54:04","modified_gmt":"2026-09-04T16:54:04","slug":"fallo-contundente-la-justicia-ordeno-a-un-municipio-bonaerense-informar-cuanto-recauda-del-campo-y-como-usa-los-fondos","status":"publish","type":"post","link":"https:\/\/cliente1.publisher.highstack.com.ar\/?p=25057","title":{"rendered":"Fallo contundente: la Justicia orden\u00f3 a un municipio bonaerense informar cu\u00e1nto recauda del campo y c\u00f3mo usa los fondos"},"content":{"rendered":"<div class=\"col-12\">\n<div data-tw=\"true\" style=\"display:contents\">\n<div role=\"none\"><\/div>\n<\/div>\n<p class=\"com-paragraph --s\">\u00bfCu\u00e1nto pagan los productores por las <strong>tasas vinculadas <\/strong>con los servicios rurales y cu\u00e1nto de ese dinero vuelve efectivamente a los caminos rurales? La pregunta, que desde hace tiempo <strong>genera reclamos en el partido bonaerense de Rojas, lleg\u00f3 a los tribunales. <\/strong><\/p>\n<div class=\"ln-banner-container --no-app --caja1_mob\">\n<div id=\"caja1_mob\" class=\"ln-banner\" data-slot-group=\"nota\" data-device=\"mobile\" data-subscription=\"false\" data-ad-unit-path=\"\/133919216\/campo_mobile\/Nota\/caja1_mob\" data-targeting='{\"sitio\":\"lanacion\",\"seccion\":\"nota\"}' data-without-hide=\"true\" data-size=\"[[320,100],[300,250],[1,1],[300,450],[320,450]]\" data-sizemap=\"[]\" data-prebid-enabled=\"true\"><\/div>\n<\/div>\n<p class=\"com-paragraph --s\">La <strong>Justicia<\/strong> le orden\u00f3 al <strong>municipio <\/strong>de la provincia de Buenos Aires que<strong> informe cu\u00e1nto recauda por las tasas que pagan los productores rurales y c\u00f3mo utiliza esos recursos<\/strong>, luego de que la <strong>Sociedad Rural de Rojas, Federaci\u00f3n Agraria Argentina filial Rojas y Coninagro, <\/strong>con la representaci\u00f3n legal del abogado <strong>Pablo Abdon Torres Barthe,<\/strong> recurrieran a los tribunales ante la falta de respuesta de la administraci\u00f3n a un pedido de informaci\u00f3n.<strong> <\/strong>La comuna tendr\u00e1 <strong>45 d\u00edas<\/strong> para entregar los datos.<\/p>\n<div class=\"ln-banner-container --no-app --middle_1_dsk\">\n<div id=\"middle_1_dsk\" class=\"ln-banner\" data-slot-group=\"nota\" data-device=\"desktop\" data-subscription=\"true\" data-ad-unit-path=\"\/133919216\/campo_desktop\/Nota\/middle_1_dsk\" data-targeting='{\"sitio\":\"lanacion\",\"seccion\":\"nota\"}' data-without-hide=\"true\" data-size=\"[[1,1],[640,360],[640,480],[728,90]]\" data-sizemap=\"[]\" data-prebid-enabled=\"true\"><\/div>\n<\/div>\n<p class=\"com-paragraph --s\">La resoluci\u00f3n fue dictada por el <strong>Juzgado en lo Contencioso Administrativo N\u00b0 1 de Jun\u00edn<\/strong>, en la causa \u201cConinagro de Rojas y otros c\/ Municipalidad de Rojas s\/ amparo\u201d. El fallo fue firmado por el juez <strong>Juan Atilio Bazzani<\/strong>. <\/p>\n<p class=\"com-paragraph --s\">El pedido estaba relacionado con el destino de los fondos provenientes de las tasas de <strong>conservaci\u00f3n, reparaci\u00f3n y mejorado de la red vial, seguridad e higiene y control de marcas y se\u00f1ales<\/strong>. Los productores buscaban conocer si los recursos recaudados guardaban relaci\u00f3n con los servicios para los cuales fueron creados, en un distrito que cuenta con una extensa red de caminos rurales y donde las entidades cuestionan el nivel de mantenimiento. <\/p>\n<div class=\"ln-banner-container --no-app --caja2_mob\">\n<div id=\"caja2_mob\" class=\"ln-banner\" data-slot-group=\"nota\" data-device=\"mobile\" data-subscription=\"true\" data-ad-unit-path=\"\/133919216\/campo_mobile\/Nota\/caja2_mob\" data-targeting='{\"sitio\":\"lanacion\",\"seccion\":\"nota\"}' data-without-hide=\"true\" data-size=\"[[320,100],[300,250],[300,450],[1,1],[360,270],[320,180]]\" data-sizemap=\"[]\" data-prebid-enabled=\"true\"><\/div>\n<\/div>\n<div class=\"content-media\">\n<section role=\"button\" class=\"mod-media   \">\n<figure role=\"button\" tabindex=\"0\" class=\"mod-figure \">\n<div class=\"placeholder \">\n<div class=\"com-image\"><picture><source media=\"(min-width: 768px)\" srcset=\"https:\/\/www.lanacion.com.ar\/resizer\/v2\/si-la-municipalidad-no-afecta-los-fondos-de-la-SV2TGBCR5RGQPHK45IPXNL2CMY.jpeg?auth=9837d54883d8df4c3343c8c4120e31c25bff09b45f70e16a930aa6cf8acc4847&amp;width=780&amp;height=439&amp;quality=70&amp;smart=true\"><\/source><img class=\"image com-image flex --cover\" decoding=\"async\" fetchpriority=\"low\" loading=\"lazy\" src=\"https:\/\/www.lanacion.com.ar\/resizer\/v2\/si-la-municipalidad-no-afecta-los-fondos-de-la-SV2TGBCR5RGQPHK45IPXNL2CMY.jpeg?auth=9837d54883d8df4c3343c8c4120e31c25bff09b45f70e16a930aa6cf8acc4847&amp;width=420&amp;height=236&amp;quality=70&amp;smart=true\" width=\"1052\" alt=\"\u201cSi la municipalidad no afecta los fondos de la tasa vial a arreglar los caminos, eso es una utop\u00eda, es una fantas\u00eda decir voy a arreglar un camino\u201d, dijo del Solar Dorrego\" height=\"592\"><\/picture><\/div>\n<\/div><figcaption class=\"mod-figcaption\"><span class=\"com-text --caption --twoxs\">\u201cSi la municipalidad no afecta los fondos de la tasa vial a arreglar los caminos, eso es una utop\u00eda, es una fantas\u00eda decir voy a arreglar un camino\u201d, dijo del Solar Dorrego<\/span><\/figcaption><\/figure>\n<\/section>\n<\/div>\n<div class=\"ln-banner-container --no-app --middle_2_dsk\">\n<div id=\"middle_2_dsk\" class=\"ln-banner\" data-slot-group=\"nota\" data-device=\"desktop\" data-subscription=\"true\" data-ad-unit-path=\"\/133919216\/campo_desktop\/Nota\/middle_2_dsk\" data-targeting='{\"sitio\":\"lanacion\",\"seccion\":\"nota\"}' data-without-hide=\"true\" data-size=\"[[1,1],[728,90]]\" data-sizemap=\"[]\" data-prebid-enabled=\"true\"><\/div>\n<\/div>\n<p class=\"com-paragraph --s\">Rojas tiene aproximadamente <strong>1200 kil\u00f3metros de caminos rurales<\/strong>, seg\u00fan explicaron los dirigentes del sector. <strong>Alberto del Solar Dorrego, <\/strong>vicepresidente de la Sociedad Rural de Rojas, record\u00f3 una experiencia anterior en la que los productores tuvieron participaci\u00f3n directa en la administraci\u00f3n de esos recursos.<\/p>\n<div class=\"ln-banner-container --no-app --caja3_mob\">\n<div id=\"caja3_mob\" class=\"ln-banner\" data-slot-group=\"nota\" data-device=\"mobile\" data-subscription=\"false\" data-ad-unit-path=\"\/133919216\/campo_mobile\/Nota\/caja3_mob\" data-targeting='{\"sitio\":\"lanacion\",\"seccion\":\"nota\"}' data-without-hide=\"true\" data-size=\"[[320,100],[300,250],[1,1],[300,450],[360,270]]\" data-sizemap=\"[]\" data-prebid-enabled=\"true\"><\/div>\n<\/div>\n<div class=\"ln-banner-container --no-app --middle_2_tab\">\n<div id=\"middle_2_tab\" class=\"ln-banner\" data-slot-group=\"nota\" data-device=\"tablet\" data-subscription=\"false\" data-ad-unit-path=\"\/133919216\/campo_tablet\/Nota\/middle_2_tab\" data-targeting='{\"sitio\":\"lanacion\",\"seccion\":\"nota\"}' data-without-hide=\"true\" data-size=\"[[728,90],[640,480],[468,60],[1,1]]\" data-sizemap=\"[]\" data-prebid-enabled=\"true\"><\/div>\n<\/div>\n<p class=\"com-paragraph --s\">Durante su paso por el Consejo Asesor Municipal de Productores Rurales se impuls\u00f3 la <strong>ordenanza 2649,<\/strong> de 2002. Seg\u00fan relat\u00f3, el esquema establec\u00eda que el <strong>85% de los fondos de la tasa vial<\/strong> quedara afectado a los caminos y fuera administrado con participaci\u00f3n de los productores. <strong>\u201cPor 10 a\u00f1os los caminos rurales de Rojas estaban impecables\u201d,<\/strong> afirm\u00f3 a <strong>LA NACION.<\/strong><\/p>\n<p class=\"com-paragraph --s\">Ese sistema termin\u00f3, seg\u00fan explic\u00f3, cuando una nueva administraci\u00f3n derog\u00f3 la ordenanza y los fondos pasaron a manejarse dentro de Rentas Generales, <strong>\u201cdonde a los secretarios viales les tiraban migajas\u201d.<\/strong><\/p>\n<div class=\"content-media\">\n<section role=\"button\" class=\"mod-media   \">\n<figure role=\"button\" tabindex=\"0\" class=\"mod-figure \">\n<div class=\"placeholder \">\n<div class=\"com-image\"><picture><source media=\"(min-width: 768px)\" srcset=\"https:\/\/www.lanacion.com.ar\/resizer\/v2\/el-partido-de-rojas-tiene-unas-205000-hectareas-y-J2JJALQTTBHWXJSUCL5IBZIGXQ.png?auth=1a83ee5e361650f0f910a631e582a28a489782b267208d60306a062a4425ae4a&amp;width=780&amp;height=579&amp;quality=70&amp;smart=true\"><\/source><img class=\"image com-image flex --cover\" decoding=\"async\" fetchpriority=\"low\" loading=\"lazy\" src=\"https:\/\/www.lanacion.com.ar\/resizer\/v2\/el-partido-de-rojas-tiene-unas-205000-hectareas-y-J2JJALQTTBHWXJSUCL5IBZIGXQ.png?auth=1a83ee5e361650f0f910a631e582a28a489782b267208d60306a062a4425ae4a&amp;width=420&amp;height=312&amp;quality=70&amp;smart=true\" width=\"1446\" alt=\"El partido de Rojas tiene unas 205.000 hect\u00e1reas y unos 1169 kil\u00f3metros de caminos rurales\" height=\"1074\"><\/picture><\/div>\n<\/div><figcaption class=\"mod-figcaption\"><span class=\"com-text --caption --twoxs\">El partido de Rojas tiene unas 205.000 hect\u00e1reas y unos 1169 kil\u00f3metros de caminos rurales<\/span><\/figcaption><\/figure>\n<\/section>\n<\/div>\n<div class=\"ln-banner-container --no-app --caja4_mob\">\n<div id=\"caja4_mob\" class=\"ln-banner\" data-slot-group=\"nota\" data-device=\"mobile\" data-subscription=\"false\" data-ad-unit-path=\"\/133919216\/campo_mobile\/Nota\/caja4_mob\" data-targeting='{\"sitio\":\"lanacion\",\"seccion\":\"nota\"}' data-without-hide=\"true\" data-size=\"[[320,100],[300,250],[1,1]]\" data-sizemap=\"[]\" data-prebid-enabled=\"true\"><\/div>\n<\/div>\n<p class=\"com-paragraph --s\">Para Del Solar Dorrego, el principal problema es contar con recursos suficientes para planificar las obras. <strong>\u201cEl problema no es el c\u00f3mo reparar los caminos rurales, sino el con qu\u00e9\u201d,<\/strong> insisti\u00f3. Y agreg\u00f3: <strong>\u201cSi la Municipalidad no afecta los fondos <\/strong>de la tasa vial a arreglar los caminos, <strong>eso es una utop\u00eda, es una fantas\u00eda decir voy a arreglar un camino\u201d.<\/strong><\/p>\n<p class=\"com-paragraph --s\">Los productores tambi\u00e9n realizaron una comparaci\u00f3n con el sistema utilizado en <strong>San Antonio de Areco<\/strong>, donde, seg\u00fan explic\u00f3 el dirigente, se contratan equipos por kil\u00f3metro trabajado. Con ese esquema calcularon cu\u00e1nto costar\u00eda realizar tres intervenciones anuales en los 1200 kil\u00f3metros de Rojas.<\/p>\n<div class=\"ln-banner-container --no-app --caja6_mob\">\n<div id=\"caja6_mob\" class=\"ln-banner\" data-slot-group=\"nota\" data-device=\"mobile\" data-subscription=\"false\" data-ad-unit-path=\"\/133919216\/campo_mobile\/Nota\/caja6_mob\" data-targeting='{\"sitio\":\"lanacion\",\"seccion\":\"nota\"}' data-without-hide=\"true\" data-size=\"[[300,250],[230,50],[300,450],[1,1],[320,100]]\" data-sizemap=\"[]\" data-prebid-enabled=\"true\"><\/div>\n<\/div>\n<p class=\"com-paragraph --s\">\u201cPudimos demostrarle que pr\u00e1cticamente hacer tres pasadas anuales, una de fondo y dos de rastreo en los 1200 km sal\u00eda aproximadamente <strong>$1000 millones<\/strong>, y <strong>Rojas recauda $2300 millones\u201d,<\/strong> relat\u00f3.<\/p>\n<p class=\"com-paragraph --s\">Seg\u00fan record\u00f3, durante una reuni\u00f3n con el <strong>intendente Rom\u00e1n Bouvier <\/strong>(Juntos por el Cambio) plantearon esa diferencia. \u201cEst\u00e1n sobrando $1000 millones y no arreglan los caminos rurales\u201d, les dijeron a los funcionarios en el encuentro. De acuerdo con su relato, el tesorero municipal solo les respondi\u00f3: <strong>\u201cQu\u00e9 bien calcularon las cosas, qu\u00e9 buen trabajo hicieron\u201d.<\/strong><\/p>\n<div class=\"ln-banner-container --no-app --caja7_mob\">\n<div id=\"caja7_mob\" class=\"ln-banner\" data-slot-group=\"nota\" data-device=\"mobile\" data-subscription=\"true\" data-ad-unit-path=\"\/133919216\/campo_mobile\/Nota\/caja7_mob\" data-targeting='{\"sitio\":\"lanacion\",\"seccion\":\"nota\"}' data-without-hide=\"true\" data-size=\"[[300,250],[320,50],[300,450],[1,1],[320,100]]\" data-sizemap=\"[]\" data-prebid-enabled=\"true\"><\/div>\n<\/div>\n<div class=\"content-media\">\n<section role=\"button\" class=\"mod-media   \">\n<figure role=\"button\" tabindex=\"0\" class=\"mod-figure \">\n<div class=\"placeholder \">\n<div class=\"com-image\"><picture><source media=\"(min-width: 768px)\" srcset=\"https:\/\/www.lanacion.com.ar\/resizer\/v2\/ejecucion-presupuestaria-de-la-recaudacion-de-las-4564DYL5SZBTFJRYXSVTVDYGY4.png?auth=3c8eb718d82f3e8ad0f1264ba61627a127b685f00aa644220eb877503e03ef7a&amp;width=780&amp;height=305&amp;quality=70&amp;smart=true\"><\/source><img class=\"image com-image flex --cover\" decoding=\"async\" fetchpriority=\"low\" loading=\"lazy\" src=\"https:\/\/www.lanacion.com.ar\/resizer\/v2\/ejecucion-presupuestaria-de-la-recaudacion-de-las-4564DYL5SZBTFJRYXSVTVDYGY4.png?auth=3c8eb718d82f3e8ad0f1264ba61627a127b685f00aa644220eb877503e03ef7a&amp;width=420&amp;height=164&amp;quality=70&amp;smart=true\" width=\"2522\" alt=\"Ejecuci\u00f3n presupuestaria de la recaudaci\u00f3n de las tasas viales en el partido de Rojas\" height=\"986\"><\/picture><\/div>\n<\/div><figcaption class=\"mod-figcaption\"><span class=\"com-text --caption --twoxs\">Ejecuci\u00f3n presupuestaria de la recaudaci\u00f3n de las tasas viales en el partido de Rojas<\/span><\/figcaption><\/figure>\n<\/section>\n<\/div>\n<p class=\"com-paragraph --s\">El reclamo apunta adem\u00e1s a conocer <strong>c\u00f3mo se determina el valor de la tasa vial<\/strong>. Del Solar Dorrego cuestion\u00f3 el mecanismo utilizado para establecerla y se\u00f1al\u00f3 que, a su entender, el c\u00e1lculo no guarda una relaci\u00f3n directa con el costo necesario para mantener la red. \u201cLa tasa vial de Rojas tiene unos componentes complicad\u00edsimos, inventados por un \u00e1lgebra rar\u00edsima con un coeficiente Z\u201d, describi\u00f3.<\/p>\n<div class=\"ln-banner-container --no-app --caja8_mob\">\n<div id=\"caja8_mob\" class=\"ln-banner\" data-slot-group=\"nota\" data-device=\"mobile\" data-subscription=\"true\" data-ad-unit-path=\"\/133919216\/campo_mobile\/Nota\/caja8_mob\" data-targeting='{\"sitio\":\"lanacion\",\"seccion\":\"nota\"}' data-without-hide=\"true\" data-size=\"[[300,250],[320,50],[300,450],[1,1],[320,100]]\" data-sizemap=\"[]\" data-prebid-enabled=\"true\"><\/div>\n<\/div>\n<p class=\"com-paragraph --s\"><strong>Carlos Marveggio,<\/strong> presidente de la <strong>Federaci\u00f3n Agraria Argentina<\/strong> filial Rojas, se\u00f1al\u00f3 que la presentaci\u00f3n judicial fue una acci\u00f3n conjunta de las tres entidades de la <strong>Comisi\u00f3n de Enlace de Rojas<\/strong>. <strong>\u201cEs at\u00edpico porque en ning\u00fan lugar se hab\u00edan juntado las tres entidades para accionar contra el municipio\u201d, <\/strong>sostuvo.<\/p>\n<p class=\"com-paragraph --s\">El dirigente coincidi\u00f3 en que el estado de la red vial es uno de los principales problemas de los productores, que se suma a un parque de maquinaria que considera insuficiente.<\/p>\n<div class=\"ln-banner-container --no-app --caja9_mob\">\n<div id=\"caja9_mob\" class=\"ln-banner\" data-slot-group=\"nota\" data-device=\"mobile\" data-subscription=\"true\" data-ad-unit-path=\"\/133919216\/campo_mobile\/Nota\/caja9_mob\" data-targeting='{\"sitio\":\"lanacion\",\"seccion\":\"nota\"}' data-without-hide=\"true\" data-size=\"[[300,250],[320,50],[300,450],[1,1],[320,100]]\" data-sizemap=\"[]\" data-prebid-enabled=\"true\"><\/div>\n<\/div>\n<p class=\"com-paragraph --s\">Marveggio aport\u00f3 adem\u00e1s el costo que representa actualmente la tasa para los productores. \u201cEstamos entre <strong>25.000 y 30.000 pesos por hect\u00e1rea por a\u00f1o<\/strong>, que representa entre 10 y 12 litros de gasoil por hect\u00e1rea por a\u00f1o en cinco cuotas\u201d, se\u00f1al\u00f3.<\/p>\n<p class=\"com-paragraph --s\">Seg\u00fan explic\u00f3, los productores aceptaron que el <strong>30% de lo recaudado<\/strong> pudiera destinarse a Rentas Generales, por ejemplo para el hospital. \u201cDeber\u00eda ir a caminos rurales el 70% de lo que se cobra\u201d, afirm\u00f3.<\/p>\n<div class=\"content-media\">\n<section role=\"button\" class=\"mod-media   \">\n<figure role=\"button\" tabindex=\"0\" class=\"mod-figure \">\n<div class=\"placeholder \">\n<div class=\"com-image\"><picture><source media=\"(min-width: 768px)\" srcset=\"https:\/\/www.lanacion.com.ar\/resizer\/v2\/marveggio-estimo-que-que-con-esa-recaudacion-de-KOD2QN75LRCZHKQLUB4KZ3KGJI.jpeg?auth=2af72e2f0bff8f4d18125dc6a3000ed4fe8db261569d1a677c7e66f167fdd2fe&amp;width=780&amp;height=439&amp;quality=70&amp;smart=true\"><\/source><img class=\"image com-image flex --cover\" decoding=\"async\" fetchpriority=\"low\" loading=\"lazy\" src=\"https:\/\/www.lanacion.com.ar\/resizer\/v2\/marveggio-estimo-que-que-con-esa-recaudacion-de-KOD2QN75LRCZHKQLUB4KZ3KGJI.jpeg?auth=2af72e2f0bff8f4d18125dc6a3000ed4fe8db261569d1a677c7e66f167fdd2fe&amp;width=420&amp;height=236&amp;quality=70&amp;smart=true\" width=\"1052\" alt=\"Marveggio estim\u00f3 que que con esa recaudaci\u00f3n de $2300 millones se pudo haber comprado una m\u00e1quina por a\u00f1o: \u201cUna motoniveladora puede valer entre 600 y 700 millones de pesos. Pero nada de eso ocurri\u00f3\u201d\" height=\"592\"><\/picture><\/div>\n<\/div><figcaption class=\"mod-figcaption\"><span class=\"com-text --caption --twoxs\">Marveggio estim\u00f3 que que con esa recaudaci\u00f3n de $2300 millones se pudo haber comprado una m\u00e1quina por a\u00f1o: \u201cUna motoniveladora puede valer entre 600 y 700 millones de pesos. Pero nada de eso ocurri\u00f3\u201d<\/span><\/figcaption><\/figure>\n<\/section>\n<\/div>\n<p class=\"com-paragraph --s\">El dirigente estim\u00f3 que con esa recaudaci\u00f3n de <strong>$2300 millones<\/strong> <strong>se pudo haber comprado una m\u00e1quina por a\u00f1o. <\/strong>\u201cUna motoniveladora puede valer entre 600 y 700 millones de pesos. Pero nada de eso ocurri\u00f3\u201d, dijo.<\/p>\n<p class=\"com-paragraph --s\">En este contexto, la Justicia resolvi\u00f3 que <strong>la documentaci\u00f3n entregada por la Municipalidad no respond\u00eda de manera completa al pedido de las entidades <\/strong>y orden\u00f3 <strong>aportar informaci\u00f3n concreta sobre la recaudaci\u00f3n, los costos y la prestaci\u00f3n del servicio. <\/strong>Entre otros puntos, el municipio deber\u00e1 informar los <strong>costos utilizados para determinar las tasas<\/strong> de control de marcas y se\u00f1ales y de conservaci\u00f3n, reparaci\u00f3n y mejorado de la red vial. Tambi\u00e9n tendr\u00e1 que precisar cu\u00e1nto recaud\u00f3 durante <strong>2025 y 2026,<\/strong> <strong>qu\u00e9 fondos recibi\u00f3 de la coparticipaci\u00f3n nacional o provincial y qu\u00e9 otros recursos fueron destinados al mantenimiento de los caminos. <\/strong><\/p>\n<p class=\"com-paragraph --s\">Adem\u00e1s, deber\u00e1 informar la superficie total que debe atender, describir las tareas realizadas durante 2026 e indicar si fueron ejecutadas con <strong>personal y maquinaria propios o mediante servicios tercerizados<\/strong>. Tambi\u00e9n deber\u00e1 presentar la planta de trabajadores afectados al servicio, sus salarios \u2014sin datos personales\u2014 y el detalle del equipamiento utilizado, su estado de conservaci\u00f3n y los gastos de reparaci\u00f3n y mantenimiento, con documentaci\u00f3n respaldatoria. <\/p>\n<p class=\"com-paragraph --s\">Durante el proceso, la municipalidad hab\u00eda sostenido que hab\u00eda cumplido parcialmente con el pedido y que parte de la informaci\u00f3n estaba disponible en su sitio web. El juez rechaz\u00f3 ese argumento. <strong>\u201cTal postura defensiva no ser\u00e1 de recibo\u201d,<\/strong> sostuvo Bazzani. <\/p>\n<p class=\"com-paragraph --s\">El magistrado tambi\u00e9n remarc\u00f3 que la informaci\u00f3n p\u00fablica debe ser <strong>\u201ccompleta, adecuada, veraz y en tiempo oportuno\u201d<\/strong> y puso el foco en la relaci\u00f3n entre transparencia, gasto p\u00fablico y tasas que afectan al agro: \u201cEl conocimiento del modo en que las tasas que afectan al sector agropecuario son aplicadas al objeto de su creaci\u00f3n constituye una herramienta por la cual se posibilita el control de la gesti\u00f3n de los representantes por sus mandantes\u201d. <\/p>\n<p class=\"com-paragraph --s\"><strong>LA NACION<\/strong> intent\u00f3 tener una declaraci\u00f3n del intendente local, pero a\u00fan no tuvo respuesta.<\/p>\n<div class=\"ln-banner-container --no-app --caja5_mob\">\n<div id=\"caja5_mob\" class=\"ln-banner\" data-slot-group=\"nota\" data-device=\"mobile\" data-subscription=\"false\" data-ad-unit-path=\"\/133919216\/campo_mobile\/Nota\/caja5_mob\" data-targeting='{\"sitio\":\"lanacion\",\"seccion\":\"nota\"}' data-without-hide=\"true\" data-size='[[320,100],[300,250],[1,1],[\" fluid\"]]' data-sizemap=\"[]\" data-prebid-enabled=\"true\"><\/div>\n<\/div>\n<div data-fusion-lazy-id=\"f0fLHi7Wfcy22C4\"><\/div>\n<div class=\"ln-banner-container --no-app --middle_3_dsk\">\n<div id=\"middle_3_dsk\" class=\"ln-banner\" data-slot-group=\"nota\" data-device=\"desktop\" data-subscription=\"true\" data-ad-unit-path=\"\/133919216\/campo_desktop\/Nota\/middle_3_dsk\" data-targeting='{\"sitio\":\"lanacion\",\"seccion\":\"nota\"}' data-without-hide=\"true\" data-size=\"[[1,1],[728,90],[640,360],[728,360]]\" data-sizemap=\"[]\" data-prebid-enabled=\"true\"><\/div>\n<\/div>\n<\/div>\n","protected":false},"excerpt":{"rendered":"<p>\u00bfCu\u00e1nto pagan los productores por las tasas vinculadas con los servicios rurales y cu\u00e1nto de ese dinero vuelve efectivamente a los caminos rurales? La pregunta, que desde hace tiempo genera reclamos en el partido bonaerense de Rojas, lleg\u00f3 a los tribunales. La Justicia le orden\u00f3 al municipio de la provincia de Buenos Aires que informe [&hellip;]<\/p>\n","protected":false},"author":1,"featured_media":25058,"comment_status":"open","ping_status":"open","sticky":false,"template":"","format":"standard","meta":{"footnotes":""},"categories":[1],"tags":[],"class_list":["post-25057","post","type-post","status-publish","format-standard","has-post-thumbnail","hentry","category-uncategorized"],"_links":{"self":[{"href":"https:\/\/cliente1.publisher.highstack.com.ar\/index.php?rest_route=\/wp\/v2\/posts\/25057","targetHints":{"allow":["GET"]}}],"collection":[{"href":"https:\/\/cliente1.publisher.highstack.com.ar\/index.php?rest_route=\/wp\/v2\/posts"}],"about":[{"href":"https:\/\/cliente1.publisher.highstack.com.ar\/index.php?rest_route=\/wp\/v2\/types\/post"}],"author":[{"embeddable":true,"href":"https:\/\/cliente1.publisher.highstack.com.ar\/index.php?rest_route=\/wp\/v2\/users\/1"}],"replies":[{"embeddable":true,"href":"https:\/\/cliente1.publisher.highstack.com.ar\/index.php?rest_route=%2Fwp%2Fv2%2Fcomments&post=25057"}],"version-history":[{"count":0,"href":"https:\/\/cliente1.publisher.highstack.com.ar\/index.php?rest_route=\/wp\/v2\/posts\/25057\/revisions"}],"wp:featuredmedia":[{"embeddable":true,"href":"https:\/\/cliente1.publisher.highstack.com.ar\/index.php?rest_route=\/wp\/v2\/media\/25058"}],"wp:attachment":[{"href":"https:\/\/cliente1.publisher.highstack.com.ar\/index.php?rest_route=%2Fwp%2Fv2%2Fmedia&parent=25057"}],"wp:term":[{"taxonomy":"category","embeddable":true,"href":"https:\/\/cliente1.publisher.highstack.com.ar\/index.php?rest_route=%2Fwp%2Fv2%2Fcategories&post=25057"},{"taxonomy":"post_tag","embeddable":true,"href":"https:\/\/cliente1.publisher.highstack.com.ar\/index.php?rest_route=%2Fwp%2Fv2%2Ftags&post=25057"}],"curies":[{"name":"wp","href":"https:\/\/api.w.org\/{rel}","templated":true}]}}