{"id":25053,"date":"2026-09-04T13:24:02","date_gmt":"2026-09-04T16:24:02","guid":{"rendered":"https:\/\/cliente1.publisher.highstack.com.ar\/?p=25053"},"modified":"2026-09-04T13:24:02","modified_gmt":"2026-09-04T16:24:02","slug":"un-detenido-y-secuestro-de-una-replica-de-arma-por-violento-asalto-a-camion-de-reparto","status":"publish","type":"post","link":"https:\/\/cliente1.publisher.highstack.com.ar\/?p=25053","title":{"rendered":"Un detenido y secuestro de una r\u00e9plica de arma por violento asalto a cami\u00f3n de reparto"},"content":{"rendered":"<p><\/p>\n<div>\n<p>Un <b>asalto a un cami\u00f3n de reparto en Concepci\u00f3n del Uruguay <\/b>deriv\u00f3 en un allanamiento realizado en una vivienda del barrio 30 de Octubre, donde la Polic\u00eda secuestr\u00f3 una r\u00e9plica de arma de fuego y traslad\u00f3 a dos j\u00f3venes a una dependencia policial. Uno de ellos, de 28 a\u00f1os, qued\u00f3 formalmente detenido, mientras que el restante, de 18, fue identificado y qued\u00f3 en libertad supeditado a la causa. <\/p>\n<p><!-- is a <br \/>--><\/p>\n<p>\u00a0<\/p>\n<p><!-- is a <br \/>--><\/p>\n<p>El procedimiento estuvo a cargo de personal de la Divisi\u00f3n Investigaciones e Inteligencia Criminal y se concret\u00f3 en un inmueble ubicado sobre calle Cabo Labalta, luego de las tareas realizadas para intentar identificar a los presuntos autores del robo. <\/p>\n<p><!-- is a <br \/>--><\/p>\n<p>\u00a0<\/p>\n<p><!-- is a <br \/>--><\/p>\n<p>La investigaci\u00f3n comenz\u00f3 a partir de un asalto ocurrido durante la ma\u00f1ana del jueves, alrededor de las 9, en inmediaciones de Lacava y Magaldi, donde dos trabajadores se encontraban realizando tareas vinculadas con el reparto de mercader\u00eda. <\/p>\n<p><!-- is a <br \/>--><\/p>\n<p>\u00a0<\/p>\n<p><!-- is a <br \/>--><\/p>\n<p><!-- is a object --><\/p>\n<h3> <\/h3>\n<p><!-- end object --><\/p>\n<p><!-- is a object --><\/p>\n<h3>Dos encapuchados sorprendieron a los trabajadores<\/h3>\n<p><!-- end object --><\/p>\n<p>\u00a0<\/p>\n<p><!-- is a <br \/>--><\/p>\n<p>De acuerdo con la informaci\u00f3n policial, las v\u00edctimas son el chofer del transporte, un hombre de 49 a\u00f1os, y su acompa\u00f1ante, de 22. Ambos se encontraban descendiendo del cami\u00f3n despu\u00e9s de finalizar una entrega de mercader\u00eda en un comercio de la zona cuando fueron abordados por <b>dos encapuchados y vestidos con prendas oscuras<\/b>. <\/p>\n<p><!-- is a <br \/>--><\/p>\n<p>\u00a0<\/p>\n<p><!-- is a <br \/>--><\/p>\n<p>Seg\u00fan la denuncia, uno de los asaltantes exhibi\u00f3 lo que parec\u00eda ser un arma de fuego y, mediante amenazas, exigi\u00f3 a los trabajadores que entregaran sus pertenencias. Los delincuentes lograron apoderarse de <b>dinero y un tel\u00e9fono celular<\/b> y posteriormente escaparon a pie del lugar. <\/p>\n<p><!-- is a <br \/>--><\/p>\n<p>\u00a0<\/p>\n<p><!-- is a <br \/>--><\/p>\n<p>Tras el hecho tom\u00f3 intervenci\u00f3n inicialmente personal de la comisar\u00eda tercera, mientras posteriormente se profundizaron las tareas investigativas destinadas a identificar a los sospechosos. <\/p>\n<p><!-- is a <br \/>--><\/p>\n<p>\u00a0<\/p>\n<p><!-- is a <br \/>--><\/p>\n<p><!-- is a object --><\/p>\n<h3> <\/h3>\n<p><!-- end object --><\/p>\n<p><!-- is a object --><\/p>\n<h3>La investigaci\u00f3n condujo hasta barrio 30 de Octubre<\/h3>\n<p><!-- end object --><\/p>\n<p>\u00a0<\/p>\n<p><!-- is a <br \/>--><\/p>\n<p>Personal de Investigaciones e Inteligencia Criminal realiz\u00f3 distintas tareas de campo y un relevamiento de informaci\u00f3n en la zona para reconstruir lo ocurrido. <\/p>\n<p><!-- is a <br \/>--><\/p>\n<p>\u00a0<\/p>\n<p><!-- is a <br \/>--><\/p>\n<p>A partir de los datos obtenidos, los investigadores consiguieron individualizar a dos personas sospechadas de haber participado del asalto. <\/p>\n<p><!-- is a <br \/>--><\/p>\n<p>\u00a0<\/p>\n<p><!-- is a <br \/>--><\/p>\n<p>Con los elementos reunidos durante la pesquisa se solicit\u00f3 a la Justicia una orden de allanamiento y registro domiciliario para una vivienda situada sobre calle Cabo Labalta, en el barrio 30 de Octubre. <\/p>\n<p><!-- is a <br \/>--><\/p>\n<p>\u00a0<\/p>\n<p><!-- is a <br \/>--><\/p>\n<p>La medida fue finalmente autorizada y los efectivos ingresaron al inmueble en busca de elementos que pudieran estar vinculados con el robo cometido contra los trabajadores. <\/p>\n<p><!-- is a <br \/>--><\/p>\n<p><!-- is a object --><br \/>\n<!-- embed start --><\/p>\n<figure class=\"embed\">\n<p>    <img decoding=\"async\" src=\"https:\/\/elonce-media.elonce.com\/fotos\/2026\/09\/04\/e_1788537753_84734.webp\" loading=\"lazy\" width=\"600\" height=\"400\" alt=\"\"\/><\/p>\n<\/figure>\n<p><!-- embed end --><br \/>\n<!-- end object --><\/p>\n<p><!-- is a object --><\/p>\n<h3>Secuestraron una r\u00e9plica de arma de fuego<\/h3>\n<p><!-- end object --><\/p>\n<p>\u00a0<\/p>\n<p><!-- is a <br \/>--><\/p>\n<p>Durante el procedimiento, los polic\u00edas localizaron y secuestraron <b>una r\u00e9plica de arma de fuego<\/b>. El elemento guardar\u00eda relaci\u00f3n con el asalto investigado y ser\u00e1 incorporado a la causa para establecer si fue utilizado durante las amenazas contra el chofer y su acompa\u00f1ante. <\/p>\n<p><!-- is a <br \/>--><\/p>\n<p>\u00a0<\/p>\n<p><!-- is a <br \/>--><\/p>\n<p>El hallazgo adquiere relevancia debido a que las v\u00edctimas hab\u00edan se\u00f1alado que uno de los atacantes exhibi\u00f3 lo que aparentaba ser un arma de fuego al momento de exigirles la entrega del dinero y otras pertenencias. <\/p>\n<p><!-- is a <br \/>--><\/p>\n<p>\u00a0<\/p>\n<p><!-- is a <br \/>--><\/p>\n<p>Adem\u00e1s, durante el allanamiento fueron conducidos hacia la dependencia policial <b>dos j\u00f3venes, de 28 y 18 a\u00f1os<\/b>, para continuar con las actuaciones correspondientes. <\/p>\n<p><!-- is a <br \/>--><\/p>\n<p><!-- is a object --><\/p>\n<h3> <\/h3>\n<p><!-- end object --><\/p>\n<p>\u00a0<\/p>\n<p><!-- is a <br \/>--><\/p>\n<p><!-- is a object --><\/p>\n<h3>Un detenido y otro joven supeditado a la causa<\/h3>\n<p><!-- end object --><\/p>\n<p>\u00a0<\/p>\n<p><!-- is a <br \/>--><\/p>\n<p>Una vez informada la autoridad judicial sobre el resultado del procedimiento, se dispusieron distintas medidas respecto de las dos personas trasladadas. <\/p>\n<p><!-- is a <br \/>--><\/p>\n<p>\u00a0<\/p>\n<p><!-- is a <br \/>--><\/p>\n<p>El hombre de <b>28 a\u00f1os qued\u00f3 formalmente detenido y fue alojado en la Secci\u00f3n Alcaid\u00eda de la comisar\u00eda primera<\/b>, donde permanecer\u00e1 a disposici\u00f3n de la Justicia mientras contin\u00faa la investigaci\u00f3n. En tanto, el joven de <b>18 a\u00f1os complet\u00f3 su correcta identificaci\u00f3n y recuper\u00f3 la libertad<\/b>, aunque qued\u00f3 supeditado a la causa. <\/p>\n<p><!-- is a <br \/>--><\/p>\n<p>\u00a0<\/p>\n<p><!-- is a <br \/>--><\/p>\n<p>La investigaci\u00f3n contin\u00faa para determinar la participaci\u00f3n que habr\u00eda tenido cada uno de los sospechosos en el asalto, as\u00ed como para avanzar sobre las restantes evidencias reunidas a partir del allanamiento.<\/p>\n<\/p><\/div>\n","protected":false},"excerpt":{"rendered":"<p>Un asalto a un cami\u00f3n de reparto en Concepci\u00f3n del Uruguay deriv\u00f3 en un allanamiento realizado en una vivienda del barrio 30 de Octubre, donde la Polic\u00eda secuestr\u00f3 una r\u00e9plica de arma de fuego y traslad\u00f3 a dos j\u00f3venes a una dependencia policial. Uno de ellos, de 28 a\u00f1os, qued\u00f3 formalmente detenido, mientras que el [&hellip;]<\/p>\n","protected":false},"author":1,"featured_media":25054,"comment_status":"open","ping_status":"open","sticky":false,"template":"","format":"standard","meta":{"footnotes":""},"categories":[1],"tags":[],"class_list":["post-25053","post","type-post","status-publish","format-standard","has-post-thumbnail","hentry","category-uncategorized"],"_links":{"self":[{"href":"https:\/\/cliente1.publisher.highstack.com.ar\/index.php?rest_route=\/wp\/v2\/posts\/25053","targetHints":{"allow":["GET"]}}],"collection":[{"href":"https:\/\/cliente1.publisher.highstack.com.ar\/index.php?rest_route=\/wp\/v2\/posts"}],"about":[{"href":"https:\/\/cliente1.publisher.highstack.com.ar\/index.php?rest_route=\/wp\/v2\/types\/post"}],"author":[{"embeddable":true,"href":"https:\/\/cliente1.publisher.highstack.com.ar\/index.php?rest_route=\/wp\/v2\/users\/1"}],"replies":[{"embeddable":true,"href":"https:\/\/cliente1.publisher.highstack.com.ar\/index.php?rest_route=%2Fwp%2Fv2%2Fcomments&post=25053"}],"version-history":[{"count":0,"href":"https:\/\/cliente1.publisher.highstack.com.ar\/index.php?rest_route=\/wp\/v2\/posts\/25053\/revisions"}],"wp:featuredmedia":[{"embeddable":true,"href":"https:\/\/cliente1.publisher.highstack.com.ar\/index.php?rest_route=\/wp\/v2\/media\/25054"}],"wp:attachment":[{"href":"https:\/\/cliente1.publisher.highstack.com.ar\/index.php?rest_route=%2Fwp%2Fv2%2Fmedia&parent=25053"}],"wp:term":[{"taxonomy":"category","embeddable":true,"href":"https:\/\/cliente1.publisher.highstack.com.ar\/index.php?rest_route=%2Fwp%2Fv2%2Fcategories&post=25053"},{"taxonomy":"post_tag","embeddable":true,"href":"https:\/\/cliente1.publisher.highstack.com.ar\/index.php?rest_route=%2Fwp%2Fv2%2Ftags&post=25053"}],"curies":[{"name":"wp","href":"https:\/\/api.w.org\/{rel}","templated":true}]}}