{"id":25050,"date":"2026-09-04T13:20:43","date_gmt":"2026-09-04T16:20:43","guid":{"rendered":"https:\/\/cliente1.publisher.highstack.com.ar\/?p=25050"},"modified":"2026-09-04T13:20:45","modified_gmt":"2026-09-04T16:20:45","slug":"a-pesar-de-los-anuncios-cortan-la-atencion-a-la-obra-social-de-las-fuerzas-armadas","status":"publish","type":"post","link":"https:\/\/cliente1.publisher.highstack.com.ar\/?p=25050","title":{"rendered":"A pesar de los anuncios, cortan la atenci\u00f3n a la obra social de las Fuerzas Armadas"},"content":{"rendered":"<p><\/p>\n<div>\t\t<!-- { REGION4 --> <\/p>\n<header class=\"news-headline\">\n<div class=\"news-headline__topics-and-date-wrapper\">    <span class=\"news-headline__publication-date\"> 4 de septiembre 2026 &#8211; 13:02<br \/>\n            <\/span><\/div>\n<h2 class=\"news-headline__article-summary\"\/>\n<p id=\"p-1788497455183-77110\" class=\"ignore-parser\"> Existen reportes de cirug\u00edas suspendidas a afiliados en el Hospital Militar central y en el Hospital de Campo de Mayo, as\u00ed como escasez de medicamentos en varias provincias.<\/p>\n<\/header>\n<article class=\"article-body article-body--first-paragraph\" data-td-script-src=\"https:\/\/www.ambito.com\/td\/modulos\/encuestas\/js\/function-embeds-min-version-1788408512.js\">\n<p id=\"p-1788497130138-93036\">Las palabras y los hechos son determinantes en pol\u00edtica y, por ende, impactan en la gesti\u00f3n. La comunidad castrense mira con asombro los anuncios del gobierno de <strong>Javier Milei<\/strong> mientras la <strong>obra social de las Fuerzas Armadas (IOSFA) <\/strong>padece los efectos de los recortes. El <strong>Colegio M\u00e9dico de Tucum\u00e1n<\/strong> acaba de brindar otro ejemplo al comunicar que desde hoy \u201csuspende los servicios a la obra social IOSFA. Sus afiliados ser\u00e1n considerados particulares\u201d.<\/p>\n<\/article>\n<section class=\"suscription-false printed-edition\" style=\"display:none\">\n<p> El contenido al que quiere acceder es exclusivo para suscriptores.<\/p>\n<p>  <span> <button type=\"button\" name=\"button\" class=\"subscribe-btn mercadopago-btn\">suscribirse<\/button><\/span>  <span class=\"btns\"><button type=\"button\" name=\"button\" class=\"subscribe-btn reload-login\"> ya estoy suscripto<\/button><\/span>  <\/p>\n<\/section>\n<article class=\"article-body article-body--second-paragraph\">\n<p id=\"p-1788497130138-66021\">Por medio de numerosos art\u00edculos, <strong>\u00c1mbito<\/strong> revel\u00f3 el tama\u00f1o de la deuda de la obra social, que hasta hace poco aglutinaba a los integrantes de las FFAA y de las fuerzas federales de seguridad, durante la gesti\u00f3n del actual diputado nacional <strong>Luis Petri<\/strong>. El mendocino, incluso, fue denunciado penalmente por el incremento exponencial de la deuda de IOSFA, y la deficiente prestaci\u00f3n a sus afiliados, que en numerosas oportunidades marcharon a las diferentes sedes en busca de obtener respuestas concretas por la falta de entrega, por caso, de remedios oncol\u00f3gicos. <strong>Antes de su disoluci\u00f3n, IOSFA era la tercera obra social en importancia de la Argentina, despu\u00e9s de PAMI y IOMA.<\/strong><\/p>\n<\/article>\n<article class=\"article-body article-body--third-paragraph\">\n<p id=\"p-1788497130139-24029\"> Ahora, de acuerdo con fuentes calificadas, que pidieron hablar en off por las sucesivas represalias que se est\u00e1n tomando contra aquellos que denuncian la situaci\u00f3n que atraviesan, \u201chay una cantidad muy grande de pacientes a los que se les han suspendido cirug\u00edas tanto en el <strong>Hospital Militar<\/strong> <strong>central<\/strong> como en el <strong>Hospital de Campo de Mayo<\/strong> por falta de insumos. Hay pacientes en <strong>Entre R\u00edos<\/strong> que no pueden acceder a sus medicamentos para tratamientos oncol\u00f3gicos, Tenemos pacientes en la provincia del <strong>Chaco<\/strong> que se tiene que trasladar o a <strong>Misiones<\/strong> o a Entre R\u00edos para poder atenderse y, cuando llegan all\u00ed, se encuentran que IOSFA esa semana est\u00e1 suspendida. Es como una desaparici\u00f3n en cuentagotas\u201d.<\/p>\n<\/article>\n<article class=\"article-body article-body--fourth-paragraph\">\n<div contenteditable=\"false\" class=\"embed_cont type_imagen\" id=\"8274095-Libre-310612833_wrap\">\n<div id=\"8274095-Libre-310612833_content\" class=\"embed_content\"><img decoding=\"async\" fetchpriority=\"low\" loading=\"lazy\" alt=\"\" title=\"\" width=\"730\" height=\"undefined\" id=\"8274095-Libre-310612833_embed\"\/><\/div>\n<\/p><\/div>\n<p id=\"p-1788497130139-46951\">Consultados sobre por qu\u00e9 motivos no llevan adelante el reclamo p\u00fablico dando su identidad, se\u00f1alaron a <strong>\u00c1mbito<\/strong> que \u201cdespu\u00e9s padecemos el hecho de salir a hablar porque se toman represalias dentro de nuestros laburos. Nos sancionan, te suspenden, te pasan d\u00edas a descuento\u201d.<\/p>\n<\/article>\n<article class=\"article-body article-body--fifth-paragraph\">\n<p id=\"p-1788497130139-75330\">Esta situaci\u00f3n se da en el marco de una serie de anuncios oficiales que tienen a las Fuerzas Armadas en el centro. Sin embargo, desde la instituci\u00f3n castrense no solo manifiestan su descontento respecto del funcionamiento de IOSFA sino que tambi\u00e9n remarcaron los <strong>bajos salarios<\/strong> y la <strong>morosidad<\/strong> que los aqueja. Seg\u00fan informaci\u00f3n a la que accedi\u00f3 <strong>\u00c1mbito<\/strong>, alrededor de un 25% de los militares atraviesan una situaci\u00f3n de morosidad, y ese porcentaje se incrementa entre los menores de 35 a\u00f1os.<\/p>\n<\/article>\n<article class=\"article-body article-body--remaining-paragraph\">\n<p id=\"p-1788497130139-11572\">Por otro lado, en abril de este a\u00f1o, este medio revel\u00f3 que mientras el Ministerio de Defensa nacional, bajo la conducci\u00f3n de <strong>Carlos Presti<\/strong>, emit\u00eda un comunicado celebrando que se hab\u00eda saldado buena parte de la deuda de las Fuerzas Armadas con IOSFA (hoy OSFA), se desarrollaba una reuni\u00f3n entre integrantes de la cartera mencionada y representantes de las distintas fuerzas donde, entre otros temas, se les informaba que se hab\u00eda decidido <strong>pagar la deuda \u201ccon recursos presupuestarios del inciso correspondiente a los sueldos\u201d.<\/strong><\/p>\n<p id=\"p-1788497130139-49062\">Los problemas se extendieron al punto de que en junio de este a\u00f1o se denunci\u00f3 que los retrasos salariales ya superaban el 106% de p\u00e9rdida adquisitiva, lo cual, obviamente, inclu\u00eda un deficitario servicio de atenci\u00f3n de la salud a las y los usuarios por suspensiones o eliminaci\u00f3n de prestaciones en IOSFA.<\/p>\n<\/article>\n<p>\t\t<!-- REGION4 } --><\/div>\n<p><script>\n!function(f,b,e,v,n,t,s)\n{if(f.fbq)return;n=f.fbq=function(){n.callMethod?\nn.callMethod.apply(n,arguments):n.queue.push(arguments)};\nif(!f._fbq)f._fbq=n;n.push=n;n.loaded=!0;n.version='2.0';\nn.queue=[];t=b.createElement(e);t.async=!0;\nt.src=v;s=b.getElementsByTagName(e)[0];\ns.parentNode.insertBefore(t,s)}(window,document,'script',\n'\nfbq('init', '2047048335588113');\nfbq('track', 'PageView');\n<\/script><\/p>\n","protected":false},"excerpt":{"rendered":"<p>4 de septiembre 2026 &#8211; 13:02 Existen reportes de cirug\u00edas suspendidas a afiliados en el Hospital Militar central y en el Hospital de Campo de Mayo, as\u00ed como escasez de medicamentos en varias provincias. Las palabras y los hechos son determinantes en pol\u00edtica y, por ende, impactan en la gesti\u00f3n. La comunidad castrense mira con [&hellip;]<\/p>\n","protected":false},"author":1,"featured_media":25051,"comment_status":"open","ping_status":"open","sticky":false,"template":"","format":"standard","meta":{"footnotes":""},"categories":[1],"tags":[4],"class_list":["post-25050","post","type-post","status-publish","format-standard","has-post-thumbnail","hentry","category-uncategorized","tag-entre-rios"],"_links":{"self":[{"href":"https:\/\/cliente1.publisher.highstack.com.ar\/index.php?rest_route=\/wp\/v2\/posts\/25050","targetHints":{"allow":["GET"]}}],"collection":[{"href":"https:\/\/cliente1.publisher.highstack.com.ar\/index.php?rest_route=\/wp\/v2\/posts"}],"about":[{"href":"https:\/\/cliente1.publisher.highstack.com.ar\/index.php?rest_route=\/wp\/v2\/types\/post"}],"author":[{"embeddable":true,"href":"https:\/\/cliente1.publisher.highstack.com.ar\/index.php?rest_route=\/wp\/v2\/users\/1"}],"replies":[{"embeddable":true,"href":"https:\/\/cliente1.publisher.highstack.com.ar\/index.php?rest_route=%2Fwp%2Fv2%2Fcomments&post=25050"}],"version-history":[{"count":1,"href":"https:\/\/cliente1.publisher.highstack.com.ar\/index.php?rest_route=\/wp\/v2\/posts\/25050\/revisions"}],"predecessor-version":[{"id":25052,"href":"https:\/\/cliente1.publisher.highstack.com.ar\/index.php?rest_route=\/wp\/v2\/posts\/25050\/revisions\/25052"}],"wp:featuredmedia":[{"embeddable":true,"href":"https:\/\/cliente1.publisher.highstack.com.ar\/index.php?rest_route=\/wp\/v2\/media\/25051"}],"wp:attachment":[{"href":"https:\/\/cliente1.publisher.highstack.com.ar\/index.php?rest_route=%2Fwp%2Fv2%2Fmedia&parent=25050"}],"wp:term":[{"taxonomy":"category","embeddable":true,"href":"https:\/\/cliente1.publisher.highstack.com.ar\/index.php?rest_route=%2Fwp%2Fv2%2Fcategories&post=25050"},{"taxonomy":"post_tag","embeddable":true,"href":"https:\/\/cliente1.publisher.highstack.com.ar\/index.php?rest_route=%2Fwp%2Fv2%2Ftags&post=25050"}],"curies":[{"name":"wp","href":"https:\/\/api.w.org\/{rel}","templated":true}]}}